{"id":160000,"date":"2026-01-26T07:05:00","date_gmt":"2026-01-26T10:05:00","guid":{"rendered":"https:\/\/www.em.com.br\/emfoco\/?p=160000"},"modified":"2026-01-25T16:11:28","modified_gmt":"2026-01-25T19:11:28","slug":"essas-plantas-podem-ajudar-quem-sofre-com-rinite-alergica","status":"publish","type":"post","link":"https:\/\/www.em.com.br\/emfoco\/2026\/01\/26\/essas-plantas-podem-ajudar-quem-sofre-com-rinite-alergica\/","title":{"rendered":"Essas plantas podem ajudar quem sofre com rinite al\u00e9rgica"},"content":{"rendered":"\n<p>Pessoas que convivem com <strong>Rinite Al\u00e9rgica<\/strong> frequentemente enfrentam desconforto em ambientes fechados e com ar carregado. Sintomas como nariz entupido, espirros frequentes e coceira no nariz s\u00e3o comuns nesses cen\u00e1rios. Embora a limpeza e ventila\u00e7\u00e3o sejam essenciais para aliviar esses sintomas, certas plantas podem desempenhar um papel adicional na melhoria da qualidade do ar interno.<\/p>\n\n\n\n<p>A utiliza\u00e7\u00e3o de plantas dentro de casa para aliviar os sintomas da Rinite Al\u00e9rgica n\u00e3o \u00e9 substituto de tratamento m\u00e9dico. Segundo especialistas, embora as plantas ajudem a umidificar o ar e equilibrar part\u00edculas em suspens\u00e3o, seu uso deve ser visto como um complemento \u00e0s pr\u00e1ticas tradicionais de manejo da rinite. A coloca\u00e7\u00e3o estrat\u00e9gica das plantas \u00e9 vital: recomenda-se uma planta para cada 10 metros do ambiente interno.<\/p>\n\n\n\n<h2 class=\"wp-block-heading\">Quais Plantas S\u00e3o Eficazes Contra a Rinite Al\u00e9rgica?<\/h2>\n\n\n\n<p>Diferentes esp\u00e9cies de plantas podem ser mais apropriadas para pessoas al\u00e9rgicas. Elas ajudam a manter um ambiente mais agrad\u00e1vel, sem liberar perfumes intensos que poderiam irritar ainda mais as vias respirat\u00f3rias. A seguir, algumas op\u00e7\u00f5es que se destacam:<\/p>\n\n\n<div class=\"wp-block-image\">\n<figure class=\"aligncenter size-large\"><img loading=\"lazy\" decoding=\"async\" width=\"1024\" height=\"576\" src=\"https:\/\/www.em.com.br\/emfoco\/wp-content\/uploads\/2026\/01\/Rinite-Alergica_1769368258809-1024x576.jpg\" alt=\"\" class=\"wp-image-160003\" srcset=\"https:\/\/www.em.com.br\/emfoco\/wp-content\/uploads\/2026\/01\/Rinite-Alergica_1769368258809-1024x576.jpg 1024w, https:\/\/www.em.com.br\/emfoco\/wp-content\/uploads\/2026\/01\/Rinite-Alergica_1769368258809-300x169.jpg 300w, https:\/\/www.em.com.br\/emfoco\/wp-content\/uploads\/2026\/01\/Rinite-Alergica_1769368258809-768x432.jpg 768w, https:\/\/www.em.com.br\/emfoco\/wp-content\/uploads\/2026\/01\/Rinite-Alergica_1769368258809-750x422.jpg 750w, https:\/\/www.em.com.br\/emfoco\/wp-content\/uploads\/2026\/01\/Rinite-Alergica_1769368258809-1140x641.jpg 1140w, https:\/\/www.em.com.br\/emfoco\/wp-content\/uploads\/2026\/01\/Rinite-Alergica_1769368258809.jpg 1280w\" sizes=\"auto, (max-width: 1024px) 100vw, 1024px\" \/><figcaption class=\"wp-element-caption\">Rinite Al\u00e9rgica &#8211; Cr\u00e9ditos: depositphotos.com \/ AndrewLozovyi<\/figcaption><\/figure><\/div>\n\n\n<ul class=\"wp-block-list\">\n<li><strong>Areca-bambu<\/strong>: Indicada por sua capacidade de umidificar o ambiente, favorece a respira\u00e7\u00e3o, sendo ideal para salas e quartos bem ventilados.<\/li>\n\n\n\n<li><strong>L\u00edrio-da-paz<\/strong>: Auxilia na qualidade do ar e \u00e9 de f\u00e1cil manuten\u00e7\u00e3o. Contudo, deve ser mantido fora do quarto de pessoas com alergias intensas.<\/li>\n\n\n\n<li><strong>Palmeira-r\u00e1fis<\/strong>: Equilibra a umidade interna e \u00e9 preferida em salas e escrit\u00f3rios.<\/li>\n\n\n\n<li><strong>Samambaia<\/strong>: Conhecida por umidificar o ar, ajuda a reduzir a irrita\u00e7\u00e3o nasal, mas necessita de limpeza regular das folhas para evitar ac\u00famulo de poeira.<\/li>\n\n\n\n<li><strong>Filodendro<\/strong>: Resistente e adapt\u00e1vel a ambientes internos, torna o ar mais agrad\u00e1vel, mas deve ser mantido fora do alcance de crian\u00e7as e animais de estima\u00e7\u00e3o.<\/li>\n\n\n\n<li><strong>Dracena<\/strong>: Pr\u00e1tica e sem perfume forte, \u00e9 uma escolha adequada para al\u00e9rgicos, desde que n\u00e3o seja mantida em locais muito \u00famidos.<\/li>\n<\/ul>\n\n\n\n<h2 class=\"wp-block-heading\">Plantas Realmente Ajudam no Controle da Rinite?<\/h2>\n\n\n\n<p>Embora n\u00e3o curem a rinite sozinhas, as plantas podem atuar como aliadas no controle dos sintomas quando usadas adequadamente. O cuidado principal est\u00e1 em evitar o excesso de plantas no mesmo ambiente, pois isso poderia ser contraproducente ao objetivo de melhorar a qualidade do ar.<\/p>\n\n\n\n<p>Adicionalmente, pr\u00e1ticas como limpar as folhas regularmente com um pano \u00famido, evitar o ac\u00famulo de mofo na terra e garantir boa ventila\u00e7\u00e3o natural no ambiente s\u00e3o essenciais. \u00c9 importante observar como cada organismo reage \u00e0 presen\u00e7a das plantas e, se algum sintoma piorar, reconsiderar a sua utiliza\u00e7\u00e3o.<\/p>\n\n\n\n<h2 class=\"wp-block-heading\">Cuidados Complementares para Alergias<\/h2>\n\n\n\n<p>Tanto as plantas quanto os cuidados dom\u00e9sticos s\u00e3o partes de uma abordagem abrangente para amenizar os efeitos da rinite. Medidas adicionais, como retirar carpetes e tapetes, utilizar cortinas lav\u00e1veis ou persianas, e realizar limpezas frequentes dos filtros de ar-condicionado s\u00e3o recomenda\u00e7\u00f5es pertinentes.<\/p>\n\n\n\n<p>Essas pr\u00e1ticas, combinadas com consultas regulares a um especialista em sa\u00fade, podem reduzir a frequ\u00eancia das crises al\u00e9rgicas e melhorar significativamente a qualidade de vida dos afetados.<\/p>\n\n\n\n<p>Portanto, enquanto as plantas oferecem um suporte valioso, o manejo da rinite deve ser multidimensional, combinando higiene adequada, ventila\u00e7\u00e3o do ambiente e, conforme necess\u00e1rio, acompanhamento m\u00e9dico especializado.<\/p>\n\n\n<a href=\"https:\/\/www.instagram.com\/dra.annaluisabf\/\" target=\"_blank\" style=\"text-decoration: none; color: inherit;\">\n  <span style=\"display:inline-block; border:1px solid #ccc; border-radius:10px; padding:15px; max-width:550px; font-family:sans-serif; box-shadow:0 2px 5px rgba(0,0,0,0.1);\">\n    <span style=\"margin:0 0 15px 0; font-weight:bold; color:#2c3e50; text-align: center;\">Entre em contato:<\/span>\n\n    <span style=\"display:flex; align-items:center;\">\n      <img decoding=\"async\" src=\"https:\/\/www.correiobraziliense.com.br\/cbradar\/wp-content\/uploads\/2025\/08\/dra_anna_luisa.jpeg\" alt=\"Dra Anna Lu\u00edsa\" style=\"border-radius:50%; width:80px; height:80px; margin-right:15px;\">\n      <span style=\"flex:1;\">\n        <h3 style=\"margin:0 0 5px 0;\">Dra. Anna Lu\u00edsa Barbosa Fernandes<\/h3>\n        <p style=\"margin:0 0 10px 0;\">CRM-GO 33.271<\/p>\n        <span style=\"display:flex; gap:10px;\">\n          <img decoding=\"async\" src=\"https:\/\/cdn-icons-png.flaticon.com\/24\/1384\/1384063.png\" alt=\"Instagram\">\n        <\/span>\n      <\/span>\n    <\/span>\n  <\/span>\n<\/a>","protected":false},"excerpt":{"rendered":"<p>Pessoas que convivem com Rinite Al\u00e9rgica frequentemente enfrentam desconforto em ambientes fechados e com ar carregado. Sintomas como nariz entupido, espirros frequentes e coceira no nariz s\u00e3o comuns nesses cen\u00e1rios. Embora a limpeza e ventila\u00e7\u00e3o sejam essenciais para aliviar esses sintomas, certas plantas podem desempenhar um papel adicional na melhoria da qualidade do ar interno. [&hellip;]<\/p>\n","protected":false},"author":25,"featured_media":160002,"comment_status":"open","ping_status":"open","sticky":false,"template":"","format":"standard","meta":{"jnews-multi-image_gallery":[],"jnews_single_post":{"format":"standard"},"jnews_primary_category":[],"jnews_social_meta":[],"jnews_override_counter":[],"footnotes":""},"categories":[9053],"tags":[711,15677,415],"class_list":["post-160000","post","type-post","status-publish","format-standard","has-post-thumbnail","hentry","category-saude","tag-bem-estar","tag-rinite-alergica","tag-saude"],"yoast_head":"<!-- This site is optimized with the Yoast SEO plugin v23.8 - https:\/\/yoast.com\/wordpress\/plugins\/seo\/ -->\n<title>Essas plantas podem ajudar quem sofre com rinite al\u00e9rgica - Estado de Minas - Em foco<\/title>\n<meta name=\"description\" content=\"Algumas plantas podem ajudar a melhorar o ar e aliviar sintomas da rinite al\u00e9rgica. Veja quais esp\u00e9cies s\u00e3o mais indicadas.\" \/>\n<meta name=\"robots\" content=\"index, follow, max-snippet:-1, max-image-preview:large, max-video-preview:-1\" \/>\n<link rel=\"canonical\" href=\"https:\/\/www.em.com.br\/emfoco\/2026\/01\/26\/essas-plantas-podem-ajudar-quem-sofre-com-rinite-alergica\/\" \/>\n<meta property=\"og:locale\" content=\"pt_BR\" \/>\n<meta property=\"og:type\" content=\"article\" \/>\n<meta property=\"og:title\" content=\"Essas plantas podem ajudar quem sofre com rinite al\u00e9rgica - Estado de Minas - Em foco\" \/>\n<meta property=\"og:description\" content=\"Algumas plantas podem ajudar a melhorar o ar e aliviar sintomas da rinite al\u00e9rgica. Veja quais esp\u00e9cies s\u00e3o mais indicadas.\" \/>\n<meta property=\"og:url\" content=\"https:\/\/www.em.com.br\/emfoco\/2026\/01\/26\/essas-plantas-podem-ajudar-quem-sofre-com-rinite-alergica\/\" \/>\n<meta property=\"og:site_name\" content=\"Estado de Minas - Em foco\" \/>\n<meta property=\"article:published_time\" content=\"2026-01-26T10:05:00+00:00\" \/>\n<meta property=\"article:modified_time\" content=\"2026-01-25T19:11:28+00:00\" \/>\n<meta property=\"og:image\" content=\"https:\/\/www.em.com.br\/emfoco\/wp-content\/uploads\/2026\/01\/Rinite-Alergica_1769368224640.jpg\" \/>\n\t<meta property=\"og:image:width\" content=\"1280\" \/>\n\t<meta property=\"og:image:height\" content=\"720\" \/>\n\t<meta property=\"og:image:type\" content=\"image\/jpeg\" \/>\n<meta name=\"author\" content=\"Guilherme Lopes\" \/>\n<meta name=\"twitter:card\" content=\"summary_large_image\" \/>\n<meta name=\"twitter:label1\" content=\"Escrito por\" \/>\n\t<meta name=\"twitter:data1\" content=\"Guilherme Lopes\" \/>\n\t<meta name=\"twitter:label2\" content=\"Est. tempo de leitura\" \/>\n\t<meta name=\"twitter:data2\" content=\"4 minutos\" \/>\n<!-- \/ Yoast SEO plugin. -->","yoast_head_json":{"title":"Essas plantas podem ajudar quem sofre com rinite al\u00e9rgica - Estado de Minas - Em foco","description":"Algumas plantas podem ajudar a melhorar o ar e aliviar sintomas da rinite al\u00e9rgica. Veja quais esp\u00e9cies s\u00e3o mais indicadas.","robots":{"index":"index","follow":"follow","max-snippet":"max-snippet:-1","max-image-preview":"max-image-preview:large","max-video-preview":"max-video-preview:-1"},"canonical":"https:\/\/www.em.com.br\/emfoco\/2026\/01\/26\/essas-plantas-podem-ajudar-quem-sofre-com-rinite-alergica\/","og_locale":"pt_BR","og_type":"article","og_title":"Essas plantas podem ajudar quem sofre com rinite al\u00e9rgica - Estado de Minas - Em foco","og_description":"Algumas plantas podem ajudar a melhorar o ar e aliviar sintomas da rinite al\u00e9rgica. Veja quais esp\u00e9cies s\u00e3o mais indicadas.","og_url":"https:\/\/www.em.com.br\/emfoco\/2026\/01\/26\/essas-plantas-podem-ajudar-quem-sofre-com-rinite-alergica\/","og_site_name":"Estado de Minas - Em foco","article_published_time":"2026-01-26T10:05:00+00:00","article_modified_time":"2026-01-25T19:11:28+00:00","og_image":[{"width":1280,"height":720,"url":"https:\/\/www.em.com.br\/emfoco\/wp-content\/uploads\/2026\/01\/Rinite-Alergica_1769368224640.jpg","type":"image\/jpeg"}],"author":"Guilherme Lopes","twitter_card":"summary_large_image","twitter_misc":{"Escrito por":"Guilherme Lopes","Est. tempo de leitura":"4 minutos"},"schema":{"@context":"https:\/\/schema.org","@graph":[{"@type":"WebPage","@id":"https:\/\/www.em.com.br\/emfoco\/2026\/01\/26\/essas-plantas-podem-ajudar-quem-sofre-com-rinite-alergica\/","url":"https:\/\/www.em.com.br\/emfoco\/2026\/01\/26\/essas-plantas-podem-ajudar-quem-sofre-com-rinite-alergica\/","name":"Essas plantas podem ajudar quem sofre com rinite al\u00e9rgica - Estado de Minas - Em foco","isPartOf":{"@id":"https:\/\/www.em.com.br\/emfoco\/#website"},"primaryImageOfPage":{"@id":"https:\/\/www.em.com.br\/emfoco\/2026\/01\/26\/essas-plantas-podem-ajudar-quem-sofre-com-rinite-alergica\/#primaryimage"},"image":{"@id":"https:\/\/www.em.com.br\/emfoco\/2026\/01\/26\/essas-plantas-podem-ajudar-quem-sofre-com-rinite-alergica\/#primaryimage"},"thumbnailUrl":"https:\/\/www.em.com.br\/emfoco\/wp-content\/uploads\/2026\/01\/Rinite-Alergica_1769368224640.jpg","datePublished":"2026-01-26T10:05:00+00:00","dateModified":"2026-01-25T19:11:28+00:00","author":{"@id":"https:\/\/www.em.com.br\/emfoco\/#\/schema\/person\/f6eade2e287023da170a1b2b329f68e5"},"description":"Algumas plantas podem ajudar a melhorar o ar e aliviar sintomas da rinite al\u00e9rgica. Veja quais esp\u00e9cies s\u00e3o mais indicadas.","breadcrumb":{"@id":"https:\/\/www.em.com.br\/emfoco\/2026\/01\/26\/essas-plantas-podem-ajudar-quem-sofre-com-rinite-alergica\/#breadcrumb"},"inLanguage":"pt-BR","potentialAction":[{"@type":"ReadAction","target":["https:\/\/www.em.com.br\/emfoco\/2026\/01\/26\/essas-plantas-podem-ajudar-quem-sofre-com-rinite-alergica\/"]}]},{"@type":"ImageObject","inLanguage":"pt-BR","@id":"https:\/\/www.em.com.br\/emfoco\/2026\/01\/26\/essas-plantas-podem-ajudar-quem-sofre-com-rinite-alergica\/#primaryimage","url":"https:\/\/www.em.com.br\/emfoco\/wp-content\/uploads\/2026\/01\/Rinite-Alergica_1769368224640.jpg","contentUrl":"https:\/\/www.em.com.br\/emfoco\/wp-content\/uploads\/2026\/01\/Rinite-Alergica_1769368224640.jpg","width":1280,"height":720,"caption":"Rinite Al\u00e9rgica - Cr\u00e9ditos: depositphotos.com \/ Milkos"},{"@type":"BreadcrumbList","@id":"https:\/\/www.em.com.br\/emfoco\/2026\/01\/26\/essas-plantas-podem-ajudar-quem-sofre-com-rinite-alergica\/#breadcrumb","itemListElement":[{"@type":"ListItem","position":1,"name":"In\u00edcio","item":"https:\/\/www.em.com.br\/emfoco\/"},{"@type":"ListItem","position":2,"name":"Essas plantas podem ajudar quem sofre com rinite al\u00e9rgica"}]},{"@type":"WebSite","@id":"https:\/\/www.em.com.br\/emfoco\/#website","url":"https:\/\/www.em.com.br\/emfoco\/","name":"Estado de Minas - Em foco","description":"Acompanhe as \u00faltimas not\u00edcias e fique bem informado sobre tudo o que acontece em Minas Gerais, Brasil e no mundo.","potentialAction":[{"@type":"SearchAction","target":{"@type":"EntryPoint","urlTemplate":"https:\/\/www.em.com.br\/emfoco\/?s={search_term_string}"},"query-input":{"@type":"PropertyValueSpecification","valueRequired":true,"valueName":"search_term_string"}}],"inLanguage":"pt-BR"},{"@type":"Person","@id":"https:\/\/www.em.com.br\/emfoco\/#\/schema\/person\/f6eade2e287023da170a1b2b329f68e5","name":"Guilherme Lopes","image":{"@type":"ImageObject","inLanguage":"pt-BR","@id":"https:\/\/www.em.com.br\/emfoco\/#\/schema\/person\/image\/","url":"https:\/\/secure.gravatar.com\/avatar\/df9adfb835d344bc0af109d41756253f?s=96&d=mm&r=g","contentUrl":"https:\/\/secure.gravatar.com\/avatar\/df9adfb835d344bc0af109d41756253f?s=96&d=mm&r=g","caption":"Guilherme Lopes"},"url":"https:\/\/www.em.com.br\/emfoco\/author\/guilherme_saude\/"}]}},"_links":{"self":[{"href":"https:\/\/www.em.com.br\/emfoco\/wp-json\/wp\/v2\/posts\/160000","targetHints":{"allow":["GET"]}}],"collection":[{"href":"https:\/\/www.em.com.br\/emfoco\/wp-json\/wp\/v2\/posts"}],"about":[{"href":"https:\/\/www.em.com.br\/emfoco\/wp-json\/wp\/v2\/types\/post"}],"author":[{"embeddable":true,"href":"https:\/\/www.em.com.br\/emfoco\/wp-json\/wp\/v2\/users\/25"}],"replies":[{"embeddable":true,"href":"https:\/\/www.em.com.br\/emfoco\/wp-json\/wp\/v2\/comments?post=160000"}],"version-history":[{"count":1,"href":"https:\/\/www.em.com.br\/emfoco\/wp-json\/wp\/v2\/posts\/160000\/revisions"}],"predecessor-version":[{"id":160004,"href":"https:\/\/www.em.com.br\/emfoco\/wp-json\/wp\/v2\/posts\/160000\/revisions\/160004"}],"wp:featuredmedia":[{"embeddable":true,"href":"https:\/\/www.em.com.br\/emfoco\/wp-json\/wp\/v2\/media\/160002"}],"wp:attachment":[{"href":"https:\/\/www.em.com.br\/emfoco\/wp-json\/wp\/v2\/media?parent=160000"}],"wp:term":[{"taxonomy":"category","embeddable":true,"href":"https:\/\/www.em.com.br\/emfoco\/wp-json\/wp\/v2\/categories?post=160000"},{"taxonomy":"post_tag","embeddable":true,"href":"https:\/\/www.em.com.br\/emfoco\/wp-json\/wp\/v2\/tags?post=160000"}],"curies":[{"name":"wp","href":"https:\/\/api.w.org\/{rel}","templated":true}]}}