{"id":159955,"date":"2026-01-26T08:30:00","date_gmt":"2026-01-26T11:30:00","guid":{"rendered":"https:\/\/www.em.com.br\/emfoco\/?p=159955"},"modified":"2026-01-24T19:31:29","modified_gmt":"2026-01-24T22:31:29","slug":"novo-calculo-de-multas-muda-o-transito-quem-cometer-essa-infracao-ira-pagar-caro-em-2026","status":"publish","type":"post","link":"https:\/\/www.em.com.br\/emfoco\/2026\/01\/26\/novo-calculo-de-multas-muda-o-transito-quem-cometer-essa-infracao-ira-pagar-caro-em-2026\/","title":{"rendered":"Novo c\u00e1lculo de multas muda o tr\u00e2nsito: quem cometer essa infra\u00e7\u00e3o ir\u00e1 pagar caro em 2026"},"content":{"rendered":"\n<p>Quem dirige pela <strong>Prov\u00edncia de Buenos Aires <\/strong>no in\u00edcio de 2026 encontra multas muito mais altas e fiscaliza\u00e7\u00e3o intensa nas ruas, especialmente para quem avan\u00e7a o sinal vermelho; com o novo sistema de c\u00e1lculo, infra\u00e7\u00f5es comuns como excesso de velocidade, falta de documenta\u00e7\u00e3o e uso de telefone celular ao dirigir ficaram mais pesadas no bolso e na pontua\u00e7\u00e3o da habilita\u00e7\u00e3o, refor\u00e7ando a seguran\u00e7a vi\u00e1ria como prioridade real e imediata.<\/p>\n\n\n\n<h2 class=\"wp-block-heading\">Como funciona a multa por passar no sinal vermelho na Prov\u00edncia de Buenos Aires<\/h2>\n\n\n\n<p>A&nbsp;<strong>multa por passar sinal vermelho na Prov\u00edncia de Buenos Aires<\/strong>&nbsp;\u00e9 calculada com base nas Unidades Fixas (UF), \u00edndice que substitui valores em pesos e acompanha a varia\u00e7\u00e3o do combust\u00edvel. A legisla\u00e7\u00e3o prev\u00ea de 300 a 1.000 UFs, permitindo ao juiz ajustar o valor conforme a gravidade do caso e o hist\u00f3rico do motorista.<\/p>\n\n\n\n<p>Na pr\u00e1tica, quem cruza o sem\u00e1foro fechado pode pagar a partir de centenas de milhares de pesos, chegando perto de um milh\u00e3o nos casos mais graves, como alta velocidade, reincid\u00eancia ou risco evidente a terceiros. Al\u00e9m do valor, a infra\u00e7\u00e3o gera perda de pontos na&nbsp;<strong>Pontua\u00e7\u00e3o<\/strong>, podendo levar \u00e0 suspens\u00e3o tempor\u00e1ria do direito de dirigir.<\/p>\n\n\n\n<figure class=\"wp-block-image\"><img decoding=\"async\" src=\"https:\/\/www.em.com.br\/emfoco\/wp-content\/uploads\/2026\/01\/Gemini_Generated_Image_n4vvmln4vvmln4vv-1-1024x576.png\" alt=\"\"\/><figcaption class=\"wp-element-caption\">Multas de tr\u00e2nsito podem causar perda de pontos e suspens\u00e3o da CNH<\/figcaption><\/figure>\n\n\n\n<h2 class=\"wp-block-heading\">Como funciona a multa por passar no sinal vermelho no Brasil em 2026<\/h2>\n\n\n\n<p>No <strong>Brasil<\/strong>, a multa por avan\u00e7ar o sinal vermelho segue como uma das infra\u00e7\u00f5es mais severas do C\u00f3digo de Tr\u00e2nsito Brasileiro (CTB). Em 2026, o enquadramento permanece no\u00a0<strong>Artigo 208 do CTB<\/strong>, que classifica essa conduta como\u00a0<strong>infra\u00e7\u00e3o grav\u00edssima<\/strong>, alinhada \u00e0 pol\u00edtica nacional de redu\u00e7\u00e3o de mortes e les\u00f5es no tr\u00e2nsito.<\/p>\n\n\n\n<p>O valor base da multa \u00e9 de\u00a0<strong>R$ 293,47<\/strong>, com o lan\u00e7amento de\u00a0<strong>7 pontos na Carteira Nacional de Habilita\u00e7\u00e3o (CNH)<\/strong>. A regra vale tanto para quem avan\u00e7a totalmente o cruzamento quanto para quem cruza a linha de reten\u00e7\u00e3o ap\u00f3s o vermelho, e a reincid\u00eancia em 12 meses pode gerar agravantes e at\u00e9 processos por dire\u00e7\u00e3o perigosa, conforme a situa\u00e7\u00e3o concreta. Veja abaixo algumas etapas do processo no Brasil:<\/p>\n\n\n\n<table style=\"width:100%; border-collapse:separate; border-spacing:0; font-family:Arial, sans-serif; background:#f2f8f6; border-radius:14px; overflow:hidden;\">\n  <thead>\n    <tr style=\"background:#2fa4a9;\">\n      <th style=\"padding:16px; text-align:left; color:#2f3e3e;\">Etapa do processo<\/th>\n      <th style=\"padding:16px; text-align:left; color:#2f3e3e;\">Prazo estimado<\/th>\n      <th style=\"padding:16px; text-align:left; color:#2f3e3e;\">Objetivo da etapa<\/th>\n    <\/tr>\n  <\/thead>\n\n  <tbody>\n    <tr style=\"background:#e6f3f1; transition:background 0.3s;\">\n      <td style=\"padding:14px; color:#3a4a4a; font-weight:600;\">\n        Notifica\u00e7\u00e3o de autua\u00e7\u00e3o\n      <\/td>\n      <td style=\"padding:14px; color:#3a4a4a;\">\n        At\u00e9 30 dias ap\u00f3s a infra\u00e7\u00e3o\n      <\/td>\n      <td style=\"padding:14px; color:#3a4a4a;\">\n        Informar o condutor sobre a infra\u00e7\u00e3o registrada e permitir a indica\u00e7\u00e3o do real condutor infrator.\n      <\/td>\n    <\/tr>\n\n    <tr style=\"background:#f9fdfc; transition:background 0.3s;\">\n      <td style=\"padding:14px; color:#3a4a4a; font-weight:600;\">\n        Defesa pr\u00e9via\n      <\/td>\n      <td style=\"padding:14px; color:#3a4a4a;\">\n        Conforme indicado na notifica\u00e7\u00e3o\n      <\/td>\n      <td style=\"padding:14px; color:#3a4a4a;\">\n        Apontar erros formais no auto de infra\u00e7\u00e3o, como placa incorreta, local inexistente ou falhas de preenchimento.\n      <\/td>\n    <\/tr>\n\n    <tr style=\"background:#e6f3f1; transition:background 0.3s;\">\n      <td style=\"padding:14px; color:#3a4a4a; font-weight:600;\">\n        Recurso em 1\u00aa inst\u00e2ncia\n      <\/td>\n      <td style=\"padding:14px; color:#3a4a4a;\">\n        At\u00e9 a data de vencimento da multa\n      <\/td>\n      <td style=\"padding:14px; color:#3a4a4a;\">\n        Protocolar defesa junto \u00e0 JARI (Junta Administrativa de Recursos de Infra\u00e7\u00f5es).\n      <\/td>\n    <\/tr>\n\n    <tr style=\"background:#f9fdfc; transition:background 0.3s;\">\n      <td style=\"padding:14px; color:#3a4a4a; font-weight:600;\">\n        Recurso em 2\u00aa inst\u00e2ncia\n      <\/td>\n      <td style=\"padding:14px; color:#3a4a4a;\">\n        Ap\u00f3s indeferimento da 1\u00aa inst\u00e2ncia\n      <\/td>\n      <td style=\"padding:14px; color:#3a4a4a;\">\n        Protocolar novo recurso junto ao CETRAN (Conselho Estadual de Tr\u00e2nsito).\n      <\/td>\n    <\/tr>\n  <\/tbody>\n<\/table>\n\n\n\n\n<h2 class=\"wp-block-heading\">O que \u00e9 a Unidade Fixa e por que ela aumenta tanto o valor das multas<\/h2>\n\n\n\n<p>A\u00a0<strong>Unidade Fixa<\/strong>\u00a0\u00e9 o par\u00e2metro usado na Prov\u00edncia de Buenos Aires para definir o valor de todas as multas de tr\u00e2nsito. Em vez de valores fixos em pesos, a UF \u00e9 vinculada ao pre\u00e7o do litro de gasolina de maior octanagem informado pelo <strong>Autom\u00f3vel Clube Argentino (ACA) <\/strong>de La Plata, evitando a desvaloriza\u00e7\u00e3o das penalidades.<\/p>\n\n\n\n<p>Com isso, cada reajuste de combust\u00edvel aumenta automaticamente o custo das infra\u00e7\u00f5es, preservando o valor real das multas. Sempre que o combust\u00edvel sobe, tamb\u00e9m sobem os custos de dirigir sem VTV, n\u00e3o usar cinto de seguran\u00e7a, falar ao telefone celular, exceder a velocidade ou circular com documenta\u00e7\u00e3o irregular.<\/p>\n\n\n\n<h2 class=\"wp-block-heading\">Quais infra\u00e7\u00f5es ficaram mais caras na Prov\u00edncia de Buenos Aires<\/h2>\n\n\n\n<p>O aumento da&nbsp;<strong>multa por passar sinal vermelho<\/strong>&nbsp;integra um pacote mais amplo de reajustes em toda a tabela de infra\u00e7\u00f5es, focado em comportamentos que aparecem com frequ\u00eancia em acidentes graves. A ideia \u00e9 desestimular condutas de risco e reduzir sinistros e mortes nas vias urbanas e rodovias.<\/p>\n\n\n\n<figure class=\"wp-block-image size-large\"><img loading=\"lazy\" decoding=\"async\" width=\"1024\" height=\"576\" src=\"https:\/\/www.em.com.br\/emfoco\/wp-content\/uploads\/2026\/01\/Gemini_Generated_Image_sail5gsail5gsail-1-1024x576.png\" alt=\"Multa por sinal vermelho dispara e vira uma das mais caras\" class=\"wp-image-159956\" srcset=\"https:\/\/www.em.com.br\/emfoco\/wp-content\/uploads\/2026\/01\/Gemini_Generated_Image_sail5gsail5gsail-1-1024x576.png 1024w, https:\/\/www.em.com.br\/emfoco\/wp-content\/uploads\/2026\/01\/Gemini_Generated_Image_sail5gsail5gsail-1-300x169.png 300w, https:\/\/www.em.com.br\/emfoco\/wp-content\/uploads\/2026\/01\/Gemini_Generated_Image_sail5gsail5gsail-1-768x432.png 768w, https:\/\/www.em.com.br\/emfoco\/wp-content\/uploads\/2026\/01\/Gemini_Generated_Image_sail5gsail5gsail-1-750x422.png 750w, https:\/\/www.em.com.br\/emfoco\/wp-content\/uploads\/2026\/01\/Gemini_Generated_Image_sail5gsail5gsail-1-1140x641.png 1140w, https:\/\/www.em.com.br\/emfoco\/wp-content\/uploads\/2026\/01\/Gemini_Generated_Image_sail5gsail5gsail-1.png 1280w\" sizes=\"auto, (max-width: 1024px) 100vw, 1024px\" \/><figcaption class=\"wp-element-caption\">Multa por sinal vermelho dispara e vira uma das mais caras<\/figcaption><\/figure>\n\n\n\n<p>Nesse cen\u00e1rio, v\u00e1rias condutas passaram a ter impacto financeiro maior e mais peso no prontu\u00e1rio do motorista, exigindo aten\u00e7\u00e3o especial de condutores particulares e profissionais:<\/p>\n\n\n\n<ul class=\"wp-block-list\">\n<li><strong>Falta de VTV:<\/strong>\u00a0circular sem a Verifica\u00e7\u00e3o T\u00e9cnica Veicular atualizada \u00e9 considerado risco mec\u00e2nico potencial, com multa elevada, sobretudo em ve\u00edculos de transporte de passageiros ou cargas.<\/li>\n\n\n\n<li><strong>Excesso de velocidade:<\/strong>\u00a0quanto maior o desvio em rela\u00e7\u00e3o ao limite, maior o n\u00famero de Unidades Fixas aplicadas, com rigor especial em rodovias e avenidas de alto fluxo.<\/li>\n\n\n\n<li><strong>Uso de telefone celular ao dirigir:<\/strong>\u00a0manipular o telefone, enviar mensagens ou falar sem viva-voz gera multa alta e perda de pontos na\u00a0<strong>Pontua\u00e7\u00e3o<\/strong>.<\/li>\n\n\n\n<li><strong>Documenta\u00e7\u00e3o irregular:<\/strong>\u00a0falta de licen\u00e7a v\u00e1lida, seguro obrigat\u00f3rio ou placa em m\u00e1s condi\u00e7\u00f5es resulta em penalidades refor\u00e7adas e poss\u00edvel reten\u00e7\u00e3o do ve\u00edculo.<\/li>\n<\/ul>\n\n\n\n<h2 class=\"wp-block-heading\">Como dirigir com mais seguran\u00e7a e evitar multas pesadas agora<\/h2>\n\n\n\n<p>Com valores mais altos, a preven\u00e7\u00e3o se torna essencial para quem circula na Prov\u00edncia de Buenos Aires. Respeitar as&nbsp;<strong>regras de tr\u00e2nsito<\/strong>&nbsp;protege a vida de condutores, passageiros e pedestres, al\u00e9m de evitar gastos elevados com penalidades, processos e poss\u00edveis suspens\u00f5es da habilita\u00e7\u00e3o.<\/p>\n\n\n\n<p>N\u00e3o espere levar uma multa recorde ou se envolver em um acidente para mudar sua condu\u00e7\u00e3o: revise hoje seus h\u00e1bitos, a documenta\u00e7\u00e3o e as condi\u00e7\u00f5es do ve\u00edculo, planeje trajetos com calma e adote toler\u00e2ncia zero com o avan\u00e7o de sinal e o uso do celular ao volante; cada decis\u00e3o ao dirigir pode ser a diferen\u00e7a entre chegar em seguran\u00e7a ou causar um sinistro com consequ\u00eancias humanas e financeiras irrevers\u00edveis.<\/p>\n","protected":false},"excerpt":{"rendered":"<p>Quem dirige pela Prov\u00edncia de Buenos Aires no in\u00edcio de 2026 encontra multas muito mais altas e fiscaliza\u00e7\u00e3o intensa nas ruas, especialmente para quem avan\u00e7a o sinal vermelho; com o novo sistema de c\u00e1lculo, infra\u00e7\u00f5es comuns como excesso de velocidade, falta de documenta\u00e7\u00e3o e uso de telefone celular ao dirigir ficaram mais pesadas no bolso [&hellip;]<\/p>\n","protected":false},"author":11,"featured_media":159957,"comment_status":"open","ping_status":"open","sticky":false,"template":"","format":"standard","meta":{"jnews-multi-image_gallery":[],"jnews_single_post":{"format":"standard"},"jnews_primary_category":[],"jnews_social_meta":[],"jnews_override_counter":[],"footnotes":""},"categories":[27,28],"tags":[818,1244,830,23361,9599,9442,11506,5892,15657,8520],"class_list":["post-159955","post","type-post","status-publish","format-standard","has-post-thumbnail","hentry","category-carros","category-economia","tag-carro","tag-carteira-de-habilitacao","tag-cnh","tag-fiscalizacao-de-transito","tag-infracao","tag-multa","tag-multa-de-transito","tag-pontos-na-cnh","tag-sinal-vermelho","tag-suspensao-da-cnh"],"yoast_head":"<!-- This site is optimized with the Yoast SEO plugin v23.8 - https:\/\/yoast.com\/wordpress\/plugins\/seo\/ -->\n<title>Novo c\u00e1lculo de multas muda o tr\u00e2nsito: quem cometer essa infra\u00e7\u00e3o ir\u00e1 pagar caro em 2026 - Estado de Minas - Em foco<\/title>\n<meta name=\"description\" content=\"Fiscaliza\u00e7\u00e3o mais r\u00edgida e multas reajustadas est\u00e3o mudando o tr\u00e2nsito. Um simples erro no sem\u00e1foro pode gerar custos altos e suspens\u00e3o do direito de dirigir.\" \/>\n<meta name=\"robots\" content=\"index, follow, max-snippet:-1, max-image-preview:large, max-video-preview:-1\" \/>\n<link rel=\"canonical\" href=\"https:\/\/www.em.com.br\/emfoco\/2026\/01\/26\/novo-calculo-de-multas-muda-o-transito-quem-cometer-essa-infracao-ira-pagar-caro-em-2026\/\" \/>\n<meta property=\"og:locale\" content=\"pt_BR\" \/>\n<meta property=\"og:type\" content=\"article\" \/>\n<meta property=\"og:title\" content=\"Novo c\u00e1lculo de multas muda o tr\u00e2nsito: quem cometer essa infra\u00e7\u00e3o ir\u00e1 pagar caro em 2026 - Estado de Minas - Em foco\" \/>\n<meta property=\"og:description\" content=\"Fiscaliza\u00e7\u00e3o mais r\u00edgida e multas reajustadas est\u00e3o mudando o tr\u00e2nsito. Um simples erro no sem\u00e1foro pode gerar custos altos e suspens\u00e3o do direito de dirigir.\" \/>\n<meta property=\"og:url\" content=\"https:\/\/www.em.com.br\/emfoco\/2026\/01\/26\/novo-calculo-de-multas-muda-o-transito-quem-cometer-essa-infracao-ira-pagar-caro-em-2026\/\" \/>\n<meta property=\"og:site_name\" content=\"Estado de Minas - Em foco\" \/>\n<meta property=\"article:published_time\" content=\"2026-01-26T11:30:00+00:00\" \/>\n<meta property=\"article:modified_time\" content=\"2026-01-24T22:31:29+00:00\" \/>\n<meta property=\"og:image\" content=\"https:\/\/www.em.com.br\/emfoco\/wp-content\/uploads\/2026\/01\/ChatGPT-Image-24-de-jan.-de-2026-19_18_30-1.png\" \/>\n\t<meta property=\"og:image:width\" content=\"1280\" \/>\n\t<meta property=\"og:image:height\" content=\"720\" \/>\n\t<meta property=\"og:image:type\" content=\"image\/png\" \/>\n<meta name=\"author\" content=\"Andre\u0301 Rangel\u00a0\" \/>\n<meta name=\"twitter:card\" content=\"summary_large_image\" \/>\n<meta name=\"twitter:label1\" content=\"Escrito por\" \/>\n\t<meta name=\"twitter:data1\" content=\"Andre\u0301 Rangel\u00a0\" \/>\n\t<meta name=\"twitter:label2\" content=\"Est. tempo de leitura\" \/>\n\t<meta name=\"twitter:data2\" content=\"6 minutos\" \/>\n<!-- \/ Yoast SEO plugin. -->","yoast_head_json":{"title":"Novo c\u00e1lculo de multas muda o tr\u00e2nsito: quem cometer essa infra\u00e7\u00e3o ir\u00e1 pagar caro em 2026 - Estado de Minas - Em foco","description":"Fiscaliza\u00e7\u00e3o mais r\u00edgida e multas reajustadas est\u00e3o mudando o tr\u00e2nsito. Um simples erro no sem\u00e1foro pode gerar custos altos e suspens\u00e3o do direito de dirigir.","robots":{"index":"index","follow":"follow","max-snippet":"max-snippet:-1","max-image-preview":"max-image-preview:large","max-video-preview":"max-video-preview:-1"},"canonical":"https:\/\/www.em.com.br\/emfoco\/2026\/01\/26\/novo-calculo-de-multas-muda-o-transito-quem-cometer-essa-infracao-ira-pagar-caro-em-2026\/","og_locale":"pt_BR","og_type":"article","og_title":"Novo c\u00e1lculo de multas muda o tr\u00e2nsito: quem cometer essa infra\u00e7\u00e3o ir\u00e1 pagar caro em 2026 - Estado de Minas - Em foco","og_description":"Fiscaliza\u00e7\u00e3o mais r\u00edgida e multas reajustadas est\u00e3o mudando o tr\u00e2nsito. Um simples erro no sem\u00e1foro pode gerar custos altos e suspens\u00e3o do direito de dirigir.","og_url":"https:\/\/www.em.com.br\/emfoco\/2026\/01\/26\/novo-calculo-de-multas-muda-o-transito-quem-cometer-essa-infracao-ira-pagar-caro-em-2026\/","og_site_name":"Estado de Minas - Em foco","article_published_time":"2026-01-26T11:30:00+00:00","article_modified_time":"2026-01-24T22:31:29+00:00","og_image":[{"width":1280,"height":720,"url":"https:\/\/www.em.com.br\/emfoco\/wp-content\/uploads\/2026\/01\/ChatGPT-Image-24-de-jan.-de-2026-19_18_30-1.png","type":"image\/png"}],"author":"Andre\u0301 Rangel\u00a0","twitter_card":"summary_large_image","twitter_misc":{"Escrito por":"Andre\u0301 Rangel\u00a0","Est. tempo de leitura":"6 minutos"},"schema":{"@context":"https:\/\/schema.org","@graph":[{"@type":"WebPage","@id":"https:\/\/www.em.com.br\/emfoco\/2026\/01\/26\/novo-calculo-de-multas-muda-o-transito-quem-cometer-essa-infracao-ira-pagar-caro-em-2026\/","url":"https:\/\/www.em.com.br\/emfoco\/2026\/01\/26\/novo-calculo-de-multas-muda-o-transito-quem-cometer-essa-infracao-ira-pagar-caro-em-2026\/","name":"Novo c\u00e1lculo de multas muda o tr\u00e2nsito: quem cometer essa infra\u00e7\u00e3o ir\u00e1 pagar caro em 2026 - Estado de Minas - Em foco","isPartOf":{"@id":"https:\/\/www.em.com.br\/emfoco\/#website"},"primaryImageOfPage":{"@id":"https:\/\/www.em.com.br\/emfoco\/2026\/01\/26\/novo-calculo-de-multas-muda-o-transito-quem-cometer-essa-infracao-ira-pagar-caro-em-2026\/#primaryimage"},"image":{"@id":"https:\/\/www.em.com.br\/emfoco\/2026\/01\/26\/novo-calculo-de-multas-muda-o-transito-quem-cometer-essa-infracao-ira-pagar-caro-em-2026\/#primaryimage"},"thumbnailUrl":"https:\/\/www.em.com.br\/emfoco\/wp-content\/uploads\/2026\/01\/ChatGPT-Image-24-de-jan.-de-2026-19_18_30-1.png","datePublished":"2026-01-26T11:30:00+00:00","dateModified":"2026-01-24T22:31:29+00:00","author":{"@id":"https:\/\/www.em.com.br\/emfoco\/#\/schema\/person\/60eda09c1fedf0d6891f4cef4b60b8b8"},"description":"Fiscaliza\u00e7\u00e3o mais r\u00edgida e multas reajustadas est\u00e3o mudando o tr\u00e2nsito. Um simples erro no sem\u00e1foro pode gerar custos altos e suspens\u00e3o do direito de dirigir.","breadcrumb":{"@id":"https:\/\/www.em.com.br\/emfoco\/2026\/01\/26\/novo-calculo-de-multas-muda-o-transito-quem-cometer-essa-infracao-ira-pagar-caro-em-2026\/#breadcrumb"},"inLanguage":"pt-BR","potentialAction":[{"@type":"ReadAction","target":["https:\/\/www.em.com.br\/emfoco\/2026\/01\/26\/novo-calculo-de-multas-muda-o-transito-quem-cometer-essa-infracao-ira-pagar-caro-em-2026\/"]}]},{"@type":"ImageObject","inLanguage":"pt-BR","@id":"https:\/\/www.em.com.br\/emfoco\/2026\/01\/26\/novo-calculo-de-multas-muda-o-transito-quem-cometer-essa-infracao-ira-pagar-caro-em-2026\/#primaryimage","url":"https:\/\/www.em.com.br\/emfoco\/wp-content\/uploads\/2026\/01\/ChatGPT-Image-24-de-jan.-de-2026-19_18_30-1.png","contentUrl":"https:\/\/www.em.com.br\/emfoco\/wp-content\/uploads\/2026\/01\/ChatGPT-Image-24-de-jan.-de-2026-19_18_30-1.png","width":1280,"height":720,"caption":"Multa por sinal vermelho dispara e vira uma das mais caras"},{"@type":"BreadcrumbList","@id":"https:\/\/www.em.com.br\/emfoco\/2026\/01\/26\/novo-calculo-de-multas-muda-o-transito-quem-cometer-essa-infracao-ira-pagar-caro-em-2026\/#breadcrumb","itemListElement":[{"@type":"ListItem","position":1,"name":"In\u00edcio","item":"https:\/\/www.em.com.br\/emfoco\/"},{"@type":"ListItem","position":2,"name":"Novo c\u00e1lculo de multas muda o tr\u00e2nsito: quem cometer essa infra\u00e7\u00e3o ir\u00e1 pagar caro em 2026"}]},{"@type":"WebSite","@id":"https:\/\/www.em.com.br\/emfoco\/#website","url":"https:\/\/www.em.com.br\/emfoco\/","name":"Estado de Minas - Em foco","description":"Acompanhe as \u00faltimas not\u00edcias e fique bem informado sobre tudo o que acontece em Minas Gerais, Brasil e no mundo.","potentialAction":[{"@type":"SearchAction","target":{"@type":"EntryPoint","urlTemplate":"https:\/\/www.em.com.br\/emfoco\/?s={search_term_string}"},"query-input":{"@type":"PropertyValueSpecification","valueRequired":true,"valueName":"search_term_string"}}],"inLanguage":"pt-BR"},{"@type":"Person","@id":"https:\/\/www.em.com.br\/emfoco\/#\/schema\/person\/60eda09c1fedf0d6891f4cef4b60b8b8","name":"Andre\u0301 Rangel\u00a0","image":{"@type":"ImageObject","inLanguage":"pt-BR","@id":"https:\/\/www.em.com.br\/emfoco\/#\/schema\/person\/image\/","url":"https:\/\/secure.gravatar.com\/avatar\/6234dc814c77c8ef6d8bba622c787efc?s=96&d=mm&r=g","contentUrl":"https:\/\/secure.gravatar.com\/avatar\/6234dc814c77c8ef6d8bba622c787efc?s=96&d=mm&r=g","caption":"Andre\u0301 Rangel\u00a0"},"url":"https:\/\/www.em.com.br\/emfoco\/author\/luizmyth\/"}]}},"_links":{"self":[{"href":"https:\/\/www.em.com.br\/emfoco\/wp-json\/wp\/v2\/posts\/159955","targetHints":{"allow":["GET"]}}],"collection":[{"href":"https:\/\/www.em.com.br\/emfoco\/wp-json\/wp\/v2\/posts"}],"about":[{"href":"https:\/\/www.em.com.br\/emfoco\/wp-json\/wp\/v2\/types\/post"}],"author":[{"embeddable":true,"href":"https:\/\/www.em.com.br\/emfoco\/wp-json\/wp\/v2\/users\/11"}],"replies":[{"embeddable":true,"href":"https:\/\/www.em.com.br\/emfoco\/wp-json\/wp\/v2\/comments?post=159955"}],"version-history":[{"count":1,"href":"https:\/\/www.em.com.br\/emfoco\/wp-json\/wp\/v2\/posts\/159955\/revisions"}],"predecessor-version":[{"id":159958,"href":"https:\/\/www.em.com.br\/emfoco\/wp-json\/wp\/v2\/posts\/159955\/revisions\/159958"}],"wp:featuredmedia":[{"embeddable":true,"href":"https:\/\/www.em.com.br\/emfoco\/wp-json\/wp\/v2\/media\/159957"}],"wp:attachment":[{"href":"https:\/\/www.em.com.br\/emfoco\/wp-json\/wp\/v2\/media?parent=159955"}],"wp:term":[{"taxonomy":"category","embeddable":true,"href":"https:\/\/www.em.com.br\/emfoco\/wp-json\/wp\/v2\/categories?post=159955"},{"taxonomy":"post_tag","embeddable":true,"href":"https:\/\/www.em.com.br\/emfoco\/wp-json\/wp\/v2\/tags?post=159955"}],"curies":[{"name":"wp","href":"https:\/\/api.w.org\/{rel}","templated":true}]}}