{"id":159835,"date":"2026-01-26T06:35:00","date_gmt":"2026-01-26T09:35:00","guid":{"rendered":"https:\/\/www.em.com.br\/emfoco\/?p=159835"},"modified":"2026-01-24T13:56:11","modified_gmt":"2026-01-24T16:56:11","slug":"janeiro-de-2026-pode-mudar-a-vida-de-quem-pertence-a-estes-tres-signos-e-o-motivo-esta-na-configuracao-rara-do-ceu-neste-mes","status":"publish","type":"post","link":"https:\/\/www.em.com.br\/emfoco\/2026\/01\/26\/janeiro-de-2026-pode-mudar-a-vida-de-quem-pertence-a-estes-tres-signos-e-o-motivo-esta-na-configuracao-rara-do-ceu-neste-mes\/","title":{"rendered":"Janeiro de 2026 pode mudar a vida de quem pertence a estes tr\u00eas signos e o motivo est\u00e1 na configura\u00e7\u00e3o rara do c\u00e9u neste m\u00eas"},"content":{"rendered":"\n<h2 class=\"wp-block-heading\">Janeiro de 2026 traz J\u00fapiter exaltado em C\u00e2ncer e Sol em Aqu\u00e1rio, concentrando oportunidades. C\u00e2ncer, Aqu\u00e1rio e Capric\u00f3rnio ganham expans\u00e3o, magnetismo e reconhecimento; atitudes estrat\u00e9gicas ampliam a sorte.<\/h2>\n\n\n\n<p>O fim de janeiro de 2026 marca um momento raro na <strong>astrologia<\/strong>. Com J\u00fapiter exaltado em C\u00e2ncer e o Sol em Aqu\u00e1rio, o c\u00e9u cria um campo de oportunidades concentradas em poucos signos, favorecendo crescimento, reconhecimento e viradas pr\u00e1ticas em \u00e1reas-chave da vida.<\/p>\n\n\n\n<h2 class=\"wp-block-heading\">Por que janeiro de 2026 \u00e9 um m\u00eas astrol\u00f3gico t\u00e3o especial?<\/h2>\n\n\n\n<p>A configura\u00e7\u00e3o planet\u00e1ria atual chama aten\u00e7\u00e3o de astr\u00f3logos por unir expans\u00e3o e transforma\u00e7\u00e3o. <strong>J\u00fapiter em C\u00e2ncer<\/strong>, posi\u00e7\u00e3o de exalta\u00e7\u00e3o do planeta, amplia prote\u00e7\u00e3o, prosperidade e seguran\u00e7a emocional, enquanto Plut\u00e3o em Aqu\u00e1rio inicia uma revis\u00e3o profunda das estruturas sociais e pessoais.<\/p>\n\n\n\n<p>Segundo an\u00e1lises de especialistas em astrologia mundana, esse tipo de combina\u00e7\u00e3o n\u00e3o gera sorte aleat\u00f3ria. O <strong>Sol em Aqu\u00e1rio<\/strong> estimula decis\u00f5es ousadas e favorece quem aceita mudar rotas, tornando janeiro de 2026 um verdadeiro ponto de virada no mapa coletivo.<\/p>\n\n\n\n<figure class=\"wp-block-image size-large\"><img loading=\"lazy\" decoding=\"async\" width=\"1024\" height=\"576\" src=\"https:\/\/www.em.com.br\/emfoco\/wp-content\/uploads\/2026\/01\/AIAI-1-66-1024x576.jpg\" alt=\"Janeiro de 2026 pode mudar a vida de quem pertence a estes tr\u00eas signos e o motivo est\u00e1 na configura\u00e7\u00e3o rara do c\u00e9u neste m\u00eas\" class=\"wp-image-159838\" srcset=\"https:\/\/www.em.com.br\/emfoco\/wp-content\/uploads\/2026\/01\/AIAI-1-66-1024x576.jpg 1024w, https:\/\/www.em.com.br\/emfoco\/wp-content\/uploads\/2026\/01\/AIAI-1-66-300x169.jpg 300w, https:\/\/www.em.com.br\/emfoco\/wp-content\/uploads\/2026\/01\/AIAI-1-66-768x432.jpg 768w, https:\/\/www.em.com.br\/emfoco\/wp-content\/uploads\/2026\/01\/AIAI-1-66-750x422.jpg 750w, https:\/\/www.em.com.br\/emfoco\/wp-content\/uploads\/2026\/01\/AIAI-1-66-1140x641.jpg 1140w, https:\/\/www.em.com.br\/emfoco\/wp-content\/uploads\/2026\/01\/AIAI-1-66.jpg 1280w\" sizes=\"auto, (max-width: 1024px) 100vw, 1024px\" \/><figcaption class=\"wp-element-caption\">J\u00fapiter exaltado e Sol em Aqu\u00e1rio criam cen\u00e1rio raro de expans\u00e3o<\/figcaption><\/figure>\n\n\n\n<h2 class=\"wp-block-heading\">Quais signos concentram o maior fluxo de sorte agora?<\/h2>\n\n\n\n<p>A leitura t\u00e9cnica do c\u00e9u aponta tr\u00eas signos diretamente beneficiados por tr\u00e2nsitos harm\u00f4nicos e planetas em posi\u00e7\u00f5es estrat\u00e9gicas. Cada um recebe a sorte de maneira distinta, mas todos entram em um ciclo claro de avan\u00e7o, como detalhado a seguir.<\/p>\n\n\n\n<ul class=\"wp-block-list\">\n<li>C\u00e2ncer: expans\u00e3o emocional, familiar e material impulsionada por J\u00fapiter exaltado.<\/li>\n\n\n\n<li>Aqu\u00e1rio: magnetismo pessoal elevado e oportunidades ligadas \u00e0 inova\u00e7\u00e3o e redes.<\/li>\n\n\n\n<li>Capric\u00f3rnio: reconhecimento profissional e ganhos financeiros estimulados por Marte.<\/li>\n<\/ul>\n\n\n\n<p><em>Leia mais: <strong><a href=\"https:\/\/www.em.com.br\/emfoco\/2026\/01\/24\/a-partir-de-fevereiro-estes-signos-do-zodiaco-terao-um-ano-de-sorte-em-2026\/\" target=\"_blank\" rel=\"noreferrer noopener\">A partir de fevereiro estes signos do zod\u00edaco ter\u00e3o um ano de sorte em 2026<\/a><\/strong><\/em><\/p>\n\n\n\n<h2 class=\"wp-block-heading\">Como a sorte se manifesta para C\u00e2ncer, Aqu\u00e1rio e Capric\u00f3rnio?<\/h2>\n\n\n\n<p>Para <strong>C\u00e2ncer<\/strong>, a sorte aparece como crescimento sustentado. Projetos ligados \u00e0 fam\u00edlia, im\u00f3veis ou iniciativas autorais avan\u00e7am com menos resist\u00eancia, criando sensa\u00e7\u00e3o de prote\u00e7\u00e3o e seguran\u00e7a para ocupar espa\u00e7os antes adiados.<\/p>\n\n\n\n<p>Em <strong>Aqu\u00e1rio<\/strong> e <strong>Capric\u00f3rnio<\/strong>, a sorte assume um tom estrat\u00e9gico. Aquarianos atraem pessoas influentes e propostas inesperadas, enquanto capricornianos colhem resultados concretos de esfor\u00e7os antigos, refor\u00e7ando que a sorte tamb\u00e9m recompensa const\u00e2ncia.<\/p>\n\n\n\n<figure class=\"wp-block-image size-large\"><img loading=\"lazy\" decoding=\"async\" width=\"1024\" height=\"576\" src=\"https:\/\/www.em.com.br\/emfoco\/wp-content\/uploads\/2026\/01\/AIAI-2-62-1024x576.jpg\" alt=\"Janeiro de 2026 pode mudar a vida de quem pertence a estes tr\u00eas signos e o motivo est\u00e1 na configura\u00e7\u00e3o rara do c\u00e9u neste m\u00eas\" class=\"wp-image-159839\" srcset=\"https:\/\/www.em.com.br\/emfoco\/wp-content\/uploads\/2026\/01\/AIAI-2-62-1024x576.jpg 1024w, https:\/\/www.em.com.br\/emfoco\/wp-content\/uploads\/2026\/01\/AIAI-2-62-300x169.jpg 300w, https:\/\/www.em.com.br\/emfoco\/wp-content\/uploads\/2026\/01\/AIAI-2-62-768x432.jpg 768w, https:\/\/www.em.com.br\/emfoco\/wp-content\/uploads\/2026\/01\/AIAI-2-62-750x422.jpg 750w, https:\/\/www.em.com.br\/emfoco\/wp-content\/uploads\/2026\/01\/AIAI-2-62-1140x641.jpg 1140w, https:\/\/www.em.com.br\/emfoco\/wp-content\/uploads\/2026\/01\/AIAI-2-62.jpg 1280w\" sizes=\"auto, (max-width: 1024px) 100vw, 1024px\" \/><figcaption class=\"wp-element-caption\">Sorte se manifesta como crescimento emocional, reconhecimento e avan\u00e7os pr\u00e1ticos<\/figcaption><\/figure>\n\n\n\n<h2 class=\"wp-block-heading\">Como qualquer signo pode aproveitar esse per\u00edodo positivo?<\/h2>\n\n\n\n<p>Mesmo fora do trio mais favorecido, janeiro de 2026 oferece caminhos pr\u00e1ticos para alinhar a\u00e7\u00e3o e oportunidade. Astr\u00f3logos indicam atitudes simples que ajudam todos os signos a se conectar melhor com esse <a href=\"https:\/\/www.yogajournal.com\/lifestyle\/astrology\/chakras-and-astrology\/\" target=\"_blank\" rel=\"noreferrer noopener\"><strong>fluxo energ\u00e9tico<\/strong><\/a>, como voc\u00ea confere abaixo.<\/p>\n\n\n\n<ul class=\"wp-block-list\">\n<li>Aten\u00e7\u00e3o aos sinais: coincid\u00eancias frequentes indicam decis\u00f5es bem alinhadas.<\/li>\n\n\n\n<li>Generosidade ativa: J\u00fapiter em C\u00e2ncer favorece quem coopera e apoia outros.<\/li>\n\n\n\n<li>Desapego consciente: Plut\u00e3o em Aqu\u00e1rio exige soltar padr\u00f5es que j\u00e1 n\u00e3o funcionam.<\/li>\n<\/ul>\n\n\n\n<p>Em um c\u00e9u t\u00e3o ativo, a verdadeira sorte nasce do encontro entre preparo e atitude. Janeiro de 2026 recompensa quem observa os sinais, age com consci\u00eancia e entende que oportunidades surgem para quem est\u00e1 disposto a se mover no momento certo.<\/p>\n","protected":false},"excerpt":{"rendered":"<p>Janeiro de 2026 traz J\u00fapiter exaltado em C\u00e2ncer e Sol em Aqu\u00e1rio, concentrando oportunidades. C\u00e2ncer, Aqu\u00e1rio e Capric\u00f3rnio ganham expans\u00e3o, magnetismo e reconhecimento; atitudes estrat\u00e9gicas ampliam a sorte. O fim de janeiro de 2026 marca um momento raro na astrologia. Com J\u00fapiter exaltado em C\u00e2ncer e o Sol em Aqu\u00e1rio, o c\u00e9u cria um campo [&hellip;]<\/p>\n","protected":false},"author":13,"featured_media":159837,"comment_status":"open","ping_status":"open","sticky":false,"template":"","format":"standard","meta":{"jnews-multi-image_gallery":[],"jnews_single_post":{"format":"standard"},"jnews_primary_category":[],"jnews_social_meta":[],"jnews_override_counter":[],"footnotes":""},"categories":[25],"tags":[297,786,349],"class_list":["post-159835","post","type-post","status-publish","format-standard","has-post-thumbnail","hentry","category-signos","tag-astrologia","tag-janeiro","tag-sorte"],"yoast_head":"<!-- This site is optimized with the Yoast SEO plugin v23.8 - https:\/\/yoast.com\/wordpress\/plugins\/seo\/ -->\n<title>Janeiro de 2026 pode mudar a vida de quem pertence a estes tr\u00eas signos e o motivo est\u00e1 na configura\u00e7\u00e3o rara do c\u00e9u neste m\u00eas - Estado de Minas - Em foco<\/title>\n<meta name=\"description\" content=\"O c\u00e9u de janeiro ativa sorte e crescimento para tr\u00eas signos e quem agir com consci\u00eancia pode iniciar uma nova fase ainda neste m\u00eas.\" \/>\n<meta name=\"robots\" content=\"index, follow, max-snippet:-1, max-image-preview:large, max-video-preview:-1\" \/>\n<link rel=\"canonical\" href=\"https:\/\/www.em.com.br\/emfoco\/2026\/01\/26\/janeiro-de-2026-pode-mudar-a-vida-de-quem-pertence-a-estes-tres-signos-e-o-motivo-esta-na-configuracao-rara-do-ceu-neste-mes\/\" \/>\n<meta property=\"og:locale\" content=\"pt_BR\" \/>\n<meta property=\"og:type\" content=\"article\" \/>\n<meta property=\"og:title\" content=\"Janeiro de 2026 pode mudar a vida de quem pertence a estes tr\u00eas signos e o motivo est\u00e1 na configura\u00e7\u00e3o rara do c\u00e9u neste m\u00eas - Estado de Minas - Em foco\" \/>\n<meta property=\"og:description\" content=\"O c\u00e9u de janeiro ativa sorte e crescimento para tr\u00eas signos e quem agir com consci\u00eancia pode iniciar uma nova fase ainda neste m\u00eas.\" \/>\n<meta property=\"og:url\" content=\"https:\/\/www.em.com.br\/emfoco\/2026\/01\/26\/janeiro-de-2026-pode-mudar-a-vida-de-quem-pertence-a-estes-tres-signos-e-o-motivo-esta-na-configuracao-rara-do-ceu-neste-mes\/\" \/>\n<meta property=\"og:site_name\" content=\"Estado de Minas - Em foco\" \/>\n<meta property=\"article:published_time\" content=\"2026-01-26T09:35:00+00:00\" \/>\n<meta property=\"article:modified_time\" content=\"2026-01-24T16:56:11+00:00\" \/>\n<meta property=\"og:image\" content=\"https:\/\/www.em.com.br\/emfoco\/wp-content\/uploads\/2026\/01\/AIAI-80.jpg\" \/>\n\t<meta property=\"og:image:width\" content=\"1280\" \/>\n\t<meta property=\"og:image:height\" content=\"720\" \/>\n\t<meta property=\"og:image:type\" content=\"image\/jpeg\" \/>\n<meta name=\"author\" content=\"Gabriel Martins\" \/>\n<meta name=\"twitter:card\" content=\"summary_large_image\" \/>\n<meta name=\"twitter:label1\" content=\"Escrito por\" \/>\n\t<meta name=\"twitter:data1\" content=\"Gabriel Martins\" \/>\n\t<meta name=\"twitter:label2\" content=\"Est. tempo de leitura\" \/>\n\t<meta name=\"twitter:data2\" content=\"4 minutos\" \/>\n<!-- \/ Yoast SEO plugin. -->","yoast_head_json":{"title":"Janeiro de 2026 pode mudar a vida de quem pertence a estes tr\u00eas signos e o motivo est\u00e1 na configura\u00e7\u00e3o rara do c\u00e9u neste m\u00eas - Estado de Minas - Em foco","description":"O c\u00e9u de janeiro ativa sorte e crescimento para tr\u00eas signos e quem agir com consci\u00eancia pode iniciar uma nova fase ainda neste m\u00eas.","robots":{"index":"index","follow":"follow","max-snippet":"max-snippet:-1","max-image-preview":"max-image-preview:large","max-video-preview":"max-video-preview:-1"},"canonical":"https:\/\/www.em.com.br\/emfoco\/2026\/01\/26\/janeiro-de-2026-pode-mudar-a-vida-de-quem-pertence-a-estes-tres-signos-e-o-motivo-esta-na-configuracao-rara-do-ceu-neste-mes\/","og_locale":"pt_BR","og_type":"article","og_title":"Janeiro de 2026 pode mudar a vida de quem pertence a estes tr\u00eas signos e o motivo est\u00e1 na configura\u00e7\u00e3o rara do c\u00e9u neste m\u00eas - Estado de Minas - Em foco","og_description":"O c\u00e9u de janeiro ativa sorte e crescimento para tr\u00eas signos e quem agir com consci\u00eancia pode iniciar uma nova fase ainda neste m\u00eas.","og_url":"https:\/\/www.em.com.br\/emfoco\/2026\/01\/26\/janeiro-de-2026-pode-mudar-a-vida-de-quem-pertence-a-estes-tres-signos-e-o-motivo-esta-na-configuracao-rara-do-ceu-neste-mes\/","og_site_name":"Estado de Minas - Em foco","article_published_time":"2026-01-26T09:35:00+00:00","article_modified_time":"2026-01-24T16:56:11+00:00","og_image":[{"width":1280,"height":720,"url":"https:\/\/www.em.com.br\/emfoco\/wp-content\/uploads\/2026\/01\/AIAI-80.jpg","type":"image\/jpeg"}],"author":"Gabriel Martins","twitter_card":"summary_large_image","twitter_misc":{"Escrito por":"Gabriel Martins","Est. tempo de leitura":"4 minutos"},"schema":{"@context":"https:\/\/schema.org","@graph":[{"@type":"WebPage","@id":"https:\/\/www.em.com.br\/emfoco\/2026\/01\/26\/janeiro-de-2026-pode-mudar-a-vida-de-quem-pertence-a-estes-tres-signos-e-o-motivo-esta-na-configuracao-rara-do-ceu-neste-mes\/","url":"https:\/\/www.em.com.br\/emfoco\/2026\/01\/26\/janeiro-de-2026-pode-mudar-a-vida-de-quem-pertence-a-estes-tres-signos-e-o-motivo-esta-na-configuracao-rara-do-ceu-neste-mes\/","name":"Janeiro de 2026 pode mudar a vida de quem pertence a estes tr\u00eas signos e o motivo est\u00e1 na configura\u00e7\u00e3o rara do c\u00e9u neste m\u00eas - Estado de Minas - Em foco","isPartOf":{"@id":"https:\/\/www.em.com.br\/emfoco\/#website"},"primaryImageOfPage":{"@id":"https:\/\/www.em.com.br\/emfoco\/2026\/01\/26\/janeiro-de-2026-pode-mudar-a-vida-de-quem-pertence-a-estes-tres-signos-e-o-motivo-esta-na-configuracao-rara-do-ceu-neste-mes\/#primaryimage"},"image":{"@id":"https:\/\/www.em.com.br\/emfoco\/2026\/01\/26\/janeiro-de-2026-pode-mudar-a-vida-de-quem-pertence-a-estes-tres-signos-e-o-motivo-esta-na-configuracao-rara-do-ceu-neste-mes\/#primaryimage"},"thumbnailUrl":"https:\/\/www.em.com.br\/emfoco\/wp-content\/uploads\/2026\/01\/AIAI-80.jpg","datePublished":"2026-01-26T09:35:00+00:00","dateModified":"2026-01-24T16:56:11+00:00","author":{"@id":"https:\/\/www.em.com.br\/emfoco\/#\/schema\/person\/1c9ddeab18b98abeffef834667bcf08a"},"description":"O c\u00e9u de janeiro ativa sorte e crescimento para tr\u00eas signos e quem agir com consci\u00eancia pode iniciar uma nova fase ainda neste m\u00eas.","breadcrumb":{"@id":"https:\/\/www.em.com.br\/emfoco\/2026\/01\/26\/janeiro-de-2026-pode-mudar-a-vida-de-quem-pertence-a-estes-tres-signos-e-o-motivo-esta-na-configuracao-rara-do-ceu-neste-mes\/#breadcrumb"},"inLanguage":"pt-BR","potentialAction":[{"@type":"ReadAction","target":["https:\/\/www.em.com.br\/emfoco\/2026\/01\/26\/janeiro-de-2026-pode-mudar-a-vida-de-quem-pertence-a-estes-tres-signos-e-o-motivo-esta-na-configuracao-rara-do-ceu-neste-mes\/"]}]},{"@type":"ImageObject","inLanguage":"pt-BR","@id":"https:\/\/www.em.com.br\/emfoco\/2026\/01\/26\/janeiro-de-2026-pode-mudar-a-vida-de-quem-pertence-a-estes-tres-signos-e-o-motivo-esta-na-configuracao-rara-do-ceu-neste-mes\/#primaryimage","url":"https:\/\/www.em.com.br\/emfoco\/wp-content\/uploads\/2026\/01\/AIAI-80.jpg","contentUrl":"https:\/\/www.em.com.br\/emfoco\/wp-content\/uploads\/2026\/01\/AIAI-80.jpg","width":1280,"height":720,"caption":"Configura\u00e7\u00e3o astrol\u00f3gica favorece oportunidades concentradas e mudan\u00e7as estrat\u00e9gicas no per\u00edodo"},{"@type":"BreadcrumbList","@id":"https:\/\/www.em.com.br\/emfoco\/2026\/01\/26\/janeiro-de-2026-pode-mudar-a-vida-de-quem-pertence-a-estes-tres-signos-e-o-motivo-esta-na-configuracao-rara-do-ceu-neste-mes\/#breadcrumb","itemListElement":[{"@type":"ListItem","position":1,"name":"In\u00edcio","item":"https:\/\/www.em.com.br\/emfoco\/"},{"@type":"ListItem","position":2,"name":"Janeiro de 2026 pode mudar a vida de quem pertence a estes tr\u00eas signos e o motivo est\u00e1 na configura\u00e7\u00e3o rara do c\u00e9u neste m\u00eas"}]},{"@type":"WebSite","@id":"https:\/\/www.em.com.br\/emfoco\/#website","url":"https:\/\/www.em.com.br\/emfoco\/","name":"Estado de Minas - Em foco","description":"Acompanhe as \u00faltimas not\u00edcias e fique bem informado sobre tudo o que acontece em Minas Gerais, Brasil e no mundo.","potentialAction":[{"@type":"SearchAction","target":{"@type":"EntryPoint","urlTemplate":"https:\/\/www.em.com.br\/emfoco\/?s={search_term_string}"},"query-input":{"@type":"PropertyValueSpecification","valueRequired":true,"valueName":"search_term_string"}}],"inLanguage":"pt-BR"},{"@type":"Person","@id":"https:\/\/www.em.com.br\/emfoco\/#\/schema\/person\/1c9ddeab18b98abeffef834667bcf08a","name":"Gabriel Martins","image":{"@type":"ImageObject","inLanguage":"pt-BR","@id":"https:\/\/www.em.com.br\/emfoco\/#\/schema\/person\/image\/","url":"https:\/\/secure.gravatar.com\/avatar\/f0f1e2efdfd88f1ad2cb08c5c2731e50?s=96&d=mm&r=g","contentUrl":"https:\/\/secure.gravatar.com\/avatar\/f0f1e2efdfd88f1ad2cb08c5c2731e50?s=96&d=mm&r=g","caption":"Gabriel Martins"},"sameAs":["https:\/\/www.em.com.br\/emfoco\/"],"url":"https:\/\/www.em.com.br\/emfoco\/author\/gabrielmartinsmyth\/"}]}},"_links":{"self":[{"href":"https:\/\/www.em.com.br\/emfoco\/wp-json\/wp\/v2\/posts\/159835","targetHints":{"allow":["GET"]}}],"collection":[{"href":"https:\/\/www.em.com.br\/emfoco\/wp-json\/wp\/v2\/posts"}],"about":[{"href":"https:\/\/www.em.com.br\/emfoco\/wp-json\/wp\/v2\/types\/post"}],"author":[{"embeddable":true,"href":"https:\/\/www.em.com.br\/emfoco\/wp-json\/wp\/v2\/users\/13"}],"replies":[{"embeddable":true,"href":"https:\/\/www.em.com.br\/emfoco\/wp-json\/wp\/v2\/comments?post=159835"}],"version-history":[{"count":1,"href":"https:\/\/www.em.com.br\/emfoco\/wp-json\/wp\/v2\/posts\/159835\/revisions"}],"predecessor-version":[{"id":159840,"href":"https:\/\/www.em.com.br\/emfoco\/wp-json\/wp\/v2\/posts\/159835\/revisions\/159840"}],"wp:featuredmedia":[{"embeddable":true,"href":"https:\/\/www.em.com.br\/emfoco\/wp-json\/wp\/v2\/media\/159837"}],"wp:attachment":[{"href":"https:\/\/www.em.com.br\/emfoco\/wp-json\/wp\/v2\/media?parent=159835"}],"wp:term":[{"taxonomy":"category","embeddable":true,"href":"https:\/\/www.em.com.br\/emfoco\/wp-json\/wp\/v2\/categories?post=159835"},{"taxonomy":"post_tag","embeddable":true,"href":"https:\/\/www.em.com.br\/emfoco\/wp-json\/wp\/v2\/tags?post=159835"}],"curies":[{"name":"wp","href":"https:\/\/api.w.org\/{rel}","templated":true}]}}