{"id":159811,"date":"2026-01-25T18:15:27","date_gmt":"2026-01-25T21:15:27","guid":{"rendered":"https:\/\/www.em.com.br\/emfoco\/?p=159811"},"modified":"2026-01-24T16:55:32","modified_gmt":"2026-01-24T19:55:32","slug":"bronzeado-sem-descascar-como-usar-o-hidratante-pos-sol-para-salvar-sua-pele","status":"publish","type":"post","link":"https:\/\/www.em.com.br\/emfoco\/2026\/01\/25\/bronzeado-sem-descascar-como-usar-o-hidratante-pos-sol-para-salvar-sua-pele\/","title":{"rendered":"Bronzeado sem descascar: como usar hidratante p\u00f3s-sol para salvar sua pele"},"content":{"rendered":"\n<h2 class=\"wp-block-heading\">Para evitar pele descascando, fuja do sol entre 10h e 16h e reaplique o protetor a cada duas horas. Hidrate o corpo com Aloe Vera e beba muita \u00e1gua para acalmar a pele e preservar o bronzeado sem ard\u00eancia.<\/h2>\n\n\n\n<p><b>Quem nunca voltou da praia com a pele ardendo<\/b>, vermelha e descascando nos dias seguintes? Passar o dia \u00e0 beira-mar costuma ser sin\u00f4nimo de descanso, mas, sem alguns <b>cuidados simples<\/b>, o que era para ser lazer acaba virando inc\u00f4modo com queimaduras, coceira e sensa\u00e7\u00e3o de pele repuxada.<\/p>\n\n\n\n<h2 class=\"wp-block-heading\">Como evitar queimaduras na praia desde os primeiros minutos<\/h2>\n\n\n\n<p>Para evitar queimaduras na praia, o primeiro passo \u00e9 organizar o <b>hor\u00e1rio de exposi\u00e7\u00e3o ao sol<\/b>. Sempre que poss\u00edvel, fuja do per\u00edodo entre 10h e 16h, quando a <b>radia\u00e7\u00e3o costuma estar mais forte<\/b>. Chegar cedo ou aproveitar o fim da tarde j\u00e1 reduz bastante o risco de dano \u00e0 pele, especialmente em crian\u00e7as e pessoas de pele clara.<\/p>\n\n\n\n<p>O <b>protetor solar<\/b> \u00e9 seu maior aliado e precisa ser usado do jeito certo. D\u00ea prefer\u00eancia a <b>FPS 30 ou mais para o corpo<\/b> e FPS 50 para o rosto, aplicando uma camada generosa 20 a 30 minutos antes de se expor ao sol. Lembre de cobrir orelhas, nuca, dorso dos p\u00e9s, m\u00e3os e reaplicar a cada duas horas, ap\u00f3s mergulhos ou suor intenso.<\/p>\n\n\n\n<figure class=\"wp-block-embed is-type-rich is-provider-pinterest wp-block-embed-pinterest\"><div class=\"wp-block-embed__wrapper\">\n<iframe loading=\"lazy\" title=\" \" src=\"https:\/\/assets.pinterest.com\/ext\/embed.html?id=42080577764272392&#038;src=oembed\" height=\"899\" width=\"450\" frameborder=\"0\" scrolling=\"no\" ><\/iframe>\n<\/div><\/figure>\n\n\n\n<p>Leia tamb\u00e9m:&nbsp;<a href=\"https:\/\/www.em.com.br\/emfoco\/2026\/01\/16\/conheca-os-diferentes-tipos-de-protetor-solar-e-veja-qual-o-melhor-para-a-sua-pele\/\" target=\"_blank\" rel=\"noopener\">Conhe\u00e7a os diferentes tipos de protetor solar e veja qual o melhor para a sua pele<\/a><\/p>\n\n\n\n<h2 class=\"wp-block-heading\">Quais prote\u00e7\u00f5es extras ajudam a cuidar da pele na praia<\/h2>\n\n\n\n<p>Al\u00e9m do filtro solar, vale apostar em <b>barreiras f\u00edsicas<\/b> para somar prote\u00e7\u00e3o. Chap\u00e9us de aba larga, bon\u00e9s, \u00f3culos escuros com prote\u00e7\u00e3o UV e roupas com <b>tecido com prote\u00e7\u00e3o ultravioleta<\/b> ajudam a diminuir a incid\u00eancia direta dos raios na pele. Sombrinhas e tendas criam \u00e1reas de sombra bem-vindas, mas n\u00e3o substituem o uso do protetor.<\/p>\n\n\n\n<p>\u00c9 importante lembrar que a <b>areia e a \u00e1gua refletem a luz solar<\/b>, fazendo com que os raios atinjam a pele mesmo quando voc\u00ea est\u00e1 na sombra. Em dias nublados ou com vento, o sol continua agindo, ent\u00e3o mantenha os mesmos cuidados, sem confiar apenas na <b>sensa\u00e7\u00e3o de frescor<\/b>.<\/p>\n\n\n\n<h2 class=\"wp-block-heading\">Como evitar que a pele descasque depois do sol<\/h2>\n\n\n\n<p>Evitar que a pele descasque depende, antes de tudo, de reduzir ao m\u00e1ximo a <b>intensidade da queimadura<\/b>. Quando a pele fica muito vermelha, o corpo responde eliminando as <b>c\u00e9lulas danificadas<\/b>, o que causa o famoso \u201cdescascado\u201d. Por isso, comece a investir em hidrata\u00e7\u00e3o desde o primeiro dia de praia, mesmo que a pele n\u00e3o pare\u00e7a queimada.<\/p>\n\n\n\n<p>Ap\u00f3s o banho de mar, enx\u00e1gue o corpo para tirar <b>sal, areia e res\u00edduos de protetor<\/b> acumulados. Em seguida, tome um banho morno ou levemente frio para acalmar a pele e finalize com lo\u00e7\u00f5es hidratantes ou produtos com <b>aloe vera<\/b>, pantenol ou ingredientes calmantes. Beber \u00e1gua ao longo do dia tamb\u00e9m ajuda a <b>hidratar de dentro para fora<\/b>.<\/p>\n\n\n\n<figure class=\"wp-block-embed is-type-rich is-provider-pinterest wp-block-embed-pinterest\"><div class=\"wp-block-embed__wrapper\">\n<iframe loading=\"lazy\" title=\"BRONZE BONITO COME\u00c7A NO QUE COME \ud83e\udd55 Se quer proteger a pele antes da exposi\u00e7\u00e3o solar, evitar manchas e conseguir um brilho saud\u00e1vel e uniforme, este guia \u00e9 para si. Descubra o que incluir na alimenta\u00e7\u00e3o \u2014 e que cuidados aplicar \u2014 para preparar a pele de forma natural e eficaz, de dentro para fora.  \u2705 Alimentos que estimulam a produ\u00e7\u00e3o de melanina \u2705 Dicas para manter a pele hidratada e nutrida \u2705 Estrat\u00e9gias para prevenir manchas e refor\u00e7ar a prote\u00e7\u00e3o \u2705 Ritual di\u00e1rio completo para um bronze dura...\" src=\"https:\/\/assets.pinterest.com\/ext\/embed.html?id=26458716563343276&#038;src=oembed\" height=\"661\" width=\"450\" frameborder=\"0\" scrolling=\"no\" ><\/iframe>\n<\/div><\/figure>\n\n\n\n<h2 class=\"wp-block-heading\">Quais h\u00e1bitos simples reduzem o risco de a pele descascar<\/h2>\n\n\n\n<p>Alguns cuidados di\u00e1rios fazem diferen\u00e7a para manter a pele macia e evitar que ela descasque depois de muito sol. Antes e ap\u00f3s a praia, tente adotar pequenas mudan\u00e7as na rotina de <b>banho e hidrata\u00e7\u00e3o<\/b>, dando aten\u00e7\u00e3o especial \u00e0s \u00e1reas que costumam ficar mais expostas, como <b>ombros, costas e colo<\/b>.<\/p>\n\n\n\n<p>Veja alguns h\u00e1bitos que ajudam a proteger a pele e diminuir o ressecamento ap\u00f3s o sol:<\/p>\n\n\n\n<ul class=\"wp-block-list\">\n<li><b>Evitar banhos muito quentes e demorados<\/b>, que removem a oleosidade natural da pele.<\/li>\n\n\n\n<li>N\u00e3o esfregar a pele com <b>esponjas \u00e1speras<\/b> ou toalhas, especialmente depois da praia.<\/li>\n\n\n\n<li>Dar prefer\u00eancia a <b>sabonetes suaves<\/b>, de cheiro leve ou sem perfume forte.<\/li>\n\n\n\n<li>Reaplicar <b>hidratante ao longo do dia<\/b> nas \u00e1reas mais ressecadas, como ombros e costas.<\/li>\n<\/ul>\n\n\n\n<h2 class=\"wp-block-heading\">Quais erros na praia mais levam a queimaduras e descama\u00e7\u00e3o<\/h2>\n\n\n\n<p>V\u00e1rios comportamentos comuns aumentam o risco de queimadura solar, mesmo em quem j\u00e1 sabe da import\u00e2ncia do protetor. Um dos erros mais frequentes \u00e9 aplicar o produto s\u00f3 uma vez, de manh\u00e3, e passar horas no sol sem reaplicar. <b>Suor, \u00e1gua do mar<\/b> e atrito com a toalha diminuem a efic\u00e1cia do filtro sem que a pessoa perceba.<\/p>\n\n\n\n<p>Outro ponto \u00e9 o famoso <b>\u201csol de vento\u201d<\/b>: em dias ventilados, a temperatura parece mais agrad\u00e1vel e muita gente acha que o sol est\u00e1 fraco. Por\u00e9m, a radia\u00e7\u00e3o continua intensa, e a <b>pele queima facilmente<\/b>. Tamb\u00e9m \u00e9 comum esquecer regi\u00f5es como couro cabeludo, l\u00e1bios, nuca e parte de tr\u00e1s das pernas, que acabam bem doloridas no fim do dia.<\/p>\n\n\n\n<p>Para voc\u00ea que quer um bronzeado de diva, separamos um v\u00eddeo do canal <a href=\"https:\/\/www.youtube.com\/@universoglam\" target=\"_blank\" rel=\"noreferrer noopener\">glam<\/a> com dicas para n\u00e3o descansar a pele:<\/p>\n\n\n\n<figure class=\"wp-block-embed is-type-video is-provider-youtube wp-block-embed-youtube wp-embed-aspect-16-9 wp-has-aspect-ratio\"><div class=\"wp-block-embed__wrapper\">\n<div class=\"jeg_video_container jeg_video_content\"><iframe loading=\"lazy\" title=\"3 DICAS PRO BRONZEADO DURAR MAIS E N\u00c3O DESCASCAR | GLAMBOX\" width=\"500\" height=\"281\" src=\"https:\/\/www.youtube.com\/embed\/T0xqHGswoLY?feature=oembed\" frameborder=\"0\" allow=\"accelerometer; autoplay; clipboard-write; encrypted-media; gyroscope; picture-in-picture; web-share\" referrerpolicy=\"strict-origin-when-cross-origin\" allowfullscreen><\/iframe><\/div>\n<\/div><\/figure>\n\n\n\n<h2 class=\"wp-block-heading\">Como prevenir rea\u00e7\u00f5es mais fortes causadas pelo sol<\/h2>\n\n\n\n<p>Algumas situa\u00e7\u00f5es tornam a pele mais sens\u00edvel \u00e0 luz, aumentando o risco de <b>queimaduras intensas<\/b>, bolhas e descama\u00e7\u00e3o. Perfumes, certos cosm\u00e9ticos e <b>medicamentos fotossensibilizantes<\/b> podem reagir com o sol e piorar o quadro. Por isso, \u00e9 importante ficar atento ao que voc\u00ea usa antes de ir \u00e0 praia.<\/p>\n\n\n\n<p>Sempre que estiver em tratamento m\u00e9dico, pergunte se o rem\u00e9dio exige <b>cuidado extra com o sol<\/b>. Ler r\u00f3tulos e evitar aplicar perfumes direto na pele exposta tamb\u00e9m ajuda a prevenir <b>manchas, irrita\u00e7\u00f5es<\/b> e queimaduras mais fortes, que demoram mais para sarar.<\/p>\n","protected":false},"excerpt":{"rendered":"<p>Para evitar pele descascando, fuja do sol entre 10h e 16h e reaplique o protetor a cada duas horas. Hidrate o corpo com Aloe Vera e beba muita \u00e1gua para acalmar a pele e preservar o bronzeado sem ard\u00eancia. Quem nunca voltou da praia com a pele ardendo, vermelha e descascando nos dias seguintes? Passar [&hellip;]<\/p>\n","protected":false},"author":9,"featured_media":159914,"comment_status":"open","ping_status":"open","sticky":false,"template":"","format":"standard","meta":{"jnews-multi-image_gallery":[],"jnews_single_post":{"format":"standard"},"jnews_primary_category":[],"jnews_social_meta":[],"jnews_override_counter":[],"footnotes":""},"categories":[8691,8819,1],"tags":[22121,9624,1922],"class_list":["post-159811","post","type-post","status-publish","format-standard","has-post-thumbnail","hentry","category-bem-estar","category-curiosidades","category-noticias","tag-auto-cuidado","tag-queimaduras","tag-sol"],"yoast_head":"<!-- This site is optimized with the Yoast SEO plugin v23.8 - https:\/\/yoast.com\/wordpress\/plugins\/seo\/ -->\n<title>Bronzeado sem descascar: como usar hidratante p\u00f3s-sol para salvar sua pele - Estado de Minas - Em foco<\/title>\n<meta name=\"description\" content=\"Evite queimaduras e pele descascando com prote\u00e7\u00e3o solar e hidrata\u00e7\u00e3o. Use barreiras f\u00edsicas e fuja do sol forte na praia.\" \/>\n<meta name=\"robots\" content=\"index, follow, max-snippet:-1, max-image-preview:large, max-video-preview:-1\" \/>\n<link rel=\"canonical\" href=\"https:\/\/www.em.com.br\/emfoco\/2026\/01\/25\/bronzeado-sem-descascar-como-usar-o-hidratante-pos-sol-para-salvar-sua-pele\/\" \/>\n<meta property=\"og:locale\" content=\"pt_BR\" \/>\n<meta property=\"og:type\" content=\"article\" \/>\n<meta property=\"og:title\" content=\"Bronzeado sem descascar: como usar hidratante p\u00f3s-sol para salvar sua pele - Estado de Minas - Em foco\" \/>\n<meta property=\"og:description\" content=\"Evite queimaduras e pele descascando com prote\u00e7\u00e3o solar e hidrata\u00e7\u00e3o. Use barreiras f\u00edsicas e fuja do sol forte na praia.\" \/>\n<meta property=\"og:url\" content=\"https:\/\/www.em.com.br\/emfoco\/2026\/01\/25\/bronzeado-sem-descascar-como-usar-o-hidratante-pos-sol-para-salvar-sua-pele\/\" \/>\n<meta property=\"og:site_name\" content=\"Estado de Minas - Em foco\" \/>\n<meta property=\"article:published_time\" content=\"2026-01-25T21:15:27+00:00\" \/>\n<meta property=\"article:modified_time\" content=\"2026-01-24T19:55:32+00:00\" \/>\n<meta property=\"og:image\" content=\"https:\/\/www.em.com.br\/emfoco\/wp-content\/uploads\/2026\/01\/Gemini_Generated_Image_nya92jnya92jnya9-1.png\" \/>\n\t<meta property=\"og:image:width\" content=\"1280\" \/>\n\t<meta property=\"og:image:height\" content=\"720\" \/>\n\t<meta property=\"og:image:type\" content=\"image\/png\" \/>\n<meta name=\"author\" content=\"Daniely Cardoso\" \/>\n<meta name=\"twitter:card\" content=\"summary_large_image\" \/>\n<meta name=\"twitter:label1\" content=\"Escrito por\" \/>\n\t<meta name=\"twitter:data1\" content=\"Daniely Cardoso\" \/>\n\t<meta name=\"twitter:label2\" content=\"Est. tempo de leitura\" \/>\n\t<meta name=\"twitter:data2\" content=\"5 minutos\" \/>\n<!-- \/ Yoast SEO plugin. -->","yoast_head_json":{"title":"Bronzeado sem descascar: como usar hidratante p\u00f3s-sol para salvar sua pele - Estado de Minas - Em foco","description":"Evite queimaduras e pele descascando com prote\u00e7\u00e3o solar e hidrata\u00e7\u00e3o. Use barreiras f\u00edsicas e fuja do sol forte na praia.","robots":{"index":"index","follow":"follow","max-snippet":"max-snippet:-1","max-image-preview":"max-image-preview:large","max-video-preview":"max-video-preview:-1"},"canonical":"https:\/\/www.em.com.br\/emfoco\/2026\/01\/25\/bronzeado-sem-descascar-como-usar-o-hidratante-pos-sol-para-salvar-sua-pele\/","og_locale":"pt_BR","og_type":"article","og_title":"Bronzeado sem descascar: como usar hidratante p\u00f3s-sol para salvar sua pele - Estado de Minas - Em foco","og_description":"Evite queimaduras e pele descascando com prote\u00e7\u00e3o solar e hidrata\u00e7\u00e3o. Use barreiras f\u00edsicas e fuja do sol forte na praia.","og_url":"https:\/\/www.em.com.br\/emfoco\/2026\/01\/25\/bronzeado-sem-descascar-como-usar-o-hidratante-pos-sol-para-salvar-sua-pele\/","og_site_name":"Estado de Minas - Em foco","article_published_time":"2026-01-25T21:15:27+00:00","article_modified_time":"2026-01-24T19:55:32+00:00","og_image":[{"width":1280,"height":720,"url":"https:\/\/www.em.com.br\/emfoco\/wp-content\/uploads\/2026\/01\/Gemini_Generated_Image_nya92jnya92jnya9-1.png","type":"image\/png"}],"author":"Daniely Cardoso","twitter_card":"summary_large_image","twitter_misc":{"Escrito por":"Daniely Cardoso","Est. tempo de leitura":"5 minutos"},"schema":{"@context":"https:\/\/schema.org","@graph":[{"@type":"WebPage","@id":"https:\/\/www.em.com.br\/emfoco\/2026\/01\/25\/bronzeado-sem-descascar-como-usar-o-hidratante-pos-sol-para-salvar-sua-pele\/","url":"https:\/\/www.em.com.br\/emfoco\/2026\/01\/25\/bronzeado-sem-descascar-como-usar-o-hidratante-pos-sol-para-salvar-sua-pele\/","name":"Bronzeado sem descascar: como usar hidratante p\u00f3s-sol para salvar sua pele - Estado de Minas - Em foco","isPartOf":{"@id":"https:\/\/www.em.com.br\/emfoco\/#website"},"primaryImageOfPage":{"@id":"https:\/\/www.em.com.br\/emfoco\/2026\/01\/25\/bronzeado-sem-descascar-como-usar-o-hidratante-pos-sol-para-salvar-sua-pele\/#primaryimage"},"image":{"@id":"https:\/\/www.em.com.br\/emfoco\/2026\/01\/25\/bronzeado-sem-descascar-como-usar-o-hidratante-pos-sol-para-salvar-sua-pele\/#primaryimage"},"thumbnailUrl":"https:\/\/www.em.com.br\/emfoco\/wp-content\/uploads\/2026\/01\/Gemini_Generated_Image_nya92jnya92jnya9-1.png","datePublished":"2026-01-25T21:15:27+00:00","dateModified":"2026-01-24T19:55:32+00:00","author":{"@id":"https:\/\/www.em.com.br\/emfoco\/#\/schema\/person\/0a8186d72f2c3a5c6276d90b41f271a0"},"description":"Evite queimaduras e pele descascando com prote\u00e7\u00e3o solar e hidrata\u00e7\u00e3o. Use barreiras f\u00edsicas e fuja do sol forte na praia.","breadcrumb":{"@id":"https:\/\/www.em.com.br\/emfoco\/2026\/01\/25\/bronzeado-sem-descascar-como-usar-o-hidratante-pos-sol-para-salvar-sua-pele\/#breadcrumb"},"inLanguage":"pt-BR","potentialAction":[{"@type":"ReadAction","target":["https:\/\/www.em.com.br\/emfoco\/2026\/01\/25\/bronzeado-sem-descascar-como-usar-o-hidratante-pos-sol-para-salvar-sua-pele\/"]}]},{"@type":"ImageObject","inLanguage":"pt-BR","@id":"https:\/\/www.em.com.br\/emfoco\/2026\/01\/25\/bronzeado-sem-descascar-como-usar-o-hidratante-pos-sol-para-salvar-sua-pele\/#primaryimage","url":"https:\/\/www.em.com.br\/emfoco\/wp-content\/uploads\/2026\/01\/Gemini_Generated_Image_nya92jnya92jnya9-1.png","contentUrl":"https:\/\/www.em.com.br\/emfoco\/wp-content\/uploads\/2026\/01\/Gemini_Generated_Image_nya92jnya92jnya9-1.png","width":1280,"height":720,"caption":"Evitar que a pele descasque depende, antes de tudo, de reduzir ao m\u00e1ximo a intensidade da queimadura"},{"@type":"BreadcrumbList","@id":"https:\/\/www.em.com.br\/emfoco\/2026\/01\/25\/bronzeado-sem-descascar-como-usar-o-hidratante-pos-sol-para-salvar-sua-pele\/#breadcrumb","itemListElement":[{"@type":"ListItem","position":1,"name":"In\u00edcio","item":"https:\/\/www.em.com.br\/emfoco\/"},{"@type":"ListItem","position":2,"name":"Bronzeado sem descascar: como usar hidratante p\u00f3s-sol para salvar sua pele"}]},{"@type":"WebSite","@id":"https:\/\/www.em.com.br\/emfoco\/#website","url":"https:\/\/www.em.com.br\/emfoco\/","name":"Estado de Minas - Em foco","description":"Acompanhe as \u00faltimas not\u00edcias e fique bem informado sobre tudo o que acontece em Minas Gerais, Brasil e no mundo.","potentialAction":[{"@type":"SearchAction","target":{"@type":"EntryPoint","urlTemplate":"https:\/\/www.em.com.br\/emfoco\/?s={search_term_string}"},"query-input":{"@type":"PropertyValueSpecification","valueRequired":true,"valueName":"search_term_string"}}],"inLanguage":"pt-BR"},{"@type":"Person","@id":"https:\/\/www.em.com.br\/emfoco\/#\/schema\/person\/0a8186d72f2c3a5c6276d90b41f271a0","name":"Daniely Cardoso","image":{"@type":"ImageObject","inLanguage":"pt-BR","@id":"https:\/\/www.em.com.br\/emfoco\/#\/schema\/person\/image\/","url":"https:\/\/secure.gravatar.com\/avatar\/4b80ddbd124d1f071b626d52d62e5dff?s=96&d=mm&r=g","contentUrl":"https:\/\/secure.gravatar.com\/avatar\/4b80ddbd124d1f071b626d52d62e5dff?s=96&d=mm&r=g","caption":"Daniely Cardoso"},"url":"https:\/\/www.em.com.br\/emfoco\/author\/danielymyth\/"}]}},"_links":{"self":[{"href":"https:\/\/www.em.com.br\/emfoco\/wp-json\/wp\/v2\/posts\/159811","targetHints":{"allow":["GET"]}}],"collection":[{"href":"https:\/\/www.em.com.br\/emfoco\/wp-json\/wp\/v2\/posts"}],"about":[{"href":"https:\/\/www.em.com.br\/emfoco\/wp-json\/wp\/v2\/types\/post"}],"author":[{"embeddable":true,"href":"https:\/\/www.em.com.br\/emfoco\/wp-json\/wp\/v2\/users\/9"}],"replies":[{"embeddable":true,"href":"https:\/\/www.em.com.br\/emfoco\/wp-json\/wp\/v2\/comments?post=159811"}],"version-history":[{"count":3,"href":"https:\/\/www.em.com.br\/emfoco\/wp-json\/wp\/v2\/posts\/159811\/revisions"}],"predecessor-version":[{"id":159915,"href":"https:\/\/www.em.com.br\/emfoco\/wp-json\/wp\/v2\/posts\/159811\/revisions\/159915"}],"wp:featuredmedia":[{"embeddable":true,"href":"https:\/\/www.em.com.br\/emfoco\/wp-json\/wp\/v2\/media\/159914"}],"wp:attachment":[{"href":"https:\/\/www.em.com.br\/emfoco\/wp-json\/wp\/v2\/media?parent=159811"}],"wp:term":[{"taxonomy":"category","embeddable":true,"href":"https:\/\/www.em.com.br\/emfoco\/wp-json\/wp\/v2\/categories?post=159811"},{"taxonomy":"post_tag","embeddable":true,"href":"https:\/\/www.em.com.br\/emfoco\/wp-json\/wp\/v2\/tags?post=159811"}],"curies":[{"name":"wp","href":"https:\/\/api.w.org\/{rel}","templated":true}]}}