{"id":159791,"date":"2026-01-25T10:45:11","date_gmt":"2026-01-25T13:45:11","guid":{"rendered":"https:\/\/www.em.com.br\/emfoco\/?p=159791"},"modified":"2026-01-24T16:26:12","modified_gmt":"2026-01-24T19:26:12","slug":"os-modelos-de-biquini-mais-confortaveis-para-quem-tem-seios-grandes","status":"publish","type":"post","link":"https:\/\/www.em.com.br\/emfoco\/2026\/01\/25\/os-modelos-de-biquini-mais-confortaveis-para-quem-tem-seios-grandes\/","title":{"rendered":"Os modelos de biqu\u00edni mais confort\u00e1veis para quem tem seios grandes"},"content":{"rendered":"\n<h2 class=\"wp-block-heading\">Para seios grandes, biqu\u00ednis meia-ta\u00e7a ou tops com al\u00e7as largas garantem sustenta\u00e7\u00e3o e conforto. Priorize bases firmes, tecidos encorpados e modelos que permitam ajuste, garantindo seguran\u00e7a e liberdade de movimento no mar.<\/h2>\n\n\n\n<p><b>Voc\u00ea j\u00e1 deixou de comprar um biqu\u00edni lindo<\/b> porque pensou <b>\u201cisso nunca vai segurar meus seios\u201d<\/b>? Para quem tem busto volumoso, escolher a pe\u00e7a certa vai muito al\u00e9m de cor ou estampa: \u00e9 encontrar um modelo que una <b>sustenta\u00e7\u00e3o<\/b>, conforto e seguran\u00e7a para curtir praia ou piscina sem ficar ajustando o tempo todo.<\/p>\n\n\n\n<h2 class=\"wp-block-heading\">Quais s\u00e3o os desafios ao escolher biqu\u00edni para seios grandes<\/h2>\n\n\n\n<p>Quem tem seios grandes costuma lidar com alguns inc\u00f4modos bem espec\u00edficos: <b>al\u00e7as finas que machucam os ombros<\/b>, bojos que n\u00e3o acomodam todo o volume e laterais que apertam ou \u201csobram\u201d. Muitas vezes, a parte de cima e a de baixo n\u00e3o t\u00eam o mesmo tamanho, o que torna essencial poder comprar as pe\u00e7as <b>separadas<\/b>.<\/p>\n\n\n\n<p>Tamb\u00e9m existe a busca pelo equil\u00edbrio entre <b>cobertura e estilo<\/b>: \u00e9 poss\u00edvel, sim, usar biqu\u00edni bonito sem se sentir exposta demais. Detalhes como largura das al\u00e7as, presen\u00e7a ou n\u00e3o de aro, tipo de bojo e formato da pe\u00e7a fazem diferen\u00e7a direta na <b>seguran\u00e7a<\/b>, principalmente em banho de mar, caminhadas na areia ou esportes aqu\u00e1ticos.<\/p>\n\n\n\n<figure class=\"wp-block-embed is-type-rich is-provider-pinterest wp-block-embed-pinterest\"><div class=\"wp-block-embed__wrapper\">\n<iframe loading=\"lazy\" title=\"olha que perfei\u00e7\u00e3o!! dica de milh\u00f5es\" src=\"https:\/\/assets.pinterest.com\/ext\/embed.html?id=579838520808201719&#038;src=oembed\" height=\"899\" width=\"450\" frameborder=\"0\" scrolling=\"no\" ><\/iframe>\n<\/div><\/figure>\n\n\n\n<p>Leia tamb\u00e9m:&nbsp;<a href=\"https:\/\/www.em.com.br\/emfoco\/2026\/01\/23\/adeus-calca-apertada-veja-os-modelos-de-jeans-soltinhos-que-vao-dominar-a-moda-em-2026-e-te-deixar-leve\/\" target=\"_blank\" rel=\"noopener\">Adeus cal\u00e7a apertada: veja os modelos de jeans soltinhos que v\u00e3o dominar a moda em 2026 e te deixar leve<\/a><\/p>\n\n\n\n<h2 class=\"wp-block-heading\">Quais s\u00e3o os melhores modelos de biqu\u00edni para seios grandes<\/h2>\n\n\n\n<p>Algumas modelagens costumam funcionar melhor para quem tem busto volumoso, porque <b>distribuem melhor o peso<\/b> e mant\u00eam tudo no lugar sem apertar demais. A ideia \u00e9 que voc\u00ea se sinta firme, mas livre para se movimentar, sentar, nadar e brincar sem medo de <b>\u201cescapar\u201d nada<\/b>.<\/p>\n\n\n\n<p>Tecidos mais encorpados, el\u00e1sticos resistentes, al\u00e7as bem costuradas e modelagem pensada para tamanhos maiores fazem muito mais diferen\u00e7a do que apenas o <b>visual da pe\u00e7a<\/b>.<\/p>\n\n\n\n<ul class=\"wp-block-list\">\n<li><strong>Meia-ta\u00e7a estruturado<\/strong>: tem aro na base do busto e, muitas vezes, bojo leve. <b>Centraliza os seios<\/b>, d\u00e1 sustenta\u00e7\u00e3o e mant\u00e9m a pe\u00e7a firme o dia todo.<\/li>\n\n\n\n<li><strong>Top com al\u00e7as largas<\/strong>: lembra um suti\u00e3 esportivo, com laterais refor\u00e7adas. \u00c9 confort\u00e1vel e funciona bem tanto na praia quanto por baixo de roupas, oferecendo <b>apoio extra<\/b> e melhor distribui\u00e7\u00e3o do peso.<\/li>\n\n\n\n<li><strong>Modelo faixa refor\u00e7ado<\/strong>: quando tem laterais altas, el\u00e1stico firme e, \u00e0s vezes, al\u00e7as remov\u00edveis, oferece boa cobertura e <b>distribui a press\u00e3o<\/b>, sendo \u00f3timo para quem prefere decotes mais discretos.<\/li>\n\n\n\n<li><strong>Um ombro s\u00f3<\/strong>: une visual moderno e estrutura de top, desde que a al\u00e7a seja larga e o tecido tenha boa <b>sustenta\u00e7\u00e3o<\/b> para n\u00e3o deslizar, garantindo <b>estabilidade<\/b> mesmo em movimentos mais intensos.<\/li>\n\n\n\n<li><strong>Cortininha ajust\u00e1vel maior<\/strong>: vers\u00f5es com laterais mais largas e bojos maiores podem dar certo, se a base for regul\u00e1vel e permitir aumentar a \u00e1rea de <b>cobertura<\/b>, al\u00e9m de ajustar a <b>altura do decote<\/b> conforme o seu conforto.<\/li>\n<\/ul>\n\n\n\n<figure class=\"wp-block-embed is-type-rich is-provider-pinterest wp-block-embed-pinterest\"><div class=\"wp-block-embed__wrapper\">\n<iframe loading=\"lazy\" title=\"\u25aa\ufe0fV\u00e1rias formas de usar o biqu\u00edni,J\u00e1 salva pra n\u00e3o esquecer \ud83c\udf1f . \u2728TRIKINI -3 pe\u00e7as-Dispon\u00edvel no Site- Link na Bio\ud83c\udf52\u2728 . . . . #moda #biquini #modapraia\" src=\"https:\/\/assets.pinterest.com\/ext\/embed.html?id=9781324187074092&#038;src=oembed\" height=\"896\" width=\"450\" frameborder=\"0\" scrolling=\"no\" ><\/iframe>\n<\/div><\/figure>\n\n\n\n<figure class=\"wp-block-embed is-type-rich is-provider-pinterest wp-block-embed-pinterest\"><div class=\"wp-block-embed__wrapper\">\n<iframe loading=\"lazy\" title=\"Split mai\u00f4 biqu\u00edni\" src=\"https:\/\/assets.pinterest.com\/ext\/embed.html?id=623396773457869310&#038;src=oembed\" height=\"699\" width=\"450\" frameborder=\"0\" scrolling=\"no\" ><\/iframe>\n<\/div><\/figure>\n\n\n\n<figure class=\"wp-block-embed is-type-rich is-provider-pinterest wp-block-embed-pinterest\"><div class=\"wp-block-embed__wrapper\">\n<iframe loading=\"lazy\" title=\" \" src=\"https:\/\/assets.pinterest.com\/ext\/embed.html?id=23784704277691524&#038;src=oembed\" height=\"936\" width=\"450\" frameborder=\"0\" scrolling=\"no\" ><\/iframe>\n<\/div><\/figure>\n\n\n\n<h2 class=\"wp-block-heading\">Como escolher na pr\u00e1tica um biqu\u00edni que sustente seios grandes<\/h2>\n\n\n\n<p>Na hora da compra, alguns sinais simples ajudam a entender se o biqu\u00edni realmente vai segurar os seios ou se \u00e9 s\u00f3 bonito no cabide. Observe se as <b>al\u00e7as s\u00e3o regul\u00e1veis<\/b>, se a base do busto \u00e9 firme e se o tecido retorna bem ao esticar, pois isso indica <b>boa elasticidade<\/b> e maior durabilidade.<\/p>\n\n\n\n<p>Em compras online, vale sempre conferir a tabela de medidas da parte de cima, com refer\u00eancia de busto e costas, e n\u00e3o s\u00f3 P, M ou G. Quando poss\u00edvel, busque marcas que usem numera\u00e7\u00e3o pr\u00f3xima \u00e0 de <b>suti\u00e3<\/b>, porque costumam ter caimento melhor em bustos volumosos e oferecem <b>modelagens espec\u00edficas<\/b> para tamanhos maiores.<\/p>\n\n\n\n<p>&nbsp;Para voc\u00ea que quer mais dicas, separamos um v\u00eddeo do canal da <a href=\"https:\/\/www.youtube.com\/@LeticiaCecato\" target=\"_blank\" rel=\"noreferrer noopener\">Leticia Cecato<\/a> com uma passo a passo para comprar o biqu\u00edni ideal para voc\u00ea:<\/p>\n\n\n\n<figure class=\"wp-block-embed is-type-video is-provider-youtube wp-block-embed-youtube wp-embed-aspect-16-9 wp-has-aspect-ratio\"><div class=\"wp-block-embed__wrapper\">\n<div class=\"jeg_video_container jeg_video_content\"><iframe loading=\"lazy\" title=\"COMO COMPRAR O BIQUINI IDEAL PARA O SEU CORPO? VER\u00c3O 2025\" width=\"500\" height=\"281\" src=\"https:\/\/www.youtube.com\/embed\/uAakOy0I64Q?feature=oembed\" frameborder=\"0\" allow=\"accelerometer; autoplay; clipboard-write; encrypted-media; gyroscope; picture-in-picture; web-share\" referrerpolicy=\"strict-origin-when-cross-origin\" allowfullscreen><\/iframe><\/div>\n<\/div><\/figure>\n\n\n\n<h2 class=\"wp-block-heading\">Quais cuidados aumentam a durabilidade do biqu\u00edni para busto grande<\/h2>\n\n\n\n<p>Depois de encontrar um biqu\u00edni que vista bem e d\u00ea seguran\u00e7a, a ideia \u00e9 que ele dure v\u00e1rias temporadas. O primeiro cuidado \u00e9 enxaguar a pe\u00e7a em <b>\u00e1gua corrente<\/b> logo ap\u00f3s o uso, para tirar sal, cloro e restos de protetor solar que podem estragar o <b>el\u00e1stico<\/b>.<\/p>\n\n\n\n<p>D\u00ea prefer\u00eancia por lavar \u00e0 m\u00e3o, com <b>sab\u00e3o neutro<\/b>, sem torcer com for\u00e7a ou usar \u00e1gua muito quente. Deixe secar \u00e0 sombra, em superf\u00edcie plana, e guarde totalmente seco, sem dobrar o aro quando houver, preservando a <b>sustenta\u00e7\u00e3o<\/b>, a forma das al\u00e7as e conseguindo usar seu biqu\u00edni favorito por muito mais tempo.<\/p>\n","protected":false},"excerpt":{"rendered":"<p>Para seios grandes, biqu\u00ednis meia-ta\u00e7a ou tops com al\u00e7as largas garantem sustenta\u00e7\u00e3o e conforto. Priorize bases firmes, tecidos encorpados e modelos que permitam ajuste, garantindo seguran\u00e7a e liberdade de movimento no mar. Voc\u00ea j\u00e1 deixou de comprar um biqu\u00edni lindo porque pensou \u201cisso nunca vai segurar meus seios\u201d? Para quem tem busto volumoso, escolher a [&hellip;]<\/p>\n","protected":false},"author":9,"featured_media":159886,"comment_status":"open","ping_status":"open","sticky":false,"template":"","format":"standard","meta":{"jnews-multi-image_gallery":[],"jnews_single_post":{"format":"standard"},"jnews_primary_category":[],"jnews_social_meta":[],"jnews_override_counter":[],"footnotes":""},"categories":[8691,8819,1],"tags":[11626,4977,23375],"class_list":["post-159791","post","type-post","status-publish","format-standard","has-post-thumbnail","hentry","category-bem-estar","category-curiosidades","category-noticias","tag-biquini","tag-moda","tag-seios-grandes"],"yoast_head":"<!-- This site is optimized with the Yoast SEO plugin v23.8 - https:\/\/yoast.com\/wordpress\/plugins\/seo\/ -->\n<title>Os modelos de biqu\u00edni mais confort\u00e1veis para quem tem seios grandes - Estado de Minas - Em foco<\/title>\n<meta name=\"description\" content=\"Escolha biqu\u00ednis com al\u00e7as largas e aro para sustentar seios grandes com conforto. Curta a praia com total seguran\u00e7a.\" \/>\n<meta name=\"robots\" content=\"index, follow, max-snippet:-1, max-image-preview:large, max-video-preview:-1\" \/>\n<link rel=\"canonical\" href=\"https:\/\/www.em.com.br\/emfoco\/2026\/01\/25\/os-modelos-de-biquini-mais-confortaveis-para-quem-tem-seios-grandes\/\" \/>\n<meta property=\"og:locale\" content=\"pt_BR\" \/>\n<meta property=\"og:type\" content=\"article\" \/>\n<meta property=\"og:title\" content=\"Os modelos de biqu\u00edni mais confort\u00e1veis para quem tem seios grandes - Estado de Minas - Em foco\" \/>\n<meta property=\"og:description\" content=\"Escolha biqu\u00ednis com al\u00e7as largas e aro para sustentar seios grandes com conforto. Curta a praia com total seguran\u00e7a.\" \/>\n<meta property=\"og:url\" content=\"https:\/\/www.em.com.br\/emfoco\/2026\/01\/25\/os-modelos-de-biquini-mais-confortaveis-para-quem-tem-seios-grandes\/\" \/>\n<meta property=\"og:site_name\" content=\"Estado de Minas - Em foco\" \/>\n<meta property=\"article:published_time\" content=\"2026-01-25T13:45:11+00:00\" \/>\n<meta property=\"article:modified_time\" content=\"2026-01-24T19:26:12+00:00\" \/>\n<meta property=\"og:image\" content=\"https:\/\/www.em.com.br\/emfoco\/wp-content\/uploads\/2026\/01\/Gemini_Generated_Image_tcq9hhtcq9hhtcq9-1.png\" \/>\n\t<meta property=\"og:image:width\" content=\"1280\" \/>\n\t<meta property=\"og:image:height\" content=\"720\" \/>\n\t<meta property=\"og:image:type\" content=\"image\/png\" \/>\n<meta name=\"author\" content=\"Daniely Cardoso\" \/>\n<meta name=\"twitter:card\" content=\"summary_large_image\" \/>\n<meta name=\"twitter:label1\" content=\"Escrito por\" \/>\n\t<meta name=\"twitter:data1\" content=\"Daniely Cardoso\" \/>\n\t<meta name=\"twitter:label2\" content=\"Est. tempo de leitura\" \/>\n\t<meta name=\"twitter:data2\" content=\"5 minutos\" \/>\n<!-- \/ Yoast SEO plugin. -->","yoast_head_json":{"title":"Os modelos de biqu\u00edni mais confort\u00e1veis para quem tem seios grandes - Estado de Minas - Em foco","description":"Escolha biqu\u00ednis com al\u00e7as largas e aro para sustentar seios grandes com conforto. Curta a praia com total seguran\u00e7a.","robots":{"index":"index","follow":"follow","max-snippet":"max-snippet:-1","max-image-preview":"max-image-preview:large","max-video-preview":"max-video-preview:-1"},"canonical":"https:\/\/www.em.com.br\/emfoco\/2026\/01\/25\/os-modelos-de-biquini-mais-confortaveis-para-quem-tem-seios-grandes\/","og_locale":"pt_BR","og_type":"article","og_title":"Os modelos de biqu\u00edni mais confort\u00e1veis para quem tem seios grandes - Estado de Minas - Em foco","og_description":"Escolha biqu\u00ednis com al\u00e7as largas e aro para sustentar seios grandes com conforto. Curta a praia com total seguran\u00e7a.","og_url":"https:\/\/www.em.com.br\/emfoco\/2026\/01\/25\/os-modelos-de-biquini-mais-confortaveis-para-quem-tem-seios-grandes\/","og_site_name":"Estado de Minas - Em foco","article_published_time":"2026-01-25T13:45:11+00:00","article_modified_time":"2026-01-24T19:26:12+00:00","og_image":[{"width":1280,"height":720,"url":"https:\/\/www.em.com.br\/emfoco\/wp-content\/uploads\/2026\/01\/Gemini_Generated_Image_tcq9hhtcq9hhtcq9-1.png","type":"image\/png"}],"author":"Daniely Cardoso","twitter_card":"summary_large_image","twitter_misc":{"Escrito por":"Daniely Cardoso","Est. tempo de leitura":"5 minutos"},"schema":{"@context":"https:\/\/schema.org","@graph":[{"@type":"WebPage","@id":"https:\/\/www.em.com.br\/emfoco\/2026\/01\/25\/os-modelos-de-biquini-mais-confortaveis-para-quem-tem-seios-grandes\/","url":"https:\/\/www.em.com.br\/emfoco\/2026\/01\/25\/os-modelos-de-biquini-mais-confortaveis-para-quem-tem-seios-grandes\/","name":"Os modelos de biqu\u00edni mais confort\u00e1veis para quem tem seios grandes - Estado de Minas - Em foco","isPartOf":{"@id":"https:\/\/www.em.com.br\/emfoco\/#website"},"primaryImageOfPage":{"@id":"https:\/\/www.em.com.br\/emfoco\/2026\/01\/25\/os-modelos-de-biquini-mais-confortaveis-para-quem-tem-seios-grandes\/#primaryimage"},"image":{"@id":"https:\/\/www.em.com.br\/emfoco\/2026\/01\/25\/os-modelos-de-biquini-mais-confortaveis-para-quem-tem-seios-grandes\/#primaryimage"},"thumbnailUrl":"https:\/\/www.em.com.br\/emfoco\/wp-content\/uploads\/2026\/01\/Gemini_Generated_Image_tcq9hhtcq9hhtcq9-1.png","datePublished":"2026-01-25T13:45:11+00:00","dateModified":"2026-01-24T19:26:12+00:00","author":{"@id":"https:\/\/www.em.com.br\/emfoco\/#\/schema\/person\/0a8186d72f2c3a5c6276d90b41f271a0"},"description":"Escolha biqu\u00ednis com al\u00e7as largas e aro para sustentar seios grandes com conforto. Curta a praia com total seguran\u00e7a.","breadcrumb":{"@id":"https:\/\/www.em.com.br\/emfoco\/2026\/01\/25\/os-modelos-de-biquini-mais-confortaveis-para-quem-tem-seios-grandes\/#breadcrumb"},"inLanguage":"pt-BR","potentialAction":[{"@type":"ReadAction","target":["https:\/\/www.em.com.br\/emfoco\/2026\/01\/25\/os-modelos-de-biquini-mais-confortaveis-para-quem-tem-seios-grandes\/"]}]},{"@type":"ImageObject","inLanguage":"pt-BR","@id":"https:\/\/www.em.com.br\/emfoco\/2026\/01\/25\/os-modelos-de-biquini-mais-confortaveis-para-quem-tem-seios-grandes\/#primaryimage","url":"https:\/\/www.em.com.br\/emfoco\/wp-content\/uploads\/2026\/01\/Gemini_Generated_Image_tcq9hhtcq9hhtcq9-1.png","contentUrl":"https:\/\/www.em.com.br\/emfoco\/wp-content\/uploads\/2026\/01\/Gemini_Generated_Image_tcq9hhtcq9hhtcq9-1.png","width":1280,"height":720,"caption":"Quem tem seios grandes costuma lidar com alguns inc\u00f4modos bem espec\u00edficos"},{"@type":"BreadcrumbList","@id":"https:\/\/www.em.com.br\/emfoco\/2026\/01\/25\/os-modelos-de-biquini-mais-confortaveis-para-quem-tem-seios-grandes\/#breadcrumb","itemListElement":[{"@type":"ListItem","position":1,"name":"In\u00edcio","item":"https:\/\/www.em.com.br\/emfoco\/"},{"@type":"ListItem","position":2,"name":"Os modelos de biqu\u00edni mais confort\u00e1veis para quem tem seios grandes"}]},{"@type":"WebSite","@id":"https:\/\/www.em.com.br\/emfoco\/#website","url":"https:\/\/www.em.com.br\/emfoco\/","name":"Estado de Minas - Em foco","description":"Acompanhe as \u00faltimas not\u00edcias e fique bem informado sobre tudo o que acontece em Minas Gerais, Brasil e no mundo.","potentialAction":[{"@type":"SearchAction","target":{"@type":"EntryPoint","urlTemplate":"https:\/\/www.em.com.br\/emfoco\/?s={search_term_string}"},"query-input":{"@type":"PropertyValueSpecification","valueRequired":true,"valueName":"search_term_string"}}],"inLanguage":"pt-BR"},{"@type":"Person","@id":"https:\/\/www.em.com.br\/emfoco\/#\/schema\/person\/0a8186d72f2c3a5c6276d90b41f271a0","name":"Daniely Cardoso","image":{"@type":"ImageObject","inLanguage":"pt-BR","@id":"https:\/\/www.em.com.br\/emfoco\/#\/schema\/person\/image\/","url":"https:\/\/secure.gravatar.com\/avatar\/4b80ddbd124d1f071b626d52d62e5dff?s=96&d=mm&r=g","contentUrl":"https:\/\/secure.gravatar.com\/avatar\/4b80ddbd124d1f071b626d52d62e5dff?s=96&d=mm&r=g","caption":"Daniely Cardoso"},"url":"https:\/\/www.em.com.br\/emfoco\/author\/danielymyth\/"}]}},"_links":{"self":[{"href":"https:\/\/www.em.com.br\/emfoco\/wp-json\/wp\/v2\/posts\/159791","targetHints":{"allow":["GET"]}}],"collection":[{"href":"https:\/\/www.em.com.br\/emfoco\/wp-json\/wp\/v2\/posts"}],"about":[{"href":"https:\/\/www.em.com.br\/emfoco\/wp-json\/wp\/v2\/types\/post"}],"author":[{"embeddable":true,"href":"https:\/\/www.em.com.br\/emfoco\/wp-json\/wp\/v2\/users\/9"}],"replies":[{"embeddable":true,"href":"https:\/\/www.em.com.br\/emfoco\/wp-json\/wp\/v2\/comments?post=159791"}],"version-history":[{"count":3,"href":"https:\/\/www.em.com.br\/emfoco\/wp-json\/wp\/v2\/posts\/159791\/revisions"}],"predecessor-version":[{"id":159890,"href":"https:\/\/www.em.com.br\/emfoco\/wp-json\/wp\/v2\/posts\/159791\/revisions\/159890"}],"wp:featuredmedia":[{"embeddable":true,"href":"https:\/\/www.em.com.br\/emfoco\/wp-json\/wp\/v2\/media\/159886"}],"wp:attachment":[{"href":"https:\/\/www.em.com.br\/emfoco\/wp-json\/wp\/v2\/media?parent=159791"}],"wp:term":[{"taxonomy":"category","embeddable":true,"href":"https:\/\/www.em.com.br\/emfoco\/wp-json\/wp\/v2\/categories?post=159791"},{"taxonomy":"post_tag","embeddable":true,"href":"https:\/\/www.em.com.br\/emfoco\/wp-json\/wp\/v2\/tags?post=159791"}],"curies":[{"name":"wp","href":"https:\/\/api.w.org\/{rel}","templated":true}]}}