{"id":159788,"date":"2026-01-25T07:25:57","date_gmt":"2026-01-25T10:25:57","guid":{"rendered":"https:\/\/www.em.com.br\/emfoco\/?p=159788"},"modified":"2026-01-24T17:08:36","modified_gmt":"2026-01-24T20:08:36","slug":"ideias-de-tatuagem-em-pele-negra-que-combinam-beleza-e-elegancia","status":"publish","type":"post","link":"https:\/\/www.em.com.br\/emfoco\/2026\/01\/25\/ideias-de-tatuagem-em-pele-negra-que-combinam-beleza-e-elegancia\/","title":{"rendered":"Ideias de tatuagem em pele negra que combinam beleza e eleg\u00e2ncia"},"content":{"rendered":"\n<h2 class=\"wp-block-heading\">A tatuagem em pele negra requer aten\u00e7\u00e3o ao contraste e \u00e0 melanina. Cores intensas e tra\u00e7os pretos garantem melhor leitura. \u00c9 vital escolher profissionais experientes, hidratar a pele e monitorar a cicatriza\u00e7\u00e3o contra queloides.<\/h2>\n\n\n\n<p><b>Voc\u00ea j\u00e1 entrou em um est\u00fadio de tatuagem<\/b>, rolou o portf\u00f3lio e percebeu que <b>quase todas as fotos eram de pessoas brancas?<\/b> Para muita gente preta e parda, esse \u00e9 o primeiro choque: a sensa\u00e7\u00e3o de que talvez \u201ctatuagem n\u00e3o seja para mim\u201d. A <b>falta de refer\u00eancias em peles escuras<\/b> gera inseguran\u00e7a na hora de escolher o desenho, o estilo e at\u00e9 o profissional, e faz com que a busca por informa\u00e7\u00e3o clara e fotos reais se torne parte essencial do processo.<\/p>\n\n\n\n<h2 class=\"wp-block-heading\">O que realmente muda na tatuagem em pele negra<\/h2>\n\n\n\n<p>A base \u00e9 a mesma para qualquer pessoa: agulha, pigmento e cuidados na cicatriza\u00e7\u00e3o. O que muda na pele negra \u00e9 a forma como as cores aparecem sobre um fundo naturalmente mais escuro, por causa da <b>melanina<\/b>. Em muitos casos, tons muito clarinhos perdem for\u00e7a, enquanto <b>pigmentos mais intensos ganham destaque<\/b>, e isso exige que o profissional tenha conhecimento espec\u00edfico sobre contraste e satura\u00e7\u00e3o em peles escuras.<\/p>\n\n\n\n<figure class=\"wp-block-embed is-type-rich is-provider-pinterest wp-block-embed-pinterest\"><div class=\"wp-block-embed__wrapper\">\n<iframe loading=\"lazy\" title=\" \" src=\"https:\/\/assets.pinterest.com\/ext\/embed.html?id=15410823722276334&#038;src=oembed\" height=\"699\" width=\"450\" frameborder=\"0\" scrolling=\"no\" ><\/iframe>\n<\/div><\/figure>\n\n\n\n<p>Por isso, v\u00e1rios tatuadores indicam <b>linhas firmes, tra\u00e7os bem marcados<\/b> e desenhos com boa leitura \u00e0 dist\u00e2ncia. Em vez de depender s\u00f3 de tons claros, o foco costuma ser o <b>preto bem pigmentado<\/b>, sombreamentos estrat\u00e9gicos e cores fortes como vermelho escuro, azul royal, verde esmeralda e laranja queimado, o que ajuda a tatuagem a se manter n\u00edtida por mais tempo.<\/p>\n\n\n\n<figure class=\"wp-block-embed is-type-rich is-provider-pinterest wp-block-embed-pinterest\"><div class=\"wp-block-embed__wrapper\">\n<iframe loading=\"lazy\" title=\"1\u00b0. \ud83c\udf2c\ufe0f\" src=\"https:\/\/assets.pinterest.com\/ext\/embed.html?id=44824958787663239&#038;src=oembed\" height=\"699\" width=\"450\" frameborder=\"0\" scrolling=\"no\" ><\/iframe>\n<\/div><\/figure>\n\n\n\n<p>Leia tamb\u00e9m:&nbsp;<a href=\"https:\/\/www.em.com.br\/emfoco\/2025\/12\/18\/cores-de-cabelo-que-iluminam-o-visual-de-peles-negras-neste-verao-2026\/\" target=\"_blank\" rel=\"noopener\">Cores de cabelo que iluminam o visual de peles negras neste ver\u00e3o 2026<\/a><\/p>\n\n\n\n<h2 class=\"wp-block-heading\">Quais cuidados valorizam a tatuagem em pele negra<\/h2>\n\n\n\n<p>Antes de tatuar, um dos passos mais importantes \u00e9 escolher um <b>profissional que tenha experi\u00eancia real com pele negra<\/b> e mostre fotos de trabalhos cicatrizados. Isso evita frustra\u00e7\u00f5es, porque voc\u00ea v\u00ea como o desenho fica depois de curado, e n\u00e3o s\u00f3 no dia em que foi feito. <b>Conversar abertamente sobre expectativas<\/b>, medo de dor, cor e tamanho tamb\u00e9m faz diferen\u00e7a.<\/p>\n\n\n\n<figure class=\"wp-block-embed is-type-rich is-provider-pinterest wp-block-embed-pinterest\"><div class=\"wp-block-embed__wrapper\">\n<iframe loading=\"lazy\" title=\" \" src=\"https:\/\/assets.pinterest.com\/ext\/embed.html?id=156922368262032437&#038;src=oembed\" height=\"638\" width=\"450\" frameborder=\"0\" scrolling=\"no\" ><\/iframe>\n<\/div><\/figure>\n\n\n\n<p>Ao longo do processo, alguns cuidados costumam ser recomendados por tatuadores acostumados a trabalhar com v\u00e1rios tons de pele, ajudando tanto na cicatriza\u00e7\u00e3o quanto na apar\u00eancia final do desenho:<\/p>\n\n\n\n<ul class=\"wp-block-list\">\n<li><b>Hidratar a pele<\/b> nas semanas anteriores para evitar ressecamento excessivo;<\/li>\n\n\n\n<li>Evitar sol forte antes e logo ap\u00f3s tatuar, para reduzir risco de <b>manchas<\/b>;<\/li>\n\n\n\n<li>Seguir \u00e0 risca as orienta\u00e7\u00f5es de <b>limpeza<\/b>, uso de pomada e n\u00e3o arrancar casquinhas;<\/li>\n\n\n\n<li>Planejar retoques em tattoos coloridas, que podem perder um pouco de vivacidade com o tempo.<\/li>\n<\/ul>\n\n\n\n<figure class=\"wp-block-embed is-type-rich is-provider-pinterest wp-block-embed-pinterest\"><div class=\"wp-block-embed__wrapper\">\n<iframe loading=\"lazy\" title=\"\u2728\" src=\"https:\/\/assets.pinterest.com\/ext\/embed.html?id=1688918606518597&#038;src=oembed\" height=\"899\" width=\"450\" frameborder=\"0\" scrolling=\"no\" ><\/iframe>\n<\/div><\/figure>\n\n\n\n<h2 class=\"wp-block-heading\">Como escolher estilos e cores de tatuagem em pele negra<\/h2>\n\n\n\n<p>O universo de possibilidades \u00e9 grande: <b>linhas finas, s\u00edmbolos minimalistas<\/b>, frases, desenhos org\u00e2nicos, retratos e tattoos geom\u00e9tricas funcionam bem quando adaptados ao seu tom de pele. Em muitos casos, o contorno em preto garante que o desenho seja leg\u00edvel, enquanto as cores entram para complementar e dar <b>personalidade<\/b>.<\/p>\n\n\n\n<figure class=\"wp-block-embed is-type-rich is-provider-pinterest wp-block-embed-pinterest\"><div class=\"wp-block-embed__wrapper\">\n<iframe loading=\"lazy\" title=\"Tattoo pele negra microrealismo mandala ramo caf\u00e9 mar sol fases da lua fechamento bra\u00e7o feminino\" src=\"https:\/\/assets.pinterest.com\/ext\/embed.html?id=98305204360521249&#038;src=oembed\" height=\"899\" width=\"450\" frameborder=\"0\" scrolling=\"no\" ><\/iframe>\n<\/div><\/figure>\n\n\n\n<p>Na hora de escolher a paleta, alguns pontos costumam ser levados em conta por quem tatua peles pretas e pardas todos os dias: <b>cores muito claras<\/b>, como amarelo pastel e rosa beb\u00ea, podem quase sumir; o pigmento branco fica discreto e tende a escurecer um pouco; j\u00e1 tons vivos e profundos costumam se destacar mais, principalmente combinados com <b>linhas escuras<\/b>. \u00c1reas como antebra\u00e7o, ombro, pernas e costas oferecem mais espa\u00e7o para desenhos com boa leitura visual e ajudam a valorizar detalhes.<\/p>\n\n\n\n<p>Para voc\u00ea que gosta de tatuagem, separamos um v\u00eddeo&nbsp;<a href=\"https:\/\/www.youtube.com\/@RenataJardimDicaDeTattoo\" target=\"_blank\" rel=\"noreferrer noopener\">Renata Jardim Dica de Tattoo<\/a> com dicas para tatuagens em pele negra:<\/p>\n\n\n\n<figure class=\"wp-block-embed is-type-video is-provider-youtube wp-block-embed-youtube wp-embed-aspect-16-9 wp-has-aspect-ratio\"><div class=\"wp-block-embed__wrapper\">\n<div class=\"jeg_video_container jeg_video_content\"><iframe loading=\"lazy\" title=\"Como tatuar em pele negra? Aprenda tudo nesse v\u00eddeo! | Renata Jardim Dica de Tattoo\" width=\"500\" height=\"281\" src=\"https:\/\/www.youtube.com\/embed\/c4JYGlDtzLw?feature=oembed\" frameborder=\"0\" allow=\"accelerometer; autoplay; clipboard-write; encrypted-media; gyroscope; picture-in-picture; web-share\" referrerpolicy=\"strict-origin-when-cross-origin\" allowfullscreen><\/iframe><\/div>\n<\/div><\/figure>\n\n\n\n<h2 class=\"wp-block-heading\">Por que a representatividade na tatuagem em pele negra \u00e9 t\u00e3o importante<\/h2>\n\n\n\n<p>Nos \u00faltimos anos, o debate sobre <b>representatividade na tatuagem em pele negra<\/b> cresceu em redes sociais, rodas de conversa e eventos da \u00e1rea. Muitos artistas come\u00e7aram a revisar seus perfis, trazendo fotos de pessoas pretas e pardas, mostrando <b>trabalhos cicatrizados<\/b> e compartilhando estudos espec\u00edficos para esses tons de pele. Isso atende ao desejo de clientes que n\u00e3o querem s\u00f3 um desenho, mas um atendimento que respeite sua identidade por completo.<\/p>\n\n\n\n<p>Para quem est\u00e1 pesquisando refer\u00eancias, vale explorar perfis de <b>tatuadores especializados em pele negra<\/b>, hashtags focadas nesse tema e bancos de imagens diversos. Ver pessoas negras tatuadas com linhas, cores, s\u00edmbolos e retratos diferentes ajuda a <b>quebrar mitos<\/b> e mostra que a tatuagem \u00e9 uma forma de express\u00e3o acess\u00edvel a v\u00e1rios tons de pele, desde que feita com t\u00e9cnica, cuidado e informa\u00e7\u00e3o.<\/p>\n","protected":false},"excerpt":{"rendered":"<p>A tatuagem em pele negra requer aten\u00e7\u00e3o ao contraste e \u00e0 melanina. Cores intensas e tra\u00e7os pretos garantem melhor leitura. \u00c9 vital escolher profissionais experientes, hidratar a pele e monitorar a cicatriza\u00e7\u00e3o contra queloides. Voc\u00ea j\u00e1 entrou em um est\u00fadio de tatuagem, rolou o portf\u00f3lio e percebeu que quase todas as fotos eram de pessoas [&hellip;]<\/p>\n","protected":false},"author":9,"featured_media":159882,"comment_status":"open","ping_status":"open","sticky":false,"template":"","format":"standard","meta":{"jnews-multi-image_gallery":[],"jnews_single_post":{"format":"standard"},"jnews_primary_category":[],"jnews_social_meta":[],"jnews_override_counter":[],"footnotes":""},"categories":[8691,8819,1],"tags":[22121,8611,5174],"class_list":["post-159788","post","type-post","status-publish","format-standard","has-post-thumbnail","hentry","category-bem-estar","category-curiosidades","category-noticias","tag-auto-cuidado","tag-pele-negra","tag-tatuagem"],"yoast_head":"<!-- This site is optimized with the Yoast SEO plugin v23.8 - https:\/\/yoast.com\/wordpress\/plugins\/seo\/ -->\n<title>Ideias de tatuagem em pele negra que combinam beleza e eleg\u00e2ncia - Estado de Minas - Em foco<\/title>\n<meta name=\"description\" content=\"Tatuagem em pele negra exige t\u00e9cnica e cores certas. Escolha tons vibrantes, tra\u00e7os firmes e garanta um resultado n\u00edtido.\" \/>\n<meta name=\"robots\" content=\"index, follow, max-snippet:-1, max-image-preview:large, max-video-preview:-1\" \/>\n<link rel=\"canonical\" href=\"https:\/\/www.em.com.br\/emfoco\/2026\/01\/25\/ideias-de-tatuagem-em-pele-negra-que-combinam-beleza-e-elegancia\/\" \/>\n<meta property=\"og:locale\" content=\"pt_BR\" \/>\n<meta property=\"og:type\" content=\"article\" \/>\n<meta property=\"og:title\" content=\"Ideias de tatuagem em pele negra que combinam beleza e eleg\u00e2ncia - Estado de Minas - Em foco\" \/>\n<meta property=\"og:description\" content=\"Tatuagem em pele negra exige t\u00e9cnica e cores certas. Escolha tons vibrantes, tra\u00e7os firmes e garanta um resultado n\u00edtido.\" \/>\n<meta property=\"og:url\" content=\"https:\/\/www.em.com.br\/emfoco\/2026\/01\/25\/ideias-de-tatuagem-em-pele-negra-que-combinam-beleza-e-elegancia\/\" \/>\n<meta property=\"og:site_name\" content=\"Estado de Minas - Em foco\" \/>\n<meta property=\"article:published_time\" content=\"2026-01-25T10:25:57+00:00\" \/>\n<meta property=\"article:modified_time\" content=\"2026-01-24T20:08:36+00:00\" \/>\n<meta property=\"og:image\" content=\"https:\/\/www.em.com.br\/emfoco\/wp-content\/uploads\/2026\/01\/Gemini_Generated_Image_2ebp1v2ebp1v2ebp-1.png\" \/>\n\t<meta property=\"og:image:width\" content=\"1280\" \/>\n\t<meta property=\"og:image:height\" content=\"720\" \/>\n\t<meta property=\"og:image:type\" content=\"image\/png\" \/>\n<meta name=\"author\" content=\"Daniely Cardoso\" \/>\n<meta name=\"twitter:card\" content=\"summary_large_image\" \/>\n<meta name=\"twitter:label1\" content=\"Escrito por\" \/>\n\t<meta name=\"twitter:data1\" content=\"Daniely Cardoso\" \/>\n\t<meta name=\"twitter:label2\" content=\"Est. tempo de leitura\" \/>\n\t<meta name=\"twitter:data2\" content=\"5 minutos\" \/>\n<!-- \/ Yoast SEO plugin. -->","yoast_head_json":{"title":"Ideias de tatuagem em pele negra que combinam beleza e eleg\u00e2ncia - Estado de Minas - Em foco","description":"Tatuagem em pele negra exige t\u00e9cnica e cores certas. Escolha tons vibrantes, tra\u00e7os firmes e garanta um resultado n\u00edtido.","robots":{"index":"index","follow":"follow","max-snippet":"max-snippet:-1","max-image-preview":"max-image-preview:large","max-video-preview":"max-video-preview:-1"},"canonical":"https:\/\/www.em.com.br\/emfoco\/2026\/01\/25\/ideias-de-tatuagem-em-pele-negra-que-combinam-beleza-e-elegancia\/","og_locale":"pt_BR","og_type":"article","og_title":"Ideias de tatuagem em pele negra que combinam beleza e eleg\u00e2ncia - Estado de Minas - Em foco","og_description":"Tatuagem em pele negra exige t\u00e9cnica e cores certas. Escolha tons vibrantes, tra\u00e7os firmes e garanta um resultado n\u00edtido.","og_url":"https:\/\/www.em.com.br\/emfoco\/2026\/01\/25\/ideias-de-tatuagem-em-pele-negra-que-combinam-beleza-e-elegancia\/","og_site_name":"Estado de Minas - Em foco","article_published_time":"2026-01-25T10:25:57+00:00","article_modified_time":"2026-01-24T20:08:36+00:00","og_image":[{"width":1280,"height":720,"url":"https:\/\/www.em.com.br\/emfoco\/wp-content\/uploads\/2026\/01\/Gemini_Generated_Image_2ebp1v2ebp1v2ebp-1.png","type":"image\/png"}],"author":"Daniely Cardoso","twitter_card":"summary_large_image","twitter_misc":{"Escrito por":"Daniely Cardoso","Est. tempo de leitura":"5 minutos"},"schema":{"@context":"https:\/\/schema.org","@graph":[{"@type":"WebPage","@id":"https:\/\/www.em.com.br\/emfoco\/2026\/01\/25\/ideias-de-tatuagem-em-pele-negra-que-combinam-beleza-e-elegancia\/","url":"https:\/\/www.em.com.br\/emfoco\/2026\/01\/25\/ideias-de-tatuagem-em-pele-negra-que-combinam-beleza-e-elegancia\/","name":"Ideias de tatuagem em pele negra que combinam beleza e eleg\u00e2ncia - Estado de Minas - Em foco","isPartOf":{"@id":"https:\/\/www.em.com.br\/emfoco\/#website"},"primaryImageOfPage":{"@id":"https:\/\/www.em.com.br\/emfoco\/2026\/01\/25\/ideias-de-tatuagem-em-pele-negra-que-combinam-beleza-e-elegancia\/#primaryimage"},"image":{"@id":"https:\/\/www.em.com.br\/emfoco\/2026\/01\/25\/ideias-de-tatuagem-em-pele-negra-que-combinam-beleza-e-elegancia\/#primaryimage"},"thumbnailUrl":"https:\/\/www.em.com.br\/emfoco\/wp-content\/uploads\/2026\/01\/Gemini_Generated_Image_2ebp1v2ebp1v2ebp-1.png","datePublished":"2026-01-25T10:25:57+00:00","dateModified":"2026-01-24T20:08:36+00:00","author":{"@id":"https:\/\/www.em.com.br\/emfoco\/#\/schema\/person\/0a8186d72f2c3a5c6276d90b41f271a0"},"description":"Tatuagem em pele negra exige t\u00e9cnica e cores certas. Escolha tons vibrantes, tra\u00e7os firmes e garanta um resultado n\u00edtido.","breadcrumb":{"@id":"https:\/\/www.em.com.br\/emfoco\/2026\/01\/25\/ideias-de-tatuagem-em-pele-negra-que-combinam-beleza-e-elegancia\/#breadcrumb"},"inLanguage":"pt-BR","potentialAction":[{"@type":"ReadAction","target":["https:\/\/www.em.com.br\/emfoco\/2026\/01\/25\/ideias-de-tatuagem-em-pele-negra-que-combinam-beleza-e-elegancia\/"]}]},{"@type":"ImageObject","inLanguage":"pt-BR","@id":"https:\/\/www.em.com.br\/emfoco\/2026\/01\/25\/ideias-de-tatuagem-em-pele-negra-que-combinam-beleza-e-elegancia\/#primaryimage","url":"https:\/\/www.em.com.br\/emfoco\/wp-content\/uploads\/2026\/01\/Gemini_Generated_Image_2ebp1v2ebp1v2ebp-1.png","contentUrl":"https:\/\/www.em.com.br\/emfoco\/wp-content\/uploads\/2026\/01\/Gemini_Generated_Image_2ebp1v2ebp1v2ebp-1.png","width":1280,"height":720,"caption":"A base \u00e9 a mesma para qualquer pessoa: agulha, pigmento e cuidados na cicatriza\u00e7\u00e3o"},{"@type":"BreadcrumbList","@id":"https:\/\/www.em.com.br\/emfoco\/2026\/01\/25\/ideias-de-tatuagem-em-pele-negra-que-combinam-beleza-e-elegancia\/#breadcrumb","itemListElement":[{"@type":"ListItem","position":1,"name":"In\u00edcio","item":"https:\/\/www.em.com.br\/emfoco\/"},{"@type":"ListItem","position":2,"name":"Ideias de tatuagem em pele negra que combinam beleza e eleg\u00e2ncia"}]},{"@type":"WebSite","@id":"https:\/\/www.em.com.br\/emfoco\/#website","url":"https:\/\/www.em.com.br\/emfoco\/","name":"Estado de Minas - Em foco","description":"Acompanhe as \u00faltimas not\u00edcias e fique bem informado sobre tudo o que acontece em Minas Gerais, Brasil e no mundo.","potentialAction":[{"@type":"SearchAction","target":{"@type":"EntryPoint","urlTemplate":"https:\/\/www.em.com.br\/emfoco\/?s={search_term_string}"},"query-input":{"@type":"PropertyValueSpecification","valueRequired":true,"valueName":"search_term_string"}}],"inLanguage":"pt-BR"},{"@type":"Person","@id":"https:\/\/www.em.com.br\/emfoco\/#\/schema\/person\/0a8186d72f2c3a5c6276d90b41f271a0","name":"Daniely Cardoso","image":{"@type":"ImageObject","inLanguage":"pt-BR","@id":"https:\/\/www.em.com.br\/emfoco\/#\/schema\/person\/image\/","url":"https:\/\/secure.gravatar.com\/avatar\/4b80ddbd124d1f071b626d52d62e5dff?s=96&d=mm&r=g","contentUrl":"https:\/\/secure.gravatar.com\/avatar\/4b80ddbd124d1f071b626d52d62e5dff?s=96&d=mm&r=g","caption":"Daniely Cardoso"},"url":"https:\/\/www.em.com.br\/emfoco\/author\/danielymyth\/"}]}},"_links":{"self":[{"href":"https:\/\/www.em.com.br\/emfoco\/wp-json\/wp\/v2\/posts\/159788","targetHints":{"allow":["GET"]}}],"collection":[{"href":"https:\/\/www.em.com.br\/emfoco\/wp-json\/wp\/v2\/posts"}],"about":[{"href":"https:\/\/www.em.com.br\/emfoco\/wp-json\/wp\/v2\/types\/post"}],"author":[{"embeddable":true,"href":"https:\/\/www.em.com.br\/emfoco\/wp-json\/wp\/v2\/users\/9"}],"replies":[{"embeddable":true,"href":"https:\/\/www.em.com.br\/emfoco\/wp-json\/wp\/v2\/comments?post=159788"}],"version-history":[{"count":3,"href":"https:\/\/www.em.com.br\/emfoco\/wp-json\/wp\/v2\/posts\/159788\/revisions"}],"predecessor-version":[{"id":159926,"href":"https:\/\/www.em.com.br\/emfoco\/wp-json\/wp\/v2\/posts\/159788\/revisions\/159926"}],"wp:featuredmedia":[{"embeddable":true,"href":"https:\/\/www.em.com.br\/emfoco\/wp-json\/wp\/v2\/media\/159882"}],"wp:attachment":[{"href":"https:\/\/www.em.com.br\/emfoco\/wp-json\/wp\/v2\/media?parent=159788"}],"wp:term":[{"taxonomy":"category","embeddable":true,"href":"https:\/\/www.em.com.br\/emfoco\/wp-json\/wp\/v2\/categories?post=159788"},{"taxonomy":"post_tag","embeddable":true,"href":"https:\/\/www.em.com.br\/emfoco\/wp-json\/wp\/v2\/tags?post=159788"}],"curies":[{"name":"wp","href":"https:\/\/api.w.org\/{rel}","templated":true}]}}