{"id":159694,"date":"2026-01-26T01:05:00","date_gmt":"2026-01-26T04:05:00","guid":{"rendered":"https:\/\/www.em.com.br\/emfoco\/?p=159694"},"modified":"2026-01-24T18:54:29","modified_gmt":"2026-01-24T21:54:29","slug":"exames-essenciais-que-voce-deve-priorizar-para-detectar-cancer-do-colo-do-utero-precocemente","status":"publish","type":"post","link":"https:\/\/www.em.com.br\/emfoco\/2026\/01\/26\/exames-essenciais-que-voce-deve-priorizar-para-detectar-cancer-do-colo-do-utero-precocemente\/","title":{"rendered":"Exames essenciais que voc\u00ea deve priorizar para detectar c\u00e2ncer do colo do \u00fatero precocemente"},"content":{"rendered":"\n<h2 class=\"wp-block-heading\">O c\u00e2ncer de colo do \u00fatero \u00e9 evit\u00e1vel com rastreamento adequado. HPV \u00e9 a principal causa. Papanicolau e teste de HPV detectam altera\u00e7\u00f5es precoces; diretrizes indicam exames peri\u00f3dicos conforme idade e hist\u00f3rico cl\u00ednico.<\/h2>\n\n\n\n<p>Cuidar da <strong>sa\u00fade feminina<\/strong> exige aten\u00e7\u00e3o constante aos exames preventivos, especialmente quando o tema \u00e9 o c\u00e2ncer de colo do \u00fatero. A boa not\u00edcia \u00e9 que esse tipo de tumor est\u00e1 entre os mais evit\u00e1veis, desde que as altera\u00e7\u00f5es celulares sejam identificadas e tratadas precocemente.<\/p>\n\n\n\n<h2 class=\"wp-block-heading\">Por que o c\u00e2ncer de colo do \u00fatero ainda preocupa tantas mulheres?<\/h2>\n\n\n\n<p>O <strong>c\u00e2ncer de colo do \u00fatero<\/strong> continua sendo uma das principais causas de morte entre mulheres porque, em muitos casos, evolui de forma silenciosa. Sem exames regulares, altera\u00e7\u00f5es nas c\u00e9lulas passam despercebidas por anos, dificultando o diagn\u00f3stico precoce e o tratamento menos agressivo.<\/p>\n\n\n\n<p>Segundo especialistas da <strong><a href=\"https:\/\/www.mayoclinic.org\/\" target=\"_blank\" rel=\"noreferrer noopener\">Mayo Clinic<\/a><\/strong>, a preven\u00e7\u00e3o depende diretamente do rastreamento correto. Quando mudan\u00e7as celulares s\u00e3o detectadas ainda na fase inicial, as chances de cura s\u00e3o altas, refor\u00e7ando a import\u00e2ncia de manter uma rotina organizada de exames ginecol\u00f3gicos.<\/p>\n\n\n\n<figure class=\"wp-block-image size-large\"><img loading=\"lazy\" decoding=\"async\" width=\"1024\" height=\"576\" src=\"https:\/\/www.em.com.br\/emfoco\/wp-content\/uploads\/2026\/01\/AIAI-13-30-1024x576.jpg\" alt=\"Exames essenciais que voc\u00ea deve priorizar para detectar c\u00e2ncer do colo do \u00fatero precocemente\" class=\"wp-image-159713\" srcset=\"https:\/\/www.em.com.br\/emfoco\/wp-content\/uploads\/2026\/01\/AIAI-13-30-1024x576.jpg 1024w, https:\/\/www.em.com.br\/emfoco\/wp-content\/uploads\/2026\/01\/AIAI-13-30-300x169.jpg 300w, https:\/\/www.em.com.br\/emfoco\/wp-content\/uploads\/2026\/01\/AIAI-13-30-768x432.jpg 768w, https:\/\/www.em.com.br\/emfoco\/wp-content\/uploads\/2026\/01\/AIAI-13-30-750x422.jpg 750w, https:\/\/www.em.com.br\/emfoco\/wp-content\/uploads\/2026\/01\/AIAI-13-30-1140x641.jpg 1140w, https:\/\/www.em.com.br\/emfoco\/wp-content\/uploads\/2026\/01\/AIAI-13-30.jpg 1280w\" sizes=\"auto, (max-width: 1024px) 100vw, 1024px\" \/><figcaption class=\"wp-element-caption\">Evolu\u00e7\u00e3o silenciosa da doen\u00e7a dificulta detec\u00e7\u00e3o sem exames ginecol\u00f3gicos regulares<\/figcaption><\/figure>\n\n\n\n<h2 class=\"wp-block-heading\">Qual \u00e9 o papel do HPV no desenvolvimento da doen\u00e7a?<\/h2>\n\n\n\n<p>A principal causa do c\u00e2ncer de colo do \u00fatero \u00e9 a infec\u00e7\u00e3o persistente pelo <strong>v\u00edrus HPV<\/strong>. Esse v\u00edrus \u00e9 extremamente comum e, na maioria dos casos, \u00e9 eliminado naturalmente pelo sistema imunol\u00f3gico, sem causar qualquer sintoma percept\u00edvel.<\/p>\n\n\n\n<ul class=\"wp-block-list\">\n<li>HPV de alto risco: tipos virais associados a altera\u00e7\u00f5es celulares malignas.<\/li>\n\n\n\n<li>Infec\u00e7\u00e3o persistente: perman\u00eancia do v\u00edrus por anos no organismo.<\/li>\n\n\n\n<li>Danos celulares progressivos: mudan\u00e7as que podem evoluir para c\u00e2ncer.<\/li>\n<\/ul>\n\n\n\n<h2 class=\"wp-block-heading\">Quais exames realmente detectam o problema cedo?<\/h2>\n\n\n\n<p>Os exames preventivos permitem identificar altera\u00e7\u00f5es antes do surgimento do c\u00e2ncer. O <strong>Papanicolau<\/strong> analisa as c\u00e9lulas do colo do \u00fatero, enquanto o teste de HPV detecta a presen\u00e7a do v\u00edrus de alto risco, mesmo quando ainda n\u00e3o h\u00e1 les\u00f5es aparentes.<\/p>\n\n\n\n<p>De acordo com a <strong>Mayo Clinic<\/strong>, a combina\u00e7\u00e3o dos dois exames aumenta a precis\u00e3o do rastreio. Quando os resultados s\u00e3o normais, o intervalo entre os controles pode ser ampliado, reduzindo exames desnecess\u00e1rios sem comprometer a seguran\u00e7a da paciente.<\/p>\n\n\n\n<figure class=\"wp-block-image size-large\"><img loading=\"lazy\" decoding=\"async\" width=\"1024\" height=\"576\" src=\"https:\/\/www.em.com.br\/emfoco\/wp-content\/uploads\/2026\/01\/AIAI-14-28-1024x576.jpg\" alt=\"Exames essenciais que voc\u00ea deve priorizar para detectar c\u00e2ncer do colo do \u00fatero precocemente\" class=\"wp-image-159714\" srcset=\"https:\/\/www.em.com.br\/emfoco\/wp-content\/uploads\/2026\/01\/AIAI-14-28-1024x576.jpg 1024w, https:\/\/www.em.com.br\/emfoco\/wp-content\/uploads\/2026\/01\/AIAI-14-28-300x169.jpg 300w, https:\/\/www.em.com.br\/emfoco\/wp-content\/uploads\/2026\/01\/AIAI-14-28-768x432.jpg 768w, https:\/\/www.em.com.br\/emfoco\/wp-content\/uploads\/2026\/01\/AIAI-14-28-750x422.jpg 750w, https:\/\/www.em.com.br\/emfoco\/wp-content\/uploads\/2026\/01\/AIAI-14-28-1140x641.jpg 1140w, https:\/\/www.em.com.br\/emfoco\/wp-content\/uploads\/2026\/01\/AIAI-14-28.jpg 1280w\" sizes=\"auto, (max-width: 1024px) 100vw, 1024px\" \/><figcaption class=\"wp-element-caption\">Papanicolau e teste de HPV identificam altera\u00e7\u00f5es antes do surgimento tumoral<\/figcaption><\/figure>\n\n\n\n<p><em>Leia mais: <em><strong><a href=\"https:\/\/www.em.com.br\/emfoco\/2026\/01\/23\/treinar-ate-a-falha-e-perigoso-veja-o-limite-exato-para-crescer-sem-se-machucar\/\" target=\"_blank\" rel=\"noreferrer noopener\">Treinar at\u00e9 a falha \u00e9 perigoso? Veja o limite exato para crescer sem se machucar<\/a><\/strong><\/em><\/em><\/p>\n\n\n\n<h2 class=\"wp-block-heading\">Com que frequ\u00eancia os exames devem ser realizados?<\/h2>\n\n\n\n<p>A periodicidade dos exames varia conforme idade e hist\u00f3rico cl\u00ednico. Manter esse controle evita falhas no rastreamento e garante que altera\u00e7\u00f5es sejam detectadas no momento certo, como indicado pelas principais diretrizes m\u00e9dicas.<\/p>\n\n\n\n<ul class=\"wp-block-list\">\n<li>Entre 21 e 29 anos: papanicolau a cada tr\u00eas anos.<\/li>\n\n\n\n<li>Entre 30 e 65 anos: teste de HPV a cada cinco anos ou combina\u00e7\u00e3o dos dois.<\/li>\n\n\n\n<li>Acima de 65 anos: avalia\u00e7\u00e3o individual conforme hist\u00f3rico anterior.<\/li>\n<\/ul>\n\n\n\n<h2 class=\"wp-block-heading\">Que outros cuidados ajudam na preven\u00e7\u00e3o oncol\u00f3gica feminina?<\/h2>\n\n\n\n<p>A preven\u00e7\u00e3o vai al\u00e9m do colo do \u00fatero e envolve uma vis\u00e3o ampla da <strong>sa\u00fade da mulher<\/strong>. Exames complementares ajudam a identificar outros tipos de c\u00e2ncer em fases iniciais, aumentando as chances de tratamentos eficazes e menos invasivos.<\/p>\n\n\n\n<p>Especialistas refor\u00e7am que manter registros atualizados dos exames, levar resultados \u00e0s consultas e seguir orienta\u00e7\u00f5es m\u00e9dicas transforma o <strong>diagn\u00f3stico precoce<\/strong> em uma ferramenta poderosa, capaz de salvar vidas e garantir mais qualidade ao longo dos anos.<\/p>\n","protected":false},"excerpt":{"rendered":"<p>O c\u00e2ncer de colo do \u00fatero \u00e9 evit\u00e1vel com rastreamento adequado. HPV \u00e9 a principal causa. Papanicolau e teste de HPV detectam altera\u00e7\u00f5es precoces; diretrizes indicam exames peri\u00f3dicos conforme idade e hist\u00f3rico cl\u00ednico. Cuidar da sa\u00fade feminina exige aten\u00e7\u00e3o constante aos exames preventivos, especialmente quando o tema \u00e9 o c\u00e2ncer de colo do \u00fatero. A [&hellip;]<\/p>\n","protected":false},"author":13,"featured_media":159712,"comment_status":"open","ping_status":"open","sticky":false,"template":"","format":"standard","meta":{"jnews-multi-image_gallery":[],"jnews_single_post":{"format":"standard"},"jnews_primary_category":[],"jnews_social_meta":[],"jnews_override_counter":[],"footnotes":""},"categories":[9053],"tags":[23369,23368,6126],"class_list":["post-159694","post","type-post","status-publish","format-standard","has-post-thumbnail","hentry","category-saude","tag-cancer-2","tag-cancer-de-colo","tag-saude-feminina"],"yoast_head":"<!-- This site is optimized with the Yoast SEO plugin v23.8 - https:\/\/yoast.com\/wordpress\/plugins\/seo\/ -->\n<title>Exames essenciais que voc\u00ea deve priorizar para detectar c\u00e2ncer do colo do \u00fatero precocemente - Estado de Minas - Em foco<\/title>\n<meta name=\"description\" content=\"O c\u00e2ncer de colo do \u00fatero pode ser evitado com exames simples. Veja como o Papanicolau e o teste de HPV ajudam a detectar cedo.\" \/>\n<meta name=\"robots\" content=\"index, follow, max-snippet:-1, max-image-preview:large, max-video-preview:-1\" \/>\n<link rel=\"canonical\" href=\"https:\/\/www.em.com.br\/emfoco\/2026\/01\/26\/exames-essenciais-que-voce-deve-priorizar-para-detectar-cancer-do-colo-do-utero-precocemente\/\" \/>\n<meta property=\"og:locale\" content=\"pt_BR\" \/>\n<meta property=\"og:type\" content=\"article\" \/>\n<meta property=\"og:title\" content=\"Exames essenciais que voc\u00ea deve priorizar para detectar c\u00e2ncer do colo do \u00fatero precocemente - Estado de Minas - Em foco\" \/>\n<meta property=\"og:description\" content=\"O c\u00e2ncer de colo do \u00fatero pode ser evitado com exames simples. Veja como o Papanicolau e o teste de HPV ajudam a detectar cedo.\" \/>\n<meta property=\"og:url\" content=\"https:\/\/www.em.com.br\/emfoco\/2026\/01\/26\/exames-essenciais-que-voce-deve-priorizar-para-detectar-cancer-do-colo-do-utero-precocemente\/\" \/>\n<meta property=\"og:site_name\" content=\"Estado de Minas - Em foco\" \/>\n<meta property=\"article:published_time\" content=\"2026-01-26T04:05:00+00:00\" \/>\n<meta property=\"article:modified_time\" content=\"2026-01-24T21:54:29+00:00\" \/>\n<meta property=\"og:image\" content=\"https:\/\/www.em.com.br\/emfoco\/wp-content\/uploads\/2026\/01\/AIAI-12-31.jpg\" \/>\n\t<meta property=\"og:image:width\" content=\"1280\" \/>\n\t<meta property=\"og:image:height\" content=\"720\" \/>\n\t<meta property=\"og:image:type\" content=\"image\/jpeg\" \/>\n<meta name=\"author\" content=\"Gabriel Martins\" \/>\n<meta name=\"twitter:card\" content=\"summary_large_image\" \/>\n<meta name=\"twitter:label1\" content=\"Escrito por\" \/>\n\t<meta name=\"twitter:data1\" content=\"Gabriel Martins\" \/>\n\t<meta name=\"twitter:label2\" content=\"Est. tempo de leitura\" \/>\n\t<meta name=\"twitter:data2\" content=\"4 minutos\" \/>\n<!-- \/ Yoast SEO plugin. -->","yoast_head_json":{"title":"Exames essenciais que voc\u00ea deve priorizar para detectar c\u00e2ncer do colo do \u00fatero precocemente - Estado de Minas - Em foco","description":"O c\u00e2ncer de colo do \u00fatero pode ser evitado com exames simples. Veja como o Papanicolau e o teste de HPV ajudam a detectar cedo.","robots":{"index":"index","follow":"follow","max-snippet":"max-snippet:-1","max-image-preview":"max-image-preview:large","max-video-preview":"max-video-preview:-1"},"canonical":"https:\/\/www.em.com.br\/emfoco\/2026\/01\/26\/exames-essenciais-que-voce-deve-priorizar-para-detectar-cancer-do-colo-do-utero-precocemente\/","og_locale":"pt_BR","og_type":"article","og_title":"Exames essenciais que voc\u00ea deve priorizar para detectar c\u00e2ncer do colo do \u00fatero precocemente - Estado de Minas - Em foco","og_description":"O c\u00e2ncer de colo do \u00fatero pode ser evitado com exames simples. Veja como o Papanicolau e o teste de HPV ajudam a detectar cedo.","og_url":"https:\/\/www.em.com.br\/emfoco\/2026\/01\/26\/exames-essenciais-que-voce-deve-priorizar-para-detectar-cancer-do-colo-do-utero-precocemente\/","og_site_name":"Estado de Minas - Em foco","article_published_time":"2026-01-26T04:05:00+00:00","article_modified_time":"2026-01-24T21:54:29+00:00","og_image":[{"width":1280,"height":720,"url":"https:\/\/www.em.com.br\/emfoco\/wp-content\/uploads\/2026\/01\/AIAI-12-31.jpg","type":"image\/jpeg"}],"author":"Gabriel Martins","twitter_card":"summary_large_image","twitter_misc":{"Escrito por":"Gabriel Martins","Est. tempo de leitura":"4 minutos"},"schema":{"@context":"https:\/\/schema.org","@graph":[{"@type":"WebPage","@id":"https:\/\/www.em.com.br\/emfoco\/2026\/01\/26\/exames-essenciais-que-voce-deve-priorizar-para-detectar-cancer-do-colo-do-utero-precocemente\/","url":"https:\/\/www.em.com.br\/emfoco\/2026\/01\/26\/exames-essenciais-que-voce-deve-priorizar-para-detectar-cancer-do-colo-do-utero-precocemente\/","name":"Exames essenciais que voc\u00ea deve priorizar para detectar c\u00e2ncer do colo do \u00fatero precocemente - Estado de Minas - Em foco","isPartOf":{"@id":"https:\/\/www.em.com.br\/emfoco\/#website"},"primaryImageOfPage":{"@id":"https:\/\/www.em.com.br\/emfoco\/2026\/01\/26\/exames-essenciais-que-voce-deve-priorizar-para-detectar-cancer-do-colo-do-utero-precocemente\/#primaryimage"},"image":{"@id":"https:\/\/www.em.com.br\/emfoco\/2026\/01\/26\/exames-essenciais-que-voce-deve-priorizar-para-detectar-cancer-do-colo-do-utero-precocemente\/#primaryimage"},"thumbnailUrl":"https:\/\/www.em.com.br\/emfoco\/wp-content\/uploads\/2026\/01\/AIAI-12-31.jpg","datePublished":"2026-01-26T04:05:00+00:00","dateModified":"2026-01-24T21:54:29+00:00","author":{"@id":"https:\/\/www.em.com.br\/emfoco\/#\/schema\/person\/1c9ddeab18b98abeffef834667bcf08a"},"description":"O c\u00e2ncer de colo do \u00fatero pode ser evitado com exames simples. Veja como o Papanicolau e o teste de HPV ajudam a detectar cedo.","breadcrumb":{"@id":"https:\/\/www.em.com.br\/emfoco\/2026\/01\/26\/exames-essenciais-que-voce-deve-priorizar-para-detectar-cancer-do-colo-do-utero-precocemente\/#breadcrumb"},"inLanguage":"pt-BR","potentialAction":[{"@type":"ReadAction","target":["https:\/\/www.em.com.br\/emfoco\/2026\/01\/26\/exames-essenciais-que-voce-deve-priorizar-para-detectar-cancer-do-colo-do-utero-precocemente\/"]}]},{"@type":"ImageObject","inLanguage":"pt-BR","@id":"https:\/\/www.em.com.br\/emfoco\/2026\/01\/26\/exames-essenciais-que-voce-deve-priorizar-para-detectar-cancer-do-colo-do-utero-precocemente\/#primaryimage","url":"https:\/\/www.em.com.br\/emfoco\/wp-content\/uploads\/2026\/01\/AIAI-12-31.jpg","contentUrl":"https:\/\/www.em.com.br\/emfoco\/wp-content\/uploads\/2026\/01\/AIAI-12-31.jpg","width":1280,"height":720,"caption":"Diagn\u00f3stico precoce torna o c\u00e2ncer de colo do \u00fatero amplamente evit\u00e1vel"},{"@type":"BreadcrumbList","@id":"https:\/\/www.em.com.br\/emfoco\/2026\/01\/26\/exames-essenciais-que-voce-deve-priorizar-para-detectar-cancer-do-colo-do-utero-precocemente\/#breadcrumb","itemListElement":[{"@type":"ListItem","position":1,"name":"In\u00edcio","item":"https:\/\/www.em.com.br\/emfoco\/"},{"@type":"ListItem","position":2,"name":"Exames essenciais que voc\u00ea deve priorizar para detectar c\u00e2ncer do colo do \u00fatero precocemente"}]},{"@type":"WebSite","@id":"https:\/\/www.em.com.br\/emfoco\/#website","url":"https:\/\/www.em.com.br\/emfoco\/","name":"Estado de Minas - Em foco","description":"Acompanhe as \u00faltimas not\u00edcias e fique bem informado sobre tudo o que acontece em Minas Gerais, Brasil e no mundo.","potentialAction":[{"@type":"SearchAction","target":{"@type":"EntryPoint","urlTemplate":"https:\/\/www.em.com.br\/emfoco\/?s={search_term_string}"},"query-input":{"@type":"PropertyValueSpecification","valueRequired":true,"valueName":"search_term_string"}}],"inLanguage":"pt-BR"},{"@type":"Person","@id":"https:\/\/www.em.com.br\/emfoco\/#\/schema\/person\/1c9ddeab18b98abeffef834667bcf08a","name":"Gabriel Martins","image":{"@type":"ImageObject","inLanguage":"pt-BR","@id":"https:\/\/www.em.com.br\/emfoco\/#\/schema\/person\/image\/","url":"https:\/\/secure.gravatar.com\/avatar\/f0f1e2efdfd88f1ad2cb08c5c2731e50?s=96&d=mm&r=g","contentUrl":"https:\/\/secure.gravatar.com\/avatar\/f0f1e2efdfd88f1ad2cb08c5c2731e50?s=96&d=mm&r=g","caption":"Gabriel Martins"},"sameAs":["https:\/\/www.em.com.br\/emfoco\/"],"url":"https:\/\/www.em.com.br\/emfoco\/author\/gabrielmartinsmyth\/"}]}},"_links":{"self":[{"href":"https:\/\/www.em.com.br\/emfoco\/wp-json\/wp\/v2\/posts\/159694","targetHints":{"allow":["GET"]}}],"collection":[{"href":"https:\/\/www.em.com.br\/emfoco\/wp-json\/wp\/v2\/posts"}],"about":[{"href":"https:\/\/www.em.com.br\/emfoco\/wp-json\/wp\/v2\/types\/post"}],"author":[{"embeddable":true,"href":"https:\/\/www.em.com.br\/emfoco\/wp-json\/wp\/v2\/users\/13"}],"replies":[{"embeddable":true,"href":"https:\/\/www.em.com.br\/emfoco\/wp-json\/wp\/v2\/comments?post=159694"}],"version-history":[{"count":1,"href":"https:\/\/www.em.com.br\/emfoco\/wp-json\/wp\/v2\/posts\/159694\/revisions"}],"predecessor-version":[{"id":159715,"href":"https:\/\/www.em.com.br\/emfoco\/wp-json\/wp\/v2\/posts\/159694\/revisions\/159715"}],"wp:featuredmedia":[{"embeddable":true,"href":"https:\/\/www.em.com.br\/emfoco\/wp-json\/wp\/v2\/media\/159712"}],"wp:attachment":[{"href":"https:\/\/www.em.com.br\/emfoco\/wp-json\/wp\/v2\/media?parent=159694"}],"wp:term":[{"taxonomy":"category","embeddable":true,"href":"https:\/\/www.em.com.br\/emfoco\/wp-json\/wp\/v2\/categories?post=159694"},{"taxonomy":"post_tag","embeddable":true,"href":"https:\/\/www.em.com.br\/emfoco\/wp-json\/wp\/v2\/tags?post=159694"}],"curies":[{"name":"wp","href":"https:\/\/api.w.org\/{rel}","templated":true}]}}