{"id":159672,"date":"2026-01-25T18:05:00","date_gmt":"2026-01-25T21:05:00","guid":{"rendered":"https:\/\/www.em.com.br\/emfoco\/?p=159672"},"modified":"2026-01-25T16:23:54","modified_gmt":"2026-01-25T19:23:54","slug":"essa-cidade-vizinha-de-belo-horizonte-garante-qualidade-de-vida-com-bairros-arborizados-e-lagos-iconicos","status":"publish","type":"post","link":"https:\/\/www.em.com.br\/emfoco\/2026\/01\/25\/essa-cidade-vizinha-de-belo-horizonte-garante-qualidade-de-vida-com-bairros-arborizados-e-lagos-iconicos\/","title":{"rendered":"Essa cidade vizinha de Belo Horizonte garante qualidade de vida com bairros arborizados e lagos ic\u00f4nicos"},"content":{"rendered":"\n<p><strong>Sete Lagoas<\/strong> fica a cerca de 73 km de <strong>Belo Horizonte<\/strong>, sendo um centro de destaque no interior de Minas Gerais. A cidade cresce em uma dire\u00e7\u00e3o de desenvolvimento que une grandes empresas com a beleza de seus lagos, oferecendo ruas organizadas e uma estrutura completa para todos os seus habitantes.<\/p>\n\n\n\n<h2 class=\"wp-block-heading\">Por que a gruta Rei do Mato \u00e9 um patrim\u00f4nio \u00fanico para o pa\u00eds?<\/h2>\n\n\n\n<p>A <strong><a href=\"https:\/\/circuitodasgrutas.com.br\/gruta-rei-do-mato\/\" target=\"_blank\" rel=\"noreferrer noopener\">Gruta Rei do Mato<\/a><\/strong> \u00e9 um monumento famoso por suas pedras que parecem esculturas naturais criadas pelo tempo. Com uma descida segura de 30 metros, o local guarda desenhos feitos por povos antigos e as raras <strong>Colunas G\u00eameas<\/strong>, que possuem aproximadamente 12 metros de altura.<\/p>\n\n\n\n<p>Essa forma\u00e7\u00e3o natural mostra como a cidade cuida bem de suas riquezas hist\u00f3ricas enquanto se moderniza. A preserva\u00e7\u00e3o dessa \u00e1rea garante um ambiente de conhecimento e muito orgulho para quem vive na regi\u00e3o e aprecia a natureza de perto.<\/p>\n\n\n<div class=\"wp-block-image\">\n<figure class=\"aligncenter size-large\"><img loading=\"lazy\" decoding=\"async\" width=\"1024\" height=\"576\" src=\"https:\/\/www.em.com.br\/emfoco\/wp-content\/uploads\/2025\/12\/Sete-Lagoas-como-voce-nunca-viu-7L-MG-Drone-4K-0-28-screenshot-1-1024x576.jpg\" alt=\"Essa cidade vizinha de Belo Horizonte \u00e9 uma das melhores para se viver em Minas Gerais\" class=\"wp-image-147345\" srcset=\"https:\/\/www.em.com.br\/emfoco\/wp-content\/uploads\/2025\/12\/Sete-Lagoas-como-voce-nunca-viu-7L-MG-Drone-4K-0-28-screenshot-1-1024x576.jpg 1024w, https:\/\/www.em.com.br\/emfoco\/wp-content\/uploads\/2025\/12\/Sete-Lagoas-como-voce-nunca-viu-7L-MG-Drone-4K-0-28-screenshot-1-300x169.jpg 300w, https:\/\/www.em.com.br\/emfoco\/wp-content\/uploads\/2025\/12\/Sete-Lagoas-como-voce-nunca-viu-7L-MG-Drone-4K-0-28-screenshot-1-768x432.jpg 768w, https:\/\/www.em.com.br\/emfoco\/wp-content\/uploads\/2025\/12\/Sete-Lagoas-como-voce-nunca-viu-7L-MG-Drone-4K-0-28-screenshot-1-750x422.jpg 750w, https:\/\/www.em.com.br\/emfoco\/wp-content\/uploads\/2025\/12\/Sete-Lagoas-como-voce-nunca-viu-7L-MG-Drone-4K-0-28-screenshot-1-1140x641.jpg 1140w, https:\/\/www.em.com.br\/emfoco\/wp-content\/uploads\/2025\/12\/Sete-Lagoas-como-voce-nunca-viu-7L-MG-Drone-4K-0-28-screenshot-1.jpg 1280w\" sizes=\"auto, (max-width: 1024px) 100vw, 1024px\" \/><figcaption class=\"wp-element-caption\">Sete Lagoas oferece oportunidades e vida equilibrada perto de BH \/\/ Cr\u00e9ditos: YouTube.com\/@reloaddrone-urielmenezes<\/figcaption><\/figure><\/div>\n\n\n<h2 class=\"wp-block-heading\">Como as \u00e1guas transformam a rotina dos moradores<\/h2>\n\n\n\n<p>O estilo de vida em bairros como o <strong>Cana\u00e3<\/strong> e o <strong>Jardim Arizona<\/strong> \u00e9 marcado pelo frescor das v\u00e1rias lagoas espalhadas pela cidade. A rotina \u00e9 tranquila, permitindo que as fam\u00edlias aproveitem momentos de descanso e caminhadas perto da \u00e1gua no fim de tarde.<\/p>\n\n\n\n<p>Em lugares como o <strong>Bairro Mangabeiras<\/strong>, o conforto e o sil\u00eancio s\u00e3o prioridades para quem busca qualidade de vida. Ter o contato constante com o verde e com os espelhos d&#8217;\u00e1gua ajuda a manter um dia a dia muito mais saud\u00e1vel e equilibrado para todos.<\/p>\n\n\n\n<h2 class=\"wp-block-heading\">Qual \u00e9 a base do trabalho e o n\u00famero de habitantes?<\/h2>\n\n\n\n<p>A cidade conta com 238.909 habitantes, de acordo com as informa\u00e7\u00f5es oficiais do <a href=\"https:\/\/cidades.ibge.gov.br\/brasil\/mg\/sete-lagoas\/panorama\" target=\"_blank\" rel=\"noreferrer noopener\"><strong>Instituto Brasileiro de Geografia e Estat\u00edstica (IBGE)<\/strong><\/a>. Esse crescimento acontece de forma planejada para atender bem \u00e0s necessidades de toda a comunidade.<\/p>\n\n\n\n<p>Grandes f\u00e1bricas como a <strong>Iveco<\/strong> e a <strong>Ambev<\/strong> garantem que o mercado de trabalho seja um dos mais fortes do estado. Al\u00e9m disso, a <strong>Universidade Federal de S\u00e3o Jo\u00e3o del-Rei (UFSJ)<\/strong> e o <strong>Centro Universit\u00e1rio de Sete Lagoas (UNIFEMM)<\/strong> qualificam os moradores para o mercado t\u00e9cnico.<\/p>\n\n\n<div class=\"wp-block-image\">\n<figure class=\"aligncenter size-large\"><img loading=\"lazy\" decoding=\"async\" width=\"1024\" height=\"576\" src=\"https:\/\/www.em.com.br\/emfoco\/wp-content\/uploads\/2025\/12\/Sete-Lagoas-como-voce-nunca-viu-7L-MG-Drone-4K-1-6-screenshot-1-1024x576.jpg\" alt=\"Essa cidade vizinha de Belo Horizonte \u00e9 uma das melhores para se viver em Minas Gerais\" class=\"wp-image-147347\" srcset=\"https:\/\/www.em.com.br\/emfoco\/wp-content\/uploads\/2025\/12\/Sete-Lagoas-como-voce-nunca-viu-7L-MG-Drone-4K-1-6-screenshot-1-1024x576.jpg 1024w, https:\/\/www.em.com.br\/emfoco\/wp-content\/uploads\/2025\/12\/Sete-Lagoas-como-voce-nunca-viu-7L-MG-Drone-4K-1-6-screenshot-1-300x169.jpg 300w, https:\/\/www.em.com.br\/emfoco\/wp-content\/uploads\/2025\/12\/Sete-Lagoas-como-voce-nunca-viu-7L-MG-Drone-4K-1-6-screenshot-1-768x432.jpg 768w, https:\/\/www.em.com.br\/emfoco\/wp-content\/uploads\/2025\/12\/Sete-Lagoas-como-voce-nunca-viu-7L-MG-Drone-4K-1-6-screenshot-1-750x422.jpg 750w, https:\/\/www.em.com.br\/emfoco\/wp-content\/uploads\/2025\/12\/Sete-Lagoas-como-voce-nunca-viu-7L-MG-Drone-4K-1-6-screenshot-1-1140x641.jpg 1140w, https:\/\/www.em.com.br\/emfoco\/wp-content\/uploads\/2025\/12\/Sete-Lagoas-como-voce-nunca-viu-7L-MG-Drone-4K-1-6-screenshot-1.jpg 1280w\" sizes=\"auto, (max-width: 1024px) 100vw, 1024px\" \/><figcaption class=\"wp-element-caption\">Sete Lagoas \u00e9 a Terra das Lagoas com infraestrutura e bem-estar \/\/ Cr\u00e9ditos: YouTube.com\/@reloaddrone-urielmenezes<\/figcaption><\/figure><\/div>\n\n\n<h2 class=\"wp-block-heading\">Quais s\u00e3o os melhores espa\u00e7os para aproveitar o tempo livre?<\/h2>\n\n\n\n<p>A estrutura de lazer na regi\u00e3o oferece excelentes op\u00e7\u00f5es de passeio que valorizam a beleza das \u00e1guas e das montanhas, conforme os locais destacados na lista abaixo:<\/p>\n\n\n\n<ul class=\"wp-block-list has-medium-font-size\">\n<li><strong>Lagoa Paulino<\/strong>: Localizada no cora\u00e7\u00e3o da cidade, \u00e9 o ponto principal para encontrar amigos e caminhar em uma orla muito bem iluminada.<\/li>\n\n\n\n<li><strong>Serra de Santa Helena<\/strong>: O ponto mais alto da regi\u00e3o, onde fica a charmosa <strong>Capela de Santa Helena<\/strong> e se tem uma vista privilegiada de toda a cidade.<\/li>\n\n\n\n<li><strong>Lagoa da Boa Vista<\/strong>: Um espa\u00e7o amplo com pista de caminhada e \u00e1reas para praticar esportes, sendo ideal para o lazer das crian\u00e7as.<\/li>\n\n\n\n<li><strong>Museu Hist\u00f3rico Municipal<\/strong>: Fica em um antigo casar\u00e3o que preserva objetos e hist\u00f3rias do tempo em que a regi\u00e3o come\u00e7ou a ser povoada.<\/li>\n<\/ul>\n\n\n\n<p>Quem quer conhecer o interior de Minas, vai curtir esse v\u00eddeo especialmente selecionado do canal <strong>Luzit\u00e2nia Souza<\/strong>, que \u00e9 refer\u00eancia em <strong>Sete Lagoas<\/strong>, onde <strong>Luzit\u00e2nia<\/strong> mostra as principais <strong>lagoas<\/strong> e o <strong>turismo<\/strong> local:<\/p>\n\n\n\n<figure class=\"wp-block-embed is-type-video is-provider-youtube wp-block-embed-youtube wp-embed-aspect-16-9 wp-has-aspect-ratio\"><div class=\"wp-block-embed__wrapper\">\n<div class=\"jeg_video_container jeg_video_content\"><iframe loading=\"lazy\" title=\"TOUR PELA MINHA CIDADE ( PARTE 1) SETE LAGOAS MG - CIDADE DOS LAGOS ENCANTADOS.\" width=\"500\" height=\"281\" src=\"https:\/\/www.youtube.com\/embed\/yeICXdaTNN8?feature=oembed\" frameborder=\"0\" allow=\"accelerometer; autoplay; clipboard-write; encrypted-media; gyroscope; picture-in-picture; web-share\" referrerpolicy=\"strict-origin-when-cross-origin\" allowfullscreen><\/iframe><\/div>\n<\/div><\/figure>\n\n\n\n<p><strong>Leia tamb\u00e9m: <a href=\"https:\/\/www.em.com.br\/emfoco\/2026\/01\/24\/a-cidade-mineira-onde-o-tempo-parou-guardando-o-maior-tesouro-barroco-do-brasil-em-ruas-de-pedra-intocadas\/\" target=\"_blank\" rel=\"noreferrer noopener\">A cidade mineira onde o tempo parou, guardando o maior tesouro barroco do Brasil em ruas de pedra intocadas<\/a><\/strong><\/p>\n\n\n\n<h2 class=\"wp-block-heading\">Como a altitude e o vento definem o tempo<\/h2>\n\n\n\n<p>Localizada a 760 metros de altura, a regi\u00e3o recebe uma brisa fresca vinda das montanhas e das lagoas pr\u00f3ximas. Esse conjunto natural deixa o clima muito agrad\u00e1vel durante todo o ano, como mostram as informa\u00e7\u00f5es da tabela t\u00e9cnica a seguir:<\/p>\n\n\n\n<style>\n    .pf-weather-card {\n        font-family: 'Open Sans', -apple-system, BlinkMacSystemFont, \"Segoe UI\", Roboto, sans-serif;\n        margin: 25px auto;\n        max-width: 900px;\n        background: #ffffff;\n        border-radius: 12px;\n        box-shadow: 0 10px 30px rgba(0, 0, 0, 0.1);\n        overflow: hidden;\n        border: 1px solid #fff8e1; \/* Borda sutil combinando com o amarelo *\/\n    }\n\n    .pf-table {\n        width: 100%;\n        border-collapse: collapse;\n        margin: 0;\n    }\n\n    \/* --- CABE\u00c7ALHO AMARELO ESCURO \/ OCRE --- *\/\n    .pf-table thead tr {\n        background: linear-gradient(135deg, #f0a500 0%, #cf8500 100%);\n        text-align: left;\n    }\n\n    .pf-table th {\n        padding: 20px;\n        font-weight: 700;\n        text-transform: uppercase;\n        font-size: 13px;\n        letter-spacing: 1px;\n        \/* Texto Branco Blindado *\/\n        color: #ffffff !important; \n        text-shadow: 0 1px 2px rgba(0,0,0,0.1);\n    }\n\n    .pf-table td {\n        padding: 20px;\n        color: #37474f;\n        font-size: 15px;\n        line-height: 1.6;\n        border-bottom: 1px solid #f9fbe7;\n    }\n\n    .pf-table tbody tr:hover {\n        background-color: #fffde7;\n    }\n\n    .pf-badge {\n        display: inline-block;\n        padding: 4px 12px;\n        border-radius: 50px;\n        font-size: 11px;\n        font-weight: 800;\n        text-transform: uppercase;\n        margin-bottom: 8px;\n    }\n\n    \/* Badges harmonizadas com o tema amarelo *\/\n    .pf-alta { background: #fff3e0; color: #e65100; }\n    .pf-baixa { background: #efebe9; color: #4e342e; }\n    .pf-meia { background: #f1f8e9; color: #33691e; }\n\n    \/* --- CORRE\u00c7\u00c3O RESPONSIVA --- *\/\n    @media screen and (max-width: 767px) {\n        .pf-table thead { display: none; }\n        .pf-table, .pf-table tbody, .pf-table tr, .pf-table td { display: block; width: 100%; }\n        \n        .pf-table tr {\n            border-bottom: 15px solid #fafafa;\n            padding: 10px 0;\n        }\n\n        .pf-table td {\n            display: flex;\n            justify-content: space-between;\n            align-items: flex-start;\n            padding: 12px 20px;\n            border-bottom: 1px solid #eee;\n            text-align: right;\n            box-sizing: border-box;\n        }\n\n        .pf-table td:last-child {\n            border-bottom: none;\n            flex-direction: column;\n            text-align: left;\n        }\n\n        .pf-table td::before {\n            content: attr(data-label);\n            font-weight: 700;\n            color: #d4a017; \/* R\u00f3tulo dourado no mobile *\/\n            text-transform: uppercase;\n            font-size: 11px;\n            min-width: 120px;\n            text-align: left;\n            margin-right: 10px;\n            flex-shrink: 0;\n        }\n        \n        .pf-table td:last-child::before { margin-bottom: 8px; }\n    }\n<\/style>\n\n<div class=\"pf-weather-card\">\n    <table class=\"pf-table\">\n        <thead>\n            <tr>\n                <th>Per\u00edodo \/ Esta\u00e7\u00e3o<\/th>\n                <th>M\u00e9dia T\u00e9rmica<\/th>\n                <th>O que esperar<\/th>\n            <\/tr>\n        <\/thead>\n        <tbody>\n            <tr>\n                <td data-label=\"Per\u00edodo\/Esta\u00e7\u00e3o\">\n                    <div>\n                        <span class=\"pf-badge pf-alta\">Chuvas e Calor<\/span><br>\n                        <strong>Ver\u00e3o (Dez a Mar)<\/strong>\n                    <\/div>\n                <\/td>\n                <td data-label=\"M\u00e9dia T\u00e9rmica\">19\u00b0C a 29\u00b0C<\/td>\n                <td data-label=\"O que esperar\">Per\u00edodo de dias quentes e c\u00e9u muitas vezes encoberto. \u00c9 a \u00e9poca mais chuvosa, concentrando boa parte da precipita\u00e7\u00e3o anual. As tardes costumam ter pancadas de chuva que refrescam o calor.<\/td>\n            <\/tr>\n            <tr>\n                <td data-label=\"Per\u00edodo\/Esta\u00e7\u00e3o\">\n                    <div>\n                        <span class=\"pf-badge pf-meia\">Melhor \u00c9poca<\/span><br>\n                        <strong>Outono (Abr a Jun)<\/strong>\n                    <\/div>\n                <\/td>\n                <td data-label=\"M\u00e9dia T\u00e9rmica\">14\u00b0C a 27\u00b0C<\/td>\n                <td data-label=\"O que esperar\">As chuvas cessam e o c\u00e9u limpa, tornando-se o melhor per\u00edodo para fotos na Serra de Santa Helena. O clima fica ameno e extremamente agrad\u00e1vel para passeios ao ar livre.<\/td>\n            <\/tr>\n            <tr>\n                <td data-label=\"Per\u00edodo\/Esta\u00e7\u00e3o\">\n                    <div>\n                        <span class=\"pf-badge pf-baixa\">Seco e Fresco<\/span><br>\n                        <strong>Inverno (Jun a Set)<\/strong>\n                    <\/div>\n                <\/td>\n                <td data-label=\"M\u00e9dia T\u00e9rmica\">13\u00b0C a 25\u00b0C<\/td>\n                <td data-label=\"O que esperar\">Esta\u00e7\u00e3o marcada pelo ar seco e noites que podem ser bem frias (chegando a 10\u00b0C ou menos em frentes frias). Ideal para visitar a Gruta Rei do Mato sem o risco de umidade excessiva.<\/td>\n            <\/tr>\n            <tr>\n                <td data-label=\"Per\u00edodo\/Esta\u00e7\u00e3o\">\n                    <div>\n                        <span class=\"pf-badge pf-meia\">Transi\u00e7\u00e3o<\/span><br>\n                        <strong>Primavera (Set a Nov)<\/strong>\n                    <\/div>\n                <\/td>\n                <td data-label=\"M\u00e9dia T\u00e9rmica\">18\u00b0C a 29\u00b0C<\/td>\n                <td data-label=\"O que esperar\">O calor retorna gradualmente e os ventos se intensificam, especialmente em setembro. A umidade volta a subir, preparando a vegeta\u00e7\u00e3o do cerrado para florir novamente.<\/td>\n            <\/tr>\n        <\/tbody>\n    <\/table>\n<\/div>\n\n\n\n<p><em>Baseado em estimativas hist\u00f3ricas do <strong><a href=\"https:\/\/www.climatempo.com.br\/previsao-do-tempo\/cidade\/189\/setelagoas-mg\" target=\"_blank\" rel=\"noreferrer noopener\">Climatempo<\/a><\/strong>.<\/em><\/p>\n\n\n\n<h2 class=\"wp-block-heading\">Motivos para escolher esta regi\u00e3o como moradia<\/h2>\n\n\n\n<p>Viver nesta localidade significa ter acesso ao que h\u00e1 de melhor em trabalho e lazer no interior mineiro. Os benef\u00edcios de estabelecer sua casa nesta \u00e1rea de grande desenvolvimento est\u00e3o resumidos nos pontos explicados abaixo:<\/p>\n\n\n\n<ul class=\"wp-block-list has-medium-font-size\">\n<li>Acesso privilegiado pela <strong>Rodovia Federal (BR-040)<\/strong>, garantindo viagens r\u00e1pidas e um transporte eficiente para toda a regi\u00e3o metropolitana.<\/li>\n\n\n\n<li>Bairros com ruas seguras e muito arborizadas, garantindo que sua casa seja sempre um patrim\u00f4nio valorizado para o futuro de sua fam\u00edlia.<\/li>\n\n\n\n<li>Um sistema de educa\u00e7\u00e3o e sa\u00fade que atende com qualidade, oferecendo cuidado e aprendizado de alto n\u00edvel para moradores de todas as idades.<\/li>\n<\/ul>\n\n\n\n<p>Venha visitar Sete Lagoas e sinta de perto o prazer de viver em um lugar que une progresso e tranquilidade.<\/p>\n","protected":false},"excerpt":{"rendered":"<p>Sete Lagoas fica a cerca de 73 km de Belo Horizonte, sendo um centro de destaque no interior de Minas Gerais. A cidade cresce em uma dire\u00e7\u00e3o de desenvolvimento que une grandes empresas com a beleza de seus lagos, oferecendo ruas organizadas e uma estrutura completa para todos os seus habitantes. Por que a gruta [&hellip;]<\/p>\n","protected":false},"author":6,"featured_media":159999,"comment_status":"open","ping_status":"open","sticky":false,"template":"","format":"standard","meta":{"jnews-multi-image_gallery":[],"jnews_single_post":{"format":"standard"},"jnews_primary_category":[],"jnews_social_meta":[],"jnews_override_counter":[],"footnotes":""},"categories":[26],"tags":[183,207,1023],"class_list":["post-159672","post","type-post","status-publish","format-standard","has-post-thumbnail","hentry","category-cidades","tag-cidades","tag-minas-gerais","tag-sete-lagoas"],"yoast_head":"<!-- This site is optimized with the Yoast SEO plugin v23.8 - https:\/\/yoast.com\/wordpress\/plugins\/seo\/ -->\n<title>Essa cidade vizinha de Belo Horizonte garante qualidade de vida com bairros arborizados e lagos ic\u00f4nicos - Estado de Minas - Em foco<\/title>\n<meta name=\"description\" content=\"Cidade ao lado de Belo Horizonte se destaca pela qualidade de vida, ruas arborizadas e lagos ic\u00f4nicos que encantam moradores.\" \/>\n<meta name=\"robots\" content=\"index, follow, max-snippet:-1, max-image-preview:large, max-video-preview:-1\" \/>\n<link rel=\"canonical\" href=\"https:\/\/www.em.com.br\/emfoco\/2026\/01\/25\/essa-cidade-vizinha-de-belo-horizonte-garante-qualidade-de-vida-com-bairros-arborizados-e-lagos-iconicos\/\" \/>\n<meta property=\"og:locale\" content=\"pt_BR\" \/>\n<meta property=\"og:type\" content=\"article\" \/>\n<meta property=\"og:title\" content=\"Essa cidade vizinha de Belo Horizonte garante qualidade de vida com bairros arborizados e lagos ic\u00f4nicos - Estado de Minas - Em foco\" \/>\n<meta property=\"og:description\" content=\"Cidade ao lado de Belo Horizonte se destaca pela qualidade de vida, ruas arborizadas e lagos ic\u00f4nicos que encantam moradores.\" \/>\n<meta property=\"og:url\" content=\"https:\/\/www.em.com.br\/emfoco\/2026\/01\/25\/essa-cidade-vizinha-de-belo-horizonte-garante-qualidade-de-vida-com-bairros-arborizados-e-lagos-iconicos\/\" \/>\n<meta property=\"og:site_name\" content=\"Estado de Minas - Em foco\" \/>\n<meta property=\"article:published_time\" content=\"2026-01-25T21:05:00+00:00\" \/>\n<meta property=\"article:modified_time\" content=\"2026-01-25T19:23:54+00:00\" \/>\n<meta property=\"og:image\" content=\"https:\/\/www.em.com.br\/emfoco\/wp-content\/uploads\/2026\/01\/sete-lagoas2.jpg\" \/>\n\t<meta property=\"og:image:width\" content=\"1280\" \/>\n\t<meta property=\"og:image:height\" content=\"720\" \/>\n\t<meta property=\"og:image:type\" content=\"image\/jpeg\" \/>\n<meta name=\"author\" content=\"Vitor Bruno\" \/>\n<meta name=\"twitter:card\" content=\"summary_large_image\" \/>\n<meta name=\"twitter:label1\" content=\"Escrito por\" \/>\n\t<meta name=\"twitter:data1\" content=\"Vitor Bruno\" \/>\n\t<meta name=\"twitter:label2\" content=\"Est. tempo de leitura\" \/>\n\t<meta name=\"twitter:data2\" content=\"6 minutos\" \/>\n<!-- \/ Yoast SEO plugin. -->","yoast_head_json":{"title":"Essa cidade vizinha de Belo Horizonte garante qualidade de vida com bairros arborizados e lagos ic\u00f4nicos - Estado de Minas - Em foco","description":"Cidade ao lado de Belo Horizonte se destaca pela qualidade de vida, ruas arborizadas e lagos ic\u00f4nicos que encantam moradores.","robots":{"index":"index","follow":"follow","max-snippet":"max-snippet:-1","max-image-preview":"max-image-preview:large","max-video-preview":"max-video-preview:-1"},"canonical":"https:\/\/www.em.com.br\/emfoco\/2026\/01\/25\/essa-cidade-vizinha-de-belo-horizonte-garante-qualidade-de-vida-com-bairros-arborizados-e-lagos-iconicos\/","og_locale":"pt_BR","og_type":"article","og_title":"Essa cidade vizinha de Belo Horizonte garante qualidade de vida com bairros arborizados e lagos ic\u00f4nicos - Estado de Minas - Em foco","og_description":"Cidade ao lado de Belo Horizonte se destaca pela qualidade de vida, ruas arborizadas e lagos ic\u00f4nicos que encantam moradores.","og_url":"https:\/\/www.em.com.br\/emfoco\/2026\/01\/25\/essa-cidade-vizinha-de-belo-horizonte-garante-qualidade-de-vida-com-bairros-arborizados-e-lagos-iconicos\/","og_site_name":"Estado de Minas - Em foco","article_published_time":"2026-01-25T21:05:00+00:00","article_modified_time":"2026-01-25T19:23:54+00:00","og_image":[{"width":1280,"height":720,"url":"https:\/\/www.em.com.br\/emfoco\/wp-content\/uploads\/2026\/01\/sete-lagoas2.jpg","type":"image\/jpeg"}],"author":"Vitor Bruno","twitter_card":"summary_large_image","twitter_misc":{"Escrito por":"Vitor Bruno","Est. tempo de leitura":"6 minutos"},"schema":{"@context":"https:\/\/schema.org","@graph":[{"@type":"WebPage","@id":"https:\/\/www.em.com.br\/emfoco\/2026\/01\/25\/essa-cidade-vizinha-de-belo-horizonte-garante-qualidade-de-vida-com-bairros-arborizados-e-lagos-iconicos\/","url":"https:\/\/www.em.com.br\/emfoco\/2026\/01\/25\/essa-cidade-vizinha-de-belo-horizonte-garante-qualidade-de-vida-com-bairros-arborizados-e-lagos-iconicos\/","name":"Essa cidade vizinha de Belo Horizonte garante qualidade de vida com bairros arborizados e lagos ic\u00f4nicos - Estado de Minas - Em foco","isPartOf":{"@id":"https:\/\/www.em.com.br\/emfoco\/#website"},"primaryImageOfPage":{"@id":"https:\/\/www.em.com.br\/emfoco\/2026\/01\/25\/essa-cidade-vizinha-de-belo-horizonte-garante-qualidade-de-vida-com-bairros-arborizados-e-lagos-iconicos\/#primaryimage"},"image":{"@id":"https:\/\/www.em.com.br\/emfoco\/2026\/01\/25\/essa-cidade-vizinha-de-belo-horizonte-garante-qualidade-de-vida-com-bairros-arborizados-e-lagos-iconicos\/#primaryimage"},"thumbnailUrl":"https:\/\/www.em.com.br\/emfoco\/wp-content\/uploads\/2026\/01\/sete-lagoas2.jpg","datePublished":"2026-01-25T21:05:00+00:00","dateModified":"2026-01-25T19:23:54+00:00","author":{"@id":"https:\/\/www.em.com.br\/emfoco\/#\/schema\/person\/364ac1852fafd00f1be20f0b8b237569"},"description":"Cidade ao lado de Belo Horizonte se destaca pela qualidade de vida, ruas arborizadas e lagos ic\u00f4nicos que encantam moradores.","breadcrumb":{"@id":"https:\/\/www.em.com.br\/emfoco\/2026\/01\/25\/essa-cidade-vizinha-de-belo-horizonte-garante-qualidade-de-vida-com-bairros-arborizados-e-lagos-iconicos\/#breadcrumb"},"inLanguage":"pt-BR","potentialAction":[{"@type":"ReadAction","target":["https:\/\/www.em.com.br\/emfoco\/2026\/01\/25\/essa-cidade-vizinha-de-belo-horizonte-garante-qualidade-de-vida-com-bairros-arborizados-e-lagos-iconicos\/"]}]},{"@type":"ImageObject","inLanguage":"pt-BR","@id":"https:\/\/www.em.com.br\/emfoco\/2026\/01\/25\/essa-cidade-vizinha-de-belo-horizonte-garante-qualidade-de-vida-com-bairros-arborizados-e-lagos-iconicos\/#primaryimage","url":"https:\/\/www.em.com.br\/emfoco\/wp-content\/uploads\/2026\/01\/sete-lagoas2.jpg","contentUrl":"https:\/\/www.em.com.br\/emfoco\/wp-content\/uploads\/2026\/01\/sete-lagoas2.jpg","width":1280,"height":720,"caption":"A cidade mineira com grutas milenares, f\u00e1brica de caminh\u00f5es e lagoas no centro: viver em Sete Lagoas a 72 km de BH (imagem ilustrativa)"},{"@type":"BreadcrumbList","@id":"https:\/\/www.em.com.br\/emfoco\/2026\/01\/25\/essa-cidade-vizinha-de-belo-horizonte-garante-qualidade-de-vida-com-bairros-arborizados-e-lagos-iconicos\/#breadcrumb","itemListElement":[{"@type":"ListItem","position":1,"name":"In\u00edcio","item":"https:\/\/www.em.com.br\/emfoco\/"},{"@type":"ListItem","position":2,"name":"Essa cidade vizinha de Belo Horizonte garante qualidade de vida com bairros arborizados e lagos ic\u00f4nicos"}]},{"@type":"WebSite","@id":"https:\/\/www.em.com.br\/emfoco\/#website","url":"https:\/\/www.em.com.br\/emfoco\/","name":"Estado de Minas - Em foco","description":"Acompanhe as \u00faltimas not\u00edcias e fique bem informado sobre tudo o que acontece em Minas Gerais, Brasil e no mundo.","potentialAction":[{"@type":"SearchAction","target":{"@type":"EntryPoint","urlTemplate":"https:\/\/www.em.com.br\/emfoco\/?s={search_term_string}"},"query-input":{"@type":"PropertyValueSpecification","valueRequired":true,"valueName":"search_term_string"}}],"inLanguage":"pt-BR"},{"@type":"Person","@id":"https:\/\/www.em.com.br\/emfoco\/#\/schema\/person\/364ac1852fafd00f1be20f0b8b237569","name":"Vitor Bruno","image":{"@type":"ImageObject","inLanguage":"pt-BR","@id":"https:\/\/www.em.com.br\/emfoco\/#\/schema\/person\/image\/","url":"https:\/\/secure.gravatar.com\/avatar\/b719e5cdede09f942064960883b5524d?s=96&d=mm&r=g","contentUrl":"https:\/\/secure.gravatar.com\/avatar\/b719e5cdede09f942064960883b5524d?s=96&d=mm&r=g","caption":"Vitor Bruno"},"sameAs":["https:\/\/www.em.com.br\/emfoco\/"],"url":"https:\/\/www.em.com.br\/emfoco\/author\/vitormyth\/"}]}},"_links":{"self":[{"href":"https:\/\/www.em.com.br\/emfoco\/wp-json\/wp\/v2\/posts\/159672","targetHints":{"allow":["GET"]}}],"collection":[{"href":"https:\/\/www.em.com.br\/emfoco\/wp-json\/wp\/v2\/posts"}],"about":[{"href":"https:\/\/www.em.com.br\/emfoco\/wp-json\/wp\/v2\/types\/post"}],"author":[{"embeddable":true,"href":"https:\/\/www.em.com.br\/emfoco\/wp-json\/wp\/v2\/users\/6"}],"replies":[{"embeddable":true,"href":"https:\/\/www.em.com.br\/emfoco\/wp-json\/wp\/v2\/comments?post=159672"}],"version-history":[{"count":7,"href":"https:\/\/www.em.com.br\/emfoco\/wp-json\/wp\/v2\/posts\/159672\/revisions"}],"predecessor-version":[{"id":160011,"href":"https:\/\/www.em.com.br\/emfoco\/wp-json\/wp\/v2\/posts\/159672\/revisions\/160011"}],"wp:featuredmedia":[{"embeddable":true,"href":"https:\/\/www.em.com.br\/emfoco\/wp-json\/wp\/v2\/media\/159999"}],"wp:attachment":[{"href":"https:\/\/www.em.com.br\/emfoco\/wp-json\/wp\/v2\/media?parent=159672"}],"wp:term":[{"taxonomy":"category","embeddable":true,"href":"https:\/\/www.em.com.br\/emfoco\/wp-json\/wp\/v2\/categories?post=159672"},{"taxonomy":"post_tag","embeddable":true,"href":"https:\/\/www.em.com.br\/emfoco\/wp-json\/wp\/v2\/tags?post=159672"}],"curies":[{"name":"wp","href":"https:\/\/api.w.org\/{rel}","templated":true}]}}