{"id":159667,"date":"2026-01-24T19:55:00","date_gmt":"2026-01-24T22:55:00","guid":{"rendered":"https:\/\/www.em.com.br\/emfoco\/?p=159667"},"modified":"2026-01-24T09:14:49","modified_gmt":"2026-01-24T12:14:49","slug":"a-cidade-mineira-onde-o-tempo-parou-guardando-o-maior-tesouro-barroco-do-brasil-em-ruas-de-pedra-intocadas","status":"publish","type":"post","link":"https:\/\/www.em.com.br\/emfoco\/2026\/01\/24\/a-cidade-mineira-onde-o-tempo-parou-guardando-o-maior-tesouro-barroco-do-brasil-em-ruas-de-pedra-intocadas\/","title":{"rendered":"A cidade mineira onde o tempo parou, guardando o maior tesouro barroco do Brasil em ruas de pedra intocadas"},"content":{"rendered":"\n<p>A antiga <strong>Vila de S\u00e3o Jos\u00e9<\/strong>, situada nos arredores de <strong>S\u00e3o Jo\u00e3o del-Rei<\/strong>, est\u00e1 localizada a aproximadamente 190 km de <strong>Belo Horizonte<\/strong>. A cidade desempenha uma fun\u00e7\u00e3o urbana voltada ao turismo de alto padr\u00e3o e \u00e0 prote\u00e7\u00e3o da mem\u00f3ria nacional, funcionando como um importante polo de hospitalidade que atrai olhares para o interior de <strong>Minas Gerais<\/strong>.<\/p>\n\n\n\n<h2 class=\"wp-block-heading\">Por que Tiradentes preserva um dos conjuntos coloniais mais importantes do pa\u00eds?<\/h2>\n\n\n\n<p>O munic\u00edpio possui seu conjunto urbano integralmente tombado pelo <strong><a href=\"http:\/\/portal.iphan.gov.br\/pagina\/detalhes\/377\/\" target=\"_blank\" rel=\"noreferrer noopener\">Instituto do Patrim\u00f4nio Hist\u00f3rico e Art\u00edstico Nacional<\/a> (IPHAN)<\/strong>, o que garante a manuten\u00e7\u00e3o das caracter\u00edsticas originais do s\u00e9culo XVIII. Essa prote\u00e7\u00e3o rigorosa permite que as ruas de pedra e os casar\u00f5es mantenham a autenticidade, servindo como um modelo de planejamento que respeita a identidade brasileira.<\/p>\n\n\n\n<p>A conserva\u00e7\u00e3o do <strong>Centro Hist\u00f3rico<\/strong> n\u00e3o \u00e9 apenas um feito est\u00e9tico, mas um motor para o setor de servi\u00e7os especializados e para a economia da cultura. Essa autoridade em preserva\u00e7\u00e3o transforma a malha urbana em um cen\u00e1rio atemporal, onde o desenvolvimento caminha lado a lado com a manuten\u00e7\u00e3o das ra\u00edzes hist\u00f3ricas locais.<\/p>\n\n\n<div class=\"wp-block-image\">\n<figure class=\"aligncenter size-large\"><img loading=\"lazy\" decoding=\"async\" width=\"1024\" height=\"576\" src=\"https:\/\/www.em.com.br\/emfoco\/wp-content\/uploads\/2025\/12\/tiradentes_1763699940016-1024x576.jpg\" alt=\"\" class=\"wp-image-146959\" srcset=\"https:\/\/www.em.com.br\/emfoco\/wp-content\/uploads\/2025\/12\/tiradentes_1763699940016-1024x576.jpg 1024w, https:\/\/www.em.com.br\/emfoco\/wp-content\/uploads\/2025\/12\/tiradentes_1763699940016-300x169.jpg 300w, https:\/\/www.em.com.br\/emfoco\/wp-content\/uploads\/2025\/12\/tiradentes_1763699940016-768x432.jpg 768w, https:\/\/www.em.com.br\/emfoco\/wp-content\/uploads\/2025\/12\/tiradentes_1763699940016-750x422.jpg 750w, https:\/\/www.em.com.br\/emfoco\/wp-content\/uploads\/2025\/12\/tiradentes_1763699940016-1140x641.jpg 1140w, https:\/\/www.em.com.br\/emfoco\/wp-content\/uploads\/2025\/12\/tiradentes_1763699940016.jpg 1280w\" sizes=\"auto, (max-width: 1024px) 100vw, 1024px\" \/><figcaption class=\"wp-element-caption\">Tiradentes oferece momentos simples que se tornam especiais \/\/ Cr\u00e9ditos: depositphotos.com \/ sidneydealmeida<\/figcaption><\/figure><\/div>\n\n\n<h2 class=\"wp-block-heading\">Qual \u00e9 o volume populacional e a for\u00e7a produtiva local?<\/h2>\n\n\n\n<p>Com cerca de oito mil habitantes, conforme as estimativas do <a href=\"https:\/\/cidades.ibge.gov.br\/brasil\/mg\/tiradentes\/panorama\" target=\"_blank\" rel=\"noreferrer noopener\"><strong>Instituto Brasileiro de Geografia e Estat\u00edstica (IBGE)<\/strong><\/a>, o munic\u00edpio possui uma economia focada na excel\u00eancia do atendimento. A cadeia produtiva \u00e9 sustentada pelo turismo de experi\u00eancia, pela hotelaria de charme e pela produ\u00e7\u00e3o artesanal de alto valor agregado.<\/p>\n\n\n\n<p>O setor de servi\u00e7os \u00e9 qualificado pela proximidade com centros de ensino t\u00e9cnico e superior da regi\u00e3o, garantindo m\u00e3o de obra preparada para demandas exigentes. Esse fluxo econ\u00f4mico constante permite que a cidade mantenha uma infraestrutura consolidada, garantindo estabilidade para quem investe e reside no local.<\/p>\n\n\n<div class=\"wp-block-image\">\n<figure class=\"aligncenter size-large\"><img loading=\"lazy\" decoding=\"async\" width=\"1024\" height=\"576\" src=\"https:\/\/www.em.com.br\/emfoco\/wp-content\/uploads\/2025\/12\/tiradentes_1763699876458-1024x576.jpg\" alt=\"\" class=\"wp-image-146957\" srcset=\"https:\/\/www.em.com.br\/emfoco\/wp-content\/uploads\/2025\/12\/tiradentes_1763699876458-1024x576.jpg 1024w, https:\/\/www.em.com.br\/emfoco\/wp-content\/uploads\/2025\/12\/tiradentes_1763699876458-300x169.jpg 300w, https:\/\/www.em.com.br\/emfoco\/wp-content\/uploads\/2025\/12\/tiradentes_1763699876458-768x432.jpg 768w, https:\/\/www.em.com.br\/emfoco\/wp-content\/uploads\/2025\/12\/tiradentes_1763699876458-750x422.jpg 750w, https:\/\/www.em.com.br\/emfoco\/wp-content\/uploads\/2025\/12\/tiradentes_1763699876458-1140x641.jpg 1140w, https:\/\/www.em.com.br\/emfoco\/wp-content\/uploads\/2025\/12\/tiradentes_1763699876458.jpg 1280w\" sizes=\"auto, (max-width: 1024px) 100vw, 1024px\" \/><figcaption class=\"wp-element-caption\">Tiradentes, no interior de Minas Gerais \/\/ Cr\u00e9ditos: depositphotos.com \/ brunomartins246<\/figcaption><\/figure><\/div>\n\n\n<h2 class=\"wp-block-heading\">Quais locais proporcionam as melhores viv\u00eancias culturais e naturais?<\/h2>\n\n\n\n<p>O munic\u00edpio oferece espa\u00e7os que unem a suntuosidade do estilo barroco com a exuber\u00e2ncia da vegeta\u00e7\u00e3o nativa em \u00e1reas protegidas. Voc\u00ea pode conferir os pontos de encontro mais emblem\u00e1ticos da regi\u00e3o na lista detalhada abaixo:<\/p>\n\n\n\n<ul class=\"wp-block-list has-medium-font-size\">\n<li><strong>Igreja Matriz de Santo Ant\u00f4nio<\/strong>: Um dos maiores tesouros da arte brasileira, com fachada atribu\u00edda ao mestre <strong>Aleijadinho<\/strong> e vista privilegiada para o conjunto urbano.<\/li>\n\n\n\n<li><strong>Chafariz de S\u00e3o Jos\u00e9<\/strong>: Constru\u00e7\u00e3o secular em pedra que ainda abastece a comunidade local com \u00e1guas provenientes de fontes naturais da serra.<\/li>\n\n\n\n<li><strong>Serra de S\u00e3o Jos\u00e9<\/strong>: \u00c1rea de prote\u00e7\u00e3o ambiental que oferece trilhas para contempla\u00e7\u00e3o da biodiversidade na transi\u00e7\u00e3o entre Mata Atl\u00e2ntica e Cerrado.<\/li>\n\n\n\n<li><strong>Maria Fuma\u00e7a<\/strong>: Passeio ferrovi\u00e1rio hist\u00f3rico que conecta o munic\u00edpio \u00e0 cidade vizinha, proporcionando uma viagem sensorial pelas paisagens do s\u00e9culo XIX.<\/li>\n<\/ul>\n\n\n\n<p>Quem <strong>quer viajar para Minas Gerais<\/strong>, vai curtir esse v\u00eddeo especialmente selecionado do canal <strong>Rol\u00ea Fam\u00edlia<\/strong>, que conta com mais de 268 mil inscritos, onde o apresentador mostra um <strong>roteiro de 5 dias<\/strong> com pre\u00e7os por <strong>Tiradentes<\/strong> e regi\u00e3o:<\/p>\n\n\n\n<figure class=\"wp-block-embed is-type-video is-provider-youtube wp-block-embed-youtube wp-embed-aspect-16-9 wp-has-aspect-ratio\"><div class=\"wp-block-embed__wrapper\">\n<div class=\"jeg_video_container jeg_video_content\"><iframe loading=\"lazy\" title=\"TIRADENTES e REGI\u00c3O, Minas Gerais: Roteiro de 5 dias do que fazer e onde comer (com PRE\u00c7OS)\" width=\"500\" height=\"281\" src=\"https:\/\/www.youtube.com\/embed\/BwMv_eZ6ZL8?feature=oembed\" frameborder=\"0\" allow=\"accelerometer; autoplay; clipboard-write; encrypted-media; gyroscope; picture-in-picture; web-share\" referrerpolicy=\"strict-origin-when-cross-origin\" allowfullscreen><\/iframe><\/div>\n<\/div><\/figure>\n\n\n\n<p><strong>Leia tamb\u00e9m: <a href=\"https:\/\/www.em.com.br\/emfoco\/2026\/01\/23\/a-cidade-no-coracao-de-goias-que-recebeu-titulo-mundial-por-ter-mais-de-1-milhao-de-arvores\/\" target=\"_blank\" rel=\"noreferrer noopener\">A cidade no cora\u00e7\u00e3o de Goi\u00e1s que recebeu t\u00edtulo mundial por ter mais de 1 milh\u00e3o de \u00e1rvores<\/a><\/strong><\/p>\n\n\n\n<h2 class=\"wp-block-heading\">Como a altitude e o relevo definem o tempo<\/h2>\n\n\n\n<p>Situada a 927 metros de altitude, a cidade desfruta de um clima tropical de altitude, caracterizado por noites frescas e uma brisa constante que desce das montanhas. Essa condi\u00e7\u00e3o geogr\u00e1fica garante um conforto t\u00e9rmico excelente para as atividades ao ar livre, conforme detalhado na tabela a seguir:<\/p>\n\n\n\n<div style=\"font-family: 'Open Sans', sans-serif; margin: 25px auto; max-width: 900px; background: #ffffff; border-radius: 12px; box-shadow: 0 10px 30px rgba(0, 0, 0, 0.05); overflow: hidden; border: 1px solid #e0e0e0;\">\n    \n    <table style=\"width: 100%; border-collapse: collapse; margin: 0; table-layout: auto;\">\n        <thead>\n            <tr style=\"background: #263238;\">\n                <th style=\"padding: 20px; font-weight: 700; text-transform: uppercase; font-size: 13px; letter-spacing: 1px; color: #ffffff !important; text-align: left; border: none;\">Esta\u00e7\u00e3o \/ Meses<\/th>\n                <th style=\"padding: 20px; font-weight: 700; text-transform: uppercase; font-size: 13px; letter-spacing: 1px; color: #ffffff !important; text-align: left; border: none;\">Temperatura<\/th>\n                <th style=\"padding: 20px; font-weight: 700; text-transform: uppercase; font-size: 13px; letter-spacing: 1px; color: #ffffff !important; text-align: left; border: none;\">O que esperar<\/th>\n            <\/tr>\n        <\/thead>\n        \n        <tbody>\n            <tr style=\"border-bottom: 1px solid #f5f5f5; border-left: 6px solid #e76f51;\">\n                <td style=\"padding: 18px 20px; color: #263238; font-size: 15px;\">\n                    <div style=\"margin-bottom: 8px;\">\n                        <span style=\"display: inline-block; padding: 3px 10px; border-radius: 4px; font-size: 10px; font-weight: 800; text-transform: uppercase; background: #fdf2f0; color: #e76f51; border: 1px solid #f9d8d1;\">\u00c9poca das \u00c1guas<\/span>\n                    <\/div>\n                    <strong style=\"color: #e76f51; font-size: 16px;\">Ver\u00e3o (Dez a Mar)<\/strong>\n                <\/td>\n                <td style=\"padding: 18px 20px; color: #263238; font-size: 16px;\">18\u00b0C a 28\u00b0C<\/td>\n                <td style=\"padding: 18px 20px; color: #546e7a; font-size: 15px; line-height: 1.6;\">Per\u00edodo mais chuvoso. A Serra de S\u00e3o Jos\u00e9 fica exuberante e as cachoeiras volumosas, mas as pedras &#8220;p\u00e9 de moleque&#8221; ficam escorregadias.<\/td>\n            <\/tr>\n\n            <tr style=\"border-bottom: 1px solid #f5f5f5; border-left: 6px solid #e9c46a; background-color: #fafafa;\">\n                <td style=\"padding: 18px 20px; color: #263238; font-size: 15px;\">\n                    <div style=\"margin-bottom: 8px;\">\n                        <span style=\"display: inline-block; padding: 3px 10px; border-radius: 4px; font-size: 10px; font-weight: 800; text-transform: uppercase; background: #fef9ed; color: #b08d32; border: 1px solid #f8e9c4;\">Melhor \u00c9poca<\/span>\n                    <\/div>\n                    <strong style=\"color: #b08d32; font-size: 16px;\">Outono (Mar a Jun)<\/strong>\n                <\/td>\n                <td style=\"padding: 18px 20px; color: #263238; font-size: 16px;\">13\u00b0C a 25\u00b0C<\/td>\n                <td style=\"padding: 18px 20px; color: #546e7a; font-size: 15px; line-height: 1.6;\">Transi\u00e7\u00e3o ideal: as chuvas diminuem e o c\u00e9u fica muito limpo. Dias ensolarados e noites com um frescor agrad\u00e1vel para circular pela cidade.<\/td>\n            <\/tr>\n\n            <tr style=\"border-bottom: 1px solid #f5f5f5; border-left: 6px solid #457b9d;\">\n                <td style=\"padding: 18px 20px; color: #263238; font-size: 15px;\">\n                    <div style=\"margin-bottom: 8px;\">\n                        <span style=\"display: inline-block; padding: 3px 10px; border-radius: 4px; font-size: 10px; font-weight: 800; text-transform: uppercase; background: #f1f6f9; color: #1d3557; border: 1px solid #d1e3ee;\">Alta Temporada<\/span>\n                    <\/div>\n                    <strong style=\"color: #1d3557; font-size: 16px;\">Inverno (Jun a Set)<\/strong>\n                <\/td>\n                <td style=\"padding: 18px 20px; color: #263238; font-size: 16px;\">8\u00b0C a 22\u00b0C<\/td>\n                <td style=\"padding: 18px 20px; color: #546e7a; font-size: 15px; line-height: 1.6;\">Clima seco e frio intenso durante a noite. \u00c9poca do famoso Festival de Gastronomia e ideal para vinhos, lareiras e fondues.<\/td>\n            <\/tr>\n\n            <tr style=\"border-left: 6px solid #2a9d8f; background-color: #fafafa;\">\n                <td style=\"padding: 18px 20px; color: #263238; font-size: 15px;\">\n                    <div style=\"margin-bottom: 8px;\">\n                        <span style=\"display: inline-block; padding: 3px 10px; border-radius: 4px; font-size: 10px; font-weight: 800; text-transform: uppercase; background: #f0f9f8; color: #264653; border: 1px solid #cceae7;\">Florescer<\/span>\n                    <\/div>\n                    <strong style=\"color: #264653; font-size: 16px;\">Primavera (Set a Dez)<\/strong>\n                <\/td>\n                <td style=\"padding: 18px 20px; color: #263238; font-size: 16px;\">16\u00b0C a 27\u00b0C<\/td>\n                <td style=\"padding: 18px 20px; color: #546e7a; font-size: 15px; line-height: 1.6;\">As temperaturas voltam a subir. A natureza da regi\u00e3o se renova e as cores das flores contrastam lindamente com o casario colonial.<\/td>\n            <\/tr>\n        <\/tbody>\n    <\/table>\n<\/div>\n\n\n\n<p><em>Baseado em estimativas hist\u00f3ricas do <strong><a href=\"https:\/\/www.climatempo.com.br\/previsao-do-tempo\/cidade\/197\/tiradentes-mg\" target=\"_blank\" rel=\"noreferrer noopener\">Climatempo<\/a><\/strong>.<\/em><\/p>\n\n\n\n<h2 class=\"wp-block-heading\">Motivos para estabelecer resid\u00eancia em Tiradentes<\/h2>\n\n\n\n<p>Morar neste destino significa escolher um estilo de vida que une o prest\u00edgio cultural com a seguran\u00e7a de uma comunidade acolhedora. A infraestrutura e a localiza\u00e7\u00e3o estrat\u00e9gica apresentam vantagens fundamentais para novos moradores:<\/p>\n\n\n\n<ul class=\"wp-block-list has-medium-font-size\">\n<li><strong>Conex\u00e3o hist\u00f3rica<\/strong>: Localiza\u00e7\u00e3o privilegiada na <strong>Estrada Real<\/strong>, facilitando o acesso a outros roteiros culturais e gastron\u00f4micos do estado.<\/li>\n\n\n\n<li><strong>Bem-estar consolidado<\/strong>: Um ambiente que prioriza o sil\u00eancio, o ar puro e a conviv\u00eancia em espa\u00e7os p\u00fablicos que s\u00e3o marcos da arquitetura brasileira.<\/li>\n\n\n\n<li><strong>Valoriza\u00e7\u00e3o cont\u00ednua<\/strong>: Um mercado imobili\u00e1rio focado na preserva\u00e7\u00e3o, garantindo que o patrim\u00f4nio e a qualidade de vida permane\u00e7am protegidos.<\/li>\n<\/ul>\n\n\n\n<p>Venha sentir a vitalidade de Tiradentes.<\/p>\n","protected":false},"excerpt":{"rendered":"<p>A antiga Vila de S\u00e3o Jos\u00e9, situada nos arredores de S\u00e3o Jo\u00e3o del-Rei, est\u00e1 localizada a aproximadamente 190 km de Belo Horizonte. A cidade desempenha uma fun\u00e7\u00e3o urbana voltada ao turismo de alto padr\u00e3o e \u00e0 prote\u00e7\u00e3o da mem\u00f3ria nacional, funcionando como um importante polo de hospitalidade que atrai olhares para o interior de Minas [&hellip;]<\/p>\n","protected":false},"author":6,"featured_media":159757,"comment_status":"open","ping_status":"open","sticky":false,"template":"","format":"standard","meta":{"jnews-multi-image_gallery":[],"jnews_single_post":{"format":"standard"},"jnews_primary_category":[],"jnews_social_meta":[],"jnews_override_counter":[],"footnotes":""},"categories":[26],"tags":[183,207,1054],"class_list":["post-159667","post","type-post","status-publish","format-standard","has-post-thumbnail","hentry","category-cidades","tag-cidades","tag-minas-gerais","tag-tiradentes"],"yoast_head":"<!-- This site is optimized with the Yoast SEO plugin v23.8 - https:\/\/yoast.com\/wordpress\/plugins\/seo\/ -->\n<title>A cidade mineira onde o tempo parou, guardando o maior tesouro barroco do Brasil em ruas de pedra intocadas - Estado de Minas - Em foco<\/title>\n<meta name=\"description\" content=\"Essa cidade mineira mant\u00e9m o tempo congelado, com ruas de pedra intactas e o maior tesouro barroco do Brasil preservado.\" \/>\n<meta name=\"robots\" content=\"index, follow, max-snippet:-1, max-image-preview:large, max-video-preview:-1\" \/>\n<link rel=\"canonical\" href=\"https:\/\/www.em.com.br\/emfoco\/2026\/01\/24\/a-cidade-mineira-onde-o-tempo-parou-guardando-o-maior-tesouro-barroco-do-brasil-em-ruas-de-pedra-intocadas\/\" \/>\n<meta property=\"og:locale\" content=\"pt_BR\" \/>\n<meta property=\"og:type\" content=\"article\" \/>\n<meta property=\"og:title\" content=\"A cidade mineira onde o tempo parou, guardando o maior tesouro barroco do Brasil em ruas de pedra intocadas - Estado de Minas - Em foco\" \/>\n<meta property=\"og:description\" content=\"Essa cidade mineira mant\u00e9m o tempo congelado, com ruas de pedra intactas e o maior tesouro barroco do Brasil preservado.\" \/>\n<meta property=\"og:url\" content=\"https:\/\/www.em.com.br\/emfoco\/2026\/01\/24\/a-cidade-mineira-onde-o-tempo-parou-guardando-o-maior-tesouro-barroco-do-brasil-em-ruas-de-pedra-intocadas\/\" \/>\n<meta property=\"og:site_name\" content=\"Estado de Minas - Em foco\" \/>\n<meta property=\"article:published_time\" content=\"2026-01-24T22:55:00+00:00\" \/>\n<meta property=\"article:modified_time\" content=\"2026-01-24T12:14:49+00:00\" \/>\n<meta property=\"og:image\" content=\"https:\/\/www.em.com.br\/emfoco\/wp-content\/uploads\/2026\/01\/image-3.png\" \/>\n\t<meta property=\"og:image:width\" content=\"1280\" \/>\n\t<meta property=\"og:image:height\" content=\"720\" \/>\n\t<meta property=\"og:image:type\" content=\"image\/png\" \/>\n<meta name=\"author\" content=\"Vitor Bruno\" \/>\n<meta name=\"twitter:card\" content=\"summary_large_image\" \/>\n<meta name=\"twitter:label1\" content=\"Escrito por\" \/>\n\t<meta name=\"twitter:data1\" content=\"Vitor Bruno\" \/>\n\t<meta name=\"twitter:label2\" content=\"Est. tempo de leitura\" \/>\n\t<meta name=\"twitter:data2\" content=\"5 minutos\" \/>\n<!-- \/ Yoast SEO plugin. -->","yoast_head_json":{"title":"A cidade mineira onde o tempo parou, guardando o maior tesouro barroco do Brasil em ruas de pedra intocadas - Estado de Minas - Em foco","description":"Essa cidade mineira mant\u00e9m o tempo congelado, com ruas de pedra intactas e o maior tesouro barroco do Brasil preservado.","robots":{"index":"index","follow":"follow","max-snippet":"max-snippet:-1","max-image-preview":"max-image-preview:large","max-video-preview":"max-video-preview:-1"},"canonical":"https:\/\/www.em.com.br\/emfoco\/2026\/01\/24\/a-cidade-mineira-onde-o-tempo-parou-guardando-o-maior-tesouro-barroco-do-brasil-em-ruas-de-pedra-intocadas\/","og_locale":"pt_BR","og_type":"article","og_title":"A cidade mineira onde o tempo parou, guardando o maior tesouro barroco do Brasil em ruas de pedra intocadas - Estado de Minas - Em foco","og_description":"Essa cidade mineira mant\u00e9m o tempo congelado, com ruas de pedra intactas e o maior tesouro barroco do Brasil preservado.","og_url":"https:\/\/www.em.com.br\/emfoco\/2026\/01\/24\/a-cidade-mineira-onde-o-tempo-parou-guardando-o-maior-tesouro-barroco-do-brasil-em-ruas-de-pedra-intocadas\/","og_site_name":"Estado de Minas - Em foco","article_published_time":"2026-01-24T22:55:00+00:00","article_modified_time":"2026-01-24T12:14:49+00:00","og_image":[{"width":1280,"height":720,"url":"https:\/\/www.em.com.br\/emfoco\/wp-content\/uploads\/2026\/01\/image-3.png","type":"image\/png"}],"author":"Vitor Bruno","twitter_card":"summary_large_image","twitter_misc":{"Escrito por":"Vitor Bruno","Est. tempo de leitura":"5 minutos"},"schema":{"@context":"https:\/\/schema.org","@graph":[{"@type":"WebPage","@id":"https:\/\/www.em.com.br\/emfoco\/2026\/01\/24\/a-cidade-mineira-onde-o-tempo-parou-guardando-o-maior-tesouro-barroco-do-brasil-em-ruas-de-pedra-intocadas\/","url":"https:\/\/www.em.com.br\/emfoco\/2026\/01\/24\/a-cidade-mineira-onde-o-tempo-parou-guardando-o-maior-tesouro-barroco-do-brasil-em-ruas-de-pedra-intocadas\/","name":"A cidade mineira onde o tempo parou, guardando o maior tesouro barroco do Brasil em ruas de pedra intocadas - Estado de Minas - Em foco","isPartOf":{"@id":"https:\/\/www.em.com.br\/emfoco\/#website"},"primaryImageOfPage":{"@id":"https:\/\/www.em.com.br\/emfoco\/2026\/01\/24\/a-cidade-mineira-onde-o-tempo-parou-guardando-o-maior-tesouro-barroco-do-brasil-em-ruas-de-pedra-intocadas\/#primaryimage"},"image":{"@id":"https:\/\/www.em.com.br\/emfoco\/2026\/01\/24\/a-cidade-mineira-onde-o-tempo-parou-guardando-o-maior-tesouro-barroco-do-brasil-em-ruas-de-pedra-intocadas\/#primaryimage"},"thumbnailUrl":"https:\/\/www.em.com.br\/emfoco\/wp-content\/uploads\/2026\/01\/image-3.png","datePublished":"2026-01-24T22:55:00+00:00","dateModified":"2026-01-24T12:14:49+00:00","author":{"@id":"https:\/\/www.em.com.br\/emfoco\/#\/schema\/person\/364ac1852fafd00f1be20f0b8b237569"},"description":"Essa cidade mineira mant\u00e9m o tempo congelado, com ruas de pedra intactas e o maior tesouro barroco do Brasil preservado.","breadcrumb":{"@id":"https:\/\/www.em.com.br\/emfoco\/2026\/01\/24\/a-cidade-mineira-onde-o-tempo-parou-guardando-o-maior-tesouro-barroco-do-brasil-em-ruas-de-pedra-intocadas\/#breadcrumb"},"inLanguage":"pt-BR","potentialAction":[{"@type":"ReadAction","target":["https:\/\/www.em.com.br\/emfoco\/2026\/01\/24\/a-cidade-mineira-onde-o-tempo-parou-guardando-o-maior-tesouro-barroco-do-brasil-em-ruas-de-pedra-intocadas\/"]}]},{"@type":"ImageObject","inLanguage":"pt-BR","@id":"https:\/\/www.em.com.br\/emfoco\/2026\/01\/24\/a-cidade-mineira-onde-o-tempo-parou-guardando-o-maior-tesouro-barroco-do-brasil-em-ruas-de-pedra-intocadas\/#primaryimage","url":"https:\/\/www.em.com.br\/emfoco\/wp-content\/uploads\/2026\/01\/image-3.png","contentUrl":"https:\/\/www.em.com.br\/emfoco\/wp-content\/uploads\/2026\/01\/image-3.png","width":1280,"height":720,"caption":"Tiradentes encanta com o barroco da Matriz e o charme das ruas de pedra coloniais (imagem ilustrativa)"},{"@type":"BreadcrumbList","@id":"https:\/\/www.em.com.br\/emfoco\/2026\/01\/24\/a-cidade-mineira-onde-o-tempo-parou-guardando-o-maior-tesouro-barroco-do-brasil-em-ruas-de-pedra-intocadas\/#breadcrumb","itemListElement":[{"@type":"ListItem","position":1,"name":"In\u00edcio","item":"https:\/\/www.em.com.br\/emfoco\/"},{"@type":"ListItem","position":2,"name":"A cidade mineira onde o tempo parou, guardando o maior tesouro barroco do Brasil em ruas de pedra intocadas"}]},{"@type":"WebSite","@id":"https:\/\/www.em.com.br\/emfoco\/#website","url":"https:\/\/www.em.com.br\/emfoco\/","name":"Estado de Minas - Em foco","description":"Acompanhe as \u00faltimas not\u00edcias e fique bem informado sobre tudo o que acontece em Minas Gerais, Brasil e no mundo.","potentialAction":[{"@type":"SearchAction","target":{"@type":"EntryPoint","urlTemplate":"https:\/\/www.em.com.br\/emfoco\/?s={search_term_string}"},"query-input":{"@type":"PropertyValueSpecification","valueRequired":true,"valueName":"search_term_string"}}],"inLanguage":"pt-BR"},{"@type":"Person","@id":"https:\/\/www.em.com.br\/emfoco\/#\/schema\/person\/364ac1852fafd00f1be20f0b8b237569","name":"Vitor Bruno","image":{"@type":"ImageObject","inLanguage":"pt-BR","@id":"https:\/\/www.em.com.br\/emfoco\/#\/schema\/person\/image\/","url":"https:\/\/secure.gravatar.com\/avatar\/b719e5cdede09f942064960883b5524d?s=96&d=mm&r=g","contentUrl":"https:\/\/secure.gravatar.com\/avatar\/b719e5cdede09f942064960883b5524d?s=96&d=mm&r=g","caption":"Vitor Bruno"},"sameAs":["https:\/\/www.em.com.br\/emfoco\/"],"url":"https:\/\/www.em.com.br\/emfoco\/author\/vitormyth\/"}]}},"_links":{"self":[{"href":"https:\/\/www.em.com.br\/emfoco\/wp-json\/wp\/v2\/posts\/159667","targetHints":{"allow":["GET"]}}],"collection":[{"href":"https:\/\/www.em.com.br\/emfoco\/wp-json\/wp\/v2\/posts"}],"about":[{"href":"https:\/\/www.em.com.br\/emfoco\/wp-json\/wp\/v2\/types\/post"}],"author":[{"embeddable":true,"href":"https:\/\/www.em.com.br\/emfoco\/wp-json\/wp\/v2\/users\/6"}],"replies":[{"embeddable":true,"href":"https:\/\/www.em.com.br\/emfoco\/wp-json\/wp\/v2\/comments?post=159667"}],"version-history":[{"count":9,"href":"https:\/\/www.em.com.br\/emfoco\/wp-json\/wp\/v2\/posts\/159667\/revisions"}],"predecessor-version":[{"id":159775,"href":"https:\/\/www.em.com.br\/emfoco\/wp-json\/wp\/v2\/posts\/159667\/revisions\/159775"}],"wp:featuredmedia":[{"embeddable":true,"href":"https:\/\/www.em.com.br\/emfoco\/wp-json\/wp\/v2\/media\/159757"}],"wp:attachment":[{"href":"https:\/\/www.em.com.br\/emfoco\/wp-json\/wp\/v2\/media?parent=159667"}],"wp:term":[{"taxonomy":"category","embeddable":true,"href":"https:\/\/www.em.com.br\/emfoco\/wp-json\/wp\/v2\/categories?post=159667"},{"taxonomy":"post_tag","embeddable":true,"href":"https:\/\/www.em.com.br\/emfoco\/wp-json\/wp\/v2\/tags?post=159667"}],"curies":[{"name":"wp","href":"https:\/\/api.w.org\/{rel}","templated":true}]}}