{"id":159662,"date":"2026-01-25T17:00:00","date_gmt":"2026-01-25T20:00:00","guid":{"rendered":"https:\/\/www.em.com.br\/emfoco\/?p=159662"},"modified":"2026-02-12T23:37:01","modified_gmt":"2026-02-13T02:37:01","slug":"esses-3-cortes-de-cabelo-rejuvenescem-o-rosto-e-prometem-ser-tendencia-no-verao-de-2026","status":"publish","type":"post","link":"https:\/\/www.em.com.br\/emfoco\/2026\/01\/25\/esses-3-cortes-de-cabelo-rejuvenescem-o-rosto-e-prometem-ser-tendencia-no-verao-de-2026\/","title":{"rendered":"Esses 3 cortes de cabelo rejuvenescem o rosto e prometem ser tend\u00eancia no ver\u00e3o de 2026"},"content":{"rendered":"\n<p>Cortes de cabelo que rejuvenescem no ver\u00e3o apostam em leveza, movimento e praticidade, trazendo um visual mais fresco, moderno e f\u00e1cil de cuidar. Em dias quentes, muita gente busca um estilo que refresque a nuca, facilite a secagem ao ar livre e suavize os tra\u00e7os do rosto, criando a sensa\u00e7\u00e3o de fisionomia mais descansada, linhas menos marcadas e uma apar\u00eancia atual sem exigir grandes mudan\u00e7as na rotina.<\/p>\n\n\n\n<h2 class=\"wp-block-heading\">Quais cortes de cabelo que rejuvenescem combinam melhor com o ver\u00e3o<\/h2>\n\n\n\n<p>Entre as op\u00e7\u00f5es mais buscadas nos sal\u00f5es em 2026, destacam-se cortes que aliam frescor, praticidade e apar\u00eancia mais jovem. Eles costumam se dividir em tr\u00eas grupos principais, que se adaptam bem a diferentes rotinas e estilos pessoais.<\/p>\n\n\n\n<ul class=\"wp-block-list\">\n<li><b>Bob curto desconectado:<\/b> indicado para quem busca praticidade e leveza, com pontas irregulares que d\u00e3o <b>movimento<\/b>.<\/li>\n\n\n\n<li><b>Long bob em camadas:<\/b> op\u00e7\u00e3o intermedi\u00e1ria entre o m\u00e9dio e o curto, com caimento vers\u00e1til que combina com ambientes <b>formais e informais<\/b>.<\/li>\n\n\n\n<li><b>Shaggy hair moderno:<\/b> corte em camadas marcadas e <b>franja suave<\/b>, valorizando ondas naturais e criando um efeito despojado.<\/li>\n<\/ul>\n\n\n\n<p>Em cabelos lisos, o foco \u00e9 criar movimento para evitar o efeito chapado; em fios ondulados, organizar o volume sem tirar a naturalidade. J\u00e1 em cabelos cacheados e crespos, os cortes que rejuvenescem valorizam o desenho dos cachos e facilitam a defini\u00e7\u00e3o, respeitando o tempo de cuidado de cada pessoa.<\/p>\n\n\n\n<figure class=\"wp-block-embed is-type-rich is-provider-pinterest wp-block-embed-pinterest\"><div class=\"wp-block-embed__wrapper\">\n<iframe loading=\"lazy\" title=\" \" src=\"https:\/\/assets.pinterest.com\/ext\/embed.html?id=33214115995187086&#038;src=oembed\" height=\"743\" width=\"450\" frameborder=\"0\" scrolling=\"no\" ><\/iframe>\n<\/div><\/figure>\n\n\n\n<h2 class=\"wp-block-heading\">Quais caracter\u00edsticas mais ajudam nos cortes que rejuvenescem<\/h2>\n\n\n\n<p>Embora cada rosto pe\u00e7a solu\u00e7\u00f5es diferentes, alguns elementos aparecem com frequ\u00eancia em cortes de cabelo que rejuvenescem no ver\u00e3o. Camadas bem posicionadas, franjas adaptadas ao formato facial e desfiado discreto nas pontas criam dinamismo e evitam o visual pesado, que costuma acentuar linhas de express\u00e3o.<\/p>\n\n\n\n<ul class=\"wp-block-list\">\n<li><strong>Camadas suaves<\/strong>&nbsp;reduzem volume em \u00e1reas estrat\u00e9gicas e d\u00e3o balan\u00e7o sem deixar o cabelo ralo.<\/li>\n\n\n\n<li><strong>Franjas adaptadas<\/strong>&nbsp;podem disfar\u00e7ar testa alta, suavizar marcas na regi\u00e3o dos olhos ou equilibrar rostos alongados.<\/li>\n\n\n\n<li><strong>Desfiado leve<\/strong>&nbsp;quebra linhas muito retas, deixando o contorno do rosto mais fluido.<\/li>\n\n\n\n<li><strong>Comprimentos pr\u00e1ticos<\/strong>&nbsp;facilitam a secagem natural e ajudam a suportar melhor o calor.<\/li>\n<\/ul>\n\n\n\n<figure class=\"wp-block-embed is-type-rich is-provider-pinterest wp-block-embed-pinterest\"><div class=\"wp-block-embed__wrapper\">\n<iframe loading=\"lazy\" title=\"Top 50 Short Bob Hairstyles for Women in 2024 (Detailed Gallery + Video)\" src=\"https:\/\/assets.pinterest.com\/ext\/embed.html?id=68748923828&#038;src=oembed\" height=\"775\" width=\"450\" frameborder=\"0\" scrolling=\"no\" ><\/iframe>\n<\/div><\/figure>\n\n\n\n<h2 class=\"wp-block-heading\">Como escolher cortes de cabelo que rejuvenescem o rosto<\/h2>\n\n\n\n<p>A escolha do corte que rejuvenesce passa pela an\u00e1lise do formato de rosto, tipo de fio e rotina. Ajustes simples, como alguns mil\u00edmetros a mais no comprimento ou uma franja diferente, podem transformar completamente o resultado, por isso a conversa detalhada com o profissional \u00e9 essencial para alinhar expectativas.<\/p>\n\n\n\n<p>Tamb\u00e9m \u00e9 importante considerar o clima de ver\u00e3o, o tempo de exposi\u00e7\u00e3o ao sol, piscina ou mar e o n\u00edvel de styling desejado. Quem prefere baixa manuten\u00e7\u00e3o tende a optar por cortes m\u00e9dios ou curtos, que funcionem bem apenas com finalizadores leves e secagem ao natural.<\/p>\n\n\n\n<figure class=\"wp-block-embed is-type-rich is-provider-pinterest wp-block-embed-pinterest\"><div class=\"wp-block-embed__wrapper\">\n<iframe loading=\"lazy\" title=\"2024 haircut\" src=\"https:\/\/assets.pinterest.com\/ext\/embed.html?id=68748431930&#038;src=oembed\" height=\"663\" width=\"450\" frameborder=\"0\" scrolling=\"no\" ><\/iframe>\n<\/div><\/figure>\n\n\n\n<h2 class=\"wp-block-heading\">Quais cuidados mant\u00eam os cortes que rejuvenescem bonitos por mais tempo<\/h2>\n\n\n\n<p>Depois de encontrar um corte que rejuvenesce, a manuten\u00e7\u00e3o \u00e9 o que garante o efeito fresco por mais tempo. Isso envolve reapare as pontas com regularidade, cuidar da sa\u00fade dos fios em casa e proteger o cabelo dos danos do sol e das ferramentas de calor, preservando brilho e movimento.<\/p>\n\n\n\n<p>Hidrata\u00e7\u00f5es leves, produtos com filtro UV e finalizadores de textura suave ajudam o cabelo a acompanhar melhor o desenho do corte. Assim, o visual permanece moderno, leve e com aquele aspecto de \u201cacabei de sair do sal\u00e3o\u201d, mesmo em dias corridos de muito calor.<\/p>\n\n\n\n<p>Para voc\u00ea que ainda tem d\u00favida no corte, separamos um v\u00eddeo do canal do<a href=\"https:\/\/www.youtube.com\/@RodrigoCintraoficial\" target=\"_blank\" rel=\"noopener\"> Rodrigo Cintra<\/a> sobre dicas para escolher um corte de acordo com o formato de rosto:<\/p>\n\n\n\n<figure class=\"wp-block-embed is-type-video is-provider-youtube wp-block-embed-youtube wp-embed-aspect-16-9 wp-has-aspect-ratio\"><div class=\"wp-block-embed__wrapper\">\n<div class=\"jeg_video_container jeg_video_content\"><iframe loading=\"lazy\" title=\"VISAGISMO - Qual melhor corte de cabelo para seu formato de rosto.\" width=\"500\" height=\"281\" src=\"https:\/\/www.youtube.com\/embed\/-Fxtn3uEOtU?start=2&#038;feature=oembed\" frameborder=\"0\" allow=\"accelerometer; autoplay; clipboard-write; encrypted-media; gyroscope; picture-in-picture; web-share\" referrerpolicy=\"strict-origin-when-cross-origin\" allowfullscreen><\/iframe><\/div>\n<\/div><\/figure>\n\n\n\n<h2 class=\"wp-block-heading\">Por que investir agora em um corte que rejuvenesce no ver\u00e3o<\/h2>\n\n\n\n<p>Unir um corte pensado para o ver\u00e3o, produtos adequados e uma rotina realista transforma o cabelo em um aliado poderoso para passar a esta\u00e7\u00e3o com praticidade, frescor e um rosto visivelmente mais descansado. Pequenas mudan\u00e7as estrat\u00e9gicas podem renovar sua autoestima, modernizar o visual e deixar o dia a dia mais leve.<\/p>\n\n\n\n<p>Se voc\u00ea sente que o cabelo est\u00e1 pesando sua express\u00e3o ou complicando sua rotina no calor, n\u00e3o espere o pr\u00f3ximo ver\u00e3o: agende ainda hoje um hor\u00e1rio com um profissional de confian\u00e7a, leve suas refer\u00eancias e teste um corte que rejuvenesce. Esse passo pode ser o empurr\u00e3o que faltava para voc\u00ea se olhar no espelho e realmente gostar do que v\u00ea agora, n\u00e3o depois.<\/p>\n\n\n\n<p><\/p>\n","protected":false},"excerpt":{"rendered":"<p>Cortes de cabelo que rejuvenescem no ver\u00e3o apostam em leveza, movimento e praticidade, trazendo um visual mais fresco, moderno e f\u00e1cil de cuidar. Em dias quentes, muita gente busca um estilo que refresque a nuca, facilite a secagem ao ar livre e suavize os tra\u00e7os do rosto, criando a sensa\u00e7\u00e3o de fisionomia mais descansada, linhas [&hellip;]<\/p>\n","protected":false},"author":11,"featured_media":144020,"comment_status":"open","ping_status":"open","sticky":false,"template":"","format":"standard","meta":{"jnews-multi-image_gallery":[],"jnews_single_post":{"format":"standard"},"jnews_primary_category":[],"jnews_social_meta":[],"jnews_override_counter":[],"footnotes":""},"categories":[8819,1],"tags":[2616,13340,20899,7212,18351,5213,21791,19450],"class_list":["post-159662","post","type-post","status-publish","format-standard","has-post-thumbnail","hentry","category-curiosidades","category-noticias","tag-beleza","tag-corte-bob","tag-corte-shaggy","tag-cortes-de-cabelo","tag-long-bob","tag-mulher","tag-mulher-mais-jovem","tag-rejuvenecem"],"yoast_head":"<!-- This site is optimized with the Yoast SEO plugin v23.8 - https:\/\/yoast.com\/wordpress\/plugins\/seo\/ -->\n<title>Esses 3 cortes de cabelo rejuvenescem o rosto e prometem ser tend\u00eancia no ver\u00e3o de 2026 - Estado de Minas - Em foco<\/title>\n<meta name=\"description\" content=\"Quer parecer mais jovem? Descubra 3 cortes de cabelo ideais para o ver\u00e3o (Bob, Long Bob e Shaggy) que trazem leveza, afinam o rosto e garantem praticidade na rotina.\" \/>\n<meta name=\"robots\" content=\"index, follow, max-snippet:-1, max-image-preview:large, max-video-preview:-1\" \/>\n<link rel=\"canonical\" href=\"https:\/\/www.em.com.br\/emfoco\/2026\/01\/25\/esses-3-cortes-de-cabelo-rejuvenescem-o-rosto-e-prometem-ser-tendencia-no-verao-de-2026\/\" \/>\n<meta property=\"og:locale\" content=\"pt_BR\" \/>\n<meta property=\"og:type\" content=\"article\" \/>\n<meta property=\"og:title\" content=\"Esses 3 cortes de cabelo rejuvenescem o rosto e prometem ser tend\u00eancia no ver\u00e3o de 2026 - Estado de Minas - Em foco\" \/>\n<meta property=\"og:description\" content=\"Quer parecer mais jovem? Descubra 3 cortes de cabelo ideais para o ver\u00e3o (Bob, Long Bob e Shaggy) que trazem leveza, afinam o rosto e garantem praticidade na rotina.\" \/>\n<meta property=\"og:url\" content=\"https:\/\/www.em.com.br\/emfoco\/2026\/01\/25\/esses-3-cortes-de-cabelo-rejuvenescem-o-rosto-e-prometem-ser-tendencia-no-verao-de-2026\/\" \/>\n<meta property=\"og:site_name\" content=\"Estado de Minas - Em foco\" \/>\n<meta property=\"article:published_time\" content=\"2026-01-25T20:00:00+00:00\" \/>\n<meta property=\"article:modified_time\" content=\"2026-02-13T02:37:01+00:00\" \/>\n<meta property=\"og:image\" content=\"https:\/\/www.em.com.br\/emfoco\/wp-content\/uploads\/2025\/12\/mosaico_1766326592165.jpg\" \/>\n\t<meta property=\"og:image:width\" content=\"1280\" \/>\n\t<meta property=\"og:image:height\" content=\"720\" \/>\n\t<meta property=\"og:image:type\" content=\"image\/jpeg\" \/>\n<meta name=\"author\" content=\"Andre\u0301 Rangel\u00a0\" \/>\n<meta name=\"twitter:card\" content=\"summary_large_image\" \/>\n<meta name=\"twitter:label1\" content=\"Escrito por\" \/>\n\t<meta name=\"twitter:data1\" content=\"Andre\u0301 Rangel\u00a0\" \/>\n\t<meta name=\"twitter:label2\" content=\"Est. tempo de leitura\" \/>\n\t<meta name=\"twitter:data2\" content=\"5 minutos\" \/>\n<!-- \/ Yoast SEO plugin. -->","yoast_head_json":{"title":"Esses 3 cortes de cabelo rejuvenescem o rosto e prometem ser tend\u00eancia no ver\u00e3o de 2026 - Estado de Minas - Em foco","description":"Quer parecer mais jovem? Descubra 3 cortes de cabelo ideais para o ver\u00e3o (Bob, Long Bob e Shaggy) que trazem leveza, afinam o rosto e garantem praticidade na rotina.","robots":{"index":"index","follow":"follow","max-snippet":"max-snippet:-1","max-image-preview":"max-image-preview:large","max-video-preview":"max-video-preview:-1"},"canonical":"https:\/\/www.em.com.br\/emfoco\/2026\/01\/25\/esses-3-cortes-de-cabelo-rejuvenescem-o-rosto-e-prometem-ser-tendencia-no-verao-de-2026\/","og_locale":"pt_BR","og_type":"article","og_title":"Esses 3 cortes de cabelo rejuvenescem o rosto e prometem ser tend\u00eancia no ver\u00e3o de 2026 - Estado de Minas - Em foco","og_description":"Quer parecer mais jovem? Descubra 3 cortes de cabelo ideais para o ver\u00e3o (Bob, Long Bob e Shaggy) que trazem leveza, afinam o rosto e garantem praticidade na rotina.","og_url":"https:\/\/www.em.com.br\/emfoco\/2026\/01\/25\/esses-3-cortes-de-cabelo-rejuvenescem-o-rosto-e-prometem-ser-tendencia-no-verao-de-2026\/","og_site_name":"Estado de Minas - Em foco","article_published_time":"2026-01-25T20:00:00+00:00","article_modified_time":"2026-02-13T02:37:01+00:00","og_image":[{"width":1280,"height":720,"url":"https:\/\/www.em.com.br\/emfoco\/wp-content\/uploads\/2025\/12\/mosaico_1766326592165.jpg","type":"image\/jpeg"}],"author":"Andre\u0301 Rangel\u00a0","twitter_card":"summary_large_image","twitter_misc":{"Escrito por":"Andre\u0301 Rangel\u00a0","Est. tempo de leitura":"5 minutos"},"schema":{"@context":"https:\/\/schema.org","@graph":[{"@type":"WebPage","@id":"https:\/\/www.em.com.br\/emfoco\/2026\/01\/25\/esses-3-cortes-de-cabelo-rejuvenescem-o-rosto-e-prometem-ser-tendencia-no-verao-de-2026\/","url":"https:\/\/www.em.com.br\/emfoco\/2026\/01\/25\/esses-3-cortes-de-cabelo-rejuvenescem-o-rosto-e-prometem-ser-tendencia-no-verao-de-2026\/","name":"Esses 3 cortes de cabelo rejuvenescem o rosto e prometem ser tend\u00eancia no ver\u00e3o de 2026 - Estado de Minas - Em foco","isPartOf":{"@id":"https:\/\/www.em.com.br\/emfoco\/#website"},"primaryImageOfPage":{"@id":"https:\/\/www.em.com.br\/emfoco\/2026\/01\/25\/esses-3-cortes-de-cabelo-rejuvenescem-o-rosto-e-prometem-ser-tendencia-no-verao-de-2026\/#primaryimage"},"image":{"@id":"https:\/\/www.em.com.br\/emfoco\/2026\/01\/25\/esses-3-cortes-de-cabelo-rejuvenescem-o-rosto-e-prometem-ser-tendencia-no-verao-de-2026\/#primaryimage"},"thumbnailUrl":"https:\/\/www.em.com.br\/emfoco\/wp-content\/uploads\/2025\/12\/mosaico_1766326592165.jpg","datePublished":"2026-01-25T20:00:00+00:00","dateModified":"2026-02-13T02:37:01+00:00","author":{"@id":"https:\/\/www.em.com.br\/emfoco\/#\/schema\/person\/60eda09c1fedf0d6891f4cef4b60b8b8"},"description":"Quer parecer mais jovem? Descubra 3 cortes de cabelo ideais para o ver\u00e3o (Bob, Long Bob e Shaggy) que trazem leveza, afinam o rosto e garantem praticidade na rotina.","breadcrumb":{"@id":"https:\/\/www.em.com.br\/emfoco\/2026\/01\/25\/esses-3-cortes-de-cabelo-rejuvenescem-o-rosto-e-prometem-ser-tendencia-no-verao-de-2026\/#breadcrumb"},"inLanguage":"pt-BR","potentialAction":[{"@type":"ReadAction","target":["https:\/\/www.em.com.br\/emfoco\/2026\/01\/25\/esses-3-cortes-de-cabelo-rejuvenescem-o-rosto-e-prometem-ser-tendencia-no-verao-de-2026\/"]}]},{"@type":"ImageObject","inLanguage":"pt-BR","@id":"https:\/\/www.em.com.br\/emfoco\/2026\/01\/25\/esses-3-cortes-de-cabelo-rejuvenescem-o-rosto-e-prometem-ser-tendencia-no-verao-de-2026\/#primaryimage","url":"https:\/\/www.em.com.br\/emfoco\/wp-content\/uploads\/2025\/12\/mosaico_1766326592165.jpg","contentUrl":"https:\/\/www.em.com.br\/emfoco\/wp-content\/uploads\/2025\/12\/mosaico_1766326592165.jpg","width":1280,"height":720,"caption":"O corte feminino combina com todos os tipos de cabelo"},{"@type":"BreadcrumbList","@id":"https:\/\/www.em.com.br\/emfoco\/2026\/01\/25\/esses-3-cortes-de-cabelo-rejuvenescem-o-rosto-e-prometem-ser-tendencia-no-verao-de-2026\/#breadcrumb","itemListElement":[{"@type":"ListItem","position":1,"name":"In\u00edcio","item":"https:\/\/www.em.com.br\/emfoco\/"},{"@type":"ListItem","position":2,"name":"Esses 3 cortes de cabelo rejuvenescem o rosto e prometem ser tend\u00eancia no ver\u00e3o de 2026"}]},{"@type":"WebSite","@id":"https:\/\/www.em.com.br\/emfoco\/#website","url":"https:\/\/www.em.com.br\/emfoco\/","name":"Estado de Minas - Em foco","description":"Acompanhe as \u00faltimas not\u00edcias e fique bem informado sobre tudo o que acontece em Minas Gerais, Brasil e no mundo.","potentialAction":[{"@type":"SearchAction","target":{"@type":"EntryPoint","urlTemplate":"https:\/\/www.em.com.br\/emfoco\/?s={search_term_string}"},"query-input":{"@type":"PropertyValueSpecification","valueRequired":true,"valueName":"search_term_string"}}],"inLanguage":"pt-BR"},{"@type":"Person","@id":"https:\/\/www.em.com.br\/emfoco\/#\/schema\/person\/60eda09c1fedf0d6891f4cef4b60b8b8","name":"Andre\u0301 Rangel\u00a0","image":{"@type":"ImageObject","inLanguage":"pt-BR","@id":"https:\/\/www.em.com.br\/emfoco\/#\/schema\/person\/image\/","url":"https:\/\/secure.gravatar.com\/avatar\/6234dc814c77c8ef6d8bba622c787efc?s=96&d=mm&r=g","contentUrl":"https:\/\/secure.gravatar.com\/avatar\/6234dc814c77c8ef6d8bba622c787efc?s=96&d=mm&r=g","caption":"Andre\u0301 Rangel\u00a0"},"url":"https:\/\/www.em.com.br\/emfoco\/author\/luizmyth\/"}]}},"_links":{"self":[{"href":"https:\/\/www.em.com.br\/emfoco\/wp-json\/wp\/v2\/posts\/159662","targetHints":{"allow":["GET"]}}],"collection":[{"href":"https:\/\/www.em.com.br\/emfoco\/wp-json\/wp\/v2\/posts"}],"about":[{"href":"https:\/\/www.em.com.br\/emfoco\/wp-json\/wp\/v2\/types\/post"}],"author":[{"embeddable":true,"href":"https:\/\/www.em.com.br\/emfoco\/wp-json\/wp\/v2\/users\/11"}],"replies":[{"embeddable":true,"href":"https:\/\/www.em.com.br\/emfoco\/wp-json\/wp\/v2\/comments?post=159662"}],"version-history":[{"count":3,"href":"https:\/\/www.em.com.br\/emfoco\/wp-json\/wp\/v2\/posts\/159662\/revisions"}],"predecessor-version":[{"id":168721,"href":"https:\/\/www.em.com.br\/emfoco\/wp-json\/wp\/v2\/posts\/159662\/revisions\/168721"}],"wp:featuredmedia":[{"embeddable":true,"href":"https:\/\/www.em.com.br\/emfoco\/wp-json\/wp\/v2\/media\/144020"}],"wp:attachment":[{"href":"https:\/\/www.em.com.br\/emfoco\/wp-json\/wp\/v2\/media?parent=159662"}],"wp:term":[{"taxonomy":"category","embeddable":true,"href":"https:\/\/www.em.com.br\/emfoco\/wp-json\/wp\/v2\/categories?post=159662"},{"taxonomy":"post_tag","embeddable":true,"href":"https:\/\/www.em.com.br\/emfoco\/wp-json\/wp\/v2\/tags?post=159662"}],"curies":[{"name":"wp","href":"https:\/\/api.w.org\/{rel}","templated":true}]}}