{"id":159655,"date":"2026-01-25T18:30:00","date_gmt":"2026-01-25T21:30:00","guid":{"rendered":"https:\/\/www.em.com.br\/emfoco\/?p=159655"},"modified":"2026-01-24T19:25:32","modified_gmt":"2026-01-24T22:25:32","slug":"carnaval-2026-promete-looks-marcantes-tendencias-que-vao-bombar-na-folia","status":"publish","type":"post","link":"https:\/\/www.em.com.br\/emfoco\/2026\/01\/25\/carnaval-2026-promete-looks-marcantes-tendencias-que-vao-bombar-na-folia\/","title":{"rendered":"Carnaval 2026 promete looks marcantes: tend\u00eancias que v\u00e3o bombar na folia"},"content":{"rendered":"\n<p>Com o Carnaval 2026 se aproximando, montar o look certo virou sin\u00f4nimo de unir conforto, frescor e estilo, misturando pe\u00e7as que j\u00e1 est\u00e3o no arm\u00e1rio com tend\u00eancias atuais como renda, microshorts, est\u00e9tica circense e muitos detalhes artesanais, tudo pensado para encarar o calor, circular entre blocos e festas e ainda garantir fotos incr\u00edveis e cheias de personalidade.<\/p>\n\n\n\n<h2 class=\"wp-block-heading\">Quais s\u00e3o as principais tend\u00eancias do Carnaval 2026<\/h2>\n\n\n\n<p>Em vez de fantasias pesadas, ganham espa\u00e7o combina\u00e7\u00f5es vers\u00e1teis, que v\u00e3o do bloco da manh\u00e3 \u00e0 festa noturna com pequenas adapta\u00e7\u00f5es e reaproveitam pe\u00e7as de cole\u00e7\u00f5es recentes.<\/p>\n\n\n\n<p>Nesse contexto, a ideia de \u201cfantasia\u201d se mistura ao styling criativo. Tops, shorts, biqu\u00ednis e bodies s\u00e3o ressignificados com sobreposi\u00e7\u00f5es, bordados, amarra\u00e7\u00f5es diferentes e transpar\u00eancias, mostrando que n\u00e3o \u00e9 preciso comprar tudo novo para criar um visual marcante e funcional.<\/p>\n\n\n\n<figure class=\"wp-block-image size-large\"><img loading=\"lazy\" decoding=\"async\" width=\"1024\" height=\"576\" src=\"https:\/\/www.em.com.br\/emfoco\/wp-content\/uploads\/2026\/01\/ChatGPT-Image-24-de-jan.-de-2026-18_14_57-1-1024x576.png\" alt=\"As tend\u00eancias do Carnaval 2026 unem conforto, frescor e estilo\" class=\"wp-image-159948\" srcset=\"https:\/\/www.em.com.br\/emfoco\/wp-content\/uploads\/2026\/01\/ChatGPT-Image-24-de-jan.-de-2026-18_14_57-1-1024x576.png 1024w, https:\/\/www.em.com.br\/emfoco\/wp-content\/uploads\/2026\/01\/ChatGPT-Image-24-de-jan.-de-2026-18_14_57-1-300x169.png 300w, https:\/\/www.em.com.br\/emfoco\/wp-content\/uploads\/2026\/01\/ChatGPT-Image-24-de-jan.-de-2026-18_14_57-1-768x432.png 768w, https:\/\/www.em.com.br\/emfoco\/wp-content\/uploads\/2026\/01\/ChatGPT-Image-24-de-jan.-de-2026-18_14_57-1-750x422.png 750w, https:\/\/www.em.com.br\/emfoco\/wp-content\/uploads\/2026\/01\/ChatGPT-Image-24-de-jan.-de-2026-18_14_57-1-1140x641.png 1140w, https:\/\/www.em.com.br\/emfoco\/wp-content\/uploads\/2026\/01\/ChatGPT-Image-24-de-jan.-de-2026-18_14_57-1.png 1280w\" sizes=\"auto, (max-width: 1024px) 100vw, 1024px\" \/><figcaption class=\"wp-element-caption\">As tend\u00eancias do Carnaval 2026 unem conforto, frescor e estilo<\/figcaption><\/figure>\n\n\n\n<h2 class=\"wp-block-heading\">Como a renda se destaca nas tend\u00eancias do Carnaval 2026<\/h2>\n\n\n\n<p>A renda aparece como uma das principais apostas, unindo transpar\u00eancia, leveza e textura em macac\u00f5es, bermudas, tops, vestidos curtos e saias usadas sobre biqu\u00ednis, bodies ou hot pants. O efeito de \u201csegunda pele\u201d dialoga com a est\u00e9tica do underwear \u00e0 mostra, em alta nas passarelas e no street style.<\/p>\n\n\n\n<p>Al\u00e9m do cl\u00e1ssico preto e branco, a renda colorida ganha for\u00e7a em tons vibrantes como rosa, azul, verde-lim\u00e3o, vermelho e roxo, podendo ser protagonista em grandes \u00e1reas transparentes ou detalhe estrat\u00e9gico em mangas, barras e sa\u00eddas de praia adaptadas para o bloco.<\/p>\n\n\n\n<ul class=\"wp-block-list\">\n<li><strong>Pe\u00e7as-chave:<\/strong>&nbsp;macac\u00e3o de renda, saia longa transparente, cropped rendado.<\/li>\n\n\n\n<li><strong>Combina\u00e7\u00f5es comuns:<\/strong>&nbsp;renda sobre biqu\u00edni, renda com hot pant estampada.<\/li>\n\n\n\n<li><strong>Vantagem:<\/strong>&nbsp;looks leves, arejados e com apar\u00eancia sofisticada, ideais para o calor.<\/li>\n<\/ul>\n\n\n\n<h2 class=\"wp-block-heading\">Como usar microshorts e mix de biqu\u00ednis com conforto<\/h2>\n\n\n\n<p>Os microshorts surgem como alternativa \u00e0 hot pant, mantendo a proposta de pe\u00e7as curtas e frescas, mas com um visual mais urbano. Com cintura baixa ou m\u00e9dia e modelagem justa, muitas vezes em tecidos de biqu\u00edni, funcionam bem em blocos com \u00e1gua, espuma ou chuva inesperada.<\/p>\n\n\n\n<p>O mix de biqu\u00ednis entra como truque simples e impactante, combinando partes de cima e de baixo diferentes para criar contrastes de cor, estampa e textura. Tops de biqu\u00edni aparecem como \u201cblusa\u201d sob renda ou com microshorts, saias e cal\u00e7as de cintura baixa, levando o clima de praia para a cidade.<\/p>\n\n\n\n<figure class=\"wp-block-image size-large\"><img loading=\"lazy\" decoding=\"async\" width=\"1024\" height=\"576\" src=\"https:\/\/www.em.com.br\/emfoco\/wp-content\/uploads\/2026\/01\/ChatGPT-Image-24-de-jan.-de-2026-18_17_30-1-1024x576.png\" alt=\"As tend\u00eancias do Carnaval 2026 unem conforto, frescor e estilo\" class=\"wp-image-159949\" srcset=\"https:\/\/www.em.com.br\/emfoco\/wp-content\/uploads\/2026\/01\/ChatGPT-Image-24-de-jan.-de-2026-18_17_30-1-1024x576.png 1024w, https:\/\/www.em.com.br\/emfoco\/wp-content\/uploads\/2026\/01\/ChatGPT-Image-24-de-jan.-de-2026-18_17_30-1-300x169.png 300w, https:\/\/www.em.com.br\/emfoco\/wp-content\/uploads\/2026\/01\/ChatGPT-Image-24-de-jan.-de-2026-18_17_30-1-768x432.png 768w, https:\/\/www.em.com.br\/emfoco\/wp-content\/uploads\/2026\/01\/ChatGPT-Image-24-de-jan.-de-2026-18_17_30-1-750x422.png 750w, https:\/\/www.em.com.br\/emfoco\/wp-content\/uploads\/2026\/01\/ChatGPT-Image-24-de-jan.-de-2026-18_17_30-1-1140x641.png 1140w, https:\/\/www.em.com.br\/emfoco\/wp-content\/uploads\/2026\/01\/ChatGPT-Image-24-de-jan.-de-2026-18_17_30-1.png 1280w\" sizes=\"auto, (max-width: 1024px) 100vw, 1024px\" \/><figcaption class=\"wp-element-caption\">As tend\u00eancias do Carnaval 2026 unem conforto, frescor e estilo<\/figcaption><\/figure>\n\n\n\n<h2 class=\"wp-block-heading\">Como a est\u00e9tica de circo, mi\u00e7angas e pedrarias aparecem nos looks<\/h2>\n\n\n\n<p>A est\u00e9tica circense chega com um clima l\u00fadico inspirado em palha\u00e7os, m\u00e1gicos e artistas de palco, em listras marcantes, babados, golas volumosas, losangos, pompons e maquiagem gr\u00e1fica. A proposta n\u00e3o \u00e9 copiar fantasias literais, mas incorporar esses c\u00f3digos em pe\u00e7as do dia a dia, criando um \u201cpicadeiro\u201d urbano.<\/p>\n\n\n\n<p>Ao lado disso, mi\u00e7angas e pedrarias refor\u00e7am o car\u00e1ter artesanal dos looks, bordando biqu\u00ednis, tops, saias e cintos com desenhos, palavras, s\u00edmbolos m\u00edsticos e franjas em movimento. O brilho aparece em canutilhos, pedras irregulares, chokers e tiaras, substituindo um pouco o protagonismo dos paet\u00eas tradicionais.<\/p>\n\n\n\n<ul class=\"wp-block-list\">\n<li><strong>Circo:<\/strong>&nbsp;listras, babados, golas exageradas, maquiagem gr\u00e1fica e m\u00e1scaras decorativas.<\/li>\n\n\n\n<li><strong>Mi\u00e7angas:<\/strong>&nbsp;biqu\u00ednis bordados, cintos artesanais, bodies com franjas coloridas.<\/li>\n\n\n\n<li><strong>Pedrarias:<\/strong>&nbsp;tops estruturados, tiaras statement, chokers com pedras irregulares.<\/li>\n<\/ul>\n\n\n\n<h2 class=\"wp-block-heading\">Como equilibrar fantasia, conforto e estilo no Carnaval 2026<\/h2>\n\n\n\n<p>No fim, as tend\u00eancias do Carnaval 2026 prop\u00f5em um equil\u00edbrio entre fantasia e funcionalidade, combinando pe\u00e7as artesanais, renda, microshorts, mix de biqu\u00ednis e detalhes circenses com tecidos leves, cal\u00e7ados confort\u00e1veis e acess\u00f3rios seguros. A ideia \u00e9 garantir liberdade de movimento, frescor e visuais que funcionem tanto na rua quanto em festas fechadas.<\/p>\n\n\n\n<p>Agora \u00e9 o momento de abrir o arm\u00e1rio, testar combina\u00e7\u00f5es, customizar pe\u00e7as e montar seus looks antes que a folia comece: n\u00e3o deixe para a \u00faltima hora, separe hoje mesmo suas produ\u00e7\u00f5es favoritas e entre no Carnaval 2026 com confian\u00e7a, personalidade e aquele brilho que n\u00e3o passa despercebido.<\/p>\n\n\n\n<p><\/p>\n","protected":false},"excerpt":{"rendered":"<p>Com o Carnaval 2026 se aproximando, montar o look certo virou sin\u00f4nimo de unir conforto, frescor e estilo, misturando pe\u00e7as que j\u00e1 est\u00e3o no arm\u00e1rio com tend\u00eancias atuais como renda, microshorts, est\u00e9tica circense e muitos detalhes artesanais, tudo pensado para encarar o calor, circular entre blocos e festas e ainda garantir fotos incr\u00edveis e cheias [&hellip;]<\/p>\n","protected":false},"author":11,"featured_media":159947,"comment_status":"open","ping_status":"open","sticky":false,"template":"","format":"standard","meta":{"jnews-multi-image_gallery":[],"jnews_single_post":{"format":"standard"},"jnews_primary_category":[],"jnews_social_meta":[],"jnews_override_counter":[],"footnotes":""},"categories":[8819,1],"tags":[1500,1229,23396,23395,23393,23394,3096,23392],"class_list":["post-159655","post","type-post","status-publish","format-standard","has-post-thumbnail","hentry","category-curiosidades","category-noticias","tag-carnaval","tag-fantasia","tag-fantasia-carnaval-2026","tag-look-de-bloco","tag-moda-carnaval-2026","tag-o-que-vestir-no-carnaval","tag-tendencias","tag-tendencias-carnaval-2026"],"yoast_head":"<!-- This site is optimized with the Yoast SEO plugin v23.8 - https:\/\/yoast.com\/wordpress\/plugins\/seo\/ -->\n<title>Carnaval 2026 promete looks marcantes: tend\u00eancias que v\u00e3o bombar na folia - Estado de Minas - Em foco<\/title>\n<meta name=\"description\" content=\"As tend\u00eancias do Carnaval 2026 unem conforto, frescor e estilo. Descubra como montar looks criativos para blocos e festas.\" \/>\n<meta name=\"robots\" content=\"index, follow, max-snippet:-1, max-image-preview:large, max-video-preview:-1\" \/>\n<link rel=\"canonical\" href=\"https:\/\/www.em.com.br\/emfoco\/2026\/01\/25\/carnaval-2026-promete-looks-marcantes-tendencias-que-vao-bombar-na-folia\/\" \/>\n<meta property=\"og:locale\" content=\"pt_BR\" \/>\n<meta property=\"og:type\" content=\"article\" \/>\n<meta property=\"og:title\" content=\"Carnaval 2026 promete looks marcantes: tend\u00eancias que v\u00e3o bombar na folia - Estado de Minas - Em foco\" \/>\n<meta property=\"og:description\" content=\"As tend\u00eancias do Carnaval 2026 unem conforto, frescor e estilo. Descubra como montar looks criativos para blocos e festas.\" \/>\n<meta property=\"og:url\" content=\"https:\/\/www.em.com.br\/emfoco\/2026\/01\/25\/carnaval-2026-promete-looks-marcantes-tendencias-que-vao-bombar-na-folia\/\" \/>\n<meta property=\"og:site_name\" content=\"Estado de Minas - Em foco\" \/>\n<meta property=\"article:published_time\" content=\"2026-01-25T21:30:00+00:00\" \/>\n<meta property=\"article:modified_time\" content=\"2026-01-24T22:25:32+00:00\" \/>\n<meta property=\"og:image\" content=\"https:\/\/www.em.com.br\/emfoco\/wp-content\/uploads\/2026\/01\/Gemini_Generated_Image_lwlggolwlggolwlg-1.png\" \/>\n\t<meta property=\"og:image:width\" content=\"1280\" \/>\n\t<meta property=\"og:image:height\" content=\"720\" \/>\n\t<meta property=\"og:image:type\" content=\"image\/png\" \/>\n<meta name=\"author\" content=\"Andre\u0301 Rangel\u00a0\" \/>\n<meta name=\"twitter:card\" content=\"summary_large_image\" \/>\n<meta name=\"twitter:label1\" content=\"Escrito por\" \/>\n\t<meta name=\"twitter:data1\" content=\"Andre\u0301 Rangel\u00a0\" \/>\n\t<meta name=\"twitter:label2\" content=\"Est. tempo de leitura\" \/>\n\t<meta name=\"twitter:data2\" content=\"5 minutos\" \/>\n<!-- \/ Yoast SEO plugin. -->","yoast_head_json":{"title":"Carnaval 2026 promete looks marcantes: tend\u00eancias que v\u00e3o bombar na folia - Estado de Minas - Em foco","description":"As tend\u00eancias do Carnaval 2026 unem conforto, frescor e estilo. Descubra como montar looks criativos para blocos e festas.","robots":{"index":"index","follow":"follow","max-snippet":"max-snippet:-1","max-image-preview":"max-image-preview:large","max-video-preview":"max-video-preview:-1"},"canonical":"https:\/\/www.em.com.br\/emfoco\/2026\/01\/25\/carnaval-2026-promete-looks-marcantes-tendencias-que-vao-bombar-na-folia\/","og_locale":"pt_BR","og_type":"article","og_title":"Carnaval 2026 promete looks marcantes: tend\u00eancias que v\u00e3o bombar na folia - Estado de Minas - Em foco","og_description":"As tend\u00eancias do Carnaval 2026 unem conforto, frescor e estilo. Descubra como montar looks criativos para blocos e festas.","og_url":"https:\/\/www.em.com.br\/emfoco\/2026\/01\/25\/carnaval-2026-promete-looks-marcantes-tendencias-que-vao-bombar-na-folia\/","og_site_name":"Estado de Minas - Em foco","article_published_time":"2026-01-25T21:30:00+00:00","article_modified_time":"2026-01-24T22:25:32+00:00","og_image":[{"width":1280,"height":720,"url":"https:\/\/www.em.com.br\/emfoco\/wp-content\/uploads\/2026\/01\/Gemini_Generated_Image_lwlggolwlggolwlg-1.png","type":"image\/png"}],"author":"Andre\u0301 Rangel\u00a0","twitter_card":"summary_large_image","twitter_misc":{"Escrito por":"Andre\u0301 Rangel\u00a0","Est. tempo de leitura":"5 minutos"},"schema":{"@context":"https:\/\/schema.org","@graph":[{"@type":"WebPage","@id":"https:\/\/www.em.com.br\/emfoco\/2026\/01\/25\/carnaval-2026-promete-looks-marcantes-tendencias-que-vao-bombar-na-folia\/","url":"https:\/\/www.em.com.br\/emfoco\/2026\/01\/25\/carnaval-2026-promete-looks-marcantes-tendencias-que-vao-bombar-na-folia\/","name":"Carnaval 2026 promete looks marcantes: tend\u00eancias que v\u00e3o bombar na folia - Estado de Minas - Em foco","isPartOf":{"@id":"https:\/\/www.em.com.br\/emfoco\/#website"},"primaryImageOfPage":{"@id":"https:\/\/www.em.com.br\/emfoco\/2026\/01\/25\/carnaval-2026-promete-looks-marcantes-tendencias-que-vao-bombar-na-folia\/#primaryimage"},"image":{"@id":"https:\/\/www.em.com.br\/emfoco\/2026\/01\/25\/carnaval-2026-promete-looks-marcantes-tendencias-que-vao-bombar-na-folia\/#primaryimage"},"thumbnailUrl":"https:\/\/www.em.com.br\/emfoco\/wp-content\/uploads\/2026\/01\/Gemini_Generated_Image_lwlggolwlggolwlg-1.png","datePublished":"2026-01-25T21:30:00+00:00","dateModified":"2026-01-24T22:25:32+00:00","author":{"@id":"https:\/\/www.em.com.br\/emfoco\/#\/schema\/person\/60eda09c1fedf0d6891f4cef4b60b8b8"},"description":"As tend\u00eancias do Carnaval 2026 unem conforto, frescor e estilo. Descubra como montar looks criativos para blocos e festas.","breadcrumb":{"@id":"https:\/\/www.em.com.br\/emfoco\/2026\/01\/25\/carnaval-2026-promete-looks-marcantes-tendencias-que-vao-bombar-na-folia\/#breadcrumb"},"inLanguage":"pt-BR","potentialAction":[{"@type":"ReadAction","target":["https:\/\/www.em.com.br\/emfoco\/2026\/01\/25\/carnaval-2026-promete-looks-marcantes-tendencias-que-vao-bombar-na-folia\/"]}]},{"@type":"ImageObject","inLanguage":"pt-BR","@id":"https:\/\/www.em.com.br\/emfoco\/2026\/01\/25\/carnaval-2026-promete-looks-marcantes-tendencias-que-vao-bombar-na-folia\/#primaryimage","url":"https:\/\/www.em.com.br\/emfoco\/wp-content\/uploads\/2026\/01\/Gemini_Generated_Image_lwlggolwlggolwlg-1.png","contentUrl":"https:\/\/www.em.com.br\/emfoco\/wp-content\/uploads\/2026\/01\/Gemini_Generated_Image_lwlggolwlggolwlg-1.png","width":1280,"height":720,"caption":"Signos com mais magnetismo durante o Carnaval"},{"@type":"BreadcrumbList","@id":"https:\/\/www.em.com.br\/emfoco\/2026\/01\/25\/carnaval-2026-promete-looks-marcantes-tendencias-que-vao-bombar-na-folia\/#breadcrumb","itemListElement":[{"@type":"ListItem","position":1,"name":"In\u00edcio","item":"https:\/\/www.em.com.br\/emfoco\/"},{"@type":"ListItem","position":2,"name":"Carnaval 2026 promete looks marcantes: tend\u00eancias que v\u00e3o bombar na folia"}]},{"@type":"WebSite","@id":"https:\/\/www.em.com.br\/emfoco\/#website","url":"https:\/\/www.em.com.br\/emfoco\/","name":"Estado de Minas - Em foco","description":"Acompanhe as \u00faltimas not\u00edcias e fique bem informado sobre tudo o que acontece em Minas Gerais, Brasil e no mundo.","potentialAction":[{"@type":"SearchAction","target":{"@type":"EntryPoint","urlTemplate":"https:\/\/www.em.com.br\/emfoco\/?s={search_term_string}"},"query-input":{"@type":"PropertyValueSpecification","valueRequired":true,"valueName":"search_term_string"}}],"inLanguage":"pt-BR"},{"@type":"Person","@id":"https:\/\/www.em.com.br\/emfoco\/#\/schema\/person\/60eda09c1fedf0d6891f4cef4b60b8b8","name":"Andre\u0301 Rangel\u00a0","image":{"@type":"ImageObject","inLanguage":"pt-BR","@id":"https:\/\/www.em.com.br\/emfoco\/#\/schema\/person\/image\/","url":"https:\/\/secure.gravatar.com\/avatar\/6234dc814c77c8ef6d8bba622c787efc?s=96&d=mm&r=g","contentUrl":"https:\/\/secure.gravatar.com\/avatar\/6234dc814c77c8ef6d8bba622c787efc?s=96&d=mm&r=g","caption":"Andre\u0301 Rangel\u00a0"},"url":"https:\/\/www.em.com.br\/emfoco\/author\/luizmyth\/"}]}},"_links":{"self":[{"href":"https:\/\/www.em.com.br\/emfoco\/wp-json\/wp\/v2\/posts\/159655","targetHints":{"allow":["GET"]}}],"collection":[{"href":"https:\/\/www.em.com.br\/emfoco\/wp-json\/wp\/v2\/posts"}],"about":[{"href":"https:\/\/www.em.com.br\/emfoco\/wp-json\/wp\/v2\/types\/post"}],"author":[{"embeddable":true,"href":"https:\/\/www.em.com.br\/emfoco\/wp-json\/wp\/v2\/users\/11"}],"replies":[{"embeddable":true,"href":"https:\/\/www.em.com.br\/emfoco\/wp-json\/wp\/v2\/comments?post=159655"}],"version-history":[{"count":4,"href":"https:\/\/www.em.com.br\/emfoco\/wp-json\/wp\/v2\/posts\/159655\/revisions"}],"predecessor-version":[{"id":159952,"href":"https:\/\/www.em.com.br\/emfoco\/wp-json\/wp\/v2\/posts\/159655\/revisions\/159952"}],"wp:featuredmedia":[{"embeddable":true,"href":"https:\/\/www.em.com.br\/emfoco\/wp-json\/wp\/v2\/media\/159947"}],"wp:attachment":[{"href":"https:\/\/www.em.com.br\/emfoco\/wp-json\/wp\/v2\/media?parent=159655"}],"wp:term":[{"taxonomy":"category","embeddable":true,"href":"https:\/\/www.em.com.br\/emfoco\/wp-json\/wp\/v2\/categories?post=159655"},{"taxonomy":"post_tag","embeddable":true,"href":"https:\/\/www.em.com.br\/emfoco\/wp-json\/wp\/v2\/tags?post=159655"}],"curies":[{"name":"wp","href":"https:\/\/api.w.org\/{rel}","templated":true}]}}