{"id":159546,"date":"2026-01-24T13:15:09","date_gmt":"2026-01-24T16:15:09","guid":{"rendered":"https:\/\/www.em.com.br\/emfoco\/?p=159546"},"modified":"2026-01-23T16:46:27","modified_gmt":"2026-01-23T19:46:27","slug":"corpo-travado-4-exercicios-de-mobilidade-para-soltar-as-articulacoes","status":"publish","type":"post","link":"https:\/\/www.em.com.br\/emfoco\/2026\/01\/24\/corpo-travado-4-exercicios-de-mobilidade-para-soltar-as-articulacoes\/","title":{"rendered":"Corpo travado? 4 exerc\u00edcios de mobilidade para soltar as articula\u00e7\u00f5es"},"content":{"rendered":"\n<h2 class=\"wp-block-heading\">Exerc\u00edcios de mobilidade soltam articula\u00e7\u00f5es e previnem les\u00f5es. Movimentos como 90-90 de quadril, gato-vaca e rota\u00e7\u00e3o de ombros reduzem a rigidez. Incluir 10 minutos na rotina melhora a postura e o desempenho em treinos e tarefas di\u00e1rias<\/h2>\n\n\n\n<p><b>Voc\u00ea j\u00e1 tentou se abaixar<\/b> para pegar algo no ch\u00e3o e sentiu o corpo <b>\u201ctravado\u201d<\/b>, como se estivesse mais duro do que deveria? Em 2025, cada vez mais pessoas percebem que n\u00e3o \u00e9 s\u00f3 falta de <b>alongamento<\/b>, mas sim de mobilidade: a capacidade de o corpo se mexer com liberdade, sem dor e sem esfor\u00e7o exagerado. Por isso, profissionais de educa\u00e7\u00e3o f\u00edsica e fisioterapia t\u00eam refor\u00e7ado a import\u00e2ncia de incluir <b>exerc\u00edcios de mobilidade<\/b> na rotina, tanto para quem treina pesado quanto para quem passa muitas horas sentado.<\/p>\n\n\n\n<h2 class=\"wp-block-heading\">Quais s\u00e3o 4 exerc\u00edcios de mobilidade simples para come\u00e7ar hoje<\/h2>\n\n\n\n<p>Os <b>exerc\u00edcios de mobilidade<\/b> podem entrar no aquecimento, em dias de treino mais leve ou at\u00e9 em pequenas pausas durante o trabalho. A ideia \u00e9 preparar o corpo para se mexer melhor, liberando <b>articula\u00e7\u00f5es importantes<\/b> como quadril, coluna, ombros e tornozelos, sem exigir equipamentos complexos. Para iniciantes, come\u00e7ar com <b>movimentos lentos<\/b> e conscientes ajuda a evitar compensa\u00e7\u00f5es e a entender melhor os limites do corpo.<\/p>\n\n\n<div class=\"wp-block-image\">\n<figure class=\"aligncenter size-large\"><img loading=\"lazy\" decoding=\"async\" width=\"1024\" height=\"576\" src=\"https:\/\/www.em.com.br\/emfoco\/wp-content\/uploads\/2026\/01\/Gemini_Generated_Image_gn5mjfgn5mjfgn5m-2-1024x576.png\" alt=\"\" class=\"wp-image-159576\" srcset=\"https:\/\/www.em.com.br\/emfoco\/wp-content\/uploads\/2026\/01\/Gemini_Generated_Image_gn5mjfgn5mjfgn5m-2-1024x576.png 1024w, https:\/\/www.em.com.br\/emfoco\/wp-content\/uploads\/2026\/01\/Gemini_Generated_Image_gn5mjfgn5mjfgn5m-2-300x169.png 300w, https:\/\/www.em.com.br\/emfoco\/wp-content\/uploads\/2026\/01\/Gemini_Generated_Image_gn5mjfgn5mjfgn5m-2-768x432.png 768w, https:\/\/www.em.com.br\/emfoco\/wp-content\/uploads\/2026\/01\/Gemini_Generated_Image_gn5mjfgn5mjfgn5m-2-750x422.png 750w, https:\/\/www.em.com.br\/emfoco\/wp-content\/uploads\/2026\/01\/Gemini_Generated_Image_gn5mjfgn5mjfgn5m-2-1140x641.png 1140w, https:\/\/www.em.com.br\/emfoco\/wp-content\/uploads\/2026\/01\/Gemini_Generated_Image_gn5mjfgn5mjfgn5m-2.png 1280w\" sizes=\"auto, (max-width: 1024px) 100vw, 1024px\" \/><\/figure><\/div>\n\n\n<p>Leia tamb\u00e9m: <a href=\"https:\/\/www.em.com.br\/emfoco\/2025\/09\/08\/exercicios-e-postura-correta-sao-chave-para-evitar-dor-lombar\/\" target=\"_blank\" rel=\"noreferrer noopener\">Exerc\u00edcios e postura correta s\u00e3o chave para evitar dor lombar<\/a><\/p>\n\n\n\n<h2 class=\"wp-block-heading\">Como colocar exerc\u00edcios de mobilidade no seu dia a dia<\/h2>\n\n\n\n<p>Os exerc\u00edcios para <b>mobilidade<\/b> podem ser adaptados \u00e0 sua rotina, mesmo que voc\u00ea tenha pouco tempo ou esteja come\u00e7ando agora. Uma estrat\u00e9gia pr\u00e1tica \u00e9 usar de <b>5 a 10 minutos<\/b> antes de treinos de for\u00e7a, corrida ou esportes coletivos, como uma prepara\u00e7\u00e3o para o que vem depois. Pequenas pausas ativas durante o trabalho, com 2 ou 3 movimentos simples, tamb\u00e9m podem ajudar a <b>reduzir a rigidez<\/b> ao longo do dia.<\/p>\n\n\n\n<p>Outra op\u00e7\u00e3o \u00e9 reservar <b>dois ou tr\u00eas momentos<\/b> da semana apenas para trabalhar amplitude de movimento e <b>consci\u00eancia corporal<\/b>. Voc\u00ea pode criar uma sequ\u00eancia simples, passando por tornozelos, joelhos, quadris, coluna e ombros, de forma progressiva e sem pressa. Com o tempo, \u00e9 poss\u00edvel aumentar gradualmente a <b>dura\u00e7\u00e3o<\/b> ou a complexidade dos movimentos, sempre respeitando os limites do corpo.<\/p>\n\n\n\n<h2 class=\"wp-block-heading\">Como organizar uma sequ\u00eancia b\u00e1sica de mobilidade<\/h2>\n\n\n\n<p>Para quem gosta de seguir um <b>passo a passo<\/b>, vale montar uma pequena rotina com poucos movimentos, mas feita com <b>aten\u00e7\u00e3o<\/b>. Assim, o corpo vai se soltando aos poucos, e voc\u00ea entende melhor como cada articula\u00e7\u00e3o se comporta. Manter um <b>registro simples<\/b> da rotina, como anota\u00e7\u00f5es em um caderno ou aplicativo, pode ajudar a perceber a evolu\u00e7\u00e3o ao longo das semanas.<\/p>\n\n\n\n<ol class=\"wp-block-list\">\n<li>Selecionar de <b>3 a 5 exerc\u00edcios<\/b> de mobilidade para quadril, coluna, ombros e <b>tornozelos<\/b>.<\/li>\n\n\n\n<li>Executar entre <b>8 e 12 repeti\u00e7\u00f5es<\/b> de cada movimento, em <b>ritmo controlado<\/b>.<\/li>\n\n\n\n<li>Priorizar <b>movimentos sem dor<\/b>, ajustando a amplitude de acordo com o <b>limite individual<\/b>.<\/li>\n\n\n\n<li>Realizar a rotina de <b>2 a 4 vezes<\/b> por semana, preferencialmente com <b>orienta\u00e7\u00e3o profissional<\/b>.<\/li>\n<\/ol>\n\n\n\n<p>Para voc\u00ea que quer come\u00e7ar, separamos um v\u00eddeo do canal do <strong><a href=\"https:\/\/www.youtube.com\/channel\/UCvphc_K3Cd0YFTygQsvKUEQ\" target=\"_blank\" rel=\"noreferrer noopener\">Aur\u00e9lio Alfieri<\/a><\/strong> com dicas de exerc\u00edcios para melhorar sua mobilidade:<\/p>\n\n\n\n<figure class=\"wp-block-embed is-type-video is-provider-youtube wp-block-embed-youtube wp-embed-aspect-16-9 wp-has-aspect-ratio\"><div class=\"wp-block-embed__wrapper\">\n<div class=\"jeg_video_container jeg_video_content\"><iframe loading=\"lazy\" title=\"ALONGAMENTO DIN\u00c2MICO | Exerc\u00edcios de Mobilidade para Prevenir DOR no Corpo | Aur\u00e9lio Alfieri\" width=\"500\" height=\"281\" src=\"https:\/\/www.youtube.com\/embed\/F1iejoRbRts?feature=oembed\" frameborder=\"0\" allow=\"accelerometer; autoplay; clipboard-write; encrypted-media; gyroscope; picture-in-picture; web-share\" referrerpolicy=\"strict-origin-when-cross-origin\" allowfullscreen><\/iframe><\/div>\n<\/div><\/figure>\n\n\n\n<h2 class=\"wp-block-heading\">Exerc\u00edcios de mobilidade realmente ajudam a prevenir les\u00f5es<\/h2>\n\n\n\n<p>Muitos profissionais observam que a falta de <b>mobilidade<\/b> est\u00e1 associada a sobrecargas em <b>m\u00fasculos<\/b>, tend\u00f5es e ligamentos. Quando as articula\u00e7\u00f5es se movem melhor, o corpo distribui as for\u00e7as de forma mais equilibrada, o que diminui o risco de inc\u00f4modos em treinos e nas tarefas do dia a dia. Al\u00e9m disso, uma rotina consistente de mobilidade pode melhorar a <b>qualidade do movimento<\/b> e a sensa\u00e7\u00e3o de leveza durante atividades cotidianas.<\/p>\n\n\n\n<p>Por isso, exerc\u00edcios de mobilidade aparecem com frequ\u00eancia em programas de <b>reabilita\u00e7\u00e3o<\/b>, treinos funcionais, muscula\u00e7\u00e3o e esportes em geral. Somados ao <b>fortalecimento muscular<\/b>, a um bom descanso e a um sono de qualidade, eles ajudam a manter o corpo mais livre, est\u00e1vel e preparado para se movimentar com autonomia ao longo dos anos. Em casos de dor persistente ou hist\u00f3rico de les\u00e3o, \u00e9 fundamental buscar avalia\u00e7\u00e3o de um <b>profissional de sa\u00fade<\/b> antes de modificar a rotina de exerc\u00edcios.<\/p>\n","protected":false},"excerpt":{"rendered":"<p>Exerc\u00edcios de mobilidade soltam articula\u00e7\u00f5es e previnem les\u00f5es. Movimentos como 90-90 de quadril, gato-vaca e rota\u00e7\u00e3o de ombros reduzem a rigidez. Incluir 10 minutos na rotina melhora a postura e o desempenho em treinos e tarefas di\u00e1rias Voc\u00ea j\u00e1 tentou se abaixar para pegar algo no ch\u00e3o e sentiu o corpo \u201ctravado\u201d, como se estivesse [&hellip;]<\/p>\n","protected":false},"author":9,"featured_media":159577,"comment_status":"open","ping_status":"open","sticky":false,"template":"","format":"standard","meta":{"jnews-multi-image_gallery":[],"jnews_single_post":{"format":"standard"},"jnews_primary_category":[],"jnews_social_meta":[],"jnews_override_counter":[],"footnotes":""},"categories":[8691,8819,1],"tags":[17174,4131,1207],"class_list":["post-159546","post","type-post","status-publish","format-standard","has-post-thumbnail","hentry","category-bem-estar","category-curiosidades","category-noticias","tag-bem-estar-2","tag-exercicios","tag-mobilidade"],"yoast_head":"<!-- This site is optimized with the Yoast SEO plugin v23.8 - https:\/\/yoast.com\/wordpress\/plugins\/seo\/ -->\n<title>Corpo travado? 4 exerc\u00edcios de mobilidade para soltar as articula\u00e7\u00f5es - Estado de Minas - Em foco<\/title>\n<meta name=\"description\" content=\"Destrave o corpo com 4 exerc\u00edcios de mobilidade simples. Melhore quadril, coluna e ombros, prevenindo dores e les\u00f5es na rotina di\u00e1ria\" \/>\n<meta name=\"robots\" content=\"index, follow, max-snippet:-1, max-image-preview:large, max-video-preview:-1\" \/>\n<link rel=\"canonical\" href=\"https:\/\/www.em.com.br\/emfoco\/2026\/01\/24\/corpo-travado-4-exercicios-de-mobilidade-para-soltar-as-articulacoes\/\" \/>\n<meta property=\"og:locale\" content=\"pt_BR\" \/>\n<meta property=\"og:type\" content=\"article\" \/>\n<meta property=\"og:title\" content=\"Corpo travado? 4 exerc\u00edcios de mobilidade para soltar as articula\u00e7\u00f5es - Estado de Minas - Em foco\" \/>\n<meta property=\"og:description\" content=\"Destrave o corpo com 4 exerc\u00edcios de mobilidade simples. Melhore quadril, coluna e ombros, prevenindo dores e les\u00f5es na rotina di\u00e1ria\" \/>\n<meta property=\"og:url\" content=\"https:\/\/www.em.com.br\/emfoco\/2026\/01\/24\/corpo-travado-4-exercicios-de-mobilidade-para-soltar-as-articulacoes\/\" \/>\n<meta property=\"og:site_name\" content=\"Estado de Minas - Em foco\" \/>\n<meta property=\"article:published_time\" content=\"2026-01-24T16:15:09+00:00\" \/>\n<meta property=\"article:modified_time\" content=\"2026-01-23T19:46:27+00:00\" \/>\n<meta property=\"og:image\" content=\"https:\/\/www.em.com.br\/emfoco\/wp-content\/uploads\/2026\/01\/alongamento_1769197334345.jpg\" \/>\n\t<meta property=\"og:image:width\" content=\"1280\" \/>\n\t<meta property=\"og:image:height\" content=\"720\" \/>\n\t<meta property=\"og:image:type\" content=\"image\/jpeg\" \/>\n<meta name=\"author\" content=\"Daniely Cardoso\" \/>\n<meta name=\"twitter:card\" content=\"summary_large_image\" \/>\n<meta name=\"twitter:label1\" content=\"Escrito por\" \/>\n\t<meta name=\"twitter:data1\" content=\"Daniely Cardoso\" \/>\n\t<meta name=\"twitter:label2\" content=\"Est. tempo de leitura\" \/>\n\t<meta name=\"twitter:data2\" content=\"4 minutos\" \/>\n<!-- \/ Yoast SEO plugin. -->","yoast_head_json":{"title":"Corpo travado? 4 exerc\u00edcios de mobilidade para soltar as articula\u00e7\u00f5es - Estado de Minas - Em foco","description":"Destrave o corpo com 4 exerc\u00edcios de mobilidade simples. Melhore quadril, coluna e ombros, prevenindo dores e les\u00f5es na rotina di\u00e1ria","robots":{"index":"index","follow":"follow","max-snippet":"max-snippet:-1","max-image-preview":"max-image-preview:large","max-video-preview":"max-video-preview:-1"},"canonical":"https:\/\/www.em.com.br\/emfoco\/2026\/01\/24\/corpo-travado-4-exercicios-de-mobilidade-para-soltar-as-articulacoes\/","og_locale":"pt_BR","og_type":"article","og_title":"Corpo travado? 4 exerc\u00edcios de mobilidade para soltar as articula\u00e7\u00f5es - Estado de Minas - Em foco","og_description":"Destrave o corpo com 4 exerc\u00edcios de mobilidade simples. Melhore quadril, coluna e ombros, prevenindo dores e les\u00f5es na rotina di\u00e1ria","og_url":"https:\/\/www.em.com.br\/emfoco\/2026\/01\/24\/corpo-travado-4-exercicios-de-mobilidade-para-soltar-as-articulacoes\/","og_site_name":"Estado de Minas - Em foco","article_published_time":"2026-01-24T16:15:09+00:00","article_modified_time":"2026-01-23T19:46:27+00:00","og_image":[{"width":1280,"height":720,"url":"https:\/\/www.em.com.br\/emfoco\/wp-content\/uploads\/2026\/01\/alongamento_1769197334345.jpg","type":"image\/jpeg"}],"author":"Daniely Cardoso","twitter_card":"summary_large_image","twitter_misc":{"Escrito por":"Daniely Cardoso","Est. tempo de leitura":"4 minutos"},"schema":{"@context":"https:\/\/schema.org","@graph":[{"@type":"WebPage","@id":"https:\/\/www.em.com.br\/emfoco\/2026\/01\/24\/corpo-travado-4-exercicios-de-mobilidade-para-soltar-as-articulacoes\/","url":"https:\/\/www.em.com.br\/emfoco\/2026\/01\/24\/corpo-travado-4-exercicios-de-mobilidade-para-soltar-as-articulacoes\/","name":"Corpo travado? 4 exerc\u00edcios de mobilidade para soltar as articula\u00e7\u00f5es - Estado de Minas - Em foco","isPartOf":{"@id":"https:\/\/www.em.com.br\/emfoco\/#website"},"primaryImageOfPage":{"@id":"https:\/\/www.em.com.br\/emfoco\/2026\/01\/24\/corpo-travado-4-exercicios-de-mobilidade-para-soltar-as-articulacoes\/#primaryimage"},"image":{"@id":"https:\/\/www.em.com.br\/emfoco\/2026\/01\/24\/corpo-travado-4-exercicios-de-mobilidade-para-soltar-as-articulacoes\/#primaryimage"},"thumbnailUrl":"https:\/\/www.em.com.br\/emfoco\/wp-content\/uploads\/2026\/01\/alongamento_1769197334345.jpg","datePublished":"2026-01-24T16:15:09+00:00","dateModified":"2026-01-23T19:46:27+00:00","author":{"@id":"https:\/\/www.em.com.br\/emfoco\/#\/schema\/person\/0a8186d72f2c3a5c6276d90b41f271a0"},"description":"Destrave o corpo com 4 exerc\u00edcios de mobilidade simples. Melhore quadril, coluna e ombros, prevenindo dores e les\u00f5es na rotina di\u00e1ria","breadcrumb":{"@id":"https:\/\/www.em.com.br\/emfoco\/2026\/01\/24\/corpo-travado-4-exercicios-de-mobilidade-para-soltar-as-articulacoes\/#breadcrumb"},"inLanguage":"pt-BR","potentialAction":[{"@type":"ReadAction","target":["https:\/\/www.em.com.br\/emfoco\/2026\/01\/24\/corpo-travado-4-exercicios-de-mobilidade-para-soltar-as-articulacoes\/"]}]},{"@type":"ImageObject","inLanguage":"pt-BR","@id":"https:\/\/www.em.com.br\/emfoco\/2026\/01\/24\/corpo-travado-4-exercicios-de-mobilidade-para-soltar-as-articulacoes\/#primaryimage","url":"https:\/\/www.em.com.br\/emfoco\/wp-content\/uploads\/2026\/01\/alongamento_1769197334345.jpg","contentUrl":"https:\/\/www.em.com.br\/emfoco\/wp-content\/uploads\/2026\/01\/alongamento_1769197334345.jpg","width":1280,"height":720,"caption":"Os exerc\u00edcios de mobilidade podem entrar no aquecimento, em dias de treino mais leve ou at\u00e9 em pequenas pausas durante o trabalho"},{"@type":"BreadcrumbList","@id":"https:\/\/www.em.com.br\/emfoco\/2026\/01\/24\/corpo-travado-4-exercicios-de-mobilidade-para-soltar-as-articulacoes\/#breadcrumb","itemListElement":[{"@type":"ListItem","position":1,"name":"In\u00edcio","item":"https:\/\/www.em.com.br\/emfoco\/"},{"@type":"ListItem","position":2,"name":"Corpo travado? 4 exerc\u00edcios de mobilidade para soltar as articula\u00e7\u00f5es"}]},{"@type":"WebSite","@id":"https:\/\/www.em.com.br\/emfoco\/#website","url":"https:\/\/www.em.com.br\/emfoco\/","name":"Estado de Minas - Em foco","description":"Acompanhe as \u00faltimas not\u00edcias e fique bem informado sobre tudo o que acontece em Minas Gerais, Brasil e no mundo.","potentialAction":[{"@type":"SearchAction","target":{"@type":"EntryPoint","urlTemplate":"https:\/\/www.em.com.br\/emfoco\/?s={search_term_string}"},"query-input":{"@type":"PropertyValueSpecification","valueRequired":true,"valueName":"search_term_string"}}],"inLanguage":"pt-BR"},{"@type":"Person","@id":"https:\/\/www.em.com.br\/emfoco\/#\/schema\/person\/0a8186d72f2c3a5c6276d90b41f271a0","name":"Daniely Cardoso","image":{"@type":"ImageObject","inLanguage":"pt-BR","@id":"https:\/\/www.em.com.br\/emfoco\/#\/schema\/person\/image\/","url":"https:\/\/secure.gravatar.com\/avatar\/4b80ddbd124d1f071b626d52d62e5dff?s=96&d=mm&r=g","contentUrl":"https:\/\/secure.gravatar.com\/avatar\/4b80ddbd124d1f071b626d52d62e5dff?s=96&d=mm&r=g","caption":"Daniely Cardoso"},"url":"https:\/\/www.em.com.br\/emfoco\/author\/danielymyth\/"}]}},"_links":{"self":[{"href":"https:\/\/www.em.com.br\/emfoco\/wp-json\/wp\/v2\/posts\/159546","targetHints":{"allow":["GET"]}}],"collection":[{"href":"https:\/\/www.em.com.br\/emfoco\/wp-json\/wp\/v2\/posts"}],"about":[{"href":"https:\/\/www.em.com.br\/emfoco\/wp-json\/wp\/v2\/types\/post"}],"author":[{"embeddable":true,"href":"https:\/\/www.em.com.br\/emfoco\/wp-json\/wp\/v2\/users\/9"}],"replies":[{"embeddable":true,"href":"https:\/\/www.em.com.br\/emfoco\/wp-json\/wp\/v2\/comments?post=159546"}],"version-history":[{"count":2,"href":"https:\/\/www.em.com.br\/emfoco\/wp-json\/wp\/v2\/posts\/159546\/revisions"}],"predecessor-version":[{"id":159578,"href":"https:\/\/www.em.com.br\/emfoco\/wp-json\/wp\/v2\/posts\/159546\/revisions\/159578"}],"wp:featuredmedia":[{"embeddable":true,"href":"https:\/\/www.em.com.br\/emfoco\/wp-json\/wp\/v2\/media\/159577"}],"wp:attachment":[{"href":"https:\/\/www.em.com.br\/emfoco\/wp-json\/wp\/v2\/media?parent=159546"}],"wp:term":[{"taxonomy":"category","embeddable":true,"href":"https:\/\/www.em.com.br\/emfoco\/wp-json\/wp\/v2\/categories?post=159546"},{"taxonomy":"post_tag","embeddable":true,"href":"https:\/\/www.em.com.br\/emfoco\/wp-json\/wp\/v2\/tags?post=159546"}],"curies":[{"name":"wp","href":"https:\/\/api.w.org\/{rel}","templated":true}]}}