{"id":159492,"date":"2026-01-23T17:00:00","date_gmt":"2026-01-23T20:00:00","guid":{"rendered":"https:\/\/www.em.com.br\/emfoco\/?p=159492"},"modified":"2026-01-23T16:01:00","modified_gmt":"2026-01-23T19:01:00","slug":"sabonete-popular-esta-sendo-retirado-com-urgencia-de-todos-os-supermercados-e-lojas-do-pais-por-ser-altamente-perigoso-para-a-saude","status":"publish","type":"post","link":"https:\/\/www.em.com.br\/emfoco\/2026\/01\/23\/sabonete-popular-esta-sendo-retirado-com-urgencia-de-todos-os-supermercados-e-lojas-do-pais-por-ser-altamente-perigoso-para-a-saude\/","title":{"rendered":"Sabonete popular est\u00e1 sendo retirado com urg\u00eancia de todos os supermercados e lojas do pa\u00eds por ser altamente perigoso para a sa\u00fade"},"content":{"rendered":"\n<p>Um recall recente de produtos de higiene nos <strong>Estados Unidos <\/strong>acendeu um alerta geral sobre seguran\u00e7a sanit\u00e1ria, ao envolver um item amplamente usado no dia a dia: o sabonete l\u00edquido. A empresa <strong>DermaRite <\/strong>anunciou a retirada imediata de diversos lotes ap\u00f3s identificar contamina\u00e7\u00e3o por\u00a0<em><strong>Burkholderia cepacia<\/strong><\/em>, bact\u00e9ria associada a infec\u00e7\u00f5es graves em pessoas com defesa imunol\u00f3gica comprometida, afetando hospitais, cl\u00ednicas, lares de idosos e consumidores em casa.<\/p>\n\n\n\n<h2 class=\"wp-block-heading\">Sabonete contaminado \u00e9 perigoso para a sa\u00fade?<\/h2>\n\n\n\n<p>Em condi\u00e7\u00f5es normais, produtos de higiene pessoal passam por rigorosos processos de fabrica\u00e7\u00e3o e controle de qualidade para evitar microrganismos. Quando h\u00e1 falhas, um&nbsp;<strong>sabonete l\u00edquido contaminado<\/strong>&nbsp;pode virar um ve\u00edculo de transmiss\u00e3o de bact\u00e9rias para pessoas vulner\u00e1veis, desequilibrando protocolos de preven\u00e7\u00e3o de infec\u00e7\u00f5es.<\/p>\n\n\n\n<p>A&nbsp;<em>Burkholderia cepacia<\/em>&nbsp;\u00e9 considerada uma bact\u00e9ria oportunista: em indiv\u00edduos saud\u00e1veis, o contato com o produto tende a causar pouco ou nenhum sintoma. J\u00e1 em pacientes imunocomprometidos, o uso repetido de um&nbsp;<strong>sabonete de m\u00e3o contaminado<\/strong>&nbsp;aumenta o risco de infec\u00e7\u00f5es pulmonares e de corrente sangu\u00ednea, exigindo monitoramento r\u00edgido em ambientes de cuidado.<\/p>\n\n\n\n<figure class=\"wp-block-image size-large\"><img loading=\"lazy\" decoding=\"async\" width=\"1024\" height=\"576\" src=\"https:\/\/www.em.com.br\/emfoco\/wp-content\/uploads\/2026\/01\/Gemini_Generated_Image_5xxw65xxw65xxw65-1-1024x576.png\" alt=\"Sabonete contaminado preocupa hospitais e fam\u00edlias\" class=\"wp-image-159496\" srcset=\"https:\/\/www.em.com.br\/emfoco\/wp-content\/uploads\/2026\/01\/Gemini_Generated_Image_5xxw65xxw65xxw65-1-1024x576.png 1024w, https:\/\/www.em.com.br\/emfoco\/wp-content\/uploads\/2026\/01\/Gemini_Generated_Image_5xxw65xxw65xxw65-1-300x169.png 300w, https:\/\/www.em.com.br\/emfoco\/wp-content\/uploads\/2026\/01\/Gemini_Generated_Image_5xxw65xxw65xxw65-1-768x432.png 768w, https:\/\/www.em.com.br\/emfoco\/wp-content\/uploads\/2026\/01\/Gemini_Generated_Image_5xxw65xxw65xxw65-1-750x422.png 750w, https:\/\/www.em.com.br\/emfoco\/wp-content\/uploads\/2026\/01\/Gemini_Generated_Image_5xxw65xxw65xxw65-1-1140x641.png 1140w, https:\/\/www.em.com.br\/emfoco\/wp-content\/uploads\/2026\/01\/Gemini_Generated_Image_5xxw65xxw65xxw65-1.png 1280w\" sizes=\"auto, (max-width: 1024px) 100vw, 1024px\" \/><figcaption class=\"wp-element-caption\">Sabonete contaminado preocupa hospitais e fam\u00edlias<\/figcaption><\/figure>\n\n\n\n<h2 class=\"wp-block-heading\">Quais sabonetes e produtos fazem parte do recall?<\/h2>\n\n\n\n<p>De acordo com o comunicado da empresa, o recall envolve diferentes marcas comerciais, todas fabricadas pela DermaRite e voltadas \u00e0 limpeza da pele. Esses itens est\u00e3o presentes em institui\u00e7\u00f5es de sa\u00fade, lares de longa perman\u00eancia e estoques dom\u00e9sticos de quem cuida de familiares doentes.<\/p>\n\n\n\n<p>Confira alguns dos principais produtos inclu\u00eddos na lista de retirada para verificar se voc\u00ea ou sua institui\u00e7\u00e3o podem estar em risco:<\/p>\n\n\n\n<ul class=\"wp-block-list\">\n<li><strong>DermaKleen<\/strong>\u00a0\u2013 sabonete e solu\u00e7\u00e3o de higiene para as m\u00e3os;<\/li>\n\n\n\n<li><strong>Dermasarra<\/strong>\u00a0\u2013 produtos de cuidado da pele usados em ambiente cl\u00ednico;<\/li>\n\n\n\n<li><strong>Kleenfoam<\/strong>\u00a0\u2013 espuma de limpeza para higiene de pacientes acamados;<\/li>\n\n\n\n<li><strong>Perigine<\/strong>\u00a0\u2013 itens voltados \u00e0 prote\u00e7\u00e3o e limpeza da pele sens\u00edvel.<\/li>\n<\/ul>\n\n\n\n<h2 class=\"wp-block-heading\">O que \u00e9 Burkholderia cepacia e por que ela preocupa?<\/h2>\n\n\n\n<p>A&nbsp;<strong>Burkholderia cepacia<\/strong>&nbsp;\u00e9 um grupo de bact\u00e9rias encontrado naturalmente em solo e \u00e1gua, geralmente discreto na comunidade, mas desafiador em hospitais. O complexo&nbsp;<em>Burkholderia cepacia<\/em>&nbsp;afeta sobretudo pessoas com fibrose c\u00edstica, DPOC e outras doen\u00e7as respirat\u00f3rias, podendo agravar quadros j\u00e1 delicados.<\/p>\n\n\n\n<p>Entre os sinais de infec\u00e7\u00e3o est\u00e3o febre persistente, cansa\u00e7o intenso e piora da fun\u00e7\u00e3o pulmonar, com aumento de tosse, secre\u00e7\u00e3o ou falta de ar. A transmiss\u00e3o pode ocorrer por superf\u00edcies ou produtos contaminados, equipamentos m\u00e9dicos expostos \u00e0 bact\u00e9ria, ambientes aqu\u00e1ticos contaminados e contato pr\u00f3ximo em contextos hospitalares sem higiene adequada das m\u00e3os.<\/p>\n\n\n\n<figure class=\"wp-block-image size-large\"><img loading=\"lazy\" decoding=\"async\" width=\"1024\" height=\"576\" src=\"https:\/\/www.em.com.br\/emfoco\/wp-content\/uploads\/2026\/01\/ChatGPT-Image-23-de-jan.-de-2026-15_58_17-1-1024x576.png\" alt=\"Sabonete contaminado preocupa hospitais e fam\u00edlias\" class=\"wp-image-159498\" srcset=\"https:\/\/www.em.com.br\/emfoco\/wp-content\/uploads\/2026\/01\/ChatGPT-Image-23-de-jan.-de-2026-15_58_17-1-1024x576.png 1024w, https:\/\/www.em.com.br\/emfoco\/wp-content\/uploads\/2026\/01\/ChatGPT-Image-23-de-jan.-de-2026-15_58_17-1-300x169.png 300w, https:\/\/www.em.com.br\/emfoco\/wp-content\/uploads\/2026\/01\/ChatGPT-Image-23-de-jan.-de-2026-15_58_17-1-768x432.png 768w, https:\/\/www.em.com.br\/emfoco\/wp-content\/uploads\/2026\/01\/ChatGPT-Image-23-de-jan.-de-2026-15_58_17-1-750x422.png 750w, https:\/\/www.em.com.br\/emfoco\/wp-content\/uploads\/2026\/01\/ChatGPT-Image-23-de-jan.-de-2026-15_58_17-1-1140x641.png 1140w, https:\/\/www.em.com.br\/emfoco\/wp-content\/uploads\/2026\/01\/ChatGPT-Image-23-de-jan.-de-2026-15_58_17-1.png 1280w\" sizes=\"auto, (max-width: 1024px) 100vw, 1024px\" \/><figcaption class=\"wp-element-caption\">Sabonete contaminado preocupa hospitais e fam\u00edlias<\/figcaption><\/figure>\n\n\n\n<h2 class=\"wp-block-heading\">Como consumidores e institui\u00e7\u00f5es devem agir diante do recall?<\/h2>\n\n\n\n<p>O primeiro passo \u00e9 verificar marcas, n\u00fameros de lote e prazos de validade de todos os sabonetes e solu\u00e7\u00f5es de higiene comprados recentemente. Em caso de identifica\u00e7\u00e3o de algum item do recall, \u00e9 essencial interromper o uso imediatamente, isolar os frascos e seguir as orienta\u00e7\u00f5es do fabricante para devolu\u00e7\u00e3o ou descarte seguro.<\/p>\n\n\n\n<p>Pessoas imunocomprometidas que tenham utilizado um&nbsp;<strong>sabonete de m\u00e3o ou sabonete corporal potencialmente contaminado<\/strong>&nbsp;e apresentem febre, mal-estar prolongado ou piora respirat\u00f3ria devem procurar avalia\u00e7\u00e3o m\u00e9dica r\u00e1pida. Nos Estados Unidos, eventos adversos podem ser notificados \u00e0 FDA pelo sistema MedWatch, o que ajuda a aprimorar o monitoramento e a resposta regulat\u00f3ria.<\/p>\n\n\n\n<h2 class=\"wp-block-heading\">Qual a import\u00e2ncia desse epis\u00f3dio e o que fazer agora?<\/h2>\n\n\n\n<p>O caso refor\u00e7a a necessidade de boas pr\u00e1ticas de fabrica\u00e7\u00e3o, r\u00f3tulos claros e comunica\u00e7\u00e3o \u00e1gil entre ind\u00fastria, autoridades e popula\u00e7\u00e3o, especialmente em 2025, quando o controle de infec\u00e7\u00f5es segue como prioridade global. A presen\u00e7a de&nbsp;<em>Burkholderia cepacia<\/em>&nbsp;em sabonetes \u00e9 incomum, mas, quando detectada, exige rea\u00e7\u00e3o r\u00e1pida para proteger principalmente os mais fr\u00e1geis.<\/p>\n\n\n\n<p>Se voc\u00ea atua em sa\u00fade ou cuida de algu\u00e9m com imunidade baixa, n\u00e3o espere: revise imediatamente seus produtos de higiene, substitua qualquer item suspeito e compartilhe esse alerta com equipes e familiares. Diante de sintomas ap\u00f3s o uso de sabonete potencialmente contaminado, procure atendimento m\u00e9dico sem demora, pois cada hora pode fazer diferen\u00e7a na evolu\u00e7\u00e3o do quadro.<\/p>\n","protected":false},"excerpt":{"rendered":"<p>Um recall recente de produtos de higiene nos Estados Unidos acendeu um alerta geral sobre seguran\u00e7a sanit\u00e1ria, ao envolver um item amplamente usado no dia a dia: o sabonete l\u00edquido. A empresa DermaRite anunciou a retirada imediata de diversos lotes ap\u00f3s identificar contamina\u00e7\u00e3o por\u00a0Burkholderia cepacia, bact\u00e9ria associada a infec\u00e7\u00f5es graves em pessoas com defesa imunol\u00f3gica [&hellip;]<\/p>\n","protected":false},"author":11,"featured_media":159493,"comment_status":"open","ping_status":"open","sticky":false,"template":"","format":"standard","meta":{"jnews-multi-image_gallery":[],"jnews_single_post":{"format":"standard"},"jnews_primary_category":[],"jnews_social_meta":[],"jnews_override_counter":[],"footnotes":""},"categories":[8819,1,9053],"tags":[21107,23337,23338,1563,9963,21160,415],"class_list":["post-159492","post","type-post","status-publish","format-standard","has-post-thumbnail","hentry","category-curiosidades","category-noticias","category-saude","tag-bacteria","tag-contaminacao-por-bacteria","tag-infeccoes-graves","tag-mercado","tag-recall","tag-sabonetes","tag-saude"],"yoast_head":"<!-- This site is optimized with the Yoast SEO plugin v23.8 - https:\/\/yoast.com\/wordpress\/plugins\/seo\/ -->\n<title>Sabonete popular est\u00e1 sendo retirado com urg\u00eancia de todos os supermercados e lojas do pa\u00eds por ser altamente perigoso para a sa\u00fade - Estado de Minas - Em foco<\/title>\n<meta name=\"description\" content=\"Recall de sabonete l\u00edquido nos EUA envolve bact\u00e9ria perigosa. Veja quais produtos foram afetados e como agir.\" \/>\n<meta name=\"robots\" content=\"index, follow, max-snippet:-1, max-image-preview:large, max-video-preview:-1\" \/>\n<link rel=\"canonical\" href=\"https:\/\/www.em.com.br\/emfoco\/2026\/01\/23\/sabonete-popular-esta-sendo-retirado-com-urgencia-de-todos-os-supermercados-e-lojas-do-pais-por-ser-altamente-perigoso-para-a-saude\/\" \/>\n<meta property=\"og:locale\" content=\"pt_BR\" \/>\n<meta property=\"og:type\" content=\"article\" \/>\n<meta property=\"og:title\" content=\"Sabonete popular est\u00e1 sendo retirado com urg\u00eancia de todos os supermercados e lojas do pa\u00eds por ser altamente perigoso para a sa\u00fade - Estado de Minas - Em foco\" \/>\n<meta property=\"og:description\" content=\"Recall de sabonete l\u00edquido nos EUA envolve bact\u00e9ria perigosa. Veja quais produtos foram afetados e como agir.\" \/>\n<meta property=\"og:url\" content=\"https:\/\/www.em.com.br\/emfoco\/2026\/01\/23\/sabonete-popular-esta-sendo-retirado-com-urgencia-de-todos-os-supermercados-e-lojas-do-pais-por-ser-altamente-perigoso-para-a-saude\/\" \/>\n<meta property=\"og:site_name\" content=\"Estado de Minas - Em foco\" \/>\n<meta property=\"article:published_time\" content=\"2026-01-23T20:00:00+00:00\" \/>\n<meta property=\"article:modified_time\" content=\"2026-01-23T19:01:00+00:00\" \/>\n<meta property=\"og:image\" content=\"https:\/\/www.em.com.br\/emfoco\/wp-content\/uploads\/2026\/01\/Gemini_Generated_Image_wz883wwz883wwz88-1.png\" \/>\n\t<meta property=\"og:image:width\" content=\"1280\" \/>\n\t<meta property=\"og:image:height\" content=\"720\" \/>\n\t<meta property=\"og:image:type\" content=\"image\/png\" \/>\n<meta name=\"author\" content=\"Andre\u0301 Rangel\u00a0\" \/>\n<meta name=\"twitter:card\" content=\"summary_large_image\" \/>\n<meta name=\"twitter:label1\" content=\"Escrito por\" \/>\n\t<meta name=\"twitter:data1\" content=\"Andre\u0301 Rangel\u00a0\" \/>\n\t<meta name=\"twitter:label2\" content=\"Est. tempo de leitura\" \/>\n\t<meta name=\"twitter:data2\" content=\"5 minutos\" \/>\n<!-- \/ Yoast SEO plugin. -->","yoast_head_json":{"title":"Sabonete popular est\u00e1 sendo retirado com urg\u00eancia de todos os supermercados e lojas do pa\u00eds por ser altamente perigoso para a sa\u00fade - Estado de Minas - Em foco","description":"Recall de sabonete l\u00edquido nos EUA envolve bact\u00e9ria perigosa. Veja quais produtos foram afetados e como agir.","robots":{"index":"index","follow":"follow","max-snippet":"max-snippet:-1","max-image-preview":"max-image-preview:large","max-video-preview":"max-video-preview:-1"},"canonical":"https:\/\/www.em.com.br\/emfoco\/2026\/01\/23\/sabonete-popular-esta-sendo-retirado-com-urgencia-de-todos-os-supermercados-e-lojas-do-pais-por-ser-altamente-perigoso-para-a-saude\/","og_locale":"pt_BR","og_type":"article","og_title":"Sabonete popular est\u00e1 sendo retirado com urg\u00eancia de todos os supermercados e lojas do pa\u00eds por ser altamente perigoso para a sa\u00fade - Estado de Minas - Em foco","og_description":"Recall de sabonete l\u00edquido nos EUA envolve bact\u00e9ria perigosa. Veja quais produtos foram afetados e como agir.","og_url":"https:\/\/www.em.com.br\/emfoco\/2026\/01\/23\/sabonete-popular-esta-sendo-retirado-com-urgencia-de-todos-os-supermercados-e-lojas-do-pais-por-ser-altamente-perigoso-para-a-saude\/","og_site_name":"Estado de Minas - Em foco","article_published_time":"2026-01-23T20:00:00+00:00","article_modified_time":"2026-01-23T19:01:00+00:00","og_image":[{"width":1280,"height":720,"url":"https:\/\/www.em.com.br\/emfoco\/wp-content\/uploads\/2026\/01\/Gemini_Generated_Image_wz883wwz883wwz88-1.png","type":"image\/png"}],"author":"Andre\u0301 Rangel\u00a0","twitter_card":"summary_large_image","twitter_misc":{"Escrito por":"Andre\u0301 Rangel\u00a0","Est. tempo de leitura":"5 minutos"},"schema":{"@context":"https:\/\/schema.org","@graph":[{"@type":"WebPage","@id":"https:\/\/www.em.com.br\/emfoco\/2026\/01\/23\/sabonete-popular-esta-sendo-retirado-com-urgencia-de-todos-os-supermercados-e-lojas-do-pais-por-ser-altamente-perigoso-para-a-saude\/","url":"https:\/\/www.em.com.br\/emfoco\/2026\/01\/23\/sabonete-popular-esta-sendo-retirado-com-urgencia-de-todos-os-supermercados-e-lojas-do-pais-por-ser-altamente-perigoso-para-a-saude\/","name":"Sabonete popular est\u00e1 sendo retirado com urg\u00eancia de todos os supermercados e lojas do pa\u00eds por ser altamente perigoso para a sa\u00fade - Estado de Minas - Em foco","isPartOf":{"@id":"https:\/\/www.em.com.br\/emfoco\/#website"},"primaryImageOfPage":{"@id":"https:\/\/www.em.com.br\/emfoco\/2026\/01\/23\/sabonete-popular-esta-sendo-retirado-com-urgencia-de-todos-os-supermercados-e-lojas-do-pais-por-ser-altamente-perigoso-para-a-saude\/#primaryimage"},"image":{"@id":"https:\/\/www.em.com.br\/emfoco\/2026\/01\/23\/sabonete-popular-esta-sendo-retirado-com-urgencia-de-todos-os-supermercados-e-lojas-do-pais-por-ser-altamente-perigoso-para-a-saude\/#primaryimage"},"thumbnailUrl":"https:\/\/www.em.com.br\/emfoco\/wp-content\/uploads\/2026\/01\/Gemini_Generated_Image_wz883wwz883wwz88-1.png","datePublished":"2026-01-23T20:00:00+00:00","dateModified":"2026-01-23T19:01:00+00:00","author":{"@id":"https:\/\/www.em.com.br\/emfoco\/#\/schema\/person\/60eda09c1fedf0d6891f4cef4b60b8b8"},"description":"Recall de sabonete l\u00edquido nos EUA envolve bact\u00e9ria perigosa. Veja quais produtos foram afetados e como agir.","breadcrumb":{"@id":"https:\/\/www.em.com.br\/emfoco\/2026\/01\/23\/sabonete-popular-esta-sendo-retirado-com-urgencia-de-todos-os-supermercados-e-lojas-do-pais-por-ser-altamente-perigoso-para-a-saude\/#breadcrumb"},"inLanguage":"pt-BR","potentialAction":[{"@type":"ReadAction","target":["https:\/\/www.em.com.br\/emfoco\/2026\/01\/23\/sabonete-popular-esta-sendo-retirado-com-urgencia-de-todos-os-supermercados-e-lojas-do-pais-por-ser-altamente-perigoso-para-a-saude\/"]}]},{"@type":"ImageObject","inLanguage":"pt-BR","@id":"https:\/\/www.em.com.br\/emfoco\/2026\/01\/23\/sabonete-popular-esta-sendo-retirado-com-urgencia-de-todos-os-supermercados-e-lojas-do-pais-por-ser-altamente-perigoso-para-a-saude\/#primaryimage","url":"https:\/\/www.em.com.br\/emfoco\/wp-content\/uploads\/2026\/01\/Gemini_Generated_Image_wz883wwz883wwz88-1.png","contentUrl":"https:\/\/www.em.com.br\/emfoco\/wp-content\/uploads\/2026\/01\/Gemini_Generated_Image_wz883wwz883wwz88-1.png","width":1280,"height":720,"caption":"Sabonete contaminado preocupa hospitais e fam\u00edlias"},{"@type":"BreadcrumbList","@id":"https:\/\/www.em.com.br\/emfoco\/2026\/01\/23\/sabonete-popular-esta-sendo-retirado-com-urgencia-de-todos-os-supermercados-e-lojas-do-pais-por-ser-altamente-perigoso-para-a-saude\/#breadcrumb","itemListElement":[{"@type":"ListItem","position":1,"name":"In\u00edcio","item":"https:\/\/www.em.com.br\/emfoco\/"},{"@type":"ListItem","position":2,"name":"Sabonete popular est\u00e1 sendo retirado com urg\u00eancia de todos os supermercados e lojas do pa\u00eds por ser altamente perigoso para a sa\u00fade"}]},{"@type":"WebSite","@id":"https:\/\/www.em.com.br\/emfoco\/#website","url":"https:\/\/www.em.com.br\/emfoco\/","name":"Estado de Minas - Em foco","description":"Acompanhe as \u00faltimas not\u00edcias e fique bem informado sobre tudo o que acontece em Minas Gerais, Brasil e no mundo.","potentialAction":[{"@type":"SearchAction","target":{"@type":"EntryPoint","urlTemplate":"https:\/\/www.em.com.br\/emfoco\/?s={search_term_string}"},"query-input":{"@type":"PropertyValueSpecification","valueRequired":true,"valueName":"search_term_string"}}],"inLanguage":"pt-BR"},{"@type":"Person","@id":"https:\/\/www.em.com.br\/emfoco\/#\/schema\/person\/60eda09c1fedf0d6891f4cef4b60b8b8","name":"Andre\u0301 Rangel\u00a0","image":{"@type":"ImageObject","inLanguage":"pt-BR","@id":"https:\/\/www.em.com.br\/emfoco\/#\/schema\/person\/image\/","url":"https:\/\/secure.gravatar.com\/avatar\/6234dc814c77c8ef6d8bba622c787efc?s=96&d=mm&r=g","contentUrl":"https:\/\/secure.gravatar.com\/avatar\/6234dc814c77c8ef6d8bba622c787efc?s=96&d=mm&r=g","caption":"Andre\u0301 Rangel\u00a0"},"url":"https:\/\/www.em.com.br\/emfoco\/author\/luizmyth\/"}]}},"_links":{"self":[{"href":"https:\/\/www.em.com.br\/emfoco\/wp-json\/wp\/v2\/posts\/159492","targetHints":{"allow":["GET"]}}],"collection":[{"href":"https:\/\/www.em.com.br\/emfoco\/wp-json\/wp\/v2\/posts"}],"about":[{"href":"https:\/\/www.em.com.br\/emfoco\/wp-json\/wp\/v2\/types\/post"}],"author":[{"embeddable":true,"href":"https:\/\/www.em.com.br\/emfoco\/wp-json\/wp\/v2\/users\/11"}],"replies":[{"embeddable":true,"href":"https:\/\/www.em.com.br\/emfoco\/wp-json\/wp\/v2\/comments?post=159492"}],"version-history":[{"count":1,"href":"https:\/\/www.em.com.br\/emfoco\/wp-json\/wp\/v2\/posts\/159492\/revisions"}],"predecessor-version":[{"id":159500,"href":"https:\/\/www.em.com.br\/emfoco\/wp-json\/wp\/v2\/posts\/159492\/revisions\/159500"}],"wp:featuredmedia":[{"embeddable":true,"href":"https:\/\/www.em.com.br\/emfoco\/wp-json\/wp\/v2\/media\/159493"}],"wp:attachment":[{"href":"https:\/\/www.em.com.br\/emfoco\/wp-json\/wp\/v2\/media?parent=159492"}],"wp:term":[{"taxonomy":"category","embeddable":true,"href":"https:\/\/www.em.com.br\/emfoco\/wp-json\/wp\/v2\/categories?post=159492"},{"taxonomy":"post_tag","embeddable":true,"href":"https:\/\/www.em.com.br\/emfoco\/wp-json\/wp\/v2\/tags?post=159492"}],"curies":[{"name":"wp","href":"https:\/\/api.w.org\/{rel}","templated":true}]}}