{"id":159440,"date":"2026-01-25T12:15:00","date_gmt":"2026-01-25T15:15:00","guid":{"rendered":"https:\/\/www.em.com.br\/emfoco\/?p=159440"},"modified":"2026-01-24T17:29:45","modified_gmt":"2026-01-24T20:29:45","slug":"como-preparar-salada-de-grao-de-bico-receita-com-8-ingredientes-para-um-almoco-ou-jantar-leve","status":"publish","type":"post","link":"https:\/\/www.em.com.br\/emfoco\/2026\/01\/25\/como-preparar-salada-de-grao-de-bico-receita-com-8-ingredientes-para-um-almoco-ou-jantar-leve\/","title":{"rendered":"Como preparar salada de gr\u00e3o-de-bico: receita com 8 ingredientes para um almo\u00e7o ou jantar leve"},"content":{"rendered":"\n<p>A salada de gr\u00e3o-de-bico \u00e9 presen\u00e7a garantida no card\u00e1pio de quem busca uma refei\u00e7\u00e3o leve, nutritiva e pr\u00e1tica, especialmente em dias quentes. Com poucos ingredientes e preparo r\u00e1pido, o prato combina leguminosas, hortali\u00e7as frescas e um toque c\u00edtrico, funcionando bem em marmitas, refei\u00e7\u00f5es em fam\u00edlia e at\u00e9 como op\u00e7\u00e3o vegana principal.<\/p>\n\n\n\n<h2 class=\"wp-block-heading\">Por que a salada de gr\u00e3o-de-bico \u00e9 t\u00e3o vers\u00e1til<\/h2>\n\n\n\n<p>A salada de <a href=\"https:\/\/www.em.com.br\/emfoco\/2025\/11\/19\/com-apenas-15-minutos-e-bicarbonato-de-sodio-voce-consegue-amolecer-grao-de-bico-melhor-do-que-o-metodo-tradicional-de-demolho\/\" target=\"_blank\" rel=\"noreferrer noopener\">gr\u00e3o-de-bico<\/a> se adapta facilmente a diferentes tipos de alimenta\u00e7\u00e3o, inclusive vegana ou vegetariana. O gr\u00e3o-de-bico cozido \u00e9 uma base neutra que combina com legumes, folhas verdes, ervas frescas e at\u00e9 frutas, permitindo varia\u00e7\u00f5es conforme a esta\u00e7\u00e3o ou o que estiver dispon\u00edvel em casa.<\/p>\n\n\n\n<p>Al\u00e9m disso, \u00e9 uma receita pr\u00e1tica para quem tem rotina corrida. O gr\u00e3o-de-bico pode ser cozido com anteced\u00eancia ou usado em conserva, bastando misturar os demais ingredientes e ajustar o tempero. Por ser f\u00e1cil de transportar, funciona bem em marmitas, piqueniques e refei\u00e7\u00f5es r\u00e1pidas durante a semana.<\/p>\n\n\n\n<figure class=\"wp-block-image size-large\"><img loading=\"lazy\" decoding=\"async\" width=\"1024\" height=\"576\" src=\"https:\/\/www.em.com.br\/emfoco\/wp-content\/uploads\/2026\/01\/salada-de-grao-de-bico_1769191774562-1024x576.jpg\" alt=\"A salada de gr\u00e3o-de-bico que todo mundo est\u00e1 fazendo\" class=\"wp-image-159449\" srcset=\"https:\/\/www.em.com.br\/emfoco\/wp-content\/uploads\/2026\/01\/salada-de-grao-de-bico_1769191774562-1024x576.jpg 1024w, https:\/\/www.em.com.br\/emfoco\/wp-content\/uploads\/2026\/01\/salada-de-grao-de-bico_1769191774562-300x169.jpg 300w, https:\/\/www.em.com.br\/emfoco\/wp-content\/uploads\/2026\/01\/salada-de-grao-de-bico_1769191774562-768x432.jpg 768w, https:\/\/www.em.com.br\/emfoco\/wp-content\/uploads\/2026\/01\/salada-de-grao-de-bico_1769191774562-750x422.jpg 750w, https:\/\/www.em.com.br\/emfoco\/wp-content\/uploads\/2026\/01\/salada-de-grao-de-bico_1769191774562-1140x641.jpg 1140w, https:\/\/www.em.com.br\/emfoco\/wp-content\/uploads\/2026\/01\/salada-de-grao-de-bico_1769191774562.jpg 1280w\" sizes=\"auto, (max-width: 1024px) 100vw, 1024px\" \/><figcaption class=\"wp-element-caption\">A salada de gr\u00e3o-de-bico que todo mundo est\u00e1 fazendo &#8211; Cr\u00e9ditos: depositphotos.com \/ AndreySt<\/figcaption><\/figure>\n\n\n\n<h2 class=\"wp-block-heading\">Como preparar uma salada de gr\u00e3o-de-bico simples e nutritiva<\/h2>\n\n\n\n<p>Para uma vers\u00e3o b\u00e1sica e equilibrada de salada de gr\u00e3o-de-bico, os ingredientes s\u00e3o acess\u00edveis e o passo a passo \u00e9 r\u00e1pido. A sugest\u00e3o abaixo pode ser adaptada conforme o gosto ou necessidades nutricionais de cada pessoa.<\/p>\n\n\n\n<ul class=\"wp-block-list\">\n<li>2 x\u00edcaras de gr\u00e3o-de-bico cozido e escorrido<\/li>\n\n\n\n<li>1 tomate grande em cubos<\/li>\n\n\n\n<li>1 pepino em cubos<\/li>\n\n\n\n<li>1\/2 cebola roxa em fatias finas<\/li>\n\n\n\n<li>1 abacate ou metade de uma manga em cubos (opcional)<\/li>\n\n\n\n<li>1\/4 de x\u00edcara de coentro ou salsinha picada<\/li>\n\n\n\n<li>Suco de 1 lim\u00e3o<\/li>\n\n\n\n<li>2 colheres de sopa de azeite de oliva<\/li>\n\n\n\n<li>Sal e pimenta-do-reino a gosto<\/li>\n<\/ul>\n\n\n\n<p>O preparo \u00e9 simples: disponha o gr\u00e3o-de-bico em uma tigela grande, adicione os vegetais e a fruta escolhida, misture delicadamente e junte as ervas. Tempere com lim\u00e3o, azeite, sal e pimenta, envolva bem todos os ingredientes e leve \u00e0 geladeira por alguns minutos antes de servir.<\/p>\n\n\n\n<h2 class=\"wp-block-heading\">Quais s\u00e3o os benef\u00edcios da salada de gr\u00e3o-de-bico no dia a dia<\/h2>\n\n\n\n<p>Incluir a salada de gr\u00e3o-de-bico na rotina ajuda a equilibrar leveza e saciedade. O gr\u00e3o-de-bico oferece prote\u00ednas vegetais e fibras, que prolongam a sensa\u00e7\u00e3o de estar alimentado e contribuem para o bom funcionamento intestinal, enquanto os vegetais crus fornecem vitaminas, minerais e \u00e1gua.<\/p>\n\n\n\n<p>Por ser servida fria, essa salada \u00e9 ideal para dias quentes, reduzindo a necessidade de pratos pesados ou muito gordurosos. Tamb\u00e9m dispensa t\u00e9cnicas complexas de cozinha, o que favorece quem tem pouco tempo, mas ainda deseja manter uma alimenta\u00e7\u00e3o organizada e variada ao longo da semana.<\/p>\n\n\n\n<figure class=\"wp-block-image size-large\"><img loading=\"lazy\" decoding=\"async\" width=\"1024\" height=\"576\" src=\"https:\/\/www.em.com.br\/emfoco\/wp-content\/uploads\/2026\/01\/salada-de-grao-de-bico_1769191732554-1024x576.jpg\" alt=\"A salada de gr\u00e3o-de-bico que todo mundo est\u00e1 fazendo\" class=\"wp-image-159448\" srcset=\"https:\/\/www.em.com.br\/emfoco\/wp-content\/uploads\/2026\/01\/salada-de-grao-de-bico_1769191732554-1024x576.jpg 1024w, https:\/\/www.em.com.br\/emfoco\/wp-content\/uploads\/2026\/01\/salada-de-grao-de-bico_1769191732554-300x169.jpg 300w, https:\/\/www.em.com.br\/emfoco\/wp-content\/uploads\/2026\/01\/salada-de-grao-de-bico_1769191732554-768x432.jpg 768w, https:\/\/www.em.com.br\/emfoco\/wp-content\/uploads\/2026\/01\/salada-de-grao-de-bico_1769191732554-750x422.jpg 750w, https:\/\/www.em.com.br\/emfoco\/wp-content\/uploads\/2026\/01\/salada-de-grao-de-bico_1769191732554-1140x641.jpg 1140w, https:\/\/www.em.com.br\/emfoco\/wp-content\/uploads\/2026\/01\/salada-de-grao-de-bico_1769191732554.jpg 1280w\" sizes=\"auto, (max-width: 1024px) 100vw, 1024px\" \/><figcaption class=\"wp-element-caption\">A salada de gr\u00e3o-de-bico que todo mundo est\u00e1 fazendo &#8211; Cr\u00e9ditos: depositphotos.com \/ g_ivanna.ukr.net<\/figcaption><\/figure>\n\n\n\n<h2 class=\"wp-block-heading\">Como variar a salada de gr\u00e3o-de-bico ao longo do ano<\/h2>\n\n\n\n<p>Ao longo do ano, \u00e9 poss\u00edvel adaptar a salada de gr\u00e3o-de-bico a ingredientes de \u00e9poca e diferentes estilos de vida. Pequenas mudan\u00e7as nos vegetais, gr\u00e3os e temperos j\u00e1 transformam o sabor sem complicar o preparo.<\/p>\n\n\n\n<ul class=\"wp-block-list\">\n<li><strong>Troca de vegetais:<\/strong>\u00a0incluir cenoura ralada, piment\u00e3o em tiras ou folhas como r\u00facula e alface.<\/li>\n\n\n\n<li><strong>Toque de gr\u00e3os e sementes:<\/strong>\u00a0acrescentar quinoa cozida, sementes de girassol, linha\u00e7a ou gergelim.<\/li>\n\n\n\n<li><strong>Temperos variados:<\/strong>\u00a0usar p\u00e1prica, cominho, <a href=\"https:\/\/www.youtube.com\/watch?v=PnkHEpq3T5U\" target=\"_blank\" rel=\"noreferrer noopener\">zaatar <\/a>ou alho picado para mudar o perfil de sabor.<\/li>\n\n\n\n<li><strong>Combina\u00e7\u00e3o com prote\u00ednas:<\/strong>\u00a0para quem consome origem animal, servir ao lado de ovos cozidos, frango desfiado ou peixes grelhados.<\/li>\n<\/ul>\n\n\n\n<h2 class=\"wp-block-heading\">Por que voc\u00ea deve incluir a salada de gr\u00e3o-de-bico hoje mesmo<\/h2>\n\n\n\n<p>A salada de gr\u00e3o-de-bico \u00e9 uma daquelas receitas que unem praticidade, nutri\u00e7\u00e3o e sabor em um \u00fanico prato. Com poucos ajustes, ela acompanha diferentes fases da vida, metas de sa\u00fade e rotinas apertadas, sem exigir longas horas na cozinha.<\/p>\n\n\n\n<p>N\u00e3o deixe essa op\u00e7\u00e3o ficar apenas na teoria: separe alguns minutos ainda hoje, prepare uma por\u00e7\u00e3o e leve para o trabalho, estudo ou jantar em fam\u00edlia. Comece agora a transformar suas refei\u00e7\u00f5es em aliadas do seu bem-estar, antes que a correria do dia a dia empurre sua alimenta\u00e7\u00e3o para o segundo plano novamente.<\/p>\n","protected":false},"excerpt":{"rendered":"<p>A salada de gr\u00e3o-de-bico \u00e9 presen\u00e7a garantida no card\u00e1pio de quem busca uma refei\u00e7\u00e3o leve, nutritiva e pr\u00e1tica, especialmente em dias quentes. Com poucos ingredientes e preparo r\u00e1pido, o prato combina leguminosas, hortali\u00e7as frescas e um toque c\u00edtrico, funcionando bem em marmitas, refei\u00e7\u00f5es em fam\u00edlia e at\u00e9 como op\u00e7\u00e3o vegana principal. Por que a salada [&hellip;]<\/p>\n","protected":false},"author":11,"featured_media":159447,"comment_status":"open","ping_status":"open","sticky":false,"template":"","format":"standard","meta":{"jnews-multi-image_gallery":[],"jnews_single_post":{"format":"standard"},"jnews_primary_category":[],"jnews_social_meta":[],"jnews_override_counter":[],"footnotes":""},"categories":[8819,1],"tags":[3208,3440,4079],"class_list":["post-159440","post","type-post","status-publish","format-standard","has-post-thumbnail","hentry","category-curiosidades","category-noticias","tag-grao-de-bico","tag-receita","tag-salada"],"yoast_head":"<!-- This site is optimized with the Yoast SEO plugin v23.8 - https:\/\/yoast.com\/wordpress\/plugins\/seo\/ -->\n<title>Como preparar salada de gr\u00e3o-de-bico: receita com 8 ingredientes para um almo\u00e7o ou jantar leve - Estado de Minas - Em foco<\/title>\n<meta name=\"description\" content=\"Aprenda a fazer salada de gr\u00e3o-de-bico simples, refrescante e vers\u00e1til, ideal para dias quentes e dietas equilibradas.\" \/>\n<meta name=\"robots\" content=\"index, follow, max-snippet:-1, max-image-preview:large, max-video-preview:-1\" \/>\n<link rel=\"canonical\" href=\"https:\/\/www.em.com.br\/emfoco\/2026\/01\/25\/como-preparar-salada-de-grao-de-bico-receita-com-8-ingredientes-para-um-almoco-ou-jantar-leve\/\" \/>\n<meta property=\"og:locale\" content=\"pt_BR\" \/>\n<meta property=\"og:type\" content=\"article\" \/>\n<meta property=\"og:title\" content=\"Como preparar salada de gr\u00e3o-de-bico: receita com 8 ingredientes para um almo\u00e7o ou jantar leve - Estado de Minas - Em foco\" \/>\n<meta property=\"og:description\" content=\"Aprenda a fazer salada de gr\u00e3o-de-bico simples, refrescante e vers\u00e1til, ideal para dias quentes e dietas equilibradas.\" \/>\n<meta property=\"og:url\" content=\"https:\/\/www.em.com.br\/emfoco\/2026\/01\/25\/como-preparar-salada-de-grao-de-bico-receita-com-8-ingredientes-para-um-almoco-ou-jantar-leve\/\" \/>\n<meta property=\"og:site_name\" content=\"Estado de Minas - Em foco\" \/>\n<meta property=\"article:published_time\" content=\"2026-01-25T15:15:00+00:00\" \/>\n<meta property=\"article:modified_time\" content=\"2026-01-24T20:29:45+00:00\" \/>\n<meta property=\"og:image\" content=\"https:\/\/www.em.com.br\/emfoco\/wp-content\/uploads\/2026\/01\/salada-de-grao-de-bico_1769191699902.jpg\" \/>\n\t<meta property=\"og:image:width\" content=\"1280\" \/>\n\t<meta property=\"og:image:height\" content=\"720\" \/>\n\t<meta property=\"og:image:type\" content=\"image\/jpeg\" \/>\n<meta name=\"author\" content=\"Andre\u0301 Rangel\u00a0\" \/>\n<meta name=\"twitter:card\" content=\"summary_large_image\" \/>\n<meta name=\"twitter:label1\" content=\"Escrito por\" \/>\n\t<meta name=\"twitter:data1\" content=\"Andre\u0301 Rangel\u00a0\" \/>\n\t<meta name=\"twitter:label2\" content=\"Est. tempo de leitura\" \/>\n\t<meta name=\"twitter:data2\" content=\"5 minutos\" \/>\n<!-- \/ Yoast SEO plugin. -->","yoast_head_json":{"title":"Como preparar salada de gr\u00e3o-de-bico: receita com 8 ingredientes para um almo\u00e7o ou jantar leve - Estado de Minas - Em foco","description":"Aprenda a fazer salada de gr\u00e3o-de-bico simples, refrescante e vers\u00e1til, ideal para dias quentes e dietas equilibradas.","robots":{"index":"index","follow":"follow","max-snippet":"max-snippet:-1","max-image-preview":"max-image-preview:large","max-video-preview":"max-video-preview:-1"},"canonical":"https:\/\/www.em.com.br\/emfoco\/2026\/01\/25\/como-preparar-salada-de-grao-de-bico-receita-com-8-ingredientes-para-um-almoco-ou-jantar-leve\/","og_locale":"pt_BR","og_type":"article","og_title":"Como preparar salada de gr\u00e3o-de-bico: receita com 8 ingredientes para um almo\u00e7o ou jantar leve - Estado de Minas - Em foco","og_description":"Aprenda a fazer salada de gr\u00e3o-de-bico simples, refrescante e vers\u00e1til, ideal para dias quentes e dietas equilibradas.","og_url":"https:\/\/www.em.com.br\/emfoco\/2026\/01\/25\/como-preparar-salada-de-grao-de-bico-receita-com-8-ingredientes-para-um-almoco-ou-jantar-leve\/","og_site_name":"Estado de Minas - Em foco","article_published_time":"2026-01-25T15:15:00+00:00","article_modified_time":"2026-01-24T20:29:45+00:00","og_image":[{"width":1280,"height":720,"url":"https:\/\/www.em.com.br\/emfoco\/wp-content\/uploads\/2026\/01\/salada-de-grao-de-bico_1769191699902.jpg","type":"image\/jpeg"}],"author":"Andre\u0301 Rangel\u00a0","twitter_card":"summary_large_image","twitter_misc":{"Escrito por":"Andre\u0301 Rangel\u00a0","Est. tempo de leitura":"5 minutos"},"schema":{"@context":"https:\/\/schema.org","@graph":[{"@type":"WebPage","@id":"https:\/\/www.em.com.br\/emfoco\/2026\/01\/25\/como-preparar-salada-de-grao-de-bico-receita-com-8-ingredientes-para-um-almoco-ou-jantar-leve\/","url":"https:\/\/www.em.com.br\/emfoco\/2026\/01\/25\/como-preparar-salada-de-grao-de-bico-receita-com-8-ingredientes-para-um-almoco-ou-jantar-leve\/","name":"Como preparar salada de gr\u00e3o-de-bico: receita com 8 ingredientes para um almo\u00e7o ou jantar leve - Estado de Minas - Em foco","isPartOf":{"@id":"https:\/\/www.em.com.br\/emfoco\/#website"},"primaryImageOfPage":{"@id":"https:\/\/www.em.com.br\/emfoco\/2026\/01\/25\/como-preparar-salada-de-grao-de-bico-receita-com-8-ingredientes-para-um-almoco-ou-jantar-leve\/#primaryimage"},"image":{"@id":"https:\/\/www.em.com.br\/emfoco\/2026\/01\/25\/como-preparar-salada-de-grao-de-bico-receita-com-8-ingredientes-para-um-almoco-ou-jantar-leve\/#primaryimage"},"thumbnailUrl":"https:\/\/www.em.com.br\/emfoco\/wp-content\/uploads\/2026\/01\/salada-de-grao-de-bico_1769191699902.jpg","datePublished":"2026-01-25T15:15:00+00:00","dateModified":"2026-01-24T20:29:45+00:00","author":{"@id":"https:\/\/www.em.com.br\/emfoco\/#\/schema\/person\/60eda09c1fedf0d6891f4cef4b60b8b8"},"description":"Aprenda a fazer salada de gr\u00e3o-de-bico simples, refrescante e vers\u00e1til, ideal para dias quentes e dietas equilibradas.","breadcrumb":{"@id":"https:\/\/www.em.com.br\/emfoco\/2026\/01\/25\/como-preparar-salada-de-grao-de-bico-receita-com-8-ingredientes-para-um-almoco-ou-jantar-leve\/#breadcrumb"},"inLanguage":"pt-BR","potentialAction":[{"@type":"ReadAction","target":["https:\/\/www.em.com.br\/emfoco\/2026\/01\/25\/como-preparar-salada-de-grao-de-bico-receita-com-8-ingredientes-para-um-almoco-ou-jantar-leve\/"]}]},{"@type":"ImageObject","inLanguage":"pt-BR","@id":"https:\/\/www.em.com.br\/emfoco\/2026\/01\/25\/como-preparar-salada-de-grao-de-bico-receita-com-8-ingredientes-para-um-almoco-ou-jantar-leve\/#primaryimage","url":"https:\/\/www.em.com.br\/emfoco\/wp-content\/uploads\/2026\/01\/salada-de-grao-de-bico_1769191699902.jpg","contentUrl":"https:\/\/www.em.com.br\/emfoco\/wp-content\/uploads\/2026\/01\/salada-de-grao-de-bico_1769191699902.jpg","width":1280,"height":720,"caption":"A salada de gr\u00e3o-de-bico que todo mundo est\u00e1 fazendo - Cr\u00e9ditos: depositphotos.com \/ lenyvavsha"},{"@type":"BreadcrumbList","@id":"https:\/\/www.em.com.br\/emfoco\/2026\/01\/25\/como-preparar-salada-de-grao-de-bico-receita-com-8-ingredientes-para-um-almoco-ou-jantar-leve\/#breadcrumb","itemListElement":[{"@type":"ListItem","position":1,"name":"In\u00edcio","item":"https:\/\/www.em.com.br\/emfoco\/"},{"@type":"ListItem","position":2,"name":"Como preparar salada de gr\u00e3o-de-bico: receita com 8 ingredientes para um almo\u00e7o ou jantar leve"}]},{"@type":"WebSite","@id":"https:\/\/www.em.com.br\/emfoco\/#website","url":"https:\/\/www.em.com.br\/emfoco\/","name":"Estado de Minas - Em foco","description":"Acompanhe as \u00faltimas not\u00edcias e fique bem informado sobre tudo o que acontece em Minas Gerais, Brasil e no mundo.","potentialAction":[{"@type":"SearchAction","target":{"@type":"EntryPoint","urlTemplate":"https:\/\/www.em.com.br\/emfoco\/?s={search_term_string}"},"query-input":{"@type":"PropertyValueSpecification","valueRequired":true,"valueName":"search_term_string"}}],"inLanguage":"pt-BR"},{"@type":"Person","@id":"https:\/\/www.em.com.br\/emfoco\/#\/schema\/person\/60eda09c1fedf0d6891f4cef4b60b8b8","name":"Andre\u0301 Rangel\u00a0","image":{"@type":"ImageObject","inLanguage":"pt-BR","@id":"https:\/\/www.em.com.br\/emfoco\/#\/schema\/person\/image\/","url":"https:\/\/secure.gravatar.com\/avatar\/6234dc814c77c8ef6d8bba622c787efc?s=96&d=mm&r=g","contentUrl":"https:\/\/secure.gravatar.com\/avatar\/6234dc814c77c8ef6d8bba622c787efc?s=96&d=mm&r=g","caption":"Andre\u0301 Rangel\u00a0"},"url":"https:\/\/www.em.com.br\/emfoco\/author\/luizmyth\/"}]}},"_links":{"self":[{"href":"https:\/\/www.em.com.br\/emfoco\/wp-json\/wp\/v2\/posts\/159440","targetHints":{"allow":["GET"]}}],"collection":[{"href":"https:\/\/www.em.com.br\/emfoco\/wp-json\/wp\/v2\/posts"}],"about":[{"href":"https:\/\/www.em.com.br\/emfoco\/wp-json\/wp\/v2\/types\/post"}],"author":[{"embeddable":true,"href":"https:\/\/www.em.com.br\/emfoco\/wp-json\/wp\/v2\/users\/11"}],"replies":[{"embeddable":true,"href":"https:\/\/www.em.com.br\/emfoco\/wp-json\/wp\/v2\/comments?post=159440"}],"version-history":[{"count":3,"href":"https:\/\/www.em.com.br\/emfoco\/wp-json\/wp\/v2\/posts\/159440\/revisions"}],"predecessor-version":[{"id":159475,"href":"https:\/\/www.em.com.br\/emfoco\/wp-json\/wp\/v2\/posts\/159440\/revisions\/159475"}],"wp:featuredmedia":[{"embeddable":true,"href":"https:\/\/www.em.com.br\/emfoco\/wp-json\/wp\/v2\/media\/159447"}],"wp:attachment":[{"href":"https:\/\/www.em.com.br\/emfoco\/wp-json\/wp\/v2\/media?parent=159440"}],"wp:term":[{"taxonomy":"category","embeddable":true,"href":"https:\/\/www.em.com.br\/emfoco\/wp-json\/wp\/v2\/categories?post=159440"},{"taxonomy":"post_tag","embeddable":true,"href":"https:\/\/www.em.com.br\/emfoco\/wp-json\/wp\/v2\/tags?post=159440"}],"curies":[{"name":"wp","href":"https:\/\/api.w.org\/{rel}","templated":true}]}}