{"id":159391,"date":"2026-01-24T14:25:15","date_gmt":"2026-01-24T17:25:15","guid":{"rendered":"https:\/\/www.em.com.br\/emfoco\/?p=159391"},"modified":"2026-01-23T16:49:21","modified_gmt":"2026-01-23T19:49:21","slug":"esta-cor-de-esmalte-rose-deixa-suas-maos-com-ar-10-anos-mais-jovem","status":"publish","type":"post","link":"https:\/\/www.em.com.br\/emfoco\/2026\/01\/24\/esta-cor-de-esmalte-rose-deixa-suas-maos-com-ar-10-anos-mais-jovem\/","title":{"rendered":"Esta cor de esmalte ros\u00e9 deixa suas m\u00e3os com ar 10 anos mais jovem"},"content":{"rendered":"\n<h2 class=\"wp-block-heading\">O esmalte ros\u00e9 brilhante rejuvenesce m\u00e3os maduras refletindo luz para disfar\u00e7ar manchas Combine com unhas ovais hidrata\u00e7\u00e3o e filtro solar para um efeito anti-idade natural garantindo pele mais uniforme e apar\u00eancia descansada sem procedimentos<\/h2>\n\n\n\n<p><b>Voc\u00ea j\u00e1 reparou<\/b> como o rosto recebe todos os cuidados \u2013 cremes, s\u00e9runs, prote\u00e7\u00e3o solar \u2013 enquanto as m\u00e3os v\u00e3o ficando de lado? Com o tempo, elas acabam revelando a idade antes mesmo da face. A boa not\u00edcia \u00e9 que pequenos detalhes, como a <b>escolha certa da cor do esmalte<\/b>, podem trazer um efeito visual de rejuvenescimento imediato, sem precisar de procedimentos invasivos ou mudan\u00e7as radicais na rotina.<\/p>\n\n\n\n<h2 class=\"wp-block-heading\">Como a cor do esmalte pode rejuvenescer as m\u00e3os<\/h2>\n\n\n\n<p>A ideia de <b>\u201cesmalte anti-idade\u201d<\/b> est\u00e1 muito ligada aos tons rosados e met\u00e1licos suaves, como o ros\u00e9 brilhante. Essa cor lembra a apar\u00eancia de uma <b>pele saud\u00e1vel<\/b>, levemente corada, e ajuda a desviar a aten\u00e7\u00e3o de sinais como ressecamento, manchas e perda de firmeza.<\/p>\n\n\n\n<p>O brilho delicado do <b>ros\u00e9 funciona quase<\/b> como um iluminador nas unhas, refletindo a luz e suavizando pequenas imperfei\u00e7\u00f5es. Assim, ele cria um efeito \u00f3ptico que deixa as m\u00e3os com um ar mais <b>uniforme, descansado<\/b> e elegante, mesmo quando j\u00e1 existem sinais naturais da idade.<\/p>\n\n\n\n<figure class=\"wp-block-embed is-type-rich is-provider-pinterest wp-block-embed-pinterest\"><div class=\"wp-block-embed__wrapper\">\n<iframe loading=\"lazy\" title=\"\ufffcEsmalte Risqu\u00e9 Cremoso Clima Tenso Entre Rosas\" src=\"https:\/\/assets.pinterest.com\/ext\/embed.html?id=352969689567582307&#038;src=oembed\" height=\"899\" width=\"450\" frameborder=\"0\" scrolling=\"no\" ><\/iframe>\n<\/div><\/figure>\n\n\n\n<p>Leia tamb\u00e93m:&nbsp;<a href=\"https:\/\/www.em.com.br\/emfoco\/2026\/01\/23\/mistura-bizarra-com-cebola-esta-virando-febre-entre-quem-sofre-com-unhas-fracas\/\" target=\"_blank\" rel=\"noopener\">Mistura bizarra com cebola est\u00e1 virando febre entre quem sofre com unhas fracas<\/a><\/p>\n\n\n\n<h2 class=\"wp-block-heading\">Por que o esmalte ros\u00e9 brilhante favorece m\u00e3os maduras<\/h2>\n\n\n\n<p>O grande segredo do <b>esmalte ros\u00e9 cintilante<\/b> \u00e9 o equil\u00edbrio: ele \u00e9 neutro, mas luminoso. N\u00e3o \u00e9 t\u00e3o claro a ponto de destacar manchas, nem t\u00e3o escuro a ponto de criar um contraste forte com a pele, o que pode evidenciar ainda mais as <b>marcas do tempo<\/b>.<\/p>\n\n\n\n<p>Esse meio-termo faz com que o tom se adapte bem a <b>diferentes cores de pele<\/b>, funcionando como uma esp\u00e9cie de \u201cfiltro suave\u201d. Em m\u00e3os maduras, esse brilho sutil traz vida, valoriza o formato dos dedos e combina com diferentes estilos de acess\u00f3rios, do mais b\u00e1sico ao mais <b>sofisticado e elegante<\/b>.<\/p>\n\n\n\n<figure class=\"wp-block-embed is-type-rich is-provider-pinterest wp-block-embed-pinterest\"><div class=\"wp-block-embed__wrapper\">\n<iframe loading=\"lazy\" title=\"Energia da Risqu\u00e9: sugest\u00e3o de esmalte da semana\" src=\"https:\/\/assets.pinterest.com\/ext\/embed.html?id=19632948374850065&#038;src=oembed\" height=\"699\" width=\"450\" frameborder=\"0\" scrolling=\"no\" ><\/iframe>\n<\/div><\/figure>\n\n\n\n<h2 class=\"wp-block-heading\">Como escolher e usar a cor certa de esmalte no cuidado anti-aging<\/h2>\n\n\n\n<p>Para potencializar o efeito rejuvenescedor do esmalte, vale criar um pequeno <b>ritual de preparo<\/b> das m\u00e3os. N\u00e3o precisa ser nada complicado: alguns passos simples j\u00e1 transformam a apar\u00eancia da pele e das unhas no dia a dia.<\/p>\n\n\n<div class=\"wp-block-image\">\n<figure class=\"aligncenter size-large\"><img loading=\"lazy\" decoding=\"async\" width=\"1024\" height=\"576\" src=\"https:\/\/www.em.com.br\/emfoco\/wp-content\/uploads\/2026\/01\/Gemini_Generated_Image_nh75ccnh75ccnh75-1-1024x576.png\" alt=\"\" class=\"wp-image-159579\" srcset=\"https:\/\/www.em.com.br\/emfoco\/wp-content\/uploads\/2026\/01\/Gemini_Generated_Image_nh75ccnh75ccnh75-1-1024x576.png 1024w, https:\/\/www.em.com.br\/emfoco\/wp-content\/uploads\/2026\/01\/Gemini_Generated_Image_nh75ccnh75ccnh75-1-300x169.png 300w, https:\/\/www.em.com.br\/emfoco\/wp-content\/uploads\/2026\/01\/Gemini_Generated_Image_nh75ccnh75ccnh75-1-768x432.png 768w, https:\/\/www.em.com.br\/emfoco\/wp-content\/uploads\/2026\/01\/Gemini_Generated_Image_nh75ccnh75ccnh75-1-750x422.png 750w, https:\/\/www.em.com.br\/emfoco\/wp-content\/uploads\/2026\/01\/Gemini_Generated_Image_nh75ccnh75ccnh75-1-1140x641.png 1140w, https:\/\/www.em.com.br\/emfoco\/wp-content\/uploads\/2026\/01\/Gemini_Generated_Image_nh75ccnh75ccnh75-1.png 1280w\" sizes=\"auto, (max-width: 1024px) 100vw, 1024px\" \/><figcaption class=\"wp-element-caption\">Para potencializar o efeito rejuvenescedor do esmalte, vale criar um pequeno ritual de preparo das m\u00e3os<\/figcaption><\/figure><\/div>\n\n\n<h2 class=\"wp-block-heading\">Quais s\u00e3o os principais benef\u00edcios do ros\u00e9 brilhante nas unhas<\/h2>\n\n\n\n<p>Quando o <b>ros\u00e9 brilhante entra<\/b> na rotina, ele n\u00e3o age sozinho: funciona junto com os demais cuidados para valorizar a beleza natural das m\u00e3os. Al\u00e9m de deixar o visual mais delicado e moderno, essa cor ajuda a <b>equilibrar textura<\/b>, luz e tom da pele ao redor das unhas.<\/p>\n\n\n\n<p>Entre os efeitos mais percebidos, est\u00e3o o <b>disfarce de ondula\u00e7\u00f5es<\/b> finas, o desvio do olhar de pequenas manchas e a harmoniza\u00e7\u00e3o com an\u00e9is e pulseiras. Assim, as m\u00e3os ganham <b>destaque de forma<\/b> sutil, sem parecer que voc\u00ea est\u00e1 tentando esconder algo.<\/p>\n\n\n\n<p>Para voc\u00ea quer mais dicas, separamos um v\u00eddeo do canal da <a href=\"https:\/\/www.youtube.com\/@SilvaniaAnsanelo\" target=\"_blank\" rel=\"noreferrer noopener\">Silvania Ansanelo<\/a> com tend\u00eancias de esmaltes para 2026:<\/p>\n\n\n\n<figure class=\"wp-block-embed is-type-video is-provider-youtube wp-block-embed-youtube wp-embed-aspect-16-9 wp-has-aspect-ratio\"><div class=\"wp-block-embed__wrapper\">\n<div class=\"jeg_video_container jeg_video_content\"><iframe loading=\"lazy\" title=\"As cores de esmaltes para o ver\u00e3o 2026\" width=\"500\" height=\"281\" src=\"https:\/\/www.youtube.com\/embed\/mXulSxtkK5U?feature=oembed\" frameborder=\"0\" allow=\"accelerometer; autoplay; clipboard-write; encrypted-media; gyroscope; picture-in-picture; web-share\" referrerpolicy=\"strict-origin-when-cross-origin\" allowfullscreen><\/iframe><\/div>\n<\/div><\/figure>\n\n\n\n<h2 class=\"wp-block-heading\">Quais outros cuidados ajudam no efeito anti-aging para m\u00e3os<\/h2>\n\n\n\n<p>Para al\u00e9m do <b>esmalte rejuvenecedor<\/b>, alguns h\u00e1bitos simples potencializam o resultado. A prote\u00e7\u00e3o solar di\u00e1ria \u00e9 um dos mais importantes, j\u00e1 que os raios UV est\u00e3o ligados ao surgimento de manchas escuras e <b>textura irregular<\/b>.<\/p>\n\n\n\n<p>Hidratantes com <b>\u00e1cido hialur\u00f4nico<\/b>, glicerina ou ceramidas mant\u00eam a pele macia e preenchida, enquanto antioxidantes ajudam a prevenir novos sinais de envelhecimento. Combinados ao <b>esmalte ros\u00e9 brilhante<\/b>, esses cuidados criam um conjunto pr\u00e1tico e atual para manter as m\u00e3os com apar\u00eancia mais jovem e bem tratada ao longo de 2025.<\/p>\n","protected":false},"excerpt":{"rendered":"<p>O esmalte ros\u00e9 brilhante rejuvenesce m\u00e3os maduras refletindo luz para disfar\u00e7ar manchas Combine com unhas ovais hidrata\u00e7\u00e3o e filtro solar para um efeito anti-idade natural garantindo pele mais uniforme e apar\u00eancia descansada sem procedimentos Voc\u00ea j\u00e1 reparou como o rosto recebe todos os cuidados \u2013 cremes, s\u00e9runs, prote\u00e7\u00e3o solar \u2013 enquanto as m\u00e3os v\u00e3o ficando [&hellip;]<\/p>\n","protected":false},"author":9,"featured_media":159476,"comment_status":"open","ping_status":"open","sticky":false,"template":"","format":"standard","meta":{"jnews-multi-image_gallery":[],"jnews_single_post":{"format":"standard"},"jnews_primary_category":[],"jnews_social_meta":[],"jnews_override_counter":[],"footnotes":""},"categories":[8691,8819,1],"tags":[2616,1110,8887],"class_list":["post-159391","post","type-post","status-publish","format-standard","has-post-thumbnail","hentry","category-bem-estar","category-curiosidades","category-noticias","tag-beleza","tag-cores","tag-esmalte"],"yoast_head":"<!-- This site is optimized with the Yoast SEO plugin v23.8 - https:\/\/yoast.com\/wordpress\/plugins\/seo\/ -->\n<title>Esta cor de esmalte ros\u00e9 deixa suas m\u00e3os com ar 10 anos mais jovem - Estado de Minas - Em foco<\/title>\n<meta name=\"description\" content=\"O esmalte ros\u00e9 brilhante disfar\u00e7a manchas e rejuvenesce m\u00e3os maduras Use formato oval e hidrata\u00e7\u00e3o para um efeito anti-idade natural\" \/>\n<meta name=\"robots\" content=\"index, follow, max-snippet:-1, max-image-preview:large, max-video-preview:-1\" \/>\n<link rel=\"canonical\" href=\"https:\/\/www.em.com.br\/emfoco\/2026\/01\/24\/esta-cor-de-esmalte-rose-deixa-suas-maos-com-ar-10-anos-mais-jovem\/\" \/>\n<meta property=\"og:locale\" content=\"pt_BR\" \/>\n<meta property=\"og:type\" content=\"article\" \/>\n<meta property=\"og:title\" content=\"Esta cor de esmalte ros\u00e9 deixa suas m\u00e3os com ar 10 anos mais jovem - Estado de Minas - Em foco\" \/>\n<meta property=\"og:description\" content=\"O esmalte ros\u00e9 brilhante disfar\u00e7a manchas e rejuvenesce m\u00e3os maduras Use formato oval e hidrata\u00e7\u00e3o para um efeito anti-idade natural\" \/>\n<meta property=\"og:url\" content=\"https:\/\/www.em.com.br\/emfoco\/2026\/01\/24\/esta-cor-de-esmalte-rose-deixa-suas-maos-com-ar-10-anos-mais-jovem\/\" \/>\n<meta property=\"og:site_name\" content=\"Estado de Minas - Em foco\" \/>\n<meta property=\"article:published_time\" content=\"2026-01-24T17:25:15+00:00\" \/>\n<meta property=\"article:modified_time\" content=\"2026-01-23T19:49:21+00:00\" \/>\n<meta property=\"og:image\" content=\"https:\/\/www.em.com.br\/emfoco\/wp-content\/uploads\/2026\/01\/Gemini_Generated_Image_yjqbgdyjqbgdyjqb-3.png\" \/>\n\t<meta property=\"og:image:width\" content=\"1280\" \/>\n\t<meta property=\"og:image:height\" content=\"720\" \/>\n\t<meta property=\"og:image:type\" content=\"image\/png\" \/>\n<meta name=\"author\" content=\"Daniely Cardoso\" \/>\n<meta name=\"twitter:card\" content=\"summary_large_image\" \/>\n<meta name=\"twitter:label1\" content=\"Escrito por\" \/>\n\t<meta name=\"twitter:data1\" content=\"Daniely Cardoso\" \/>\n\t<meta name=\"twitter:label2\" content=\"Est. tempo de leitura\" \/>\n\t<meta name=\"twitter:data2\" content=\"4 minutos\" \/>\n<!-- \/ Yoast SEO plugin. -->","yoast_head_json":{"title":"Esta cor de esmalte ros\u00e9 deixa suas m\u00e3os com ar 10 anos mais jovem - Estado de Minas - Em foco","description":"O esmalte ros\u00e9 brilhante disfar\u00e7a manchas e rejuvenesce m\u00e3os maduras Use formato oval e hidrata\u00e7\u00e3o para um efeito anti-idade natural","robots":{"index":"index","follow":"follow","max-snippet":"max-snippet:-1","max-image-preview":"max-image-preview:large","max-video-preview":"max-video-preview:-1"},"canonical":"https:\/\/www.em.com.br\/emfoco\/2026\/01\/24\/esta-cor-de-esmalte-rose-deixa-suas-maos-com-ar-10-anos-mais-jovem\/","og_locale":"pt_BR","og_type":"article","og_title":"Esta cor de esmalte ros\u00e9 deixa suas m\u00e3os com ar 10 anos mais jovem - Estado de Minas - Em foco","og_description":"O esmalte ros\u00e9 brilhante disfar\u00e7a manchas e rejuvenesce m\u00e3os maduras Use formato oval e hidrata\u00e7\u00e3o para um efeito anti-idade natural","og_url":"https:\/\/www.em.com.br\/emfoco\/2026\/01\/24\/esta-cor-de-esmalte-rose-deixa-suas-maos-com-ar-10-anos-mais-jovem\/","og_site_name":"Estado de Minas - Em foco","article_published_time":"2026-01-24T17:25:15+00:00","article_modified_time":"2026-01-23T19:49:21+00:00","og_image":[{"width":1280,"height":720,"url":"https:\/\/www.em.com.br\/emfoco\/wp-content\/uploads\/2026\/01\/Gemini_Generated_Image_yjqbgdyjqbgdyjqb-3.png","type":"image\/png"}],"author":"Daniely Cardoso","twitter_card":"summary_large_image","twitter_misc":{"Escrito por":"Daniely Cardoso","Est. tempo de leitura":"4 minutos"},"schema":{"@context":"https:\/\/schema.org","@graph":[{"@type":"WebPage","@id":"https:\/\/www.em.com.br\/emfoco\/2026\/01\/24\/esta-cor-de-esmalte-rose-deixa-suas-maos-com-ar-10-anos-mais-jovem\/","url":"https:\/\/www.em.com.br\/emfoco\/2026\/01\/24\/esta-cor-de-esmalte-rose-deixa-suas-maos-com-ar-10-anos-mais-jovem\/","name":"Esta cor de esmalte ros\u00e9 deixa suas m\u00e3os com ar 10 anos mais jovem - Estado de Minas - Em foco","isPartOf":{"@id":"https:\/\/www.em.com.br\/emfoco\/#website"},"primaryImageOfPage":{"@id":"https:\/\/www.em.com.br\/emfoco\/2026\/01\/24\/esta-cor-de-esmalte-rose-deixa-suas-maos-com-ar-10-anos-mais-jovem\/#primaryimage"},"image":{"@id":"https:\/\/www.em.com.br\/emfoco\/2026\/01\/24\/esta-cor-de-esmalte-rose-deixa-suas-maos-com-ar-10-anos-mais-jovem\/#primaryimage"},"thumbnailUrl":"https:\/\/www.em.com.br\/emfoco\/wp-content\/uploads\/2026\/01\/Gemini_Generated_Image_yjqbgdyjqbgdyjqb-3.png","datePublished":"2026-01-24T17:25:15+00:00","dateModified":"2026-01-23T19:49:21+00:00","author":{"@id":"https:\/\/www.em.com.br\/emfoco\/#\/schema\/person\/0a8186d72f2c3a5c6276d90b41f271a0"},"description":"O esmalte ros\u00e9 brilhante disfar\u00e7a manchas e rejuvenesce m\u00e3os maduras Use formato oval e hidrata\u00e7\u00e3o para um efeito anti-idade natural","breadcrumb":{"@id":"https:\/\/www.em.com.br\/emfoco\/2026\/01\/24\/esta-cor-de-esmalte-rose-deixa-suas-maos-com-ar-10-anos-mais-jovem\/#breadcrumb"},"inLanguage":"pt-BR","potentialAction":[{"@type":"ReadAction","target":["https:\/\/www.em.com.br\/emfoco\/2026\/01\/24\/esta-cor-de-esmalte-rose-deixa-suas-maos-com-ar-10-anos-mais-jovem\/"]}]},{"@type":"ImageObject","inLanguage":"pt-BR","@id":"https:\/\/www.em.com.br\/emfoco\/2026\/01\/24\/esta-cor-de-esmalte-rose-deixa-suas-maos-com-ar-10-anos-mais-jovem\/#primaryimage","url":"https:\/\/www.em.com.br\/emfoco\/wp-content\/uploads\/2026\/01\/Gemini_Generated_Image_yjqbgdyjqbgdyjqb-3.png","contentUrl":"https:\/\/www.em.com.br\/emfoco\/wp-content\/uploads\/2026\/01\/Gemini_Generated_Image_yjqbgdyjqbgdyjqb-3.png","width":1280,"height":720,"caption":"A principal raz\u00e3o pela qual o esmalte nude rosado frio \u00e9 associado a dedos mais longos est\u00e1 na proximidade"},{"@type":"BreadcrumbList","@id":"https:\/\/www.em.com.br\/emfoco\/2026\/01\/24\/esta-cor-de-esmalte-rose-deixa-suas-maos-com-ar-10-anos-mais-jovem\/#breadcrumb","itemListElement":[{"@type":"ListItem","position":1,"name":"In\u00edcio","item":"https:\/\/www.em.com.br\/emfoco\/"},{"@type":"ListItem","position":2,"name":"Esta cor de esmalte ros\u00e9 deixa suas m\u00e3os com ar 10 anos mais jovem"}]},{"@type":"WebSite","@id":"https:\/\/www.em.com.br\/emfoco\/#website","url":"https:\/\/www.em.com.br\/emfoco\/","name":"Estado de Minas - Em foco","description":"Acompanhe as \u00faltimas not\u00edcias e fique bem informado sobre tudo o que acontece em Minas Gerais, Brasil e no mundo.","potentialAction":[{"@type":"SearchAction","target":{"@type":"EntryPoint","urlTemplate":"https:\/\/www.em.com.br\/emfoco\/?s={search_term_string}"},"query-input":{"@type":"PropertyValueSpecification","valueRequired":true,"valueName":"search_term_string"}}],"inLanguage":"pt-BR"},{"@type":"Person","@id":"https:\/\/www.em.com.br\/emfoco\/#\/schema\/person\/0a8186d72f2c3a5c6276d90b41f271a0","name":"Daniely Cardoso","image":{"@type":"ImageObject","inLanguage":"pt-BR","@id":"https:\/\/www.em.com.br\/emfoco\/#\/schema\/person\/image\/","url":"https:\/\/secure.gravatar.com\/avatar\/4b80ddbd124d1f071b626d52d62e5dff?s=96&d=mm&r=g","contentUrl":"https:\/\/secure.gravatar.com\/avatar\/4b80ddbd124d1f071b626d52d62e5dff?s=96&d=mm&r=g","caption":"Daniely Cardoso"},"url":"https:\/\/www.em.com.br\/emfoco\/author\/danielymyth\/"}]}},"_links":{"self":[{"href":"https:\/\/www.em.com.br\/emfoco\/wp-json\/wp\/v2\/posts\/159391","targetHints":{"allow":["GET"]}}],"collection":[{"href":"https:\/\/www.em.com.br\/emfoco\/wp-json\/wp\/v2\/posts"}],"about":[{"href":"https:\/\/www.em.com.br\/emfoco\/wp-json\/wp\/v2\/types\/post"}],"author":[{"embeddable":true,"href":"https:\/\/www.em.com.br\/emfoco\/wp-json\/wp\/v2\/users\/9"}],"replies":[{"embeddable":true,"href":"https:\/\/www.em.com.br\/emfoco\/wp-json\/wp\/v2\/comments?post=159391"}],"version-history":[{"count":3,"href":"https:\/\/www.em.com.br\/emfoco\/wp-json\/wp\/v2\/posts\/159391\/revisions"}],"predecessor-version":[{"id":159580,"href":"https:\/\/www.em.com.br\/emfoco\/wp-json\/wp\/v2\/posts\/159391\/revisions\/159580"}],"wp:featuredmedia":[{"embeddable":true,"href":"https:\/\/www.em.com.br\/emfoco\/wp-json\/wp\/v2\/media\/159476"}],"wp:attachment":[{"href":"https:\/\/www.em.com.br\/emfoco\/wp-json\/wp\/v2\/media?parent=159391"}],"wp:term":[{"taxonomy":"category","embeddable":true,"href":"https:\/\/www.em.com.br\/emfoco\/wp-json\/wp\/v2\/categories?post=159391"},{"taxonomy":"post_tag","embeddable":true,"href":"https:\/\/www.em.com.br\/emfoco\/wp-json\/wp\/v2\/tags?post=159391"}],"curies":[{"name":"wp","href":"https:\/\/api.w.org\/{rel}","templated":true}]}}