{"id":159356,"date":"2026-01-25T10:05:00","date_gmt":"2026-01-25T13:05:00","guid":{"rendered":"https:\/\/www.em.com.br\/emfoco\/?p=159356"},"modified":"2026-01-24T17:28:41","modified_gmt":"2026-01-24T20:28:41","slug":"com-a-chegada-de-2026-a-lista-de-iphones-que-deixarao-de-funcionar-aumenta","status":"publish","type":"post","link":"https:\/\/www.em.com.br\/emfoco\/2026\/01\/25\/com-a-chegada-de-2026-a-lista-de-iphones-que-deixarao-de-funcionar-aumenta\/","title":{"rendered":"Com a chegada de 2026, a lista de iPhones que deixar\u00e3o de funcionar aumenta"},"content":{"rendered":"\n<p>Todos os anos, a chegada de uma nova vers\u00e3o do iOS movimenta o universo dos usu\u00e1rios de <strong>iPhone<\/strong>, e, com o <strong>iOS 26<\/strong> no fim de 2025 e o desenvolvimento do<strong> iOS 27<\/strong> em andamento, cresce a preocupa\u00e7\u00e3o sobre quais modelos seguir\u00e3o recebendo atualiza\u00e7\u00f5es e quais se tornar\u00e3o, na pr\u00e1tica, um\u00a0<strong>iPhone obsoleto em 2026<\/strong>, especialmente entre aparelhos lan\u00e7ados entre 2019 e 2020.<\/p>\n\n\n\n<h2 class=\"wp-block-heading\">Quais modelos podem se tornar iPhone obsoleto em 2026<\/h2>\n\n\n\n<p>Com base no padr\u00e3o recente de suporte da <strong><a href=\"https:\/\/www.em.com.br\/emfoco\/2025\/07\/19\/apple-anuncia-smartwatch-que-identifica-gravidez-com-92-de-precisao\/\" target=\"_blank\" rel=\"noreferrer noopener\">Apple<\/a><\/strong>, os iPhones com<strong> chip A13 Bionic<\/strong> surgem como principais candidatos a sair da lista de compatibilidade do <strong>iOS 27<\/strong>. Lan\u00e7ados em 2019, esses processadores ainda seguram bem o uso di\u00e1rio, mas come\u00e7am a ficar no limite para recursos que exigem mais poder gr\u00e1fico, IA embarcada e novas camadas de seguran\u00e7a.<\/p>\n\n\n\n<p>Nesse cen\u00e1rio, os modelos mais citados nas especula\u00e7\u00f5es sobre\u00a0iPhones que podem parar de receber atualiza\u00e7\u00f5es em 2026\u00a0s\u00e3o o<strong> iPhone 11, 11 Pro, 11 Pro Max e o iPhone SE (2\u00aa gera\u00e7\u00e3o)<\/strong>. Todos compartilham o mesmo chip A13 e foram lan\u00e7ados entre 2019 e 2020, somando cerca de seis a sete anos de grandes updates, algo alinhado ao hist\u00f3rico recente de suporte da Apple.<\/p>\n\n\n\n<figure class=\"wp-block-image\"><img decoding=\"async\" src=\"https:\/\/www.em.com.br\/emfoco\/wp-content\/uploads\/2025\/04\/iPhone-_1745955235242-1024x576.jpg\" alt=\"\"\/><figcaption class=\"wp-element-caption\">iPhone &#8211; Cr\u00e9ditos: depositphotos.com \/ Lalandrew<\/figcaption><\/figure>\n\n\n\n<h2 class=\"wp-block-heading\">O que pode acontecer com cada modelo citado como iPhone obsoleto em 2026<\/h2>\n\n\n\n<p>Entre os aparelhos que podem entrar na categoria de&nbsp;<strong>iPhone obsoleto em 2026<\/strong>, o iPhone 11 se destaca por ter sido um dos mais vendidos da Apple. Com tela LCD de 6,1 polegadas e foco em equil\u00edbrio entre desempenho, bateria e c\u00e2mera dupla, ele ainda vai bem nas tarefas cotidianas, mas a combina\u00e7\u00e3o de chip A13 e mem\u00f3ria tende a limitar recursos mais avan\u00e7ados do futuro iOS.<\/p>\n\n\n\n<p>O iPhone 11 Pro e o 11 Pro Max entregam telas OLED Super Retina XDR, materiais mais premium e conjunto triplo de c\u00e2meras, ainda satisfazendo muitos usu\u00e1rios em 2025. J\u00e1 o&nbsp;<strong>iPhone SE (2\u00aa gera\u00e7\u00e3o)<\/strong>, apesar de lan\u00e7ado em 2020, traz design antigo com hardware do iPhone 11; seu formato compacto e o Touch ID seguem atraentes, mas podem n\u00e3o acompanhar as exig\u00eancias crescentes de software e seguran\u00e7a.<\/p>\n\n\n\n<h2 class=\"wp-block-heading\">Por que alguns iPhones deixam de receber atualiza\u00e7\u00f5es do iOS<\/h2>\n\n\n\n<p>Um iPhone se torna \u201cobsoleto\u201d para o <a href=\"https:\/\/www.apple.com\/br\/os\/ios\/\" target=\"_blank\" rel=\"noreferrer noopener\">iOS <\/a>por uma soma de limita\u00e7\u00f5es t\u00e9cnicas e de seguran\u00e7a. Cada nova vers\u00e3o do sistema \u00e9 otimizada para chips mais modernos, que suportam melhor gr\u00e1ficos complexos, recursos de intelig\u00eancia artificial em tempo real e menor consumo de energia, algo que processadores de cinco ou seis anos atr\u00e1s j\u00e1 n\u00e3o conseguem garantir com folga.<\/p>\n\n\n\n<p>A seguran\u00e7a tamb\u00e9m pesa muito, j\u00e1 que vulnerabilidades exigem corre\u00e7\u00f5es cada vez mais profundas. Em certo ponto, a arquitetura interna do chip impede ajustes eficientes, tornando mais vi\u00e1vel focar em gera\u00e7\u00f5es recentes, capazes de lidar com criptografia avan\u00e7ada, autentica\u00e7\u00e3o refor\u00e7ada e novos padr\u00f5es de prote\u00e7\u00e3o de dados, al\u00e9m de sensores de AR, motores t\u00e1teis e conectividades que simplesmente n\u00e3o existem nos modelos antigos.<\/p>\n\n\n\n<figure class=\"wp-block-image\"><img decoding=\"async\" src=\"https:\/\/www.em.com.br\/emfoco\/wp-content\/uploads\/2025\/06\/wwdc-_1749246010078-1024x576.jpg\" alt=\"\"\/><figcaption class=\"wp-element-caption\">Apple &#8211; Cr\u00e9ditos: depositphotos.com \/ dnewman8<\/figcaption><\/figure>\n\n\n\n<h2 class=\"wp-block-heading\">O que muda na pr\u00e1tica quando o iPhone deixa de receber o novo iOS<\/h2>\n\n\n\n<p>Quando um aparelho entra na lista de&nbsp;<em>iPhones sem suporte ao novo iOS<\/em>, ele n\u00e3o para de funcionar: continua operando com a \u00faltima vers\u00e3o para a qual foi eleg\u00edvel. Em alguns casos, a Apple ainda libera por um tempo&nbsp;<strong>patches de seguran\u00e7a pontuais<\/strong>, que fecham brechas cr\u00edticas sem alterar todo o sistema, mantendo o aparelho minimamente protegido.<\/p>\n\n\n\n<p>Com o passar dos anos, o impacto maior aparece quando apps passam a exigir vers\u00f5es mais recentes do iOS, recursos online deixam de ser compat\u00edveis e servi\u00e7os banc\u00e1rios ou corporativos exigem ambientes certificados. Para se preparar, vale adotar algumas estrat\u00e9gias simples e pr\u00e1ticas:<\/p>\n\n\n\n<ul class=\"wp-block-list\">\n<li><strong>Acompanhar an\u00fancios oficiais<\/strong>\u00a0nas p\u00e1ginas de suporte e eventos da Apple para confirmar a compatibilidade com o iOS 27.<\/li>\n\n\n\n<li><strong>Planejar a troca com anteced\u00eancia<\/strong>, avaliando planos com operadoras, trade-in ou venda do aparelho atual.<\/li>\n\n\n\n<li><strong>Manter backups regulares<\/strong>\u00a0no iCloud ou computador para garantir a seguran\u00e7a dos dados.<\/li>\n\n\n\n<li><strong>Rever aplicativos sens\u00edveis<\/strong>, como bancos e autentica\u00e7\u00e3o em duas etapas, checando requisitos m\u00ednimos de sistema.<\/li>\n<\/ul>\n\n\n\n<h2 class=\"wp-block-heading\">Como decidir o momento certo de trocar o iPhone e se preparar para 2026<\/h2>\n\n\n\n<p>A discuss\u00e3o sobre qual ser\u00e1 o pr\u00f3ximo&nbsp;<strong>iPhone obsoleto em 2026<\/strong>&nbsp;tende a esquentar conforme o lan\u00e7amento do iOS 27 se aproxima. Entender o hist\u00f3rico de suporte, as limita\u00e7\u00f5es do chip A13 Bionic e as novas exig\u00eancias de seguran\u00e7a ajuda a decidir se vale manter o aparelho por mais um ciclo ou j\u00e1 planejar o upgrade com calma.<\/p>\n\n\n\n<p>Se voc\u00ea usa um iPhone 11, 11 Pro, 11 Pro Max ou SE (2\u00aa gera\u00e7\u00e3o), n\u00e3o espere sentir na pele travamentos, apps incompat\u00edveis e falhas de seguran\u00e7a para agir. Comece agora a acompanhar os an\u00fancios da Apple, organize seus backups e defina um plano de troca: antecipar essa decis\u00e3o pode ser a diferen\u00e7a entre ficar preso em um sistema ultrapassado ou aproveitar o iOS 27 com desempenho, seguran\u00e7a e tranquilidade.<\/p>\n\n\n\n<p><\/p>\n","protected":false},"excerpt":{"rendered":"<p>Todos os anos, a chegada de uma nova vers\u00e3o do iOS movimenta o universo dos usu\u00e1rios de iPhone, e, com o iOS 26 no fim de 2025 e o desenvolvimento do iOS 27 em andamento, cresce a preocupa\u00e7\u00e3o sobre quais modelos seguir\u00e3o recebendo atualiza\u00e7\u00f5es e quais se tornar\u00e3o, na pr\u00e1tica, um\u00a0iPhone obsoleto em 2026, especialmente [&hellip;]<\/p>\n","protected":false},"author":11,"featured_media":159410,"comment_status":"open","ping_status":"open","sticky":false,"template":"","format":"standard","meta":{"jnews-multi-image_gallery":[],"jnews_single_post":{"format":"standard"},"jnews_primary_category":[],"jnews_social_meta":[],"jnews_override_counter":[],"footnotes":""},"categories":[1,4204],"tags":[3662,618,3857,3608],"class_list":["post-159356","post","type-post","status-publish","format-standard","has-post-thumbnail","hentry","category-noticias","category-tecnologia","tag-apple","tag-atualizacao","tag-ios","tag-iphone"],"yoast_head":"<!-- This site is optimized with the Yoast SEO plugin v23.8 - https:\/\/yoast.com\/wordpress\/plugins\/seo\/ -->\n<title>Com a chegada de 2026, a lista de iPhones que deixar\u00e3o de funcionar aumenta - Estado de Minas - Em foco<\/title>\n<meta name=\"description\" content=\"O iOS 27 pode tornar alguns iPhones obsoletos em 2026. Veja quais modelos est\u00e3o na lista e como se preparar para a mudan\u00e7a.\" \/>\n<meta name=\"robots\" content=\"index, follow, max-snippet:-1, max-image-preview:large, max-video-preview:-1\" \/>\n<link rel=\"canonical\" href=\"https:\/\/www.em.com.br\/emfoco\/2026\/01\/25\/com-a-chegada-de-2026-a-lista-de-iphones-que-deixarao-de-funcionar-aumenta\/\" \/>\n<meta property=\"og:locale\" content=\"pt_BR\" \/>\n<meta property=\"og:type\" content=\"article\" \/>\n<meta property=\"og:title\" content=\"Com a chegada de 2026, a lista de iPhones que deixar\u00e3o de funcionar aumenta - Estado de Minas - Em foco\" \/>\n<meta property=\"og:description\" content=\"O iOS 27 pode tornar alguns iPhones obsoletos em 2026. Veja quais modelos est\u00e3o na lista e como se preparar para a mudan\u00e7a.\" \/>\n<meta property=\"og:url\" content=\"https:\/\/www.em.com.br\/emfoco\/2026\/01\/25\/com-a-chegada-de-2026-a-lista-de-iphones-que-deixarao-de-funcionar-aumenta\/\" \/>\n<meta property=\"og:site_name\" content=\"Estado de Minas - Em foco\" \/>\n<meta property=\"article:published_time\" content=\"2026-01-25T13:05:00+00:00\" \/>\n<meta property=\"article:modified_time\" content=\"2026-01-24T20:28:41+00:00\" \/>\n<meta property=\"og:image\" content=\"https:\/\/www.em.com.br\/emfoco\/wp-content\/uploads\/2026\/01\/Gemini_Generated_Image_dts2v7dts2v7dts2-1.png\" \/>\n\t<meta property=\"og:image:width\" content=\"1280\" \/>\n\t<meta property=\"og:image:height\" content=\"720\" \/>\n\t<meta property=\"og:image:type\" content=\"image\/png\" \/>\n<meta name=\"author\" content=\"Andre\u0301 Rangel\u00a0\" \/>\n<meta name=\"twitter:card\" content=\"summary_large_image\" \/>\n<meta name=\"twitter:label1\" content=\"Escrito por\" \/>\n\t<meta name=\"twitter:data1\" content=\"Andre\u0301 Rangel\u00a0\" \/>\n\t<meta name=\"twitter:label2\" content=\"Est. tempo de leitura\" \/>\n\t<meta name=\"twitter:data2\" content=\"6 minutos\" \/>\n<!-- \/ Yoast SEO plugin. -->","yoast_head_json":{"title":"Com a chegada de 2026, a lista de iPhones que deixar\u00e3o de funcionar aumenta - Estado de Minas - Em foco","description":"O iOS 27 pode tornar alguns iPhones obsoletos em 2026. Veja quais modelos est\u00e3o na lista e como se preparar para a mudan\u00e7a.","robots":{"index":"index","follow":"follow","max-snippet":"max-snippet:-1","max-image-preview":"max-image-preview:large","max-video-preview":"max-video-preview:-1"},"canonical":"https:\/\/www.em.com.br\/emfoco\/2026\/01\/25\/com-a-chegada-de-2026-a-lista-de-iphones-que-deixarao-de-funcionar-aumenta\/","og_locale":"pt_BR","og_type":"article","og_title":"Com a chegada de 2026, a lista de iPhones que deixar\u00e3o de funcionar aumenta - Estado de Minas - Em foco","og_description":"O iOS 27 pode tornar alguns iPhones obsoletos em 2026. Veja quais modelos est\u00e3o na lista e como se preparar para a mudan\u00e7a.","og_url":"https:\/\/www.em.com.br\/emfoco\/2026\/01\/25\/com-a-chegada-de-2026-a-lista-de-iphones-que-deixarao-de-funcionar-aumenta\/","og_site_name":"Estado de Minas - Em foco","article_published_time":"2026-01-25T13:05:00+00:00","article_modified_time":"2026-01-24T20:28:41+00:00","og_image":[{"width":1280,"height":720,"url":"https:\/\/www.em.com.br\/emfoco\/wp-content\/uploads\/2026\/01\/Gemini_Generated_Image_dts2v7dts2v7dts2-1.png","type":"image\/png"}],"author":"Andre\u0301 Rangel\u00a0","twitter_card":"summary_large_image","twitter_misc":{"Escrito por":"Andre\u0301 Rangel\u00a0","Est. tempo de leitura":"6 minutos"},"schema":{"@context":"https:\/\/schema.org","@graph":[{"@type":"WebPage","@id":"https:\/\/www.em.com.br\/emfoco\/2026\/01\/25\/com-a-chegada-de-2026-a-lista-de-iphones-que-deixarao-de-funcionar-aumenta\/","url":"https:\/\/www.em.com.br\/emfoco\/2026\/01\/25\/com-a-chegada-de-2026-a-lista-de-iphones-que-deixarao-de-funcionar-aumenta\/","name":"Com a chegada de 2026, a lista de iPhones que deixar\u00e3o de funcionar aumenta - Estado de Minas - Em foco","isPartOf":{"@id":"https:\/\/www.em.com.br\/emfoco\/#website"},"primaryImageOfPage":{"@id":"https:\/\/www.em.com.br\/emfoco\/2026\/01\/25\/com-a-chegada-de-2026-a-lista-de-iphones-que-deixarao-de-funcionar-aumenta\/#primaryimage"},"image":{"@id":"https:\/\/www.em.com.br\/emfoco\/2026\/01\/25\/com-a-chegada-de-2026-a-lista-de-iphones-que-deixarao-de-funcionar-aumenta\/#primaryimage"},"thumbnailUrl":"https:\/\/www.em.com.br\/emfoco\/wp-content\/uploads\/2026\/01\/Gemini_Generated_Image_dts2v7dts2v7dts2-1.png","datePublished":"2026-01-25T13:05:00+00:00","dateModified":"2026-01-24T20:28:41+00:00","author":{"@id":"https:\/\/www.em.com.br\/emfoco\/#\/schema\/person\/60eda09c1fedf0d6891f4cef4b60b8b8"},"description":"O iOS 27 pode tornar alguns iPhones obsoletos em 2026. Veja quais modelos est\u00e3o na lista e como se preparar para a mudan\u00e7a.","breadcrumb":{"@id":"https:\/\/www.em.com.br\/emfoco\/2026\/01\/25\/com-a-chegada-de-2026-a-lista-de-iphones-que-deixarao-de-funcionar-aumenta\/#breadcrumb"},"inLanguage":"pt-BR","potentialAction":[{"@type":"ReadAction","target":["https:\/\/www.em.com.br\/emfoco\/2026\/01\/25\/com-a-chegada-de-2026-a-lista-de-iphones-que-deixarao-de-funcionar-aumenta\/"]}]},{"@type":"ImageObject","inLanguage":"pt-BR","@id":"https:\/\/www.em.com.br\/emfoco\/2026\/01\/25\/com-a-chegada-de-2026-a-lista-de-iphones-que-deixarao-de-funcionar-aumenta\/#primaryimage","url":"https:\/\/www.em.com.br\/emfoco\/wp-content\/uploads\/2026\/01\/Gemini_Generated_Image_dts2v7dts2v7dts2-1.png","contentUrl":"https:\/\/www.em.com.br\/emfoco\/wp-content\/uploads\/2026\/01\/Gemini_Generated_Image_dts2v7dts2v7dts2-1.png","width":1280,"height":720,"caption":"Quando o iPhone ainda funciona mas vira obsoleto"},{"@type":"BreadcrumbList","@id":"https:\/\/www.em.com.br\/emfoco\/2026\/01\/25\/com-a-chegada-de-2026-a-lista-de-iphones-que-deixarao-de-funcionar-aumenta\/#breadcrumb","itemListElement":[{"@type":"ListItem","position":1,"name":"In\u00edcio","item":"https:\/\/www.em.com.br\/emfoco\/"},{"@type":"ListItem","position":2,"name":"Com a chegada de 2026, a lista de iPhones que deixar\u00e3o de funcionar aumenta"}]},{"@type":"WebSite","@id":"https:\/\/www.em.com.br\/emfoco\/#website","url":"https:\/\/www.em.com.br\/emfoco\/","name":"Estado de Minas - Em foco","description":"Acompanhe as \u00faltimas not\u00edcias e fique bem informado sobre tudo o que acontece em Minas Gerais, Brasil e no mundo.","potentialAction":[{"@type":"SearchAction","target":{"@type":"EntryPoint","urlTemplate":"https:\/\/www.em.com.br\/emfoco\/?s={search_term_string}"},"query-input":{"@type":"PropertyValueSpecification","valueRequired":true,"valueName":"search_term_string"}}],"inLanguage":"pt-BR"},{"@type":"Person","@id":"https:\/\/www.em.com.br\/emfoco\/#\/schema\/person\/60eda09c1fedf0d6891f4cef4b60b8b8","name":"Andre\u0301 Rangel\u00a0","image":{"@type":"ImageObject","inLanguage":"pt-BR","@id":"https:\/\/www.em.com.br\/emfoco\/#\/schema\/person\/image\/","url":"https:\/\/secure.gravatar.com\/avatar\/6234dc814c77c8ef6d8bba622c787efc?s=96&d=mm&r=g","contentUrl":"https:\/\/secure.gravatar.com\/avatar\/6234dc814c77c8ef6d8bba622c787efc?s=96&d=mm&r=g","caption":"Andre\u0301 Rangel\u00a0"},"url":"https:\/\/www.em.com.br\/emfoco\/author\/luizmyth\/"}]}},"_links":{"self":[{"href":"https:\/\/www.em.com.br\/emfoco\/wp-json\/wp\/v2\/posts\/159356","targetHints":{"allow":["GET"]}}],"collection":[{"href":"https:\/\/www.em.com.br\/emfoco\/wp-json\/wp\/v2\/posts"}],"about":[{"href":"https:\/\/www.em.com.br\/emfoco\/wp-json\/wp\/v2\/types\/post"}],"author":[{"embeddable":true,"href":"https:\/\/www.em.com.br\/emfoco\/wp-json\/wp\/v2\/users\/11"}],"replies":[{"embeddable":true,"href":"https:\/\/www.em.com.br\/emfoco\/wp-json\/wp\/v2\/comments?post=159356"}],"version-history":[{"count":3,"href":"https:\/\/www.em.com.br\/emfoco\/wp-json\/wp\/v2\/posts\/159356\/revisions"}],"predecessor-version":[{"id":159421,"href":"https:\/\/www.em.com.br\/emfoco\/wp-json\/wp\/v2\/posts\/159356\/revisions\/159421"}],"wp:featuredmedia":[{"embeddable":true,"href":"https:\/\/www.em.com.br\/emfoco\/wp-json\/wp\/v2\/media\/159410"}],"wp:attachment":[{"href":"https:\/\/www.em.com.br\/emfoco\/wp-json\/wp\/v2\/media?parent=159356"}],"wp:term":[{"taxonomy":"category","embeddable":true,"href":"https:\/\/www.em.com.br\/emfoco\/wp-json\/wp\/v2\/categories?post=159356"},{"taxonomy":"post_tag","embeddable":true,"href":"https:\/\/www.em.com.br\/emfoco\/wp-json\/wp\/v2\/tags?post=159356"}],"curies":[{"name":"wp","href":"https:\/\/api.w.org\/{rel}","templated":true}]}}