{"id":159268,"date":"2026-01-26T11:15:00","date_gmt":"2026-01-26T14:15:00","guid":{"rendered":"https:\/\/www.em.com.br\/emfoco\/?p=159268"},"modified":"2026-01-23T13:36:39","modified_gmt":"2026-01-23T16:36:39","slug":"essa-mistura-com-vapor-e-ervas-tem-conquistado-quem-busca-uma-pele-mais-saudavel-sem-gastar-com-cosmeticos-pesados","status":"publish","type":"post","link":"https:\/\/www.em.com.br\/emfoco\/2026\/01\/26\/essa-mistura-com-vapor-e-ervas-tem-conquistado-quem-busca-uma-pele-mais-saudavel-sem-gastar-com-cosmeticos-pesados\/","title":{"rendered":"Essa mistura com vapor e ervas tem conquistado quem busca uma pele mais saud\u00e1vel sem gastar com cosm\u00e9ticos pesados"},"content":{"rendered":"\n<h2 class=\"wp-block-heading\">O banho de vapor facial dilata poros, amolece o sebo e facilita a remo\u00e7\u00e3o de cravos sem agress\u00e3o. Com eucalipto, oferece a\u00e7\u00e3o antiss\u00e9ptica e relaxante, devendo ser feito com cuidado, calor moderado e frequ\u00eancia semanal.<\/h2>\n\n\n\n<p>O <strong>banho de vapor facial<\/strong> \u00e9 um cuidado antigo que voltou a ganhar espa\u00e7o por limpar a pele com suavidade. Ao usar vapor e plantas arom\u00e1ticas, ele ajuda a soltar impurezas dos poros, reduz cravos e transforma a rotina de cuidados em um momento de relaxamento.<\/p>\n\n\n\n<h2 class=\"wp-block-heading\">Como o vapor ajuda a remover cravos sem machucar a pele?<\/h2>\n\n\n\n<p>Quando o rosto entra em contato com o <strong>calor \u00famido<\/strong>, ocorre dilata\u00e7\u00e3o tempor\u00e1ria dos poros e amolecimento do sebo. Isso facilita a sa\u00edda das impurezas sem press\u00e3o mec\u00e2nica, evitando feridas, manchas e inflama\u00e7\u00f5es comuns ao ato de espremer.<\/p>\n\n\n\n<p>O processo tamb\u00e9m estimula a <strong>circula\u00e7\u00e3o sangu\u00ednea<\/strong> local, o que melhora o aporte de oxig\u00eanio e nutrientes para a pele. O resultado \u00e9 uma apar\u00eancia mais vi\u00e7osa e preparada para a limpeza e hidrata\u00e7\u00e3o subsequentes.<\/p>\n\n\n\n<figure class=\"wp-block-image size-large\"><img loading=\"lazy\" decoding=\"async\" width=\"1024\" height=\"576\" src=\"https:\/\/www.em.com.br\/emfoco\/wp-content\/uploads\/2026\/01\/AIAI-15-23-1024x576.jpg\" alt=\"Essa mistura com vapor e ervas tem conquistado quem busca uma pele mais saud\u00e1vel sem gastar com cosm\u00e9ticos pesados\" class=\"wp-image-159340\" srcset=\"https:\/\/www.em.com.br\/emfoco\/wp-content\/uploads\/2026\/01\/AIAI-15-23-1024x576.jpg 1024w, https:\/\/www.em.com.br\/emfoco\/wp-content\/uploads\/2026\/01\/AIAI-15-23-300x169.jpg 300w, https:\/\/www.em.com.br\/emfoco\/wp-content\/uploads\/2026\/01\/AIAI-15-23-768x432.jpg 768w, https:\/\/www.em.com.br\/emfoco\/wp-content\/uploads\/2026\/01\/AIAI-15-23-750x422.jpg 750w, https:\/\/www.em.com.br\/emfoco\/wp-content\/uploads\/2026\/01\/AIAI-15-23-1140x641.jpg 1140w, https:\/\/www.em.com.br\/emfoco\/wp-content\/uploads\/2026\/01\/AIAI-15-23.jpg 1280w\" sizes=\"auto, (max-width: 1024px) 100vw, 1024px\" \/><figcaption class=\"wp-element-caption\">Vapor dilata poros e facilita remo\u00e7\u00e3o de impurezas sem agress\u00f5es<\/figcaption><\/figure>\n\n\n\n<h2 class=\"wp-block-heading\">Por que o eucalipto potencializa o banho de vapor?<\/h2>\n\n\n\n<p>A adi\u00e7\u00e3o do eucalipto transforma o vapor em um cuidado bot\u00e2nico completo. Seus compostos naturais atuam na pele e no sistema respirat\u00f3rio, trazendo benef\u00edcios que v\u00e3o al\u00e9m da est\u00e9tica, como fica claro nos pontos a seguir.<\/p>\n\n\n\n<ul class=\"wp-block-list\">\n<li><strong>A\u00e7\u00e3o antiss\u00e9ptica<\/strong>: ajuda a reduzir bact\u00e9rias associadas \u00e0 obstru\u00e7\u00e3o dos poros.<\/li>\n\n\n\n<li><strong>Efeito anti-inflamat\u00f3rio<\/strong>: contribui para acalmar vermelhid\u00e3o e irrita\u00e7\u00f5es leves.<\/li>\n\n\n\n<li><strong>Aroma relaxante<\/strong>: favorece respira\u00e7\u00e3o profunda e sensa\u00e7\u00e3o de bem-estar.<\/li>\n<\/ul>\n\n\n\n<h2 class=\"wp-block-heading\">Como preparar o banho de vapor facial em casa?<\/h2>\n\n\n\n<p>O procedimento n\u00e3o exige equipamentos complexos, apenas aten\u00e7\u00e3o \u00e0 temperatura e aos materiais utilizados. Uma bacia resistente ao calor, \u00e1gua filtrada e eucalipto j\u00e1 s\u00e3o suficientes para criar um <strong>ritual seguro<\/strong> e eficaz.<\/p>\n\n\n\n<p>Ap\u00f3s ferver a \u00e1gua, \u00e9 essencial aguardar alguns minutos antes de aproximar o rosto. O vapor deve ser quente, mas confort\u00e1vel, evitando o contato direto que pode causar queimaduras na pele delicada da face.<\/p>\n\n\n\n<figure class=\"wp-block-image size-large\"><img loading=\"lazy\" decoding=\"async\" width=\"1024\" height=\"576\" src=\"https:\/\/www.em.com.br\/emfoco\/wp-content\/uploads\/2026\/01\/AIAI-16-22-1024x576.jpg\" alt=\"Essa mistura com vapor e ervas tem conquistado quem busca uma pele mais saud\u00e1vel sem gastar com cosm\u00e9ticos pesados\" class=\"wp-image-159342\" srcset=\"https:\/\/www.em.com.br\/emfoco\/wp-content\/uploads\/2026\/01\/AIAI-16-22-1024x576.jpg 1024w, https:\/\/www.em.com.br\/emfoco\/wp-content\/uploads\/2026\/01\/AIAI-16-22-300x169.jpg 300w, https:\/\/www.em.com.br\/emfoco\/wp-content\/uploads\/2026\/01\/AIAI-16-22-768x432.jpg 768w, https:\/\/www.em.com.br\/emfoco\/wp-content\/uploads\/2026\/01\/AIAI-16-22-750x422.jpg 750w, https:\/\/www.em.com.br\/emfoco\/wp-content\/uploads\/2026\/01\/AIAI-16-22-1140x641.jpg 1140w, https:\/\/www.em.com.br\/emfoco\/wp-content\/uploads\/2026\/01\/AIAI-16-22.jpg 1280w\" sizes=\"auto, (max-width: 1024px) 100vw, 1024px\" \/><figcaption class=\"wp-element-caption\">Preparo correto evita queimaduras e garante vapor confort\u00e1vel \u00e0 pele<\/figcaption><\/figure>\n\n\n\n<p><em>Leia mais: <strong><a href=\"https:\/\/www.em.com.br\/emfoco\/2026\/01\/23\/como-eliminar-rugas-no-pescoco-e-melhorar-a-pele-do-rosto-facil-rapido-e-sem-sair-de-casa\/\" target=\"_blank\" rel=\"noreferrer noopener\">Como eliminar rugas no pesco\u00e7o e melhorar a pele do rosto: f\u00e1cil, r\u00e1pido e sem sair de casa<\/a><\/strong><\/em><\/p>\n\n\n\n<h2 class=\"wp-block-heading\">O que fazer ap\u00f3s o vapor para evitar irrita\u00e7\u00f5es?<\/h2>\n\n\n\n<p>Depois do banho de vapor, a pele est\u00e1 mais receptiva e sens\u00edvel. Os cuidados seguintes garantem que os poros voltem ao equil\u00edbrio e que o benef\u00edcio do tratamento seja preservado, como mostram as orienta\u00e7\u00f5es abaixo.<\/p>\n\n\n\n<ul class=\"wp-block-list\">\n<li><strong>Limpeza suave<\/strong>: passar algod\u00e3o \u00famido remove impurezas sem agredir.<\/li>\n\n\n\n<li><strong>\u00c1gua fria<\/strong>: ajuda na contra\u00e7\u00e3o dos poros ap\u00f3s a dilata\u00e7\u00e3o.<\/li>\n\n\n\n<li><strong>Hidrata\u00e7\u00e3o leve<\/strong>: rep\u00f5e a umidade e fortalece a barreira cut\u00e2nea.<\/li>\n<\/ul>\n\n\n\n<h2 class=\"wp-block-heading\">Quais cuidados de seguran\u00e7a precisam ser respeitados?<\/h2>\n\n\n\n<p>Mesmo sendo natural, o banho de vapor exige modera\u00e7\u00e3o. Aproximar demais o rosto da \u00e1gua quente pode causar <strong>queimaduras t\u00e9rmicas<\/strong> e agravar quadros como ros\u00e1cea ou sensibilidade excessiva.<\/p>\n\n\n\n<p>A frequ\u00eancia ideal \u00e9 semanal ou quinzenal. Pessoas com problemas respirat\u00f3rios devem ter cautela com o aroma do eucalipto, e qualquer sinal de desconforto \u00e9 motivo para interromper o procedimento imediatamente.<\/p>\n","protected":false},"excerpt":{"rendered":"<p>O banho de vapor facial dilata poros, amolece o sebo e facilita a remo\u00e7\u00e3o de cravos sem agress\u00e3o. Com eucalipto, oferece a\u00e7\u00e3o antiss\u00e9ptica e relaxante, devendo ser feito com cuidado, calor moderado e frequ\u00eancia semanal. O banho de vapor facial \u00e9 um cuidado antigo que voltou a ganhar espa\u00e7o por limpar a pele com suavidade. [&hellip;]<\/p>\n","protected":false},"author":13,"featured_media":159339,"comment_status":"open","ping_status":"open","sticky":false,"template":"","format":"standard","meta":{"jnews-multi-image_gallery":[],"jnews_single_post":{"format":"standard"},"jnews_primary_category":[],"jnews_social_meta":[],"jnews_override_counter":[],"footnotes":""},"categories":[8819],"tags":[712,23302,16204,15384],"class_list":["post-159268","post","type-post","status-publish","format-standard","has-post-thumbnail","hentry","category-curiosidades","tag-autocuidado","tag-banho-a-vapor","tag-eucalipto","tag-limpeza-de-pele"],"yoast_head":"<!-- This site is optimized with the Yoast SEO plugin v23.8 - https:\/\/yoast.com\/wordpress\/plugins\/seo\/ -->\n<title>Essa mistura com vapor e ervas tem conquistado quem busca uma pele mais saud\u00e1vel sem gastar com cosm\u00e9ticos pesados - Estado de Minas - Em foco<\/title>\n<meta name=\"description\" content=\"T\u00e9cnica com vapor e eucalipto limpa poros sem agredir, acalma a pele e transforma a rotina facial em um momento de puro relaxamento.\" \/>\n<meta name=\"robots\" content=\"index, follow, max-snippet:-1, max-image-preview:large, max-video-preview:-1\" \/>\n<link rel=\"canonical\" href=\"https:\/\/www.em.com.br\/emfoco\/2026\/01\/26\/essa-mistura-com-vapor-e-ervas-tem-conquistado-quem-busca-uma-pele-mais-saudavel-sem-gastar-com-cosmeticos-pesados\/\" \/>\n<meta property=\"og:locale\" content=\"pt_BR\" \/>\n<meta property=\"og:type\" content=\"article\" \/>\n<meta property=\"og:title\" content=\"Essa mistura com vapor e ervas tem conquistado quem busca uma pele mais saud\u00e1vel sem gastar com cosm\u00e9ticos pesados - Estado de Minas - Em foco\" \/>\n<meta property=\"og:description\" content=\"T\u00e9cnica com vapor e eucalipto limpa poros sem agredir, acalma a pele e transforma a rotina facial em um momento de puro relaxamento.\" \/>\n<meta property=\"og:url\" content=\"https:\/\/www.em.com.br\/emfoco\/2026\/01\/26\/essa-mistura-com-vapor-e-ervas-tem-conquistado-quem-busca-uma-pele-mais-saudavel-sem-gastar-com-cosmeticos-pesados\/\" \/>\n<meta property=\"og:site_name\" content=\"Estado de Minas - Em foco\" \/>\n<meta property=\"article:published_time\" content=\"2026-01-26T14:15:00+00:00\" \/>\n<meta property=\"article:modified_time\" content=\"2026-01-23T16:36:39+00:00\" \/>\n<meta property=\"og:image\" content=\"https:\/\/www.em.com.br\/emfoco\/wp-content\/uploads\/2026\/01\/AIAI-14-26.jpg\" \/>\n\t<meta property=\"og:image:width\" content=\"1280\" \/>\n\t<meta property=\"og:image:height\" content=\"720\" \/>\n\t<meta property=\"og:image:type\" content=\"image\/jpeg\" \/>\n<meta name=\"author\" content=\"Gabriel Martins\" \/>\n<meta name=\"twitter:card\" content=\"summary_large_image\" \/>\n<meta name=\"twitter:label1\" content=\"Escrito por\" \/>\n\t<meta name=\"twitter:data1\" content=\"Gabriel Martins\" \/>\n\t<meta name=\"twitter:label2\" content=\"Est. tempo de leitura\" \/>\n\t<meta name=\"twitter:data2\" content=\"4 minutos\" \/>\n<!-- \/ Yoast SEO plugin. -->","yoast_head_json":{"title":"Essa mistura com vapor e ervas tem conquistado quem busca uma pele mais saud\u00e1vel sem gastar com cosm\u00e9ticos pesados - Estado de Minas - Em foco","description":"T\u00e9cnica com vapor e eucalipto limpa poros sem agredir, acalma a pele e transforma a rotina facial em um momento de puro relaxamento.","robots":{"index":"index","follow":"follow","max-snippet":"max-snippet:-1","max-image-preview":"max-image-preview:large","max-video-preview":"max-video-preview:-1"},"canonical":"https:\/\/www.em.com.br\/emfoco\/2026\/01\/26\/essa-mistura-com-vapor-e-ervas-tem-conquistado-quem-busca-uma-pele-mais-saudavel-sem-gastar-com-cosmeticos-pesados\/","og_locale":"pt_BR","og_type":"article","og_title":"Essa mistura com vapor e ervas tem conquistado quem busca uma pele mais saud\u00e1vel sem gastar com cosm\u00e9ticos pesados - Estado de Minas - Em foco","og_description":"T\u00e9cnica com vapor e eucalipto limpa poros sem agredir, acalma a pele e transforma a rotina facial em um momento de puro relaxamento.","og_url":"https:\/\/www.em.com.br\/emfoco\/2026\/01\/26\/essa-mistura-com-vapor-e-ervas-tem-conquistado-quem-busca-uma-pele-mais-saudavel-sem-gastar-com-cosmeticos-pesados\/","og_site_name":"Estado de Minas - Em foco","article_published_time":"2026-01-26T14:15:00+00:00","article_modified_time":"2026-01-23T16:36:39+00:00","og_image":[{"width":1280,"height":720,"url":"https:\/\/www.em.com.br\/emfoco\/wp-content\/uploads\/2026\/01\/AIAI-14-26.jpg","type":"image\/jpeg"}],"author":"Gabriel Martins","twitter_card":"summary_large_image","twitter_misc":{"Escrito por":"Gabriel Martins","Est. tempo de leitura":"4 minutos"},"schema":{"@context":"https:\/\/schema.org","@graph":[{"@type":"WebPage","@id":"https:\/\/www.em.com.br\/emfoco\/2026\/01\/26\/essa-mistura-com-vapor-e-ervas-tem-conquistado-quem-busca-uma-pele-mais-saudavel-sem-gastar-com-cosmeticos-pesados\/","url":"https:\/\/www.em.com.br\/emfoco\/2026\/01\/26\/essa-mistura-com-vapor-e-ervas-tem-conquistado-quem-busca-uma-pele-mais-saudavel-sem-gastar-com-cosmeticos-pesados\/","name":"Essa mistura com vapor e ervas tem conquistado quem busca uma pele mais saud\u00e1vel sem gastar com cosm\u00e9ticos pesados - Estado de Minas - Em foco","isPartOf":{"@id":"https:\/\/www.em.com.br\/emfoco\/#website"},"primaryImageOfPage":{"@id":"https:\/\/www.em.com.br\/emfoco\/2026\/01\/26\/essa-mistura-com-vapor-e-ervas-tem-conquistado-quem-busca-uma-pele-mais-saudavel-sem-gastar-com-cosmeticos-pesados\/#primaryimage"},"image":{"@id":"https:\/\/www.em.com.br\/emfoco\/2026\/01\/26\/essa-mistura-com-vapor-e-ervas-tem-conquistado-quem-busca-uma-pele-mais-saudavel-sem-gastar-com-cosmeticos-pesados\/#primaryimage"},"thumbnailUrl":"https:\/\/www.em.com.br\/emfoco\/wp-content\/uploads\/2026\/01\/AIAI-14-26.jpg","datePublished":"2026-01-26T14:15:00+00:00","dateModified":"2026-01-23T16:36:39+00:00","author":{"@id":"https:\/\/www.em.com.br\/emfoco\/#\/schema\/person\/1c9ddeab18b98abeffef834667bcf08a"},"description":"T\u00e9cnica com vapor e eucalipto limpa poros sem agredir, acalma a pele e transforma a rotina facial em um momento de puro relaxamento.","breadcrumb":{"@id":"https:\/\/www.em.com.br\/emfoco\/2026\/01\/26\/essa-mistura-com-vapor-e-ervas-tem-conquistado-quem-busca-uma-pele-mais-saudavel-sem-gastar-com-cosmeticos-pesados\/#breadcrumb"},"inLanguage":"pt-BR","potentialAction":[{"@type":"ReadAction","target":["https:\/\/www.em.com.br\/emfoco\/2026\/01\/26\/essa-mistura-com-vapor-e-ervas-tem-conquistado-quem-busca-uma-pele-mais-saudavel-sem-gastar-com-cosmeticos-pesados\/"]}]},{"@type":"ImageObject","inLanguage":"pt-BR","@id":"https:\/\/www.em.com.br\/emfoco\/2026\/01\/26\/essa-mistura-com-vapor-e-ervas-tem-conquistado-quem-busca-uma-pele-mais-saudavel-sem-gastar-com-cosmeticos-pesados\/#primaryimage","url":"https:\/\/www.em.com.br\/emfoco\/wp-content\/uploads\/2026\/01\/AIAI-14-26.jpg","contentUrl":"https:\/\/www.em.com.br\/emfoco\/wp-content\/uploads\/2026\/01\/AIAI-14-26.jpg","width":1280,"height":720,"caption":"Banho de vapor limpa poros, reduz cravos e promove relaxamento facial"},{"@type":"BreadcrumbList","@id":"https:\/\/www.em.com.br\/emfoco\/2026\/01\/26\/essa-mistura-com-vapor-e-ervas-tem-conquistado-quem-busca-uma-pele-mais-saudavel-sem-gastar-com-cosmeticos-pesados\/#breadcrumb","itemListElement":[{"@type":"ListItem","position":1,"name":"In\u00edcio","item":"https:\/\/www.em.com.br\/emfoco\/"},{"@type":"ListItem","position":2,"name":"Essa mistura com vapor e ervas tem conquistado quem busca uma pele mais saud\u00e1vel sem gastar com cosm\u00e9ticos pesados"}]},{"@type":"WebSite","@id":"https:\/\/www.em.com.br\/emfoco\/#website","url":"https:\/\/www.em.com.br\/emfoco\/","name":"Estado de Minas - Em foco","description":"Acompanhe as \u00faltimas not\u00edcias e fique bem informado sobre tudo o que acontece em Minas Gerais, Brasil e no mundo.","potentialAction":[{"@type":"SearchAction","target":{"@type":"EntryPoint","urlTemplate":"https:\/\/www.em.com.br\/emfoco\/?s={search_term_string}"},"query-input":{"@type":"PropertyValueSpecification","valueRequired":true,"valueName":"search_term_string"}}],"inLanguage":"pt-BR"},{"@type":"Person","@id":"https:\/\/www.em.com.br\/emfoco\/#\/schema\/person\/1c9ddeab18b98abeffef834667bcf08a","name":"Gabriel Martins","image":{"@type":"ImageObject","inLanguage":"pt-BR","@id":"https:\/\/www.em.com.br\/emfoco\/#\/schema\/person\/image\/","url":"https:\/\/secure.gravatar.com\/avatar\/f0f1e2efdfd88f1ad2cb08c5c2731e50?s=96&d=mm&r=g","contentUrl":"https:\/\/secure.gravatar.com\/avatar\/f0f1e2efdfd88f1ad2cb08c5c2731e50?s=96&d=mm&r=g","caption":"Gabriel Martins"},"sameAs":["https:\/\/www.em.com.br\/emfoco\/"],"url":"https:\/\/www.em.com.br\/emfoco\/author\/gabrielmartinsmyth\/"}]}},"_links":{"self":[{"href":"https:\/\/www.em.com.br\/emfoco\/wp-json\/wp\/v2\/posts\/159268","targetHints":{"allow":["GET"]}}],"collection":[{"href":"https:\/\/www.em.com.br\/emfoco\/wp-json\/wp\/v2\/posts"}],"about":[{"href":"https:\/\/www.em.com.br\/emfoco\/wp-json\/wp\/v2\/types\/post"}],"author":[{"embeddable":true,"href":"https:\/\/www.em.com.br\/emfoco\/wp-json\/wp\/v2\/users\/13"}],"replies":[{"embeddable":true,"href":"https:\/\/www.em.com.br\/emfoco\/wp-json\/wp\/v2\/comments?post=159268"}],"version-history":[{"count":1,"href":"https:\/\/www.em.com.br\/emfoco\/wp-json\/wp\/v2\/posts\/159268\/revisions"}],"predecessor-version":[{"id":159343,"href":"https:\/\/www.em.com.br\/emfoco\/wp-json\/wp\/v2\/posts\/159268\/revisions\/159343"}],"wp:featuredmedia":[{"embeddable":true,"href":"https:\/\/www.em.com.br\/emfoco\/wp-json\/wp\/v2\/media\/159339"}],"wp:attachment":[{"href":"https:\/\/www.em.com.br\/emfoco\/wp-json\/wp\/v2\/media?parent=159268"}],"wp:term":[{"taxonomy":"category","embeddable":true,"href":"https:\/\/www.em.com.br\/emfoco\/wp-json\/wp\/v2\/categories?post=159268"},{"taxonomy":"post_tag","embeddable":true,"href":"https:\/\/www.em.com.br\/emfoco\/wp-json\/wp\/v2\/tags?post=159268"}],"curies":[{"name":"wp","href":"https:\/\/api.w.org\/{rel}","templated":true}]}}