{"id":159263,"date":"2026-01-26T07:25:00","date_gmt":"2026-01-26T10:25:00","guid":{"rendered":"https:\/\/www.em.com.br\/emfoco\/?p=159263"},"modified":"2026-01-23T12:52:10","modified_gmt":"2026-01-23T15:52:10","slug":"cabelo-opaco-mesmo-com-bons-produtos-essa-receita-com-vinagre-sela-os-fios-e-traz-brilho-espelhado-sem-esforco","status":"publish","type":"post","link":"https:\/\/www.em.com.br\/emfoco\/2026\/01\/26\/cabelo-opaco-mesmo-com-bons-produtos-essa-receita-com-vinagre-sela-os-fios-e-traz-brilho-espelhado-sem-esforco\/","title":{"rendered":"Cabelo opaco mesmo com bons produtos? Essa receita com vinagre sela os fios e traz brilho espelhado sem esfor\u00e7o"},"content":{"rendered":"\n<h2 class=\"wp-block-heading\">O vinagre de ma\u00e7\u00e3 reequilibra o pH capilar ap\u00f3s a lavagem, sela as cut\u00edculas e reduz porosidade. Usado dilu\u00eddo em \u00e1gua, melhora brilho, maciez e controle do frizz sem agredir os fios.<\/h2>\n\n\n\n<p>Mesmo com bons produtos, muitos cabelos ficam opacos, \u00e1speros ou com frizz persistente. O problema, na maioria das vezes, n\u00e3o \u00e9 falta de tratamento, mas desequil\u00edbrio do <strong>pH capilar<\/strong>. Um ingrediente simples, usado corretamente, consegue selar os fios e restaurar o brilho natural.<\/p>\n\n\n\n<h2 class=\"wp-block-heading\">Por que o cabelo perde brilho mesmo com bons produtos?<\/h2>\n\n\n\n<p>O cabelo possui pH naturalmente \u00e1cido, essencial para manter as cut\u00edculas fechadas. No entanto, a maioria dos xampus \u00e9 mais alcalina para remover sujeira e oleosidade, abrindo essas escamas que protegem o fio durante a lavagem.<\/p>\n\n\n\n<p>Quando as cut\u00edculas permanecem abertas ap\u00f3s o banho, ocorre perda de \u00e1gua e nutrientes. O resultado \u00e9 um fio \u00e1spero, poroso e incapaz de refletir luz, comprometendo o <strong>brilho espelhado<\/strong> e a maciez mesmo em cabelos bem cuidados.<\/p>\n\n\n\n<p>Separamos um v\u00eddeo compartilhado pelo canal do TikTok <strong><a href=\"https:\/\/www.tiktok.com\/@ericamarquesss\" target=\"_blank\" rel=\"noreferrer noopener\"><strong>ericamarquesss<\/strong><\/a><\/strong> dando mais dicas de como devolver o brilho para seu cabelo sem gastar com produtos super caros.<\/p>\n\n\n\n<blockquote class=\"tiktok-embed\" cite=\"https:\/\/www.tiktok.com\/@ericamarquesss\/video\/7488398743667084550\" data-video-id=\"7488398743667084550\" style=\"max-width: 605px;min-width: 325px;\" > <section> <a target=\"_blank\" title=\"@ericamarquesss\" href=\"https:\/\/www.tiktok.com\/@ericamarquesss?refer=embed\">@ericamarquesss<\/a> Cabelo ressecado? Eu te ajudo! \u2728\ud83d\udc86\ud83c\udffc\u200d\u2640\ufe0f Se o seu cabelo est\u00e1 seco, sem brilho e com toque \u00e1spero, calma que tem solu\u00e7\u00e3o! Separei 5 dicas infal\u00edveis para recuperar a sa\u00fade dos fios. <a title=\"dicas\" target=\"_blank\" href=\"https:\/\/www.tiktok.com\/tag\/dicas?refer=embed\">#dicas<\/a> <a title=\"dicasdebeleza\" target=\"_blank\" href=\"https:\/\/www.tiktok.com\/tag\/dicasdebeleza?refer=embed\">#dicasdebeleza<\/a> <a title=\"cabelo\" target=\"_blank\" href=\"https:\/\/www.tiktok.com\/tag\/cabelo?refer=embed\">#cabelo<\/a> <a title=\"cabeloressecado\" target=\"_blank\" href=\"https:\/\/www.tiktok.com\/tag\/cabeloressecado?refer=embed\">#cabeloressecado<\/a> <a title=\"fyp\" target=\"_blank\" href=\"https:\/\/www.tiktok.com\/tag\/fyp?refer=embed\">#fyp<\/a> <a title=\"loiro\" target=\"_blank\" href=\"https:\/\/www.tiktok.com\/tag\/loiro?refer=embed\">#loiro<\/a> <a title=\"cabeloslongos\" target=\"_blank\" href=\"https:\/\/www.tiktok.com\/tag\/cabeloslongos?refer=embed\">#cabeloslongos<\/a> <a title=\"dicadodia\" target=\"_blank\" href=\"https:\/\/www.tiktok.com\/tag\/dicadodia?refer=embed\">#dicadodia<\/a> <a title=\"loirosperfeitos\" target=\"_blank\" href=\"https:\/\/www.tiktok.com\/tag\/loirosperfeitos?refer=embed\">#loirosperfeitos<\/a> <a title=\"mulheres\" target=\"_blank\" href=\"https:\/\/www.tiktok.com\/tag\/mulheres?refer=embed\">#mulheres<\/a> <a title=\"pontasressecadas\" target=\"_blank\" href=\"https:\/\/www.tiktok.com\/tag\/pontasressecadas?refer=embed\">#pontasressecadas<\/a> <a target=\"_blank\" title=\"\u266c som original - Erica Da Silva Marques\" href=\"https:\/\/www.tiktok.com\/music\/som-original-7488398868129663749?refer=embed\">\u266c som original &#8211; Erica Da Silva Marques<\/a> <\/section> <\/blockquote> <script async src=\"https:\/\/www.tiktok.com\/embed.js\"><\/script>\n\n\n\n<h2 class=\"wp-block-heading\">Como o vinagre de ma\u00e7\u00e3 age no pH dos fios?<\/h2>\n\n\n\n<p>O vinagre de ma\u00e7\u00e3 possui pH \u00e1cido e atua como um equilibrador natural ap\u00f3s a lavagem. Ao entrar em contato com o cabelo, ele promove o fechamento imediato das cut\u00edculas, criando uma superf\u00edcie mais lisa e uniforme. Os principais efeitos est\u00e3o descritos a seguir.<\/p>\n\n\n\n<ul class=\"wp-block-list\">\n<li><strong>Selagem das cut\u00edculas<\/strong>: reduz porosidade e evita a perda de hidrata\u00e7\u00e3o.<\/li>\n\n\n\n<li><strong>Reflex\u00e3o de luz<\/strong>: superf\u00edcie lisa permite brilho mais intenso e natural.<\/li>\n\n\n\n<li><strong>Toque sedoso<\/strong>: fios ficam alinhados, com menos frizz e aspereza.<\/li>\n<\/ul>\n\n\n\n<h2 class=\"wp-block-heading\">Qual \u00e9 a forma correta de usar vinagre no cabelo?<\/h2>\n\n\n\n<p>O vinagre nunca deve ser aplicado puro, pois o excesso de acidez pode ressecar os fios ou irritar o couro cabeludo. A dilui\u00e7\u00e3o correta garante o benef\u00edcio sem riscos, respeitando a estrutura natural do cabelo.<\/p>\n\n\n\n<p>A mistura equilibrada permite a\u00e7\u00e3o eficaz sem comprometer a sa\u00fade capilar. Quando usada ap\u00f3s o condicionador ou m\u00e1scara, ela sela o tratamento dentro do fio, prolongando os resultados de <strong>hidrata\u00e7\u00e3o<\/strong> e brilho.<\/p>\n\n\n\n<figure class=\"wp-block-image size-large\"><img loading=\"lazy\" decoding=\"async\" width=\"1024\" height=\"576\" src=\"https:\/\/www.em.com.br\/emfoco\/wp-content\/uploads\/2026\/01\/AIAI-77-1024x576.jpg\" alt=\"Cabelo opaco mesmo com bons produtos? Essa receita com vinagre sela os fios e traz brilho espelhado sem esfor\u00e7o\" class=\"wp-image-159287\" srcset=\"https:\/\/www.em.com.br\/emfoco\/wp-content\/uploads\/2026\/01\/AIAI-77-1024x576.jpg 1024w, https:\/\/www.em.com.br\/emfoco\/wp-content\/uploads\/2026\/01\/AIAI-77-300x169.jpg 300w, https:\/\/www.em.com.br\/emfoco\/wp-content\/uploads\/2026\/01\/AIAI-77-768x432.jpg 768w, https:\/\/www.em.com.br\/emfoco\/wp-content\/uploads\/2026\/01\/AIAI-77-750x422.jpg 750w, https:\/\/www.em.com.br\/emfoco\/wp-content\/uploads\/2026\/01\/AIAI-77-1140x641.jpg 1140w, https:\/\/www.em.com.br\/emfoco\/wp-content\/uploads\/2026\/01\/AIAI-77.jpg 1280w\" sizes=\"auto, (max-width: 1024px) 100vw, 1024px\" \/><figcaption class=\"wp-element-caption\">Uso dilu\u00eddo evita ressecamento e potencializa tratamentos aplicados<\/figcaption><\/figure>\n\n\n\n<p><em>Leia mais: <strong><a href=\"https:\/\/www.em.com.br\/emfoco\/2026\/01\/23\/como-eliminar-rugas-no-pescoco-e-melhorar-a-pele-do-rosto-facil-rapido-e-sem-sair-de-casa\/\" target=\"_blank\" rel=\"noreferrer noopener\">Como eliminar rugas no pesco\u00e7o e melhorar a pele do rosto: f\u00e1cil, r\u00e1pido e sem sair de casa<\/a><\/strong><\/em><\/p>\n\n\n\n<h2 class=\"wp-block-heading\">Qual \u00e9 a receita ideal para o enx\u00e1gue de brilho?<\/h2>\n\n\n\n<p>A efic\u00e1cia do m\u00e9todo depende da propor\u00e7\u00e3o correta entre \u00e1gua e vinagre. Essa dilui\u00e7\u00e3o mant\u00e9m o pH adequado e evita qualquer efeito negativo nos fios. Confira a f\u00f3rmula recomendada para uso seguro e eficaz.<\/p>\n\n\n\n<ul class=\"wp-block-list\">\n<li><strong>\u00c1gua filtrada<\/strong>: 200 ml para diluir a acidez de forma uniforme.<\/li>\n\n\n\n<li><strong>Vinagre de ma\u00e7\u00e3<\/strong>: 1 colher de sopa, mais nutritivo e suave.<\/li>\n\n\n\n<li><strong>Modo de aplica\u00e7\u00e3o<\/strong>: ap\u00f3s o condicionador, deixar agir por 1 minuto.<\/li>\n<\/ul>\n\n\n\n<h2 class=\"wp-block-heading\">Com que frequ\u00eancia usar e quais cuidados observar?<\/h2>\n\n\n\n<p>O equil\u00edbrio do pH n\u00e3o precisa ser feito em toda lavagem. Em cabelos com qu\u00edmica, uma vez por semana \u00e9 suficiente. J\u00e1 cabelos naturais mant\u00eam brilho e sa\u00fade com aplica\u00e7\u00e3o a cada 15 dias.<\/p>\n\n\n\n<p>Se houver feridas, sensibilidade ou descama\u00e7\u00e3o no couro cabeludo, o uso deve ser evitado. Ajustar a dilui\u00e7\u00e3o conforme a resposta dos fios garante um resultado seguro, eficaz e compat\u00edvel com cada tipo de cabelo.<\/p>\n","protected":false},"excerpt":{"rendered":"<p>O vinagre de ma\u00e7\u00e3 reequilibra o pH capilar ap\u00f3s a lavagem, sela as cut\u00edculas e reduz porosidade. Usado dilu\u00eddo em \u00e1gua, melhora brilho, maciez e controle do frizz sem agredir os fios. Mesmo com bons produtos, muitos cabelos ficam opacos, \u00e1speros ou com frizz persistente. O problema, na maioria das vezes, n\u00e3o \u00e9 falta de [&hellip;]<\/p>\n","protected":false},"author":13,"featured_media":159286,"comment_status":"open","ping_status":"open","sticky":false,"template":"","format":"standard","meta":{"jnews-multi-image_gallery":[],"jnews_single_post":{"format":"standard"},"jnews_primary_category":[],"jnews_social_meta":[],"jnews_override_counter":[],"footnotes":""},"categories":[8819],"tags":[712,15935,5907],"class_list":["post-159263","post","type-post","status-publish","format-standard","has-post-thumbnail","hentry","category-curiosidades","tag-autocuidado","tag-cuidado-com-os-cabelos","tag-vinagre-de-maca"],"yoast_head":"<!-- This site is optimized with the Yoast SEO plugin v23.8 - https:\/\/yoast.com\/wordpress\/plugins\/seo\/ -->\n<title>Cabelo opaco mesmo com bons produtos? Essa receita com vinagre sela os fios e traz brilho espelhado sem esfor\u00e7o - Estado de Minas - Em foco<\/title>\n<meta name=\"description\" content=\"Cabelos opacos e com frizz? Aprenda a usar vinagre de ma\u00e7\u00e3 para selar as cut\u00edculas, alinhar os fios e devolver o brilho natural.\" \/>\n<meta name=\"robots\" content=\"index, follow, max-snippet:-1, max-image-preview:large, max-video-preview:-1\" \/>\n<link rel=\"canonical\" href=\"https:\/\/www.em.com.br\/emfoco\/2026\/01\/26\/cabelo-opaco-mesmo-com-bons-produtos-essa-receita-com-vinagre-sela-os-fios-e-traz-brilho-espelhado-sem-esforco\/\" \/>\n<meta property=\"og:locale\" content=\"pt_BR\" \/>\n<meta property=\"og:type\" content=\"article\" \/>\n<meta property=\"og:title\" content=\"Cabelo opaco mesmo com bons produtos? Essa receita com vinagre sela os fios e traz brilho espelhado sem esfor\u00e7o - Estado de Minas - Em foco\" \/>\n<meta property=\"og:description\" content=\"Cabelos opacos e com frizz? Aprenda a usar vinagre de ma\u00e7\u00e3 para selar as cut\u00edculas, alinhar os fios e devolver o brilho natural.\" \/>\n<meta property=\"og:url\" content=\"https:\/\/www.em.com.br\/emfoco\/2026\/01\/26\/cabelo-opaco-mesmo-com-bons-produtos-essa-receita-com-vinagre-sela-os-fios-e-traz-brilho-espelhado-sem-esforco\/\" \/>\n<meta property=\"og:site_name\" content=\"Estado de Minas - Em foco\" \/>\n<meta property=\"article:published_time\" content=\"2026-01-26T10:25:00+00:00\" \/>\n<meta property=\"article:modified_time\" content=\"2026-01-23T15:52:10+00:00\" \/>\n<meta property=\"og:image\" content=\"https:\/\/www.em.com.br\/emfoco\/wp-content\/uploads\/2026\/01\/AIAI-24-10.jpg\" \/>\n\t<meta property=\"og:image:width\" content=\"1280\" \/>\n\t<meta property=\"og:image:height\" content=\"720\" \/>\n\t<meta property=\"og:image:type\" content=\"image\/jpeg\" \/>\n<meta name=\"author\" content=\"Gabriel Martins\" \/>\n<meta name=\"twitter:card\" content=\"summary_large_image\" \/>\n<meta name=\"twitter:label1\" content=\"Escrito por\" \/>\n\t<meta name=\"twitter:data1\" content=\"Gabriel Martins\" \/>\n\t<meta name=\"twitter:label2\" content=\"Est. tempo de leitura\" \/>\n\t<meta name=\"twitter:data2\" content=\"4 minutos\" \/>\n<!-- \/ Yoast SEO plugin. -->","yoast_head_json":{"title":"Cabelo opaco mesmo com bons produtos? Essa receita com vinagre sela os fios e traz brilho espelhado sem esfor\u00e7o - Estado de Minas - Em foco","description":"Cabelos opacos e com frizz? Aprenda a usar vinagre de ma\u00e7\u00e3 para selar as cut\u00edculas, alinhar os fios e devolver o brilho natural.","robots":{"index":"index","follow":"follow","max-snippet":"max-snippet:-1","max-image-preview":"max-image-preview:large","max-video-preview":"max-video-preview:-1"},"canonical":"https:\/\/www.em.com.br\/emfoco\/2026\/01\/26\/cabelo-opaco-mesmo-com-bons-produtos-essa-receita-com-vinagre-sela-os-fios-e-traz-brilho-espelhado-sem-esforco\/","og_locale":"pt_BR","og_type":"article","og_title":"Cabelo opaco mesmo com bons produtos? Essa receita com vinagre sela os fios e traz brilho espelhado sem esfor\u00e7o - Estado de Minas - Em foco","og_description":"Cabelos opacos e com frizz? Aprenda a usar vinagre de ma\u00e7\u00e3 para selar as cut\u00edculas, alinhar os fios e devolver o brilho natural.","og_url":"https:\/\/www.em.com.br\/emfoco\/2026\/01\/26\/cabelo-opaco-mesmo-com-bons-produtos-essa-receita-com-vinagre-sela-os-fios-e-traz-brilho-espelhado-sem-esforco\/","og_site_name":"Estado de Minas - Em foco","article_published_time":"2026-01-26T10:25:00+00:00","article_modified_time":"2026-01-23T15:52:10+00:00","og_image":[{"width":1280,"height":720,"url":"https:\/\/www.em.com.br\/emfoco\/wp-content\/uploads\/2026\/01\/AIAI-24-10.jpg","type":"image\/jpeg"}],"author":"Gabriel Martins","twitter_card":"summary_large_image","twitter_misc":{"Escrito por":"Gabriel Martins","Est. tempo de leitura":"4 minutos"},"schema":{"@context":"https:\/\/schema.org","@graph":[{"@type":"WebPage","@id":"https:\/\/www.em.com.br\/emfoco\/2026\/01\/26\/cabelo-opaco-mesmo-com-bons-produtos-essa-receita-com-vinagre-sela-os-fios-e-traz-brilho-espelhado-sem-esforco\/","url":"https:\/\/www.em.com.br\/emfoco\/2026\/01\/26\/cabelo-opaco-mesmo-com-bons-produtos-essa-receita-com-vinagre-sela-os-fios-e-traz-brilho-espelhado-sem-esforco\/","name":"Cabelo opaco mesmo com bons produtos? Essa receita com vinagre sela os fios e traz brilho espelhado sem esfor\u00e7o - Estado de Minas - Em foco","isPartOf":{"@id":"https:\/\/www.em.com.br\/emfoco\/#website"},"primaryImageOfPage":{"@id":"https:\/\/www.em.com.br\/emfoco\/2026\/01\/26\/cabelo-opaco-mesmo-com-bons-produtos-essa-receita-com-vinagre-sela-os-fios-e-traz-brilho-espelhado-sem-esforco\/#primaryimage"},"image":{"@id":"https:\/\/www.em.com.br\/emfoco\/2026\/01\/26\/cabelo-opaco-mesmo-com-bons-produtos-essa-receita-com-vinagre-sela-os-fios-e-traz-brilho-espelhado-sem-esforco\/#primaryimage"},"thumbnailUrl":"https:\/\/www.em.com.br\/emfoco\/wp-content\/uploads\/2026\/01\/AIAI-24-10.jpg","datePublished":"2026-01-26T10:25:00+00:00","dateModified":"2026-01-23T15:52:10+00:00","author":{"@id":"https:\/\/www.em.com.br\/emfoco\/#\/schema\/person\/1c9ddeab18b98abeffef834667bcf08a"},"description":"Cabelos opacos e com frizz? Aprenda a usar vinagre de ma\u00e7\u00e3 para selar as cut\u00edculas, alinhar os fios e devolver o brilho natural.","breadcrumb":{"@id":"https:\/\/www.em.com.br\/emfoco\/2026\/01\/26\/cabelo-opaco-mesmo-com-bons-produtos-essa-receita-com-vinagre-sela-os-fios-e-traz-brilho-espelhado-sem-esforco\/#breadcrumb"},"inLanguage":"pt-BR","potentialAction":[{"@type":"ReadAction","target":["https:\/\/www.em.com.br\/emfoco\/2026\/01\/26\/cabelo-opaco-mesmo-com-bons-produtos-essa-receita-com-vinagre-sela-os-fios-e-traz-brilho-espelhado-sem-esforco\/"]}]},{"@type":"ImageObject","inLanguage":"pt-BR","@id":"https:\/\/www.em.com.br\/emfoco\/2026\/01\/26\/cabelo-opaco-mesmo-com-bons-produtos-essa-receita-com-vinagre-sela-os-fios-e-traz-brilho-espelhado-sem-esforco\/#primaryimage","url":"https:\/\/www.em.com.br\/emfoco\/wp-content\/uploads\/2026\/01\/AIAI-24-10.jpg","contentUrl":"https:\/\/www.em.com.br\/emfoco\/wp-content\/uploads\/2026\/01\/AIAI-24-10.jpg","width":1280,"height":720,"caption":"Desequil\u00edbrio do pH deixa cabelos opacos mesmo com bons produtos"},{"@type":"BreadcrumbList","@id":"https:\/\/www.em.com.br\/emfoco\/2026\/01\/26\/cabelo-opaco-mesmo-com-bons-produtos-essa-receita-com-vinagre-sela-os-fios-e-traz-brilho-espelhado-sem-esforco\/#breadcrumb","itemListElement":[{"@type":"ListItem","position":1,"name":"In\u00edcio","item":"https:\/\/www.em.com.br\/emfoco\/"},{"@type":"ListItem","position":2,"name":"Cabelo opaco mesmo com bons produtos? Essa receita com vinagre sela os fios e traz brilho espelhado sem esfor\u00e7o"}]},{"@type":"WebSite","@id":"https:\/\/www.em.com.br\/emfoco\/#website","url":"https:\/\/www.em.com.br\/emfoco\/","name":"Estado de Minas - Em foco","description":"Acompanhe as \u00faltimas not\u00edcias e fique bem informado sobre tudo o que acontece em Minas Gerais, Brasil e no mundo.","potentialAction":[{"@type":"SearchAction","target":{"@type":"EntryPoint","urlTemplate":"https:\/\/www.em.com.br\/emfoco\/?s={search_term_string}"},"query-input":{"@type":"PropertyValueSpecification","valueRequired":true,"valueName":"search_term_string"}}],"inLanguage":"pt-BR"},{"@type":"Person","@id":"https:\/\/www.em.com.br\/emfoco\/#\/schema\/person\/1c9ddeab18b98abeffef834667bcf08a","name":"Gabriel Martins","image":{"@type":"ImageObject","inLanguage":"pt-BR","@id":"https:\/\/www.em.com.br\/emfoco\/#\/schema\/person\/image\/","url":"https:\/\/secure.gravatar.com\/avatar\/f0f1e2efdfd88f1ad2cb08c5c2731e50?s=96&d=mm&r=g","contentUrl":"https:\/\/secure.gravatar.com\/avatar\/f0f1e2efdfd88f1ad2cb08c5c2731e50?s=96&d=mm&r=g","caption":"Gabriel Martins"},"sameAs":["https:\/\/www.em.com.br\/emfoco\/"],"url":"https:\/\/www.em.com.br\/emfoco\/author\/gabrielmartinsmyth\/"}]}},"_links":{"self":[{"href":"https:\/\/www.em.com.br\/emfoco\/wp-json\/wp\/v2\/posts\/159263","targetHints":{"allow":["GET"]}}],"collection":[{"href":"https:\/\/www.em.com.br\/emfoco\/wp-json\/wp\/v2\/posts"}],"about":[{"href":"https:\/\/www.em.com.br\/emfoco\/wp-json\/wp\/v2\/types\/post"}],"author":[{"embeddable":true,"href":"https:\/\/www.em.com.br\/emfoco\/wp-json\/wp\/v2\/users\/13"}],"replies":[{"embeddable":true,"href":"https:\/\/www.em.com.br\/emfoco\/wp-json\/wp\/v2\/comments?post=159263"}],"version-history":[{"count":1,"href":"https:\/\/www.em.com.br\/emfoco\/wp-json\/wp\/v2\/posts\/159263\/revisions"}],"predecessor-version":[{"id":159288,"href":"https:\/\/www.em.com.br\/emfoco\/wp-json\/wp\/v2\/posts\/159263\/revisions\/159288"}],"wp:featuredmedia":[{"embeddable":true,"href":"https:\/\/www.em.com.br\/emfoco\/wp-json\/wp\/v2\/media\/159286"}],"wp:attachment":[{"href":"https:\/\/www.em.com.br\/emfoco\/wp-json\/wp\/v2\/media?parent=159263"}],"wp:term":[{"taxonomy":"category","embeddable":true,"href":"https:\/\/www.em.com.br\/emfoco\/wp-json\/wp\/v2\/categories?post=159263"},{"taxonomy":"post_tag","embeddable":true,"href":"https:\/\/www.em.com.br\/emfoco\/wp-json\/wp\/v2\/tags?post=159263"}],"curies":[{"name":"wp","href":"https:\/\/api.w.org\/{rel}","templated":true}]}}