{"id":159252,"date":"2026-01-25T11:15:00","date_gmt":"2026-01-25T14:15:00","guid":{"rendered":"https:\/\/www.em.com.br\/emfoco\/?p=159252"},"modified":"2026-01-24T17:29:26","modified_gmt":"2026-01-24T20:29:26","slug":"nem-carvao-nem-lenha-a-tendencia-para-fazer-churrascos-que-esta-revolucionando-os-fins-de-semana","status":"publish","type":"post","link":"https:\/\/www.em.com.br\/emfoco\/2026\/01\/25\/nem-carvao-nem-lenha-a-tendencia-para-fazer-churrascos-que-esta-revolucionando-os-fins-de-semana\/","title":{"rendered":"Nem carv\u00e3o, nem lenha: a tend\u00eancia para fazer churrascos que est\u00e1 revolucionando os fins de semana"},"content":{"rendered":"\n<p>As novas formas de preparar carne v\u00eam ganhando espa\u00e7o em diferentes pa\u00edses, e a&nbsp;<strong>grelha el\u00e9trica<\/strong>&nbsp;virou uma das queridinhas de quem vive em grandes cidades. Antes vista s\u00f3 como recurso para espa\u00e7os pequenos, hoje ela se firma como alternativa real \u00e0s churrasqueiras tradicionais, mantendo o clima do asado, mas com um funcionamento mais simples, limpo e controlado, bem alinhado ao ritmo da vida moderna.<\/p>\n\n\n\n<h2 class=\"wp-block-heading\">O que \u00e9 grelha el\u00e9trica e por que ela virou tend\u00eancia<\/h2>\n\n\n\n<p>A\u00a0<strong>grelha el\u00e9trica<\/strong>\u00a0\u00e9 uma <a href=\"https:\/\/www.youtube.com\/watch?v=OIbfWyVAp8M\" target=\"_blank\" rel=\"noreferrer noopener\">churrasqueira <\/a>que funciona por meio de resist\u00eancia ou placas aquecidas ligadas diretamente na tomada. Em vez de brasa, a fonte de calor \u00e9 a energia el\u00e9trica, o que elimina a necessidade de acender fogo, controlar chamas e lidar com carv\u00e3o ou lenha.<\/p>\n\n\n\n<p>Ela se consolidou como tend\u00eancia por unir praticidade, adapta\u00e7\u00e3o a espa\u00e7os reduzidos e maior controle de temperatura. Para quem mora em pr\u00e9dios com regras r\u00edgidas ou em im\u00f3veis sem \u00e1rea externa, a grelha el\u00e9trica permite fazer asado em bancadas, sacadas ou cozinhas com ventila\u00e7\u00e3o adequada, em equipamentos abertos ou do tipo grill, com tampas que pressionam o alimento dos dois lados. Em muitos modelos, a grelha possui diferentes alturas ou zonas de calor, permitindo aproximar ou afastar a carne da resist\u00eancia para resultados mais personalizados.<\/p>\n\n\n\n<figure class=\"wp-block-image size-large\"><img loading=\"lazy\" decoding=\"async\" width=\"1024\" height=\"576\" src=\"https:\/\/www.em.com.br\/emfoco\/wp-content\/uploads\/2026\/01\/ChatGPT-Image-23-de-jan.-de-2026-13_20_52-1-1024x576.png\" alt=\"\" class=\"wp-image-159320\" srcset=\"https:\/\/www.em.com.br\/emfoco\/wp-content\/uploads\/2026\/01\/ChatGPT-Image-23-de-jan.-de-2026-13_20_52-1-1024x576.png 1024w, https:\/\/www.em.com.br\/emfoco\/wp-content\/uploads\/2026\/01\/ChatGPT-Image-23-de-jan.-de-2026-13_20_52-1-300x169.png 300w, https:\/\/www.em.com.br\/emfoco\/wp-content\/uploads\/2026\/01\/ChatGPT-Image-23-de-jan.-de-2026-13_20_52-1-768x432.png 768w, https:\/\/www.em.com.br\/emfoco\/wp-content\/uploads\/2026\/01\/ChatGPT-Image-23-de-jan.-de-2026-13_20_52-1-750x422.png 750w, https:\/\/www.em.com.br\/emfoco\/wp-content\/uploads\/2026\/01\/ChatGPT-Image-23-de-jan.-de-2026-13_20_52-1-1140x641.png 1140w, https:\/\/www.em.com.br\/emfoco\/wp-content\/uploads\/2026\/01\/ChatGPT-Image-23-de-jan.-de-2026-13_20_52-1.png 1280w\" sizes=\"auto, (max-width: 1024px) 100vw, 1024px\" \/><\/figure>\n\n\n\n<h2 class=\"wp-block-heading\">Grelha el\u00e9trica \u00e9 segura e produz menos fuma\u00e7a<\/h2>\n\n\n\n<p>Entre os principais argumentos a favor da&nbsp;<strong>churrasqueira el\u00e9trica<\/strong>&nbsp;est\u00e3o a seguran\u00e7a e a redu\u00e7\u00e3o de riscos de acidentes. Como n\u00e3o h\u00e1 chama exposta nem uso de g\u00e1s, diminui-se a chance de inc\u00eandios e vazamentos, tornando o aparelho mais adequado para lares com crian\u00e7as, animais de estima\u00e7\u00e3o e ambientes internos.<\/p>\n\n\n\n<p>Outro ponto central \u00e9 a menor forma\u00e7\u00e3o de fuma\u00e7a em compara\u00e7\u00e3o ao carv\u00e3o. A grelha el\u00e9trica gera basicamente&nbsp;<strong>vapor e gordura<\/strong>&nbsp;quente, que escorrem para bandejas coletoras, exigindo apenas boa exaust\u00e3o ou circula\u00e7\u00e3o de ar. O controle de temperatura tamb\u00e9m ajuda a evitar a carboniza\u00e7\u00e3o da superf\u00edcie dos alimentos, aspecto importante em estudos sobre a forma\u00e7\u00e3o de subst\u00e2ncias indesejadas em carnes queimadas. Em apartamentos, isso significa menos inc\u00f4modo para vizinhos e maior facilidade para seguir as regras do condom\u00ednio.<\/p>\n\n\n\n<h2 class=\"wp-block-heading\">Quais s\u00e3o as vantagens da grelha el\u00e9trica no preparo do asado<\/h2>\n\n\n\n<p>As vantagens da&nbsp;<strong>grelha el\u00e9trica para asado<\/strong>&nbsp;v\u00e3o da experi\u00eancia de preparo ao resultado final no prato. O calor costuma ser mais previs\u00edvel, com termostatos, n\u00edveis de pot\u00eancia ou pain\u00e9is digitais que permitem ajustar a intensidade conforme o tipo de carne, legumes ou tempo dispon\u00edvel.<\/p>\n\n\n\n<p>Para entender melhor como isso aparece na pr\u00e1tica do dia a dia, vale observar alguns benef\u00edcios que costumam pesar na decis\u00e3o de compra:<\/p>\n\n\n\n<ul class=\"wp-block-list\">\n<li><strong>Coc\u00e7\u00e3o mais uniforme:<\/strong>\u00a0o calor se distribui de forma est\u00e1vel, evitando partes cruas ou queimadas em excesso.<\/li>\n\n\n\n<li><strong>Menos sujeira:<\/strong>\u00a0n\u00e3o h\u00e1 cinzas nem restos de carv\u00e3o; a limpeza se concentra em grelhas, placas e bandejas de gordura, muitas vezes remov\u00edveis e compat\u00edveis com<a href=\"https:\/\/www.em.com.br\/emfoco\/2026\/01\/06\/vale-a-pena-investir-na-lava-loucas-midea-com-8-servicos\/\" target=\"_blank\" rel=\"noreferrer noopener\"> lava-lou\u00e7as<\/a>.<\/li>\n\n\n\n<li><strong>Tamanho compacto:<\/strong>\u00a0modelos pensados para mesas, bancadas ou varandas pequenas, ideais para apartamentos.<\/li>\n\n\n\n<li><strong>Transporte facilitado:<\/strong>\u00a0alguns aparelhos podem ir para casas de praia, s\u00edtios ou reuni\u00f5es, desde que haja energia dispon\u00edvel.<\/li>\n<\/ul>\n\n\n\n<figure class=\"wp-block-image size-large\"><img loading=\"lazy\" decoding=\"async\" width=\"1024\" height=\"576\" src=\"https:\/\/www.em.com.br\/emfoco\/wp-content\/uploads\/2026\/01\/ChatGPT-Image-23-de-jan.-de-2026-13_23_26-1-1024x576.png\" alt=\"\" class=\"wp-image-159322\" srcset=\"https:\/\/www.em.com.br\/emfoco\/wp-content\/uploads\/2026\/01\/ChatGPT-Image-23-de-jan.-de-2026-13_23_26-1-1024x576.png 1024w, https:\/\/www.em.com.br\/emfoco\/wp-content\/uploads\/2026\/01\/ChatGPT-Image-23-de-jan.-de-2026-13_23_26-1-300x169.png 300w, https:\/\/www.em.com.br\/emfoco\/wp-content\/uploads\/2026\/01\/ChatGPT-Image-23-de-jan.-de-2026-13_23_26-1-768x432.png 768w, https:\/\/www.em.com.br\/emfoco\/wp-content\/uploads\/2026\/01\/ChatGPT-Image-23-de-jan.-de-2026-13_23_26-1-750x422.png 750w, https:\/\/www.em.com.br\/emfoco\/wp-content\/uploads\/2026\/01\/ChatGPT-Image-23-de-jan.-de-2026-13_23_26-1-1140x641.png 1140w, https:\/\/www.em.com.br\/emfoco\/wp-content\/uploads\/2026\/01\/ChatGPT-Image-23-de-jan.-de-2026-13_23_26-1.png 1280w\" sizes=\"auto, (max-width: 1024px) 100vw, 1024px\" \/><\/figure>\n\n\n\n<h2 class=\"wp-block-heading\">Como funcionam as grelhas el\u00e9tricas inteligentes<\/h2>\n\n\n\n<p>Nos \u00faltimos anos surgiram tamb\u00e9m as chamadas&nbsp;<strong>grelhas inteligentes<\/strong>, que incorporam recursos eletr\u00f4nicos adicionais. Esses equipamentos trazem painel digital, indica\u00e7\u00e3o de temperatura em tempo real e, em alguns casos, conex\u00e3o com aplicativos para acompanhar o processo de coc\u00e7\u00e3o \u00e0 dist\u00e2ncia.<\/p>\n\n\n\n<p>Funcionalidades como temporizador, sensores de aquecimento e programas pr\u00e9-configurados para diferentes cortes padronizam resultados, mesmo para quem est\u00e1 come\u00e7ando. Em cen\u00e1rios urbanos, essa automa\u00e7\u00e3o facilita encaixar o preparo da carne na rotina, sem perder longos minutos acendendo fogo ou esperando as brasas chegarem ao ponto certo. Alguns modelos ainda emitem alertas no celular quando \u00e9 hora de virar a carne ou quando o ponto desejado \u00e9 atingido.<\/p>\n\n\n\n<h2 class=\"wp-block-heading\">Como escolher sua grelha el\u00e9trica e por que agir agora<\/h2>\n\n\n\n<p>Na hora de comprar uma&nbsp;<strong>grelha el\u00e9trica<\/strong>, \u00e9 importante avaliar tamanho, pot\u00eancia, tipo de grelha, facilidade de limpeza e recursos extras, como tampa ou controles digitais. Muitos consumidores alternam entre o asado tradicional ao ar livre e a grelha el\u00e9trica no dia a dia, preservando o h\u00e1bito de reunir pessoas em torno da carne preparada na hora, mesmo em espa\u00e7os menores.<\/p>\n\n\n\n<p>Se voc\u00ea quer manter o ritual do asado sem depender de carv\u00e3o, \u00e1rea externa ou autoriza\u00e7\u00e3o do condom\u00ednio, este \u00e9 o momento de escolher o modelo ideal e transformar sua varanda ou cozinha em ponto fixo de encontro. N\u00e3o adie essa decis\u00e3o: cada fim de semana sem uma boa carne na grelha \u00e9 uma oportunidade perdida de viver experi\u00eancias, criar mem\u00f3rias e aproveitar melhor o lugar onde voc\u00ea mora.<\/p>\n","protected":false},"excerpt":{"rendered":"<p>As novas formas de preparar carne v\u00eam ganhando espa\u00e7o em diferentes pa\u00edses, e a&nbsp;grelha el\u00e9trica&nbsp;virou uma das queridinhas de quem vive em grandes cidades. Antes vista s\u00f3 como recurso para espa\u00e7os pequenos, hoje ela se firma como alternativa real \u00e0s churrasqueiras tradicionais, mantendo o clima do asado, mas com um funcionamento mais simples, limpo e [&hellip;]<\/p>\n","protected":false},"author":11,"featured_media":159321,"comment_status":"open","ping_status":"open","sticky":false,"template":"","format":"standard","meta":{"jnews-multi-image_gallery":[],"jnews_single_post":{"format":"standard"},"jnews_primary_category":[],"jnews_social_meta":[],"jnews_override_counter":[],"footnotes":""},"categories":[8819,1],"tags":[15522,13946,3563,23316,23315],"class_list":["post-159252","post","type-post","status-publish","format-standard","has-post-thumbnail","hentry","category-curiosidades","category-noticias","tag-apartamentos","tag-churrasqueira","tag-cozinha","tag-fazer-carne-em-casa","tag-grelha-eletrica"],"yoast_head":"<!-- This site is optimized with the Yoast SEO plugin v23.8 - https:\/\/yoast.com\/wordpress\/plugins\/seo\/ -->\n<title>Nem carv\u00e3o, nem lenha: a tend\u00eancia para fazer churrascos que est\u00e1 revolucionando os fins de semana - Estado de Minas - Em foco<\/title>\n<meta name=\"description\" content=\"Mais segura e pr\u00e1tica, a grelha el\u00e9trica se consolida como alternativa \u00e0 churrasqueira tradicional, ideal para apartamentos e rotinas modernas.\" \/>\n<meta name=\"robots\" content=\"index, follow, max-snippet:-1, max-image-preview:large, max-video-preview:-1\" \/>\n<link rel=\"canonical\" href=\"https:\/\/www.em.com.br\/emfoco\/2026\/01\/25\/nem-carvao-nem-lenha-a-tendencia-para-fazer-churrascos-que-esta-revolucionando-os-fins-de-semana\/\" \/>\n<meta property=\"og:locale\" content=\"pt_BR\" \/>\n<meta property=\"og:type\" content=\"article\" \/>\n<meta property=\"og:title\" content=\"Nem carv\u00e3o, nem lenha: a tend\u00eancia para fazer churrascos que est\u00e1 revolucionando os fins de semana - Estado de Minas - Em foco\" \/>\n<meta property=\"og:description\" content=\"Mais segura e pr\u00e1tica, a grelha el\u00e9trica se consolida como alternativa \u00e0 churrasqueira tradicional, ideal para apartamentos e rotinas modernas.\" \/>\n<meta property=\"og:url\" content=\"https:\/\/www.em.com.br\/emfoco\/2026\/01\/25\/nem-carvao-nem-lenha-a-tendencia-para-fazer-churrascos-que-esta-revolucionando-os-fins-de-semana\/\" \/>\n<meta property=\"og:site_name\" content=\"Estado de Minas - Em foco\" \/>\n<meta property=\"article:published_time\" content=\"2026-01-25T14:15:00+00:00\" \/>\n<meta property=\"article:modified_time\" content=\"2026-01-24T20:29:26+00:00\" \/>\n<meta property=\"og:image\" content=\"https:\/\/www.em.com.br\/emfoco\/wp-content\/uploads\/2026\/01\/Gemini_Generated_Image_gzu8odgzu8odgzu8-1.png\" \/>\n\t<meta property=\"og:image:width\" content=\"1280\" \/>\n\t<meta property=\"og:image:height\" content=\"720\" \/>\n\t<meta property=\"og:image:type\" content=\"image\/png\" \/>\n<meta name=\"author\" content=\"Andre\u0301 Rangel\u00a0\" \/>\n<meta name=\"twitter:card\" content=\"summary_large_image\" \/>\n<meta name=\"twitter:label1\" content=\"Escrito por\" \/>\n\t<meta name=\"twitter:data1\" content=\"Andre\u0301 Rangel\u00a0\" \/>\n\t<meta name=\"twitter:label2\" content=\"Est. tempo de leitura\" \/>\n\t<meta name=\"twitter:data2\" content=\"5 minutos\" \/>\n<!-- \/ Yoast SEO plugin. -->","yoast_head_json":{"title":"Nem carv\u00e3o, nem lenha: a tend\u00eancia para fazer churrascos que est\u00e1 revolucionando os fins de semana - Estado de Minas - Em foco","description":"Mais segura e pr\u00e1tica, a grelha el\u00e9trica se consolida como alternativa \u00e0 churrasqueira tradicional, ideal para apartamentos e rotinas modernas.","robots":{"index":"index","follow":"follow","max-snippet":"max-snippet:-1","max-image-preview":"max-image-preview:large","max-video-preview":"max-video-preview:-1"},"canonical":"https:\/\/www.em.com.br\/emfoco\/2026\/01\/25\/nem-carvao-nem-lenha-a-tendencia-para-fazer-churrascos-que-esta-revolucionando-os-fins-de-semana\/","og_locale":"pt_BR","og_type":"article","og_title":"Nem carv\u00e3o, nem lenha: a tend\u00eancia para fazer churrascos que est\u00e1 revolucionando os fins de semana - Estado de Minas - Em foco","og_description":"Mais segura e pr\u00e1tica, a grelha el\u00e9trica se consolida como alternativa \u00e0 churrasqueira tradicional, ideal para apartamentos e rotinas modernas.","og_url":"https:\/\/www.em.com.br\/emfoco\/2026\/01\/25\/nem-carvao-nem-lenha-a-tendencia-para-fazer-churrascos-que-esta-revolucionando-os-fins-de-semana\/","og_site_name":"Estado de Minas - Em foco","article_published_time":"2026-01-25T14:15:00+00:00","article_modified_time":"2026-01-24T20:29:26+00:00","og_image":[{"width":1280,"height":720,"url":"https:\/\/www.em.com.br\/emfoco\/wp-content\/uploads\/2026\/01\/Gemini_Generated_Image_gzu8odgzu8odgzu8-1.png","type":"image\/png"}],"author":"Andre\u0301 Rangel\u00a0","twitter_card":"summary_large_image","twitter_misc":{"Escrito por":"Andre\u0301 Rangel\u00a0","Est. tempo de leitura":"5 minutos"},"schema":{"@context":"https:\/\/schema.org","@graph":[{"@type":"WebPage","@id":"https:\/\/www.em.com.br\/emfoco\/2026\/01\/25\/nem-carvao-nem-lenha-a-tendencia-para-fazer-churrascos-que-esta-revolucionando-os-fins-de-semana\/","url":"https:\/\/www.em.com.br\/emfoco\/2026\/01\/25\/nem-carvao-nem-lenha-a-tendencia-para-fazer-churrascos-que-esta-revolucionando-os-fins-de-semana\/","name":"Nem carv\u00e3o, nem lenha: a tend\u00eancia para fazer churrascos que est\u00e1 revolucionando os fins de semana - Estado de Minas - Em foco","isPartOf":{"@id":"https:\/\/www.em.com.br\/emfoco\/#website"},"primaryImageOfPage":{"@id":"https:\/\/www.em.com.br\/emfoco\/2026\/01\/25\/nem-carvao-nem-lenha-a-tendencia-para-fazer-churrascos-que-esta-revolucionando-os-fins-de-semana\/#primaryimage"},"image":{"@id":"https:\/\/www.em.com.br\/emfoco\/2026\/01\/25\/nem-carvao-nem-lenha-a-tendencia-para-fazer-churrascos-que-esta-revolucionando-os-fins-de-semana\/#primaryimage"},"thumbnailUrl":"https:\/\/www.em.com.br\/emfoco\/wp-content\/uploads\/2026\/01\/Gemini_Generated_Image_gzu8odgzu8odgzu8-1.png","datePublished":"2026-01-25T14:15:00+00:00","dateModified":"2026-01-24T20:29:26+00:00","author":{"@id":"https:\/\/www.em.com.br\/emfoco\/#\/schema\/person\/60eda09c1fedf0d6891f4cef4b60b8b8"},"description":"Mais segura e pr\u00e1tica, a grelha el\u00e9trica se consolida como alternativa \u00e0 churrasqueira tradicional, ideal para apartamentos e rotinas modernas.","breadcrumb":{"@id":"https:\/\/www.em.com.br\/emfoco\/2026\/01\/25\/nem-carvao-nem-lenha-a-tendencia-para-fazer-churrascos-que-esta-revolucionando-os-fins-de-semana\/#breadcrumb"},"inLanguage":"pt-BR","potentialAction":[{"@type":"ReadAction","target":["https:\/\/www.em.com.br\/emfoco\/2026\/01\/25\/nem-carvao-nem-lenha-a-tendencia-para-fazer-churrascos-que-esta-revolucionando-os-fins-de-semana\/"]}]},{"@type":"ImageObject","inLanguage":"pt-BR","@id":"https:\/\/www.em.com.br\/emfoco\/2026\/01\/25\/nem-carvao-nem-lenha-a-tendencia-para-fazer-churrascos-que-esta-revolucionando-os-fins-de-semana\/#primaryimage","url":"https:\/\/www.em.com.br\/emfoco\/wp-content\/uploads\/2026\/01\/Gemini_Generated_Image_gzu8odgzu8odgzu8-1.png","contentUrl":"https:\/\/www.em.com.br\/emfoco\/wp-content\/uploads\/2026\/01\/Gemini_Generated_Image_gzu8odgzu8odgzu8-1.png","width":1280,"height":720},{"@type":"BreadcrumbList","@id":"https:\/\/www.em.com.br\/emfoco\/2026\/01\/25\/nem-carvao-nem-lenha-a-tendencia-para-fazer-churrascos-que-esta-revolucionando-os-fins-de-semana\/#breadcrumb","itemListElement":[{"@type":"ListItem","position":1,"name":"In\u00edcio","item":"https:\/\/www.em.com.br\/emfoco\/"},{"@type":"ListItem","position":2,"name":"Nem carv\u00e3o, nem lenha: a tend\u00eancia para fazer churrascos que est\u00e1 revolucionando os fins de semana"}]},{"@type":"WebSite","@id":"https:\/\/www.em.com.br\/emfoco\/#website","url":"https:\/\/www.em.com.br\/emfoco\/","name":"Estado de Minas - Em foco","description":"Acompanhe as \u00faltimas not\u00edcias e fique bem informado sobre tudo o que acontece em Minas Gerais, Brasil e no mundo.","potentialAction":[{"@type":"SearchAction","target":{"@type":"EntryPoint","urlTemplate":"https:\/\/www.em.com.br\/emfoco\/?s={search_term_string}"},"query-input":{"@type":"PropertyValueSpecification","valueRequired":true,"valueName":"search_term_string"}}],"inLanguage":"pt-BR"},{"@type":"Person","@id":"https:\/\/www.em.com.br\/emfoco\/#\/schema\/person\/60eda09c1fedf0d6891f4cef4b60b8b8","name":"Andre\u0301 Rangel\u00a0","image":{"@type":"ImageObject","inLanguage":"pt-BR","@id":"https:\/\/www.em.com.br\/emfoco\/#\/schema\/person\/image\/","url":"https:\/\/secure.gravatar.com\/avatar\/6234dc814c77c8ef6d8bba622c787efc?s=96&d=mm&r=g","contentUrl":"https:\/\/secure.gravatar.com\/avatar\/6234dc814c77c8ef6d8bba622c787efc?s=96&d=mm&r=g","caption":"Andre\u0301 Rangel\u00a0"},"url":"https:\/\/www.em.com.br\/emfoco\/author\/luizmyth\/"}]}},"_links":{"self":[{"href":"https:\/\/www.em.com.br\/emfoco\/wp-json\/wp\/v2\/posts\/159252","targetHints":{"allow":["GET"]}}],"collection":[{"href":"https:\/\/www.em.com.br\/emfoco\/wp-json\/wp\/v2\/posts"}],"about":[{"href":"https:\/\/www.em.com.br\/emfoco\/wp-json\/wp\/v2\/types\/post"}],"author":[{"embeddable":true,"href":"https:\/\/www.em.com.br\/emfoco\/wp-json\/wp\/v2\/users\/11"}],"replies":[{"embeddable":true,"href":"https:\/\/www.em.com.br\/emfoco\/wp-json\/wp\/v2\/comments?post=159252"}],"version-history":[{"count":3,"href":"https:\/\/www.em.com.br\/emfoco\/wp-json\/wp\/v2\/posts\/159252\/revisions"}],"predecessor-version":[{"id":159344,"href":"https:\/\/www.em.com.br\/emfoco\/wp-json\/wp\/v2\/posts\/159252\/revisions\/159344"}],"wp:featuredmedia":[{"embeddable":true,"href":"https:\/\/www.em.com.br\/emfoco\/wp-json\/wp\/v2\/media\/159321"}],"wp:attachment":[{"href":"https:\/\/www.em.com.br\/emfoco\/wp-json\/wp\/v2\/media?parent=159252"}],"wp:term":[{"taxonomy":"category","embeddable":true,"href":"https:\/\/www.em.com.br\/emfoco\/wp-json\/wp\/v2\/categories?post=159252"},{"taxonomy":"post_tag","embeddable":true,"href":"https:\/\/www.em.com.br\/emfoco\/wp-json\/wp\/v2\/tags?post=159252"}],"curies":[{"name":"wp","href":"https:\/\/api.w.org\/{rel}","templated":true}]}}