{"id":159248,"date":"2026-01-24T16:45:00","date_gmt":"2026-01-24T19:45:00","guid":{"rendered":"https:\/\/www.em.com.br\/emfoco\/?p=159248"},"modified":"2026-01-23T15:41:06","modified_gmt":"2026-01-23T18:41:06","slug":"adeus-aos-moveis-brancos-antigos-a-tendencia-europeia-que-esta-dominando-as-casas-em-2026","status":"publish","type":"post","link":"https:\/\/www.em.com.br\/emfoco\/2026\/01\/24\/adeus-aos-moveis-brancos-antigos-a-tendencia-europeia-que-esta-dominando-as-casas-em-2026\/","title":{"rendered":"Adeus aos m\u00f3veis brancos antigos: a tend\u00eancia europeia que est\u00e1 dominando as casas em 2026"},"content":{"rendered":"\n<p>Nos \u00faltimos anos, a decora\u00e7\u00e3o de interiores passou por uma verdadeira virada. Depois de um longo per\u00edodo dominado pelo branco absoluto e por ambientes extremamente enxutos, a proposta para 2026 \u00e9 criar espa\u00e7os mais acolhedores, funcionais e cheios de personalidade, substituindo a frieza do \u201ctudo branco\u201d por cores quentes, texturas vis\u00edveis e materiais que fazem sentido para a rotina real.<\/p>\n\n\n\n<h2 class=\"wp-block-heading\">Qual \u00e9 a nova tend\u00eancia em decora\u00e7\u00e3o de interiores para 2026<\/h2>\n\n\n\n<p>A tend\u00eancia de 2026 coloca o foco no\u00a0<strong>minimalismo acolhedor<\/strong>, trocando superf\u00edcies totalmente lisas por materiais com relevo, veios aparentes e varia\u00e7\u00e3o de tons. Em vez de esvaziar o ambiente, a ideia \u00e9 reduzir excessos de objetos, mas enriquecer volumes, paleta de cores e misturas de revestimentos.<\/p>\n\n\n\n<p>Nesse cen\u00e1rio, o&nbsp;<strong>mobili\u00e1rio branco<\/strong>&nbsp;deixa de ser regra e passa a dividir espa\u00e7o com neutros quentes como bege acinzentado, areia, taupe e marrons suaves. A decora\u00e7\u00e3o deixa de priorizar s\u00f3 a imagem \u201climpa\u201d de fotos de revista e passa a considerar o uso real dos ambientes, o conforto visual e a durabilidade dos materiais.<\/p>\n\n\n\n<figure class=\"wp-block-image size-large\"><img loading=\"lazy\" decoding=\"async\" width=\"1024\" height=\"576\" src=\"https:\/\/www.em.com.br\/emfoco\/wp-content\/uploads\/2026\/01\/Gemini_Generated_Image_1gkj551gkj551gkj-1-1024x576.png\" alt=\"Decora\u00e7\u00e3o de 2026 deixa o branco absoluto para tr\u00e1s\" class=\"wp-image-159315\" srcset=\"https:\/\/www.em.com.br\/emfoco\/wp-content\/uploads\/2026\/01\/Gemini_Generated_Image_1gkj551gkj551gkj-1-1024x576.png 1024w, https:\/\/www.em.com.br\/emfoco\/wp-content\/uploads\/2026\/01\/Gemini_Generated_Image_1gkj551gkj551gkj-1-300x169.png 300w, https:\/\/www.em.com.br\/emfoco\/wp-content\/uploads\/2026\/01\/Gemini_Generated_Image_1gkj551gkj551gkj-1-768x432.png 768w, https:\/\/www.em.com.br\/emfoco\/wp-content\/uploads\/2026\/01\/Gemini_Generated_Image_1gkj551gkj551gkj-1-750x422.png 750w, https:\/\/www.em.com.br\/emfoco\/wp-content\/uploads\/2026\/01\/Gemini_Generated_Image_1gkj551gkj551gkj-1-1140x641.png 1140w, https:\/\/www.em.com.br\/emfoco\/wp-content\/uploads\/2026\/01\/Gemini_Generated_Image_1gkj551gkj551gkj-1.png 1280w\" sizes=\"auto, (max-width: 1024px) 100vw, 1024px\" \/><figcaption class=\"wp-element-caption\">Decora\u00e7\u00e3o de 2026 deixa o branco absoluto para tr\u00e1s<\/figcaption><\/figure>\n\n\n\n<h2 class=\"wp-block-heading\">Por que os m\u00f3veis brancos perderam espa\u00e7o na decora\u00e7\u00e3o<\/h2>\n\n\n\n<p>Um dos principais motivos para a queda do mobili\u00e1rio branco como padr\u00e3o \u00e9 a manuten\u00e7\u00e3o constante. Superf\u00edcies claras e lisas evidenciam marcas de dedos, respingos, poeira e pequenos riscos, o que \u00e9 ainda mais cr\u00edtico em casas com crian\u00e7as, animais ou grande circula\u00e7\u00e3o.<\/p>\n\n\n\n<p>Al\u00e9m disso, ambientes totalmente brancos podem transmitir certa frieza e monotonia, especialmente quando faltam contraste, textura e boa <a href=\"https:\/\/www.em.com.br\/emfoco\/2026\/01\/05\/iluminacao-baixa-deixa-de-ser-estetica-e-passa-a-ser-necessidade-real-para-descanso-e-saude-mental\/\" target=\"_blank\" rel=\"noreferrer noopener\">ilumina\u00e7\u00e3o<\/a>. Com o tempo, cresce a busca por espa\u00e7os que pare\u00e7am mais \u201cvividos\u201d e pr\u00e1ticos, sem perder organiza\u00e7\u00e3o e sensa\u00e7\u00e3o de amplitude.<\/p>\n\n\n\n<p>Nesse contexto, alguns pontos se destacam como desvantagens do branco absoluto e ajudam a explicar essa virada de estilo:<\/p>\n\n\n\n<ul class=\"wp-block-list\">\n<li><strong>Baixa praticidade<\/strong>\u00a0em cozinhas e banheiros com uso intenso;<\/li>\n\n\n\n<li><strong>Ambientes repetitivos<\/strong>, com visual muito semelhante entre casas diferentes;<\/li>\n\n\n\n<li><strong>Destaque de imperfei\u00e7\u00f5es<\/strong>, como arranh\u00f5es e manchas;<\/li>\n\n\n\n<li><strong>Dificuldade<\/strong>\u00a0para esconder sinais de uso natural dos m\u00f3veis.<\/li>\n<\/ul>\n\n\n\n<h2 class=\"wp-block-heading\">O que \u00e9 o minimalismo acolhedor que substitui o branco absoluto<\/h2>\n\n\n\n<p>No lugar do branco como protagonista, ganha for\u00e7a um minimalismo mais quente, que mant\u00e9m a simplicidade, mas valoriza textura e profundidade visual. Superf\u00edcies estriadas, frisos, pain\u00e9is ripados e relevos discretos em portas de arm\u00e1rios e aparadores criam um jogo de luz e sombra mais interessante.<\/p>\n\n\n\n<p>Ao mesmo tempo, a paleta crom\u00e1tica se torna mais rica, sem perder a sensa\u00e7\u00e3o de leveza. Combina\u00e7\u00f5es em\u00a0<strong><a href=\"https:\/\/www.suvinil.com.br\/blog\/cores-greige#:~:text=O%20que%20s%C3%A3o%20cores%20greige,ideal%20para%20quem%20busca%20refinamento.\" target=\"_blank\" rel=\"noreferrer noopener\">greige<\/a><\/strong>, madeiras naturais com veios marcados, cores terrosas em m\u00f3veis de apoio e paredes em\u00a0<strong>off-white<\/strong>\u00a0suavizam a transi\u00e7\u00e3o do branco para tonalidades mais quentes e aconchegantes.<\/p>\n\n\n\n<figure class=\"wp-block-image size-large\"><img loading=\"lazy\" decoding=\"async\" width=\"1024\" height=\"576\" src=\"https:\/\/www.em.com.br\/emfoco\/wp-content\/uploads\/2026\/01\/ChatGPT-Image-23-de-jan.-de-2026-13_10_08-1-1024x576.png\" alt=\"Decora\u00e7\u00e3o de 2026 deixa o branco absoluto para tr\u00e1s\" class=\"wp-image-159316\" srcset=\"https:\/\/www.em.com.br\/emfoco\/wp-content\/uploads\/2026\/01\/ChatGPT-Image-23-de-jan.-de-2026-13_10_08-1-1024x576.png 1024w, https:\/\/www.em.com.br\/emfoco\/wp-content\/uploads\/2026\/01\/ChatGPT-Image-23-de-jan.-de-2026-13_10_08-1-300x169.png 300w, https:\/\/www.em.com.br\/emfoco\/wp-content\/uploads\/2026\/01\/ChatGPT-Image-23-de-jan.-de-2026-13_10_08-1-768x432.png 768w, https:\/\/www.em.com.br\/emfoco\/wp-content\/uploads\/2026\/01\/ChatGPT-Image-23-de-jan.-de-2026-13_10_08-1-750x422.png 750w, https:\/\/www.em.com.br\/emfoco\/wp-content\/uploads\/2026\/01\/ChatGPT-Image-23-de-jan.-de-2026-13_10_08-1-1140x641.png 1140w, https:\/\/www.em.com.br\/emfoco\/wp-content\/uploads\/2026\/01\/ChatGPT-Image-23-de-jan.-de-2026-13_10_08-1.png 1280w\" sizes=\"auto, (max-width: 1024px) 100vw, 1024px\" \/><figcaption class=\"wp-element-caption\">Decora\u00e7\u00e3o de 2026 deixa o branco absoluto para tr\u00e1s<\/figcaption><\/figure>\n\n\n\n<h2 class=\"wp-block-heading\">Como aplicar essa tend\u00eancia de decora\u00e7\u00e3o de interiores em casa<\/h2>\n\n\n\n<p>Para atualizar o lar sem reformar tudo de uma vez, vale come\u00e7ar por pontos estrat\u00e9gicos. A ideia \u00e9 reduzir o dom\u00ednio do mobili\u00e1rio branco e aproximar o ambiente do minimalismo com textura, misturando novos tons e materiais aos elementos que voc\u00ea j\u00e1 tem.<\/p>\n\n\n\n<p>Algumas a\u00e7\u00f5es simples de decora\u00e7\u00e3o podem acelerar essa mudan\u00e7a de forma gradual e inteligente, ajudando a renovar a casa com menos esfor\u00e7o e investimento:<\/p>\n\n\n\n<ol class=\"wp-block-list\">\n<li><strong>Come\u00e7ar pelos destaques<\/strong>: trocar um rack, aparador ou mesa lateral brancos por pe\u00e7as em madeira ou tons neutros mais quentes.<\/li>\n\n\n\n<li><strong>Investir em textura<\/strong>: incluir pain\u00e9is ripados, portas frisadas ou m\u00f3veis com superf\u00edcies acanaladas em pontos estrat\u00e9gicos, como sala de TV ou cabeceira.<\/li>\n\n\n\n<li><strong>Ajustar a paleta<\/strong>: complementar m\u00f3veis claros com tapetes, cortinas e almofadas em bege, cinza quente e tons terrosos.<\/li>\n\n\n\n<li><strong>Aproveitar o que j\u00e1 existe<\/strong>: quando poss\u00edvel, envelopar ou pintar frentes de arm\u00e1rios brancos com novas cores e acabamentos.<\/li>\n\n\n\n<li><strong>Cuidar da ilumina\u00e7\u00e3o<\/strong>: l\u00e2mpadas mais quentes e lumin\u00e1rias de design simples refor\u00e7am o clima acolhedor.<\/li>\n<\/ol>\n\n\n\n<h2 class=\"wp-block-heading\">Como finalizar a transforma\u00e7\u00e3o da sua casa com urg\u00eancia e inten\u00e7\u00e3o<\/h2>\n\n\n\n<p>Essa transi\u00e7\u00e3o n\u00e3o exige abandonar tudo o que \u00e9 branco: a tend\u00eancia atual favorece combina\u00e7\u00f5es equilibradas, em que o branco continua presente, mas j\u00e1 n\u00e3o domina o ambiente. Ao mesclar texturas, tons org\u00e2nicos e materiais variados, os espa\u00e7os ganham um ar atualizado, convidativo e alinhado \u00e0 sua rotina real.<\/p>\n\n\n\n<p>Se voc\u00ea sente que sua casa n\u00e3o traduz mais quem voc\u00ea \u00e9 hoje, n\u00e3o espere a \u201creforma perfeita\u201d para agir. Comece ainda esta semana com um c\u00f4modo, um m\u00f3vel ou uma parede, teste novas cores e texturas e transforme, passo a passo, cada ambiente em um lugar onde voc\u00ea tenha vontade de estar todos os dias.<\/p>\n","protected":false},"excerpt":{"rendered":"<p>Nos \u00faltimos anos, a decora\u00e7\u00e3o de interiores passou por uma verdadeira virada. Depois de um longo per\u00edodo dominado pelo branco absoluto e por ambientes extremamente enxutos, a proposta para 2026 \u00e9 criar espa\u00e7os mais acolhedores, funcionais e cheios de personalidade, substituindo a frieza do \u201ctudo branco\u201d por cores quentes, texturas vis\u00edveis e materiais que fazem [&hellip;]<\/p>\n","protected":false},"author":11,"featured_media":159314,"comment_status":"open","ping_status":"open","sticky":false,"template":"","format":"standard","meta":{"jnews-multi-image_gallery":[],"jnews_single_post":{"format":"standard"},"jnews_primary_category":[],"jnews_social_meta":[],"jnews_override_counter":[],"footnotes":""},"categories":[8819,1],"tags":[2911,22243,22653,4945],"class_list":["post-159248","post","type-post","status-publish","format-standard","has-post-thumbnail","hentry","category-curiosidades","category-noticias","tag-casa","tag-decoracao-de-2026","tag-decoracao-de-interiores","tag-minimalismo"],"yoast_head":"<!-- This site is optimized with the Yoast SEO plugin v23.8 - https:\/\/yoast.com\/wordpress\/plugins\/seo\/ -->\n<title>Adeus aos m\u00f3veis brancos antigos: a tend\u00eancia europeia que est\u00e1 dominando as casas em 2026 - Estado de Minas - Em foco<\/title>\n<meta name=\"description\" content=\"A decora\u00e7\u00e3o de 2026 troca o branco absoluto por tons quentes e texturas. Veja como criar ambientes mais acolhedores e funcionais.\" \/>\n<meta name=\"robots\" content=\"index, follow, max-snippet:-1, max-image-preview:large, max-video-preview:-1\" \/>\n<link rel=\"canonical\" href=\"https:\/\/www.em.com.br\/emfoco\/2026\/01\/24\/adeus-aos-moveis-brancos-antigos-a-tendencia-europeia-que-esta-dominando-as-casas-em-2026\/\" \/>\n<meta property=\"og:locale\" content=\"pt_BR\" \/>\n<meta property=\"og:type\" content=\"article\" \/>\n<meta property=\"og:title\" content=\"Adeus aos m\u00f3veis brancos antigos: a tend\u00eancia europeia que est\u00e1 dominando as casas em 2026 - Estado de Minas - Em foco\" \/>\n<meta property=\"og:description\" content=\"A decora\u00e7\u00e3o de 2026 troca o branco absoluto por tons quentes e texturas. Veja como criar ambientes mais acolhedores e funcionais.\" \/>\n<meta property=\"og:url\" content=\"https:\/\/www.em.com.br\/emfoco\/2026\/01\/24\/adeus-aos-moveis-brancos-antigos-a-tendencia-europeia-que-esta-dominando-as-casas-em-2026\/\" \/>\n<meta property=\"og:site_name\" content=\"Estado de Minas - Em foco\" \/>\n<meta property=\"article:published_time\" content=\"2026-01-24T19:45:00+00:00\" \/>\n<meta property=\"article:modified_time\" content=\"2026-01-23T18:41:06+00:00\" \/>\n<meta property=\"og:image\" content=\"https:\/\/www.em.com.br\/emfoco\/wp-content\/uploads\/2026\/01\/ChatGPT-Image-23-de-jan.-de-2026-13_08_54-1.png\" \/>\n\t<meta property=\"og:image:width\" content=\"1280\" \/>\n\t<meta property=\"og:image:height\" content=\"720\" \/>\n\t<meta property=\"og:image:type\" content=\"image\/png\" \/>\n<meta name=\"author\" content=\"Andre\u0301 Rangel\u00a0\" \/>\n<meta name=\"twitter:card\" content=\"summary_large_image\" \/>\n<meta name=\"twitter:label1\" content=\"Escrito por\" \/>\n\t<meta name=\"twitter:data1\" content=\"Andre\u0301 Rangel\u00a0\" \/>\n\t<meta name=\"twitter:label2\" content=\"Est. tempo de leitura\" \/>\n\t<meta name=\"twitter:data2\" content=\"5 minutos\" \/>\n<!-- \/ Yoast SEO plugin. -->","yoast_head_json":{"title":"Adeus aos m\u00f3veis brancos antigos: a tend\u00eancia europeia que est\u00e1 dominando as casas em 2026 - Estado de Minas - Em foco","description":"A decora\u00e7\u00e3o de 2026 troca o branco absoluto por tons quentes e texturas. Veja como criar ambientes mais acolhedores e funcionais.","robots":{"index":"index","follow":"follow","max-snippet":"max-snippet:-1","max-image-preview":"max-image-preview:large","max-video-preview":"max-video-preview:-1"},"canonical":"https:\/\/www.em.com.br\/emfoco\/2026\/01\/24\/adeus-aos-moveis-brancos-antigos-a-tendencia-europeia-que-esta-dominando-as-casas-em-2026\/","og_locale":"pt_BR","og_type":"article","og_title":"Adeus aos m\u00f3veis brancos antigos: a tend\u00eancia europeia que est\u00e1 dominando as casas em 2026 - Estado de Minas - Em foco","og_description":"A decora\u00e7\u00e3o de 2026 troca o branco absoluto por tons quentes e texturas. Veja como criar ambientes mais acolhedores e funcionais.","og_url":"https:\/\/www.em.com.br\/emfoco\/2026\/01\/24\/adeus-aos-moveis-brancos-antigos-a-tendencia-europeia-que-esta-dominando-as-casas-em-2026\/","og_site_name":"Estado de Minas - Em foco","article_published_time":"2026-01-24T19:45:00+00:00","article_modified_time":"2026-01-23T18:41:06+00:00","og_image":[{"width":1280,"height":720,"url":"https:\/\/www.em.com.br\/emfoco\/wp-content\/uploads\/2026\/01\/ChatGPT-Image-23-de-jan.-de-2026-13_08_54-1.png","type":"image\/png"}],"author":"Andre\u0301 Rangel\u00a0","twitter_card":"summary_large_image","twitter_misc":{"Escrito por":"Andre\u0301 Rangel\u00a0","Est. tempo de leitura":"5 minutos"},"schema":{"@context":"https:\/\/schema.org","@graph":[{"@type":"WebPage","@id":"https:\/\/www.em.com.br\/emfoco\/2026\/01\/24\/adeus-aos-moveis-brancos-antigos-a-tendencia-europeia-que-esta-dominando-as-casas-em-2026\/","url":"https:\/\/www.em.com.br\/emfoco\/2026\/01\/24\/adeus-aos-moveis-brancos-antigos-a-tendencia-europeia-que-esta-dominando-as-casas-em-2026\/","name":"Adeus aos m\u00f3veis brancos antigos: a tend\u00eancia europeia que est\u00e1 dominando as casas em 2026 - Estado de Minas - Em foco","isPartOf":{"@id":"https:\/\/www.em.com.br\/emfoco\/#website"},"primaryImageOfPage":{"@id":"https:\/\/www.em.com.br\/emfoco\/2026\/01\/24\/adeus-aos-moveis-brancos-antigos-a-tendencia-europeia-que-esta-dominando-as-casas-em-2026\/#primaryimage"},"image":{"@id":"https:\/\/www.em.com.br\/emfoco\/2026\/01\/24\/adeus-aos-moveis-brancos-antigos-a-tendencia-europeia-que-esta-dominando-as-casas-em-2026\/#primaryimage"},"thumbnailUrl":"https:\/\/www.em.com.br\/emfoco\/wp-content\/uploads\/2026\/01\/ChatGPT-Image-23-de-jan.-de-2026-13_08_54-1.png","datePublished":"2026-01-24T19:45:00+00:00","dateModified":"2026-01-23T18:41:06+00:00","author":{"@id":"https:\/\/www.em.com.br\/emfoco\/#\/schema\/person\/60eda09c1fedf0d6891f4cef4b60b8b8"},"description":"A decora\u00e7\u00e3o de 2026 troca o branco absoluto por tons quentes e texturas. Veja como criar ambientes mais acolhedores e funcionais.","breadcrumb":{"@id":"https:\/\/www.em.com.br\/emfoco\/2026\/01\/24\/adeus-aos-moveis-brancos-antigos-a-tendencia-europeia-que-esta-dominando-as-casas-em-2026\/#breadcrumb"},"inLanguage":"pt-BR","potentialAction":[{"@type":"ReadAction","target":["https:\/\/www.em.com.br\/emfoco\/2026\/01\/24\/adeus-aos-moveis-brancos-antigos-a-tendencia-europeia-que-esta-dominando-as-casas-em-2026\/"]}]},{"@type":"ImageObject","inLanguage":"pt-BR","@id":"https:\/\/www.em.com.br\/emfoco\/2026\/01\/24\/adeus-aos-moveis-brancos-antigos-a-tendencia-europeia-que-esta-dominando-as-casas-em-2026\/#primaryimage","url":"https:\/\/www.em.com.br\/emfoco\/wp-content\/uploads\/2026\/01\/ChatGPT-Image-23-de-jan.-de-2026-13_08_54-1.png","contentUrl":"https:\/\/www.em.com.br\/emfoco\/wp-content\/uploads\/2026\/01\/ChatGPT-Image-23-de-jan.-de-2026-13_08_54-1.png","width":1280,"height":720,"caption":"Decora\u00e7\u00e3o de 2026 deixa o branco absoluto para tr\u00e1s"},{"@type":"BreadcrumbList","@id":"https:\/\/www.em.com.br\/emfoco\/2026\/01\/24\/adeus-aos-moveis-brancos-antigos-a-tendencia-europeia-que-esta-dominando-as-casas-em-2026\/#breadcrumb","itemListElement":[{"@type":"ListItem","position":1,"name":"In\u00edcio","item":"https:\/\/www.em.com.br\/emfoco\/"},{"@type":"ListItem","position":2,"name":"Adeus aos m\u00f3veis brancos antigos: a tend\u00eancia europeia que est\u00e1 dominando as casas em 2026"}]},{"@type":"WebSite","@id":"https:\/\/www.em.com.br\/emfoco\/#website","url":"https:\/\/www.em.com.br\/emfoco\/","name":"Estado de Minas - Em foco","description":"Acompanhe as \u00faltimas not\u00edcias e fique bem informado sobre tudo o que acontece em Minas Gerais, Brasil e no mundo.","potentialAction":[{"@type":"SearchAction","target":{"@type":"EntryPoint","urlTemplate":"https:\/\/www.em.com.br\/emfoco\/?s={search_term_string}"},"query-input":{"@type":"PropertyValueSpecification","valueRequired":true,"valueName":"search_term_string"}}],"inLanguage":"pt-BR"},{"@type":"Person","@id":"https:\/\/www.em.com.br\/emfoco\/#\/schema\/person\/60eda09c1fedf0d6891f4cef4b60b8b8","name":"Andre\u0301 Rangel\u00a0","image":{"@type":"ImageObject","inLanguage":"pt-BR","@id":"https:\/\/www.em.com.br\/emfoco\/#\/schema\/person\/image\/","url":"https:\/\/secure.gravatar.com\/avatar\/6234dc814c77c8ef6d8bba622c787efc?s=96&d=mm&r=g","contentUrl":"https:\/\/secure.gravatar.com\/avatar\/6234dc814c77c8ef6d8bba622c787efc?s=96&d=mm&r=g","caption":"Andre\u0301 Rangel\u00a0"},"url":"https:\/\/www.em.com.br\/emfoco\/author\/luizmyth\/"}]}},"_links":{"self":[{"href":"https:\/\/www.em.com.br\/emfoco\/wp-json\/wp\/v2\/posts\/159248","targetHints":{"allow":["GET"]}}],"collection":[{"href":"https:\/\/www.em.com.br\/emfoco\/wp-json\/wp\/v2\/posts"}],"about":[{"href":"https:\/\/www.em.com.br\/emfoco\/wp-json\/wp\/v2\/types\/post"}],"author":[{"embeddable":true,"href":"https:\/\/www.em.com.br\/emfoco\/wp-json\/wp\/v2\/users\/11"}],"replies":[{"embeddable":true,"href":"https:\/\/www.em.com.br\/emfoco\/wp-json\/wp\/v2\/comments?post=159248"}],"version-history":[{"count":3,"href":"https:\/\/www.em.com.br\/emfoco\/wp-json\/wp\/v2\/posts\/159248\/revisions"}],"predecessor-version":[{"id":159338,"href":"https:\/\/www.em.com.br\/emfoco\/wp-json\/wp\/v2\/posts\/159248\/revisions\/159338"}],"wp:featuredmedia":[{"embeddable":true,"href":"https:\/\/www.em.com.br\/emfoco\/wp-json\/wp\/v2\/media\/159314"}],"wp:attachment":[{"href":"https:\/\/www.em.com.br\/emfoco\/wp-json\/wp\/v2\/media?parent=159248"}],"wp:term":[{"taxonomy":"category","embeddable":true,"href":"https:\/\/www.em.com.br\/emfoco\/wp-json\/wp\/v2\/categories?post=159248"},{"taxonomy":"post_tag","embeddable":true,"href":"https:\/\/www.em.com.br\/emfoco\/wp-json\/wp\/v2\/tags?post=159248"}],"curies":[{"name":"wp","href":"https:\/\/api.w.org\/{rel}","templated":true}]}}