{"id":159160,"date":"2026-01-25T06:35:00","date_gmt":"2026-01-25T09:35:00","guid":{"rendered":"https:\/\/www.em.com.br\/emfoco\/?p=159160"},"modified":"2026-01-24T17:25:15","modified_gmt":"2026-01-24T20:25:15","slug":"quem-recebera-a-melhor-noticia-da-sua-vida-em-fevereiro-de-2026-segundo-o-horoscopo-chines","status":"publish","type":"post","link":"https:\/\/www.em.com.br\/emfoco\/2026\/01\/25\/quem-recebera-a-melhor-noticia-da-sua-vida-em-fevereiro-de-2026-segundo-o-horoscopo-chines\/","title":{"rendered":"Quem receber\u00e1 a melhor not\u00edcia da sua vida em fevereiro de 2026, segundo o hor\u00f3scopo chin\u00eas"},"content":{"rendered":"\n<p>Fevereiro de 2026 desponta nas previs\u00f5es do hor\u00f3scopo chin\u00eas como um m\u00eas de virada intensa, em que a transi\u00e7\u00e3o do <strong>Ano da Serpente de Madeira<\/strong> para o <strong>Ano do Cavalo de Fogo<\/strong> acelera decis\u00f5es, revela assuntos antes ocultos e abre caminhos em trabalho, finan\u00e7as e vida afetiva, com alguns signos em especial favorecidos para receber uma grande not\u00edcia ap\u00f3s um per\u00edodo de esfor\u00e7o e incerteza.<\/p>\n\n\n\n<h2 class=\"wp-block-heading\">Por que fevereiro de 2026 \u00e9 t\u00e3o importante no hor\u00f3scopo chin\u00eas<\/h2>\n\n\n\n<p>Em fevereiro de 2026, dois momentos energ\u00e9ticos se encontram: at\u00e9 a metade do m\u00eas, prevalece a Serpente de Madeira, ligada \u00e0 estrat\u00e9gia, an\u00e1lise e planejamento; na segunda quinzena, o Ano do Cavalo de Fogo ganha for\u00e7a, trazendo a\u00e7\u00e3o e decis\u00f5es r\u00e1pidas. Essa combina\u00e7\u00e3o cria um terreno f\u00e9rtil para not\u00edcias marcantes, principalmente para quem vem se preparando h\u00e1 meses.<\/p>\n\n\n\n<p>Na <a href=\"https:\/\/institutoconfucio.ufg.br\/n\/138413-introducao-aos-signos-chineses\" target=\"_blank\" rel=\"noreferrer noopener\">astrologia chinesa<\/a>, o Cavalo de Fogo impulsiona atitudes diretas, cortes com a estagna\u00e7\u00e3o e coragem para mudar de rota. Assim, a \u201cboa not\u00edcia\u201d pode vir como aprova\u00e7\u00f5es em sele\u00e7\u00f5es, acordos financeiros, convites profissionais, reconcilia\u00e7\u00f5es ou an\u00fancios familiares, variando conforme o animal e o elemento do ano de nascimento.<\/p>\n\n\n\n<figure class=\"wp-block-image size-large\"><img loading=\"lazy\" decoding=\"async\" width=\"1024\" height=\"576\" src=\"https:\/\/www.em.com.br\/emfoco\/wp-content\/uploads\/2026\/01\/ChatGPT-Image-23-de-jan.-de-2026-11_23_18-1-1024x576.png\" alt=\"Esse m\u00eas pode mudar tudo para alguns signos chineses\" class=\"wp-image-159198\" srcset=\"https:\/\/www.em.com.br\/emfoco\/wp-content\/uploads\/2026\/01\/ChatGPT-Image-23-de-jan.-de-2026-11_23_18-1-1024x576.png 1024w, https:\/\/www.em.com.br\/emfoco\/wp-content\/uploads\/2026\/01\/ChatGPT-Image-23-de-jan.-de-2026-11_23_18-1-300x169.png 300w, https:\/\/www.em.com.br\/emfoco\/wp-content\/uploads\/2026\/01\/ChatGPT-Image-23-de-jan.-de-2026-11_23_18-1-768x432.png 768w, https:\/\/www.em.com.br\/emfoco\/wp-content\/uploads\/2026\/01\/ChatGPT-Image-23-de-jan.-de-2026-11_23_18-1-750x422.png 750w, https:\/\/www.em.com.br\/emfoco\/wp-content\/uploads\/2026\/01\/ChatGPT-Image-23-de-jan.-de-2026-11_23_18-1-1140x641.png 1140w, https:\/\/www.em.com.br\/emfoco\/wp-content\/uploads\/2026\/01\/ChatGPT-Image-23-de-jan.-de-2026-11_23_18-1.png 1280w\" sizes=\"auto, (max-width: 1024px) 100vw, 1024px\" \/><figcaption class=\"wp-element-caption\">Esse m\u00eas pode mudar tudo para alguns signos chineses<\/figcaption><\/figure>\n\n\n\n<h2 class=\"wp-block-heading\">Quais signos t\u00eam mais chance de receber uma grande not\u00edcia em fevereiro de 2026<\/h2>\n\n\n\n<p>Cinco signos se destacam nas previs\u00f5es para receber novidades significativas em fevereiro de 2026. Em comum, aparece a ideia de recompensa ap\u00f3s uma fase de esfor\u00e7o cont\u00ednuo, ajustes de rota ou desafios emocionais, que agora tende a se transformar em resultados concretos e novas possibilidades.<\/p>\n\n\n\n<p>Veja como essa energia pode se manifestar para cada um desses <a href=\"https:\/\/www.em.com.br\/emfoco\/2026\/01\/23\/festas-multidoes-ou-relacionamentos-serios-nao-esses-3-signos-sao-particularmente-solitarios\/\" target=\"_blank\" rel=\"noreferrer noopener\">signos <\/a>em \u00e1reas como carreira, finan\u00e7as, fam\u00edlia e estilo de vida:<\/p>\n\n\n\n<ul class=\"wp-block-list\">\n<li><strong>Drag\u00e3o:<\/strong>\u00a0momento favor\u00e1vel para reconhecimento, visibilidade e expans\u00e3o pessoal, com poss\u00edveis convites para cargos, lideran\u00e7a ou valida\u00e7\u00e3o de projetos constru\u00eddos ao longo do tempo.<\/li>\n\n\n\n<li><strong>Cavalo:<\/strong>\u00a0com o in\u00edcio do Ano do Cavalo de Fogo, ganha destaque em mudan\u00e7as estruturais, como mudan\u00e7a de cidade, recome\u00e7os profissionais ou busca de maior autonomia na rotina.<\/li>\n\n\n\n<li><strong>Macaco:<\/strong>\u00a0tend\u00eancia a not\u00edcias inesperadas em finan\u00e7as e quest\u00f5es travadas, como acordos, pagamentos, contratos ou solu\u00e7\u00f5es \u00e1geis para impasses antigos.<\/li>\n\n\n\n<li><strong>Porco (ou Javali):<\/strong>\u00a0foco no campo emocional e familiar, com previs\u00f5es de reconcilia\u00e7\u00f5es, conversas profundas, an\u00fancios importantes na fam\u00edlia e sensa\u00e7\u00e3o de estabilidade afetiva.<\/li>\n\n\n\n<li><strong>Rato:<\/strong>\u00a0destaque para carreira, estudos e crescimento profissional, com chance de aprova\u00e7\u00f5es em sele\u00e7\u00f5es, bons resultados acad\u00eamicos e convites que abrem portas para o restante do ano.<\/li>\n<\/ul>\n\n\n\n<h2 class=\"wp-block-heading\">Como cada signo pode aproveitar melhor as previs\u00f5es chinesas<\/h2>\n\n\n\n<p>Embora o hor\u00f3scopo chin\u00eas aponte tend\u00eancias gerais, a forma de lidar com essas previs\u00f5es \u00e9 decisiva. As leituras sugerem que cada signo observe seus processos internos, escolhas recentes e metas reais, em vez de esperar que a boa not\u00edcia simplesmente caia do c\u00e9u sem a\u00e7\u00e3o concreta.<\/p>\n\n\n\n<figure class=\"wp-block-image size-large\"><img loading=\"lazy\" decoding=\"async\" width=\"1024\" height=\"576\" src=\"https:\/\/www.em.com.br\/emfoco\/wp-content\/uploads\/2026\/01\/Gemini_Generated_Image_g6mc8mg6mc8mg6mc-1-1024x576.png\" alt=\"Esse m\u00eas pode mudar tudo para alguns signos chineses\" class=\"wp-image-159199\" srcset=\"https:\/\/www.em.com.br\/emfoco\/wp-content\/uploads\/2026\/01\/Gemini_Generated_Image_g6mc8mg6mc8mg6mc-1-1024x576.png 1024w, https:\/\/www.em.com.br\/emfoco\/wp-content\/uploads\/2026\/01\/Gemini_Generated_Image_g6mc8mg6mc8mg6mc-1-300x169.png 300w, https:\/\/www.em.com.br\/emfoco\/wp-content\/uploads\/2026\/01\/Gemini_Generated_Image_g6mc8mg6mc8mg6mc-1-768x432.png 768w, https:\/\/www.em.com.br\/emfoco\/wp-content\/uploads\/2026\/01\/Gemini_Generated_Image_g6mc8mg6mc8mg6mc-1-750x422.png 750w, https:\/\/www.em.com.br\/emfoco\/wp-content\/uploads\/2026\/01\/Gemini_Generated_Image_g6mc8mg6mc8mg6mc-1-1140x641.png 1140w, https:\/\/www.em.com.br\/emfoco\/wp-content\/uploads\/2026\/01\/Gemini_Generated_Image_g6mc8mg6mc8mg6mc-1.png 1280w\" sizes=\"auto, (max-width: 1024px) 100vw, 1024px\" \/><figcaption class=\"wp-element-caption\">Esse m\u00eas pode mudar tudo para alguns signos chineses<\/figcaption><\/figure>\n\n\n\n<p>A astrologia oriental refor\u00e7a que o Ano do Cavalo de Fogo favorece quem age com clareza, responsabilidade e disposi\u00e7\u00e3o para mudan\u00e7as. Nesse contexto, algumas atitudes pr\u00e1ticas ajudam a canalizar melhor essa energia ao longo de fevereiro de 2026:<\/p>\n\n\n\n<ul class=\"wp-block-list\">\n<li><strong>Rever objetivos:<\/strong>\u00a0definir o que merece foco no trabalho, nas finan\u00e7as e na vida pessoal orienta decis\u00f5es mais assertivas.<\/li>\n\n\n\n<li><strong>Cuidar da comunica\u00e7\u00e3o:<\/strong>\u00a0especialmente para signos voltados a fam\u00edlia e relacionamentos, como o Porco, um di\u00e1logo aberto favorece reconcilia\u00e7\u00f5es e acordos.<\/li>\n\n\n\n<li><strong>Agir com rapidez:<\/strong>\u00a0oportunidades alinhadas ao Cavalo de Fogo podem exigir respostas em prazos curtos, pedindo coragem e objetividade.<\/li>\n\n\n\n<li><strong>Reconhecer o pr\u00f3prio esfor\u00e7o:<\/strong>\u00a0para Drag\u00e3o e Rato, valorizar a trajet\u00f3ria fortalece a confian\u00e7a para assumir novos desafios profissionais ou acad\u00eamicos.<\/li>\n<\/ul>\n\n\n\n<h2 class=\"wp-block-heading\">Quais cuidados tomar ao seguir as previs\u00f5es do hor\u00f3scopo chin\u00eas<\/h2>\n\n\n\n<p>As previs\u00f5es para fevereiro de 2026 indicam um m\u00eas de virada para alguns signos, mas tamb\u00e9m ressaltam a import\u00e2ncia do equil\u00edbrio entre intui\u00e7\u00e3o, planejamento e responsabilidade. N\u00e3o se trata apenas de sorte repentina, e sim da converg\u00eancia entre escolhas consistentes e um momento energ\u00e9tico favor\u00e1vel.<\/p>\n\n\n\n<p>Ao usar o hor\u00f3scopo chin\u00eas como refer\u00eancia, \u00e9 essencial evitar decis\u00f5es impulsivas baseadas apenas em expectativas m\u00edsticas, mantendo os p\u00e9s no ch\u00e3o e a mente aberta. Assim, cada pessoa consegue alinhar suas atitudes \u00e0 energia do Cavalo de Fogo sem perder o controle da pr\u00f3pria hist\u00f3ria.<\/p>\n\n\n\n<h2 class=\"wp-block-heading\">Como transformar fevereiro de 2026 em um ponto de virada na sua vida<\/h2>\n\n\n\n<p>Fevereiro de 2026 pode ser o m\u00eas em que uma grande not\u00edcia finalmente chega, mas ela tende a encontrar melhor quem j\u00e1 vem construindo sua mudan\u00e7a por dentro. Usar as previs\u00f5es do hor\u00f3scopo chin\u00eas como b\u00fassola, e n\u00e3o como destino fechado, ajuda a fazer escolhas mais conscientes em carreira, finan\u00e7as e rela\u00e7\u00f5es.<\/p>\n\n\n\n<p>Se voc\u00ea sente que est\u00e1 em um ponto de transi\u00e7\u00e3o, aproveite este ciclo do Cavalo de Fogo para agir agora: revise metas, pe\u00e7a aquela conversa adiada, envie o curr\u00edculo, inicie o curso ou feche o acordo que vem postergando. N\u00e3o espere o \u201cmomento perfeito\u201d aparecer; transforme fevereiro de 2026 no seu pr\u00f3prio marco de virada.<\/p>\n","protected":false},"excerpt":{"rendered":"<p>Fevereiro de 2026 desponta nas previs\u00f5es do hor\u00f3scopo chin\u00eas como um m\u00eas de virada intensa, em que a transi\u00e7\u00e3o do Ano da Serpente de Madeira para o Ano do Cavalo de Fogo acelera decis\u00f5es, revela assuntos antes ocultos e abre caminhos em trabalho, finan\u00e7as e vida afetiva, com alguns signos em especial favorecidos para receber [&hellip;]<\/p>\n","protected":false},"author":11,"featured_media":159202,"comment_status":"open","ping_status":"open","sticky":false,"template":"","format":"standard","meta":{"jnews-multi-image_gallery":[],"jnews_single_post":{"format":"standard"},"jnews_primary_category":[],"jnews_social_meta":[],"jnews_override_counter":[],"footnotes":""},"categories":[1,25],"tags":[23291,23292,21876,168],"class_list":["post-159160","post","type-post","status-publish","format-standard","has-post-thumbnail","hentry","category-noticias","category-signos","tag-cavalo-de-fogo","tag-fevereiro-de-2026","tag-horoscopo-chines","tag-signos"],"yoast_head":"<!-- This site is optimized with the Yoast SEO plugin v23.8 - https:\/\/yoast.com\/wordpress\/plugins\/seo\/ -->\n<title>Quem receber\u00e1 a melhor not\u00edcia da sua vida em fevereiro de 2026, segundo o hor\u00f3scopo chin\u00eas - Estado de Minas - Em foco<\/title>\n<meta name=\"description\" content=\"Fevereiro de 2026 marca a virada para o Ano do Cavalo de Fogo. O hor\u00f3scopo chin\u00eas aponta not\u00edcias importantes para alguns signos.\" \/>\n<meta name=\"robots\" content=\"index, follow, max-snippet:-1, max-image-preview:large, max-video-preview:-1\" \/>\n<link rel=\"canonical\" href=\"https:\/\/www.em.com.br\/emfoco\/2026\/01\/25\/quem-recebera-a-melhor-noticia-da-sua-vida-em-fevereiro-de-2026-segundo-o-horoscopo-chines\/\" \/>\n<meta property=\"og:locale\" content=\"pt_BR\" \/>\n<meta property=\"og:type\" content=\"article\" \/>\n<meta property=\"og:title\" content=\"Quem receber\u00e1 a melhor not\u00edcia da sua vida em fevereiro de 2026, segundo o hor\u00f3scopo chin\u00eas - Estado de Minas - Em foco\" \/>\n<meta property=\"og:description\" content=\"Fevereiro de 2026 marca a virada para o Ano do Cavalo de Fogo. O hor\u00f3scopo chin\u00eas aponta not\u00edcias importantes para alguns signos.\" \/>\n<meta property=\"og:url\" content=\"https:\/\/www.em.com.br\/emfoco\/2026\/01\/25\/quem-recebera-a-melhor-noticia-da-sua-vida-em-fevereiro-de-2026-segundo-o-horoscopo-chines\/\" \/>\n<meta property=\"og:site_name\" content=\"Estado de Minas - Em foco\" \/>\n<meta property=\"article:published_time\" content=\"2026-01-25T09:35:00+00:00\" \/>\n<meta property=\"article:modified_time\" content=\"2026-01-24T20:25:15+00:00\" \/>\n<meta property=\"og:image\" content=\"https:\/\/www.em.com.br\/emfoco\/wp-content\/uploads\/2026\/01\/ChatGPT-Image-23-de-jan.-de-2026-11_25_18-1.png\" \/>\n\t<meta property=\"og:image:width\" content=\"1280\" \/>\n\t<meta property=\"og:image:height\" content=\"720\" \/>\n\t<meta property=\"og:image:type\" content=\"image\/png\" \/>\n<meta name=\"author\" content=\"Andre\u0301 Rangel\u00a0\" \/>\n<meta name=\"twitter:card\" content=\"summary_large_image\" \/>\n<meta name=\"twitter:label1\" content=\"Escrito por\" \/>\n\t<meta name=\"twitter:data1\" content=\"Andre\u0301 Rangel\u00a0\" \/>\n\t<meta name=\"twitter:label2\" content=\"Est. tempo de leitura\" \/>\n\t<meta name=\"twitter:data2\" content=\"6 minutos\" \/>\n<!-- \/ Yoast SEO plugin. -->","yoast_head_json":{"title":"Quem receber\u00e1 a melhor not\u00edcia da sua vida em fevereiro de 2026, segundo o hor\u00f3scopo chin\u00eas - Estado de Minas - Em foco","description":"Fevereiro de 2026 marca a virada para o Ano do Cavalo de Fogo. O hor\u00f3scopo chin\u00eas aponta not\u00edcias importantes para alguns signos.","robots":{"index":"index","follow":"follow","max-snippet":"max-snippet:-1","max-image-preview":"max-image-preview:large","max-video-preview":"max-video-preview:-1"},"canonical":"https:\/\/www.em.com.br\/emfoco\/2026\/01\/25\/quem-recebera-a-melhor-noticia-da-sua-vida-em-fevereiro-de-2026-segundo-o-horoscopo-chines\/","og_locale":"pt_BR","og_type":"article","og_title":"Quem receber\u00e1 a melhor not\u00edcia da sua vida em fevereiro de 2026, segundo o hor\u00f3scopo chin\u00eas - Estado de Minas - Em foco","og_description":"Fevereiro de 2026 marca a virada para o Ano do Cavalo de Fogo. O hor\u00f3scopo chin\u00eas aponta not\u00edcias importantes para alguns signos.","og_url":"https:\/\/www.em.com.br\/emfoco\/2026\/01\/25\/quem-recebera-a-melhor-noticia-da-sua-vida-em-fevereiro-de-2026-segundo-o-horoscopo-chines\/","og_site_name":"Estado de Minas - Em foco","article_published_time":"2026-01-25T09:35:00+00:00","article_modified_time":"2026-01-24T20:25:15+00:00","og_image":[{"width":1280,"height":720,"url":"https:\/\/www.em.com.br\/emfoco\/wp-content\/uploads\/2026\/01\/ChatGPT-Image-23-de-jan.-de-2026-11_25_18-1.png","type":"image\/png"}],"author":"Andre\u0301 Rangel\u00a0","twitter_card":"summary_large_image","twitter_misc":{"Escrito por":"Andre\u0301 Rangel\u00a0","Est. tempo de leitura":"6 minutos"},"schema":{"@context":"https:\/\/schema.org","@graph":[{"@type":"WebPage","@id":"https:\/\/www.em.com.br\/emfoco\/2026\/01\/25\/quem-recebera-a-melhor-noticia-da-sua-vida-em-fevereiro-de-2026-segundo-o-horoscopo-chines\/","url":"https:\/\/www.em.com.br\/emfoco\/2026\/01\/25\/quem-recebera-a-melhor-noticia-da-sua-vida-em-fevereiro-de-2026-segundo-o-horoscopo-chines\/","name":"Quem receber\u00e1 a melhor not\u00edcia da sua vida em fevereiro de 2026, segundo o hor\u00f3scopo chin\u00eas - Estado de Minas - Em foco","isPartOf":{"@id":"https:\/\/www.em.com.br\/emfoco\/#website"},"primaryImageOfPage":{"@id":"https:\/\/www.em.com.br\/emfoco\/2026\/01\/25\/quem-recebera-a-melhor-noticia-da-sua-vida-em-fevereiro-de-2026-segundo-o-horoscopo-chines\/#primaryimage"},"image":{"@id":"https:\/\/www.em.com.br\/emfoco\/2026\/01\/25\/quem-recebera-a-melhor-noticia-da-sua-vida-em-fevereiro-de-2026-segundo-o-horoscopo-chines\/#primaryimage"},"thumbnailUrl":"https:\/\/www.em.com.br\/emfoco\/wp-content\/uploads\/2026\/01\/ChatGPT-Image-23-de-jan.-de-2026-11_25_18-1.png","datePublished":"2026-01-25T09:35:00+00:00","dateModified":"2026-01-24T20:25:15+00:00","author":{"@id":"https:\/\/www.em.com.br\/emfoco\/#\/schema\/person\/60eda09c1fedf0d6891f4cef4b60b8b8"},"description":"Fevereiro de 2026 marca a virada para o Ano do Cavalo de Fogo. O hor\u00f3scopo chin\u00eas aponta not\u00edcias importantes para alguns signos.","breadcrumb":{"@id":"https:\/\/www.em.com.br\/emfoco\/2026\/01\/25\/quem-recebera-a-melhor-noticia-da-sua-vida-em-fevereiro-de-2026-segundo-o-horoscopo-chines\/#breadcrumb"},"inLanguage":"pt-BR","potentialAction":[{"@type":"ReadAction","target":["https:\/\/www.em.com.br\/emfoco\/2026\/01\/25\/quem-recebera-a-melhor-noticia-da-sua-vida-em-fevereiro-de-2026-segundo-o-horoscopo-chines\/"]}]},{"@type":"ImageObject","inLanguage":"pt-BR","@id":"https:\/\/www.em.com.br\/emfoco\/2026\/01\/25\/quem-recebera-a-melhor-noticia-da-sua-vida-em-fevereiro-de-2026-segundo-o-horoscopo-chines\/#primaryimage","url":"https:\/\/www.em.com.br\/emfoco\/wp-content\/uploads\/2026\/01\/ChatGPT-Image-23-de-jan.-de-2026-11_25_18-1.png","contentUrl":"https:\/\/www.em.com.br\/emfoco\/wp-content\/uploads\/2026\/01\/ChatGPT-Image-23-de-jan.-de-2026-11_25_18-1.png","width":1280,"height":720,"caption":"Esse m\u00eas pode mudar tudo para alguns signos"},{"@type":"BreadcrumbList","@id":"https:\/\/www.em.com.br\/emfoco\/2026\/01\/25\/quem-recebera-a-melhor-noticia-da-sua-vida-em-fevereiro-de-2026-segundo-o-horoscopo-chines\/#breadcrumb","itemListElement":[{"@type":"ListItem","position":1,"name":"In\u00edcio","item":"https:\/\/www.em.com.br\/emfoco\/"},{"@type":"ListItem","position":2,"name":"Quem receber\u00e1 a melhor not\u00edcia da sua vida em fevereiro de 2026, segundo o hor\u00f3scopo chin\u00eas"}]},{"@type":"WebSite","@id":"https:\/\/www.em.com.br\/emfoco\/#website","url":"https:\/\/www.em.com.br\/emfoco\/","name":"Estado de Minas - Em foco","description":"Acompanhe as \u00faltimas not\u00edcias e fique bem informado sobre tudo o que acontece em Minas Gerais, Brasil e no mundo.","potentialAction":[{"@type":"SearchAction","target":{"@type":"EntryPoint","urlTemplate":"https:\/\/www.em.com.br\/emfoco\/?s={search_term_string}"},"query-input":{"@type":"PropertyValueSpecification","valueRequired":true,"valueName":"search_term_string"}}],"inLanguage":"pt-BR"},{"@type":"Person","@id":"https:\/\/www.em.com.br\/emfoco\/#\/schema\/person\/60eda09c1fedf0d6891f4cef4b60b8b8","name":"Andre\u0301 Rangel\u00a0","image":{"@type":"ImageObject","inLanguage":"pt-BR","@id":"https:\/\/www.em.com.br\/emfoco\/#\/schema\/person\/image\/","url":"https:\/\/secure.gravatar.com\/avatar\/6234dc814c77c8ef6d8bba622c787efc?s=96&d=mm&r=g","contentUrl":"https:\/\/secure.gravatar.com\/avatar\/6234dc814c77c8ef6d8bba622c787efc?s=96&d=mm&r=g","caption":"Andre\u0301 Rangel\u00a0"},"url":"https:\/\/www.em.com.br\/emfoco\/author\/luizmyth\/"}]}},"_links":{"self":[{"href":"https:\/\/www.em.com.br\/emfoco\/wp-json\/wp\/v2\/posts\/159160","targetHints":{"allow":["GET"]}}],"collection":[{"href":"https:\/\/www.em.com.br\/emfoco\/wp-json\/wp\/v2\/posts"}],"about":[{"href":"https:\/\/www.em.com.br\/emfoco\/wp-json\/wp\/v2\/types\/post"}],"author":[{"embeddable":true,"href":"https:\/\/www.em.com.br\/emfoco\/wp-json\/wp\/v2\/users\/11"}],"replies":[{"embeddable":true,"href":"https:\/\/www.em.com.br\/emfoco\/wp-json\/wp\/v2\/comments?post=159160"}],"version-history":[{"count":3,"href":"https:\/\/www.em.com.br\/emfoco\/wp-json\/wp\/v2\/posts\/159160\/revisions"}],"predecessor-version":[{"id":159218,"href":"https:\/\/www.em.com.br\/emfoco\/wp-json\/wp\/v2\/posts\/159160\/revisions\/159218"}],"wp:featuredmedia":[{"embeddable":true,"href":"https:\/\/www.em.com.br\/emfoco\/wp-json\/wp\/v2\/media\/159202"}],"wp:attachment":[{"href":"https:\/\/www.em.com.br\/emfoco\/wp-json\/wp\/v2\/media?parent=159160"}],"wp:term":[{"taxonomy":"category","embeddable":true,"href":"https:\/\/www.em.com.br\/emfoco\/wp-json\/wp\/v2\/categories?post=159160"},{"taxonomy":"post_tag","embeddable":true,"href":"https:\/\/www.em.com.br\/emfoco\/wp-json\/wp\/v2\/tags?post=159160"}],"curies":[{"name":"wp","href":"https:\/\/api.w.org\/{rel}","templated":true}]}}