{"id":159088,"date":"2026-01-24T09:35:00","date_gmt":"2026-01-24T12:35:00","guid":{"rendered":"https:\/\/www.em.com.br\/emfoco\/?p=159088"},"modified":"2026-01-23T00:29:37","modified_gmt":"2026-01-23T03:29:37","slug":"ideias-de-decoracao-que-sao-lindas-mas-nao-funcionam-no-dia-a-dia","status":"publish","type":"post","link":"https:\/\/www.em.com.br\/emfoco\/2026\/01\/24\/ideias-de-decoracao-que-sao-lindas-mas-nao-funcionam-no-dia-a-dia\/","title":{"rendered":"Ideias de decora\u00e7\u00e3o que s\u00e3o lindas, mas N\u00c3O funcionam no dia a dia"},"content":{"rendered":"\n<p>A decora\u00e7\u00e3o de interiores ganhou grande visibilidade em redes sociais e revistas especializadas, o que levou muitas pessoas a buscarem refer\u00eancias visuais antes mesmo de observarem a pr\u00f3pria rotina. Em meio a tantas imagens de ambientes perfeitos, alguns elementos chamam aten\u00e7\u00e3o pela est\u00e9tica, mas podem trazer desafios no dia a dia, principalmente em casas com pouco tempo para limpeza, presen\u00e7a de crian\u00e7as, animais de estima\u00e7\u00e3o ou grande circula\u00e7\u00e3o.<\/p>\n\n\n\n<h2 class=\"wp-block-heading\">Por que o porcelanato polido exige mais aten\u00e7\u00e3o na rotina<\/h2>\n\n\n\n<p>Se voc\u00ea chegou pelo <strong>@<\/strong><a href=\"https:\/\/www.youtube.com\/@PLANARQCAMPOS\" target=\"_blank\" rel=\"noreferrer noopener\">PLANARQ CAMPOS \/ Ralph Dias<\/a>, esse conte\u00fado complementa o v\u00eddeo ao mostrar que <strong>porcelanato polido e vidro s\u00e3o lindos na foto<\/strong>, mas s\u00f3 funcionam bem quando o projeto respeita rotina, manuten\u00e7\u00e3o e seguran\u00e7a do dia a dia.<\/p>\n\n\n\n<iframe loading=\"lazy\" width=\"1013\" height=\"570\" src=\"https:\/\/www.youtube.com\/embed\/3hgO_XkPERU\" title=\"10 IDEIAS DE DECORA\u00c7\u00c3O LINDAS QUE N\u00c3O FUNCIONAM NA PR\u00c1TICA\" frameborder=\"0\" allow=\"accelerometer; autoplay; clipboard-write; encrypted-media; gyroscope; picture-in-picture; web-share\" referrerpolicy=\"strict-origin-when-cross-origin\" allowfullscreen><\/iframe>\n\n\n\n<p>O porcelanato polido \u00e9 associado a luxo e modernidade, com brilho intenso e apar\u00eancia uniforme que agradam em fotos e cat\u00e1logos. Por\u00e9m, essas mesmas caracter\u00edsticas podem tornar a manuten\u00e7\u00e3o di\u00e1ria mais trabalhosa e menos pr\u00e1tica para muitos lares com uso intenso dos ambientes.<\/p>\n\n\n\n<p>O acabamento espelhado evidencia sujeira, respingos e marcas de p\u00e9s ou patas, causando a sensa\u00e7\u00e3o de piso \u201csempre sujo\u201d. A superf\u00edcie lisa aumenta o risco de escorreg\u00f5es quando molhada, exigindo cuidado redobrado em cozinhas, banheiros e varandas, al\u00e9m de aten\u00e7\u00e3o a riscos finos e desgaste causado por limpeza inadequada.<\/p>\n\n\n\n<p>Leia mais: <a href=\"https:\/\/www.em.com.br\/saude\/2026\/01\/7337054-doencas-inflamatorias-intestinais-alimentacao-ajuda-no-tratamento.html\" target=\"_blank\" rel=\"noreferrer noopener\">Doen\u00e7as inflamat\u00f3rias intestinais: alimenta\u00e7\u00e3o ajuda no tratamento<\/a><\/p>\n\n\n\n<h2 class=\"wp-block-heading\">Como o vidro na decora\u00e7\u00e3o influencia conforto e manuten\u00e7\u00e3o<\/h2>\n\n\n\n<p>O uso de vidro na decora\u00e7\u00e3o \u00e9 comum em projetos que priorizam transpar\u00eancia, entrada de luz natural e integra\u00e7\u00e3o entre ambientes. Elementos como paredes de vidro, guarda-corpos, portas deslizantes e pain\u00e9is aparecem com frequ\u00eancia em salas, varandas e escadas para ampliar visualmente os espa\u00e7os.<\/p>\n\n\n\n<p>Em \u00e1reas internas, o vidro pode ser aplicado em mesas, aparadores, divis\u00f3rias, boxes e esquadrias, criando um resultado leve e organizado. No entanto, o planejamento deve considerar incid\u00eancia solar, ventila\u00e7\u00e3o, privacidade e facilidade de acesso para limpeza, especialmente em grandes panos envidra\u00e7ados.<\/p>\n\n\n\n<ul class=\"wp-block-list\">\n<li>Em fachadas, o vidro deve ser combinado com elementos de sombreamento, como brises e cortinas.<\/li>\n\n\n\n<li>Em banheiros, o box em vidro temperado facilita a manuten\u00e7\u00e3o, mas acumula marcas de \u00e1gua se n\u00e3o houver rotina de secagem.<\/li>\n\n\n\n<li>Em guarda-corpos, a seguran\u00e7a depende de especifica\u00e7\u00f5es t\u00e9cnicas, espessura adequada e ferragens certificadas.<\/li>\n<\/ul>\n\n\n\n<h2 class=\"wp-block-heading\">Quais s\u00e3o as principais dificuldades do porcelanato polido e do uso excessivo de vidro<\/h2>\n\n\n<div class=\"wp-block-image\">\n<figure class=\"aligncenter size-large\"><img loading=\"lazy\" decoding=\"async\" width=\"1024\" height=\"576\" src=\"https:\/\/www.em.com.br\/emfoco\/wp-content\/uploads\/2026\/01\/vidro-sujo_1769138364106-1024x576.jpg\" alt=\"\" class=\"wp-image-159098\" srcset=\"https:\/\/www.em.com.br\/emfoco\/wp-content\/uploads\/2026\/01\/vidro-sujo_1769138364106-1024x576.jpg 1024w, https:\/\/www.em.com.br\/emfoco\/wp-content\/uploads\/2026\/01\/vidro-sujo_1769138364106-300x169.jpg 300w, https:\/\/www.em.com.br\/emfoco\/wp-content\/uploads\/2026\/01\/vidro-sujo_1769138364106-768x432.jpg 768w, https:\/\/www.em.com.br\/emfoco\/wp-content\/uploads\/2026\/01\/vidro-sujo_1769138364106-750x422.jpg 750w, https:\/\/www.em.com.br\/emfoco\/wp-content\/uploads\/2026\/01\/vidro-sujo_1769138364106-1140x641.jpg 1140w, https:\/\/www.em.com.br\/emfoco\/wp-content\/uploads\/2026\/01\/vidro-sujo_1769138364106.jpg 1280w\" sizes=\"auto, (max-width: 1024px) 100vw, 1024px\" \/><figcaption class=\"wp-element-caption\">Nem tudo que \u00e9 bonito na decora\u00e7\u00e3o funciona bem na rotina &#8211; Cr\u00e9ditos: depositphotos.com \/ Fokussiert<\/figcaption><\/figure><\/div>\n\n\n<p>Quando porcelanato polido e vidro aparecem em abund\u00e2ncia no mesmo projeto, a soma de superf\u00edcies altamente reflexivas pode gerar desconforto visual. O excesso de brilho e reflexos, aliado \u00e0 necessidade de limpeza constante, faz com que o ambiente dependa de manuten\u00e7\u00e3o frequente para parecer sempre organizado.<\/p>\n\n\n\n<p>No caso do porcelanato polido, as dificuldades mais comuns envolvem manchas, risco de escorregamento em \u00e1reas molhadas e necessidade eventual de polimento profissional. J\u00e1 o vidro em excesso pode causar calor interno elevado, falta de privacidade e ac\u00famulo vis\u00edvel de marcas de dedos, respingos e poeira.<\/p>\n\n\n\n<ul class=\"wp-block-list\">\n<li><strong>Manchas:<\/strong> l\u00edquidos coloridos e produtos inadequados podem deixar marcas permanentes no piso.<\/li>\n\n\n\n<li><strong>Escorregamento:<\/strong> risco maior em \u00e1reas molhadas e para pessoas com mobilidade reduzida.<\/li>\n\n\n\n<li><strong>Manuten\u00e7\u00e3o especializada:<\/strong> \u00e0s vezes \u00e9 preciso polimento profissional para recuperar o brilho.<\/li>\n\n\n\n<li><strong>Calor excessivo:<\/strong> grandes superf\u00edcies envidra\u00e7adas sem prote\u00e7\u00e3o aumentam a temperatura interna.<\/li>\n\n\n\n<li><strong>Falta de privacidade:<\/strong> fachadas e divis\u00f3rias transparentes exigem cortinas, persianas ou pel\u00edculas.<\/li>\n\n\n\n<li><strong>Ac\u00famulo de marcas:<\/strong> dedos e respingos ficam evidentes, principalmente em portas e pain\u00e9is grandes.<\/li>\n<\/ul>\n\n\n\n<p>Leia mais: <a href=\"https:\/\/www.em.com.br\/saude\/2026\/01\/7337498-generico-do-dexilant-usado-contra-refluxo-recebe-registro-da-anvisa.html\" target=\"_blank\" rel=\"noreferrer noopener\">Gen\u00e9rico do Dexilant, usado contra refluxo, recebe registro da Anvisa<\/a><\/p>\n\n\n\n<h2 class=\"wp-block-heading\">Como tornar o porcelanato polido e o vidro mais pr\u00e1ticos no dia a dia<\/h2>\n\n\n\n<p>A ado\u00e7\u00e3o desses materiais pode ser ajustada para se alinhar melhor \u00e0 rotina dos moradores, sem abdicar da est\u00e9tica. Uma solu\u00e7\u00e3o \u00e9 limitar o porcelanato polido a \u00e1reas sociais secas, preferindo acabamentos acetinados ou antiderrapantes em cozinhas, banheiros e varandas, reduzindo riscos de queda e exposi\u00e7\u00e3o a agentes que causam manchas.<\/p>\n\n\n\n<p>No uso do vidro na decora\u00e7\u00e3o, o planejamento pode incluir pel\u00edculas de controle solar, brises, cortinas e persianas para controlar calor, luz e privacidade. Al\u00e9m disso, \u00e9 fundamental avaliar o acesso para limpeza e seguir alguns crit\u00e9rios pr\u00e1ticos ao definir o projeto:<\/p>\n\n\n\n<ol class=\"wp-block-list\">\n<li>Definir o n\u00edvel de manuten\u00e7\u00e3o que o morador est\u00e1 disposto a assumir.<\/li>\n\n\n\n<li>Analisar a incid\u00eancia de sol e o fluxo di\u00e1rio de pessoas e animais.<\/li>\n\n\n\n<li>Combinar materiais brilhantes com superf\u00edcies foscas para equilibrar o ambiente.<\/li>\n\n\n\n<li>Priorizar a seguran\u00e7a em \u00e1reas molhadas e de circula\u00e7\u00e3o intensa.<\/li>\n<\/ol>\n\n\n\n<p>Ao considerar essas quest\u00f5es pr\u00e1ticas com anteced\u00eancia, porcelanato polido e vidro deixam de ser apenas elementos de impacto visual e se transformam em solu\u00e7\u00f5es coerentes com rotina, clima e perfil de quem utiliza o espa\u00e7o todos os dias.<\/p>\n","protected":false},"excerpt":{"rendered":"<p>A decora\u00e7\u00e3o de interiores ganhou grande visibilidade em redes sociais e revistas especializadas, o que levou muitas pessoas a buscarem refer\u00eancias visuais antes mesmo de observarem a pr\u00f3pria rotina. Em meio a tantas imagens de ambientes perfeitos, alguns elementos chamam aten\u00e7\u00e3o pela est\u00e9tica, mas podem trazer desafios no dia a dia, principalmente em casas com [&hellip;]<\/p>\n","protected":false},"author":20,"featured_media":159099,"comment_status":"open","ping_status":"open","sticky":false,"template":"","format":"standard","meta":{"jnews-multi-image_gallery":[],"jnews_single_post":{"format":"standard"},"jnews_primary_category":[],"jnews_social_meta":[],"jnews_override_counter":[],"footnotes":""},"categories":[8819,1],"tags":[2911,4687,3096],"class_list":["post-159088","post","type-post","status-publish","format-standard","has-post-thumbnail","hentry","category-curiosidades","category-noticias","tag-casa","tag-decoracao","tag-tendencias"],"yoast_head":"<!-- This site is optimized with the Yoast SEO plugin v23.8 - https:\/\/yoast.com\/wordpress\/plugins\/seo\/ -->\n<title>Ideias de decora\u00e7\u00e3o que s\u00e3o lindas, mas N\u00c3O funcionam no dia a dia - Estado de Minas - Em foco<\/title>\n<meta name=\"description\" content=\"Brilham nas fotos e prometem sofistica\u00e7\u00e3o, mas esses materiais exigem mais da rotina do que parece. Entenda quando eles viram problema no dia a dia.\" \/>\n<meta name=\"robots\" content=\"index, follow, max-snippet:-1, max-image-preview:large, max-video-preview:-1\" \/>\n<link rel=\"canonical\" href=\"https:\/\/www.em.com.br\/emfoco\/2026\/01\/24\/ideias-de-decoracao-que-sao-lindas-mas-nao-funcionam-no-dia-a-dia\/\" \/>\n<meta property=\"og:locale\" content=\"pt_BR\" \/>\n<meta property=\"og:type\" content=\"article\" \/>\n<meta property=\"og:title\" content=\"Ideias de decora\u00e7\u00e3o que s\u00e3o lindas, mas N\u00c3O funcionam no dia a dia - Estado de Minas - Em foco\" \/>\n<meta property=\"og:description\" content=\"Brilham nas fotos e prometem sofistica\u00e7\u00e3o, mas esses materiais exigem mais da rotina do que parece. Entenda quando eles viram problema no dia a dia.\" \/>\n<meta property=\"og:url\" content=\"https:\/\/www.em.com.br\/emfoco\/2026\/01\/24\/ideias-de-decoracao-que-sao-lindas-mas-nao-funcionam-no-dia-a-dia\/\" \/>\n<meta property=\"og:site_name\" content=\"Estado de Minas - Em foco\" \/>\n<meta property=\"article:published_time\" content=\"2026-01-24T12:35:00+00:00\" \/>\n<meta property=\"article:modified_time\" content=\"2026-01-23T03:29:37+00:00\" \/>\n<meta property=\"og:image\" content=\"https:\/\/www.em.com.br\/emfoco\/wp-content\/uploads\/2026\/01\/cozinha.png\" \/>\n\t<meta property=\"og:image:width\" content=\"1280\" \/>\n\t<meta property=\"og:image:height\" content=\"720\" \/>\n\t<meta property=\"og:image:type\" content=\"image\/png\" \/>\n<meta name=\"author\" content=\"Ingrid Diniz\" \/>\n<meta name=\"twitter:card\" content=\"summary_large_image\" \/>\n<meta name=\"twitter:label1\" content=\"Escrito por\" \/>\n\t<meta name=\"twitter:data1\" content=\"Ingrid Diniz\" \/>\n\t<meta name=\"twitter:label2\" content=\"Est. tempo de leitura\" \/>\n\t<meta name=\"twitter:data2\" content=\"5 minutos\" \/>\n<!-- \/ Yoast SEO plugin. -->","yoast_head_json":{"title":"Ideias de decora\u00e7\u00e3o que s\u00e3o lindas, mas N\u00c3O funcionam no dia a dia - Estado de Minas - Em foco","description":"Brilham nas fotos e prometem sofistica\u00e7\u00e3o, mas esses materiais exigem mais da rotina do que parece. Entenda quando eles viram problema no dia a dia.","robots":{"index":"index","follow":"follow","max-snippet":"max-snippet:-1","max-image-preview":"max-image-preview:large","max-video-preview":"max-video-preview:-1"},"canonical":"https:\/\/www.em.com.br\/emfoco\/2026\/01\/24\/ideias-de-decoracao-que-sao-lindas-mas-nao-funcionam-no-dia-a-dia\/","og_locale":"pt_BR","og_type":"article","og_title":"Ideias de decora\u00e7\u00e3o que s\u00e3o lindas, mas N\u00c3O funcionam no dia a dia - Estado de Minas - Em foco","og_description":"Brilham nas fotos e prometem sofistica\u00e7\u00e3o, mas esses materiais exigem mais da rotina do que parece. Entenda quando eles viram problema no dia a dia.","og_url":"https:\/\/www.em.com.br\/emfoco\/2026\/01\/24\/ideias-de-decoracao-que-sao-lindas-mas-nao-funcionam-no-dia-a-dia\/","og_site_name":"Estado de Minas - Em foco","article_published_time":"2026-01-24T12:35:00+00:00","article_modified_time":"2026-01-23T03:29:37+00:00","og_image":[{"width":1280,"height":720,"url":"https:\/\/www.em.com.br\/emfoco\/wp-content\/uploads\/2026\/01\/cozinha.png","type":"image\/png"}],"author":"Ingrid Diniz","twitter_card":"summary_large_image","twitter_misc":{"Escrito por":"Ingrid Diniz","Est. tempo de leitura":"5 minutos"},"schema":{"@context":"https:\/\/schema.org","@graph":[{"@type":"WebPage","@id":"https:\/\/www.em.com.br\/emfoco\/2026\/01\/24\/ideias-de-decoracao-que-sao-lindas-mas-nao-funcionam-no-dia-a-dia\/","url":"https:\/\/www.em.com.br\/emfoco\/2026\/01\/24\/ideias-de-decoracao-que-sao-lindas-mas-nao-funcionam-no-dia-a-dia\/","name":"Ideias de decora\u00e7\u00e3o que s\u00e3o lindas, mas N\u00c3O funcionam no dia a dia - Estado de Minas - Em foco","isPartOf":{"@id":"https:\/\/www.em.com.br\/emfoco\/#website"},"primaryImageOfPage":{"@id":"https:\/\/www.em.com.br\/emfoco\/2026\/01\/24\/ideias-de-decoracao-que-sao-lindas-mas-nao-funcionam-no-dia-a-dia\/#primaryimage"},"image":{"@id":"https:\/\/www.em.com.br\/emfoco\/2026\/01\/24\/ideias-de-decoracao-que-sao-lindas-mas-nao-funcionam-no-dia-a-dia\/#primaryimage"},"thumbnailUrl":"https:\/\/www.em.com.br\/emfoco\/wp-content\/uploads\/2026\/01\/cozinha.png","datePublished":"2026-01-24T12:35:00+00:00","dateModified":"2026-01-23T03:29:37+00:00","author":{"@id":"https:\/\/www.em.com.br\/emfoco\/#\/schema\/person\/649e610b4eb8fff87ff394e54fe17b2b"},"description":"Brilham nas fotos e prometem sofistica\u00e7\u00e3o, mas esses materiais exigem mais da rotina do que parece. Entenda quando eles viram problema no dia a dia.","breadcrumb":{"@id":"https:\/\/www.em.com.br\/emfoco\/2026\/01\/24\/ideias-de-decoracao-que-sao-lindas-mas-nao-funcionam-no-dia-a-dia\/#breadcrumb"},"inLanguage":"pt-BR","potentialAction":[{"@type":"ReadAction","target":["https:\/\/www.em.com.br\/emfoco\/2026\/01\/24\/ideias-de-decoracao-que-sao-lindas-mas-nao-funcionam-no-dia-a-dia\/"]}]},{"@type":"ImageObject","inLanguage":"pt-BR","@id":"https:\/\/www.em.com.br\/emfoco\/2026\/01\/24\/ideias-de-decoracao-que-sao-lindas-mas-nao-funcionam-no-dia-a-dia\/#primaryimage","url":"https:\/\/www.em.com.br\/emfoco\/wp-content\/uploads\/2026\/01\/cozinha.png","contentUrl":"https:\/\/www.em.com.br\/emfoco\/wp-content\/uploads\/2026\/01\/cozinha.png","width":1280,"height":720,"caption":"Nem tudo que \u00e9 bonito na decora\u00e7\u00e3o funciona bem na rotina"},{"@type":"BreadcrumbList","@id":"https:\/\/www.em.com.br\/emfoco\/2026\/01\/24\/ideias-de-decoracao-que-sao-lindas-mas-nao-funcionam-no-dia-a-dia\/#breadcrumb","itemListElement":[{"@type":"ListItem","position":1,"name":"In\u00edcio","item":"https:\/\/www.em.com.br\/emfoco\/"},{"@type":"ListItem","position":2,"name":"Ideias de decora\u00e7\u00e3o que s\u00e3o lindas, mas N\u00c3O funcionam no dia a dia"}]},{"@type":"WebSite","@id":"https:\/\/www.em.com.br\/emfoco\/#website","url":"https:\/\/www.em.com.br\/emfoco\/","name":"Estado de Minas - Em foco","description":"Acompanhe as \u00faltimas not\u00edcias e fique bem informado sobre tudo o que acontece em Minas Gerais, Brasil e no mundo.","potentialAction":[{"@type":"SearchAction","target":{"@type":"EntryPoint","urlTemplate":"https:\/\/www.em.com.br\/emfoco\/?s={search_term_string}"},"query-input":{"@type":"PropertyValueSpecification","valueRequired":true,"valueName":"search_term_string"}}],"inLanguage":"pt-BR"},{"@type":"Person","@id":"https:\/\/www.em.com.br\/emfoco\/#\/schema\/person\/649e610b4eb8fff87ff394e54fe17b2b","name":"Ingrid Diniz","image":{"@type":"ImageObject","inLanguage":"pt-BR","@id":"https:\/\/www.em.com.br\/emfoco\/#\/schema\/person\/image\/","url":"https:\/\/secure.gravatar.com\/avatar\/a3baa1449ec5c39b4c42babc9d4f3951?s=96&d=mm&r=g","contentUrl":"https:\/\/secure.gravatar.com\/avatar\/a3baa1449ec5c39b4c42babc9d4f3951?s=96&d=mm&r=g","caption":"Ingrid Diniz"},"sameAs":["https:\/\/www.em.com.br\/"],"url":"https:\/\/www.em.com.br\/emfoco\/author\/ingridmyth\/"}]}},"_links":{"self":[{"href":"https:\/\/www.em.com.br\/emfoco\/wp-json\/wp\/v2\/posts\/159088","targetHints":{"allow":["GET"]}}],"collection":[{"href":"https:\/\/www.em.com.br\/emfoco\/wp-json\/wp\/v2\/posts"}],"about":[{"href":"https:\/\/www.em.com.br\/emfoco\/wp-json\/wp\/v2\/types\/post"}],"author":[{"embeddable":true,"href":"https:\/\/www.em.com.br\/emfoco\/wp-json\/wp\/v2\/users\/20"}],"replies":[{"embeddable":true,"href":"https:\/\/www.em.com.br\/emfoco\/wp-json\/wp\/v2\/comments?post=159088"}],"version-history":[{"count":1,"href":"https:\/\/www.em.com.br\/emfoco\/wp-json\/wp\/v2\/posts\/159088\/revisions"}],"predecessor-version":[{"id":159100,"href":"https:\/\/www.em.com.br\/emfoco\/wp-json\/wp\/v2\/posts\/159088\/revisions\/159100"}],"wp:featuredmedia":[{"embeddable":true,"href":"https:\/\/www.em.com.br\/emfoco\/wp-json\/wp\/v2\/media\/159099"}],"wp:attachment":[{"href":"https:\/\/www.em.com.br\/emfoco\/wp-json\/wp\/v2\/media?parent=159088"}],"wp:term":[{"taxonomy":"category","embeddable":true,"href":"https:\/\/www.em.com.br\/emfoco\/wp-json\/wp\/v2\/categories?post=159088"},{"taxonomy":"post_tag","embeddable":true,"href":"https:\/\/www.em.com.br\/emfoco\/wp-json\/wp\/v2\/tags?post=159088"}],"curies":[{"name":"wp","href":"https:\/\/api.w.org\/{rel}","templated":true}]}}