{"id":159058,"date":"2026-01-26T14:05:00","date_gmt":"2026-01-26T17:05:00","guid":{"rendered":"https:\/\/www.em.com.br\/emfoco\/?p=159058"},"modified":"2026-01-22T23:47:00","modified_gmt":"2026-01-23T02:47:00","slug":"uma-das-redes-de-supermercado-mais-antigas-do-pais-fechou-mais-de-100-lojas-e-o-motivo-revela-uma-virada-que-ninguem-esperava","status":"publish","type":"post","link":"https:\/\/www.em.com.br\/emfoco\/2026\/01\/26\/uma-das-redes-de-supermercado-mais-antigas-do-pais-fechou-mais-de-100-lojas-e-o-motivo-revela-uma-virada-que-ninguem-esperava\/","title":{"rendered":"Uma das redes de supermercado mais antigas do pa\u00eds fechou mais de 100 lojas e o motivo revela uma virada que ningu\u00e9m esperava"},"content":{"rendered":"\n<h2 class=\"wp-block-heading\">A Colsubsidio fechou mais de 100 supermercados na Col\u00f4mbia. Pressionada pelo hard discount, alta de custos e mudan\u00e7a do consumo, a rede tradicional perdeu competitividade, gerou desemprego e exp\u00f4s a crise do varejo cl\u00e1ssico.<\/h2>\n\n\n\n<p>O fechamento de mais de 100 unidades da <strong>Colsubsidio<\/strong>, uma das redes de supermercados mais tradicionais da Col\u00f4mbia, marca uma virada dura no varejo latino-americano. A decis\u00e3o exp\u00f5e como nem d\u00e9cadas de presen\u00e7a conseguem resistir \u00e0 press\u00e3o do modelo hard discount.<\/p>\n\n\n\n<h2 class=\"wp-block-heading\">Por que o fechamento da Colsubsidio chocou o mercado?<\/h2>\n\n\n\n<p>A <a href=\"https:\/\/www.colsubsidio.com\/\" target=\"_blank\" rel=\"noreferrer noopener\"><strong>Colsubsidio<\/strong> <\/a>n\u00e3o era apenas uma rede varejista, mas uma refer\u00eancia social e econ\u00f4mica em diversas regi\u00f5es da Col\u00f4mbia. Com forte presen\u00e7a em bairros populares, a empresa acumulou d\u00e9cadas de atua\u00e7\u00e3o cont\u00ednua no abastecimento alimentar.<\/p>\n\n\n\n<p>O encerramento de mais de 100 lojas representa n\u00e3o s\u00f3 uma retra\u00e7\u00e3o operacional, mas um s\u00edmbolo claro de que o varejo tradicional perdeu competitividade diante de estruturas mais enxutas, pre\u00e7os agressivos e margens extremamente comprimidas no cen\u00e1rio atual.<\/p>\n\n\n\n<figure class=\"wp-block-image size-large\"><img loading=\"lazy\" decoding=\"async\" width=\"1024\" height=\"576\" src=\"https:\/\/www.em.com.br\/emfoco\/wp-content\/uploads\/2026\/01\/AIAI-11-32-1024x576.jpg\" alt=\"Uma das redes de supermercado mais antigas do pa\u00eds fechou mais de 100 lojas e o motivo revela uma virada que ningu\u00e9m esperava\" class=\"wp-image-159076\" srcset=\"https:\/\/www.em.com.br\/emfoco\/wp-content\/uploads\/2026\/01\/AIAI-11-32-1024x576.jpg 1024w, https:\/\/www.em.com.br\/emfoco\/wp-content\/uploads\/2026\/01\/AIAI-11-32-300x169.jpg 300w, https:\/\/www.em.com.br\/emfoco\/wp-content\/uploads\/2026\/01\/AIAI-11-32-768x432.jpg 768w, https:\/\/www.em.com.br\/emfoco\/wp-content\/uploads\/2026\/01\/AIAI-11-32-750x422.jpg 750w, https:\/\/www.em.com.br\/emfoco\/wp-content\/uploads\/2026\/01\/AIAI-11-32-1140x641.jpg 1140w, https:\/\/www.em.com.br\/emfoco\/wp-content\/uploads\/2026\/01\/AIAI-11-32.jpg 1280w\" sizes=\"auto, (max-width: 1024px) 100vw, 1024px\" \/><figcaption class=\"wp-element-caption\">Encerramento chocou mercado ao simbolizar perda de competitividade hist\u00f3rica regional<\/figcaption><\/figure>\n\n\n\n<h2 class=\"wp-block-heading\">Quais fatores levaram a Colsubsidio ao colapso?<\/h2>\n\n\n\n<p>O fechamento n\u00e3o aconteceu por um \u00fanico erro estrat\u00e9gico, mas pela converg\u00eancia de press\u00f5es estruturais que se intensificaram nos \u00faltimos anos. Entre os principais fatores que explicam a queda est\u00e3o os pontos listados a seguir.<\/p>\n\n\n\n<ul class=\"wp-block-list\">\n<li><strong>Avan\u00e7o do hard discount<\/strong>: redes como D1 e Ara dominaram o mercado com custos operacionais m\u00ednimos e foco absoluto em pre\u00e7o.<\/li>\n\n\n\n<li><strong>Infla\u00e7\u00e3o e custos log\u00edsticos<\/strong>: o aumento no transporte, energia e importa\u00e7\u00f5es corroeu margens j\u00e1 fragilizadas.<\/li>\n\n\n\n<li><strong>Mudan\u00e7a do consumidor<\/strong>: proximidade, rapidez e pre\u00e7o superaram a experi\u00eancia de grandes supermercados.<\/li>\n<\/ul>\n\n\n\n<h2 class=\"wp-block-heading\">Qual foi o impacto econ\u00f4mico e social do fechamento?<\/h2>\n\n\n\n<p>O fechamento em massa das lojas da <strong>Colsubsidio<\/strong> provocou efeitos imediatos no mercado de trabalho e na cadeia de suprimentos. Milhares de funcion\u00e1rios diretos e terceirizados foram desligados em um curto intervalo de tempo.<\/p>\n\n\n\n<p>Al\u00e9m do desemprego, pequenos fornecedores regionais passaram a enfrentar dificuldades para recuperar cr\u00e9ditos de mercadorias entregues, criando um efeito domin\u00f3 que atinge agricultura, transporte e ind\u00fastrias locais.<\/p>\n\n\n\n<figure class=\"wp-block-image size-large\"><img loading=\"lazy\" decoding=\"async\" width=\"1024\" height=\"576\" src=\"https:\/\/www.em.com.br\/emfoco\/wp-content\/uploads\/2026\/01\/AIAI-12-27-1024x576.jpg\" alt=\"Uma das redes de supermercado mais antigas do pa\u00eds fechou mais de 100 lojas e o motivo revela uma virada que ningu\u00e9m esperava\" class=\"wp-image-159077\" srcset=\"https:\/\/www.em.com.br\/emfoco\/wp-content\/uploads\/2026\/01\/AIAI-12-27-1024x576.jpg 1024w, https:\/\/www.em.com.br\/emfoco\/wp-content\/uploads\/2026\/01\/AIAI-12-27-300x169.jpg 300w, https:\/\/www.em.com.br\/emfoco\/wp-content\/uploads\/2026\/01\/AIAI-12-27-768x432.jpg 768w, https:\/\/www.em.com.br\/emfoco\/wp-content\/uploads\/2026\/01\/AIAI-12-27-750x422.jpg 750w, https:\/\/www.em.com.br\/emfoco\/wp-content\/uploads\/2026\/01\/AIAI-12-27-1140x641.jpg 1140w, https:\/\/www.em.com.br\/emfoco\/wp-content\/uploads\/2026\/01\/AIAI-12-27.jpg 1280w\" sizes=\"auto, (max-width: 1024px) 100vw, 1024px\" \/><figcaption class=\"wp-element-caption\">Fechamento gerou desemprego e afetou fornecedores regionais e cadeias produtivas<\/figcaption><\/figure>\n\n\n\n<p><em>Leia mais: <em><strong><a href=\"https:\/\/www.em.com.br\/emfoco\/2026\/01\/22\/bancos-estao-bloqueando-contas-preventivamente-e-justica-ja-condena-pratica-por-abuso\/\" target=\"_blank\" rel=\"noreferrer noopener\">Bancos est\u00e3o bloqueando contas preventivamente e Justi\u00e7a j\u00e1 condena pr\u00e1tica por abuso<\/a><\/strong><\/em><\/em><\/p>\n\n\n\n<h2 class=\"wp-block-heading\">O que o caso Colsubsidio revela sobre o varejo moderno?<\/h2>\n\n\n\n<p>A queda da <strong>Colsubsidio<\/strong> exp\u00f5e uma ruptura estrutural no setor: escala e tradi\u00e7\u00e3o j\u00e1 n\u00e3o garantem sobreviv\u00eancia. Modelos pesados, com muitos funcion\u00e1rios e alto consumo energ\u00e9tico, perderam competitividade frente \u00e0 efici\u00eancia extrema.<\/p>\n\n\n\n<p>No varejo atual, decis\u00f5es s\u00e3o guiadas por dados, giro r\u00e1pido de estoque e controle rigoroso de custos. Redes que n\u00e3o conseguem se adaptar a esse padr\u00e3o tendem a perder espa\u00e7o rapidamente, mesmo com forte reconhecimento de marca.<\/p>\n\n\n\n<h2 class=\"wp-block-heading\">Quais li\u00e7\u00f5es ficam para o varejo brasileiro?<\/h2>\n\n\n\n<p>O caso colombiano funciona como alerta direto para o Brasil, onde hipermercados e redes tradicionais enfrentam press\u00e3o crescente de atacarejos e lojas de bairro. As principais li\u00e7\u00f5es pr\u00e1ticas ficam claras nos pontos abaixo.<\/p>\n\n\n\n<ul class=\"wp-block-list\">\n<li><strong>Estrutura enxuta<\/strong>: opera\u00e7\u00f5es pesadas elevam custos fixos e reduzem resili\u00eancia em crises.<\/li>\n\n\n\n<li><strong>Pre\u00e7o como prioridade<\/strong>: o consumidor atual aceita menos variedade em troca de economia.<\/li>\n\n\n\n<li><strong>Adapta\u00e7\u00e3o cont\u00ednua<\/strong>: tradi\u00e7\u00e3o sem inova\u00e7\u00e3o acelera o risco de colapso.<\/li>\n<\/ul>\n\n\n\n<p>O encerramento da <strong>Colsubsidio<\/strong> encerra um ciclo hist\u00f3rico no varejo colombiano e deixa um recado direto para o setor: efici\u00eancia, pre\u00e7o e agilidade n\u00e3o s\u00e3o mais diferenciais, mas requisitos b\u00e1sicos de sobreviv\u00eancia.<\/p>\n","protected":false},"excerpt":{"rendered":"<p>A Colsubsidio fechou mais de 100 supermercados na Col\u00f4mbia. Pressionada pelo hard discount, alta de custos e mudan\u00e7a do consumo, a rede tradicional perdeu competitividade, gerou desemprego e exp\u00f4s a crise do varejo cl\u00e1ssico. O fechamento de mais de 100 unidades da Colsubsidio, uma das redes de supermercados mais tradicionais da Col\u00f4mbia, marca uma virada [&hellip;]<\/p>\n","protected":false},"author":13,"featured_media":159075,"comment_status":"open","ping_status":"open","sticky":false,"template":"","format":"standard","meta":{"jnews-multi-image_gallery":[],"jnews_single_post":{"format":"standard"},"jnews_primary_category":[],"jnews_social_meta":[],"jnews_override_counter":[],"footnotes":""},"categories":[28],"tags":[23273,5478,16556],"class_list":["post-159058","post","type-post","status-publish","format-standard","has-post-thumbnail","hentry","category-economia","tag-colsubsidio","tag-falencia","tag-varejista"],"yoast_head":"<!-- This site is optimized with the Yoast SEO plugin v23.8 - https:\/\/yoast.com\/wordpress\/plugins\/seo\/ -->\n<title>Uma das redes de supermercado mais antigas do pa\u00eds fechou mais de 100 lojas e o motivo revela uma virada que ningu\u00e9m esperava - Estado de Minas - Em foco<\/title>\n<meta name=\"description\" content=\"O fechamento em massa de uma das redes mais antigas da Col\u00f4mbia exp\u00f5e o colapso silencioso do varejo tradicional. Entenda por qu\u00ea.\" \/>\n<meta name=\"robots\" content=\"index, follow, max-snippet:-1, max-image-preview:large, max-video-preview:-1\" \/>\n<link rel=\"canonical\" href=\"https:\/\/www.em.com.br\/emfoco\/2026\/01\/26\/uma-das-redes-de-supermercado-mais-antigas-do-pais-fechou-mais-de-100-lojas-e-o-motivo-revela-uma-virada-que-ninguem-esperava\/\" \/>\n<meta property=\"og:locale\" content=\"pt_BR\" \/>\n<meta property=\"og:type\" content=\"article\" \/>\n<meta property=\"og:title\" content=\"Uma das redes de supermercado mais antigas do pa\u00eds fechou mais de 100 lojas e o motivo revela uma virada que ningu\u00e9m esperava - Estado de Minas - Em foco\" \/>\n<meta property=\"og:description\" content=\"O fechamento em massa de uma das redes mais antigas da Col\u00f4mbia exp\u00f5e o colapso silencioso do varejo tradicional. Entenda por qu\u00ea.\" \/>\n<meta property=\"og:url\" content=\"https:\/\/www.em.com.br\/emfoco\/2026\/01\/26\/uma-das-redes-de-supermercado-mais-antigas-do-pais-fechou-mais-de-100-lojas-e-o-motivo-revela-uma-virada-que-ninguem-esperava\/\" \/>\n<meta property=\"og:site_name\" content=\"Estado de Minas - Em foco\" \/>\n<meta property=\"article:published_time\" content=\"2026-01-26T17:05:00+00:00\" \/>\n<meta property=\"article:modified_time\" content=\"2026-01-23T02:47:00+00:00\" \/>\n<meta property=\"og:image\" content=\"https:\/\/www.em.com.br\/emfoco\/wp-content\/uploads\/2026\/01\/AIAI-10-36.jpg\" \/>\n\t<meta property=\"og:image:width\" content=\"1280\" \/>\n\t<meta property=\"og:image:height\" content=\"720\" \/>\n\t<meta property=\"og:image:type\" content=\"image\/jpeg\" \/>\n<meta name=\"author\" content=\"Gabriel Martins\" \/>\n<meta name=\"twitter:card\" content=\"summary_large_image\" \/>\n<meta name=\"twitter:label1\" content=\"Escrito por\" \/>\n\t<meta name=\"twitter:data1\" content=\"Gabriel Martins\" \/>\n\t<meta name=\"twitter:label2\" content=\"Est. tempo de leitura\" \/>\n\t<meta name=\"twitter:data2\" content=\"4 minutos\" \/>\n<!-- \/ Yoast SEO plugin. -->","yoast_head_json":{"title":"Uma das redes de supermercado mais antigas do pa\u00eds fechou mais de 100 lojas e o motivo revela uma virada que ningu\u00e9m esperava - Estado de Minas - Em foco","description":"O fechamento em massa de uma das redes mais antigas da Col\u00f4mbia exp\u00f5e o colapso silencioso do varejo tradicional. Entenda por qu\u00ea.","robots":{"index":"index","follow":"follow","max-snippet":"max-snippet:-1","max-image-preview":"max-image-preview:large","max-video-preview":"max-video-preview:-1"},"canonical":"https:\/\/www.em.com.br\/emfoco\/2026\/01\/26\/uma-das-redes-de-supermercado-mais-antigas-do-pais-fechou-mais-de-100-lojas-e-o-motivo-revela-uma-virada-que-ninguem-esperava\/","og_locale":"pt_BR","og_type":"article","og_title":"Uma das redes de supermercado mais antigas do pa\u00eds fechou mais de 100 lojas e o motivo revela uma virada que ningu\u00e9m esperava - Estado de Minas - Em foco","og_description":"O fechamento em massa de uma das redes mais antigas da Col\u00f4mbia exp\u00f5e o colapso silencioso do varejo tradicional. Entenda por qu\u00ea.","og_url":"https:\/\/www.em.com.br\/emfoco\/2026\/01\/26\/uma-das-redes-de-supermercado-mais-antigas-do-pais-fechou-mais-de-100-lojas-e-o-motivo-revela-uma-virada-que-ninguem-esperava\/","og_site_name":"Estado de Minas - Em foco","article_published_time":"2026-01-26T17:05:00+00:00","article_modified_time":"2026-01-23T02:47:00+00:00","og_image":[{"width":1280,"height":720,"url":"https:\/\/www.em.com.br\/emfoco\/wp-content\/uploads\/2026\/01\/AIAI-10-36.jpg","type":"image\/jpeg"}],"author":"Gabriel Martins","twitter_card":"summary_large_image","twitter_misc":{"Escrito por":"Gabriel Martins","Est. tempo de leitura":"4 minutos"},"schema":{"@context":"https:\/\/schema.org","@graph":[{"@type":"WebPage","@id":"https:\/\/www.em.com.br\/emfoco\/2026\/01\/26\/uma-das-redes-de-supermercado-mais-antigas-do-pais-fechou-mais-de-100-lojas-e-o-motivo-revela-uma-virada-que-ninguem-esperava\/","url":"https:\/\/www.em.com.br\/emfoco\/2026\/01\/26\/uma-das-redes-de-supermercado-mais-antigas-do-pais-fechou-mais-de-100-lojas-e-o-motivo-revela-uma-virada-que-ninguem-esperava\/","name":"Uma das redes de supermercado mais antigas do pa\u00eds fechou mais de 100 lojas e o motivo revela uma virada que ningu\u00e9m esperava - Estado de Minas - Em foco","isPartOf":{"@id":"https:\/\/www.em.com.br\/emfoco\/#website"},"primaryImageOfPage":{"@id":"https:\/\/www.em.com.br\/emfoco\/2026\/01\/26\/uma-das-redes-de-supermercado-mais-antigas-do-pais-fechou-mais-de-100-lojas-e-o-motivo-revela-uma-virada-que-ninguem-esperava\/#primaryimage"},"image":{"@id":"https:\/\/www.em.com.br\/emfoco\/2026\/01\/26\/uma-das-redes-de-supermercado-mais-antigas-do-pais-fechou-mais-de-100-lojas-e-o-motivo-revela-uma-virada-que-ninguem-esperava\/#primaryimage"},"thumbnailUrl":"https:\/\/www.em.com.br\/emfoco\/wp-content\/uploads\/2026\/01\/AIAI-10-36.jpg","datePublished":"2026-01-26T17:05:00+00:00","dateModified":"2026-01-23T02:47:00+00:00","author":{"@id":"https:\/\/www.em.com.br\/emfoco\/#\/schema\/person\/1c9ddeab18b98abeffef834667bcf08a"},"description":"O fechamento em massa de uma das redes mais antigas da Col\u00f4mbia exp\u00f5e o colapso silencioso do varejo tradicional. Entenda por qu\u00ea.","breadcrumb":{"@id":"https:\/\/www.em.com.br\/emfoco\/2026\/01\/26\/uma-das-redes-de-supermercado-mais-antigas-do-pais-fechou-mais-de-100-lojas-e-o-motivo-revela-uma-virada-que-ninguem-esperava\/#breadcrumb"},"inLanguage":"pt-BR","potentialAction":[{"@type":"ReadAction","target":["https:\/\/www.em.com.br\/emfoco\/2026\/01\/26\/uma-das-redes-de-supermercado-mais-antigas-do-pais-fechou-mais-de-100-lojas-e-o-motivo-revela-uma-virada-que-ninguem-esperava\/"]}]},{"@type":"ImageObject","inLanguage":"pt-BR","@id":"https:\/\/www.em.com.br\/emfoco\/2026\/01\/26\/uma-das-redes-de-supermercado-mais-antigas-do-pais-fechou-mais-de-100-lojas-e-o-motivo-revela-uma-virada-que-ninguem-esperava\/#primaryimage","url":"https:\/\/www.em.com.br\/emfoco\/wp-content\/uploads\/2026\/01\/AIAI-10-36.jpg","contentUrl":"https:\/\/www.em.com.br\/emfoco\/wp-content\/uploads\/2026\/01\/AIAI-10-36.jpg","width":1280,"height":720,"caption":"Fechamento da Colsubsidio exp\u00f5e fragilidade do varejo tradicional frente ao hard discount"},{"@type":"BreadcrumbList","@id":"https:\/\/www.em.com.br\/emfoco\/2026\/01\/26\/uma-das-redes-de-supermercado-mais-antigas-do-pais-fechou-mais-de-100-lojas-e-o-motivo-revela-uma-virada-que-ninguem-esperava\/#breadcrumb","itemListElement":[{"@type":"ListItem","position":1,"name":"In\u00edcio","item":"https:\/\/www.em.com.br\/emfoco\/"},{"@type":"ListItem","position":2,"name":"Uma das redes de supermercado mais antigas do pa\u00eds fechou mais de 100 lojas e o motivo revela uma virada que ningu\u00e9m esperava"}]},{"@type":"WebSite","@id":"https:\/\/www.em.com.br\/emfoco\/#website","url":"https:\/\/www.em.com.br\/emfoco\/","name":"Estado de Minas - Em foco","description":"Acompanhe as \u00faltimas not\u00edcias e fique bem informado sobre tudo o que acontece em Minas Gerais, Brasil e no mundo.","potentialAction":[{"@type":"SearchAction","target":{"@type":"EntryPoint","urlTemplate":"https:\/\/www.em.com.br\/emfoco\/?s={search_term_string}"},"query-input":{"@type":"PropertyValueSpecification","valueRequired":true,"valueName":"search_term_string"}}],"inLanguage":"pt-BR"},{"@type":"Person","@id":"https:\/\/www.em.com.br\/emfoco\/#\/schema\/person\/1c9ddeab18b98abeffef834667bcf08a","name":"Gabriel Martins","image":{"@type":"ImageObject","inLanguage":"pt-BR","@id":"https:\/\/www.em.com.br\/emfoco\/#\/schema\/person\/image\/","url":"https:\/\/secure.gravatar.com\/avatar\/f0f1e2efdfd88f1ad2cb08c5c2731e50?s=96&d=mm&r=g","contentUrl":"https:\/\/secure.gravatar.com\/avatar\/f0f1e2efdfd88f1ad2cb08c5c2731e50?s=96&d=mm&r=g","caption":"Gabriel Martins"},"sameAs":["https:\/\/www.em.com.br\/emfoco\/"],"url":"https:\/\/www.em.com.br\/emfoco\/author\/gabrielmartinsmyth\/"}]}},"_links":{"self":[{"href":"https:\/\/www.em.com.br\/emfoco\/wp-json\/wp\/v2\/posts\/159058","targetHints":{"allow":["GET"]}}],"collection":[{"href":"https:\/\/www.em.com.br\/emfoco\/wp-json\/wp\/v2\/posts"}],"about":[{"href":"https:\/\/www.em.com.br\/emfoco\/wp-json\/wp\/v2\/types\/post"}],"author":[{"embeddable":true,"href":"https:\/\/www.em.com.br\/emfoco\/wp-json\/wp\/v2\/users\/13"}],"replies":[{"embeddable":true,"href":"https:\/\/www.em.com.br\/emfoco\/wp-json\/wp\/v2\/comments?post=159058"}],"version-history":[{"count":1,"href":"https:\/\/www.em.com.br\/emfoco\/wp-json\/wp\/v2\/posts\/159058\/revisions"}],"predecessor-version":[{"id":159078,"href":"https:\/\/www.em.com.br\/emfoco\/wp-json\/wp\/v2\/posts\/159058\/revisions\/159078"}],"wp:featuredmedia":[{"embeddable":true,"href":"https:\/\/www.em.com.br\/emfoco\/wp-json\/wp\/v2\/media\/159075"}],"wp:attachment":[{"href":"https:\/\/www.em.com.br\/emfoco\/wp-json\/wp\/v2\/media?parent=159058"}],"wp:term":[{"taxonomy":"category","embeddable":true,"href":"https:\/\/www.em.com.br\/emfoco\/wp-json\/wp\/v2\/categories?post=159058"},{"taxonomy":"post_tag","embeddable":true,"href":"https:\/\/www.em.com.br\/emfoco\/wp-json\/wp\/v2\/tags?post=159058"}],"curies":[{"name":"wp","href":"https:\/\/api.w.org\/{rel}","templated":true}]}}