{"id":159034,"date":"2026-01-23T11:00:00","date_gmt":"2026-01-23T14:00:00","guid":{"rendered":"https:\/\/www.em.com.br\/emfoco\/?p=159034"},"modified":"2026-01-23T10:25:02","modified_gmt":"2026-01-23T13:25:02","slug":"como-eliminar-rugas-no-pescoco-e-melhorar-a-pele-do-rosto-facil-rapido-e-sem-sair-de-casa","status":"publish","type":"post","link":"https:\/\/www.em.com.br\/emfoco\/2026\/01\/23\/como-eliminar-rugas-no-pescoco-e-melhorar-a-pele-do-rosto-facil-rapido-e-sem-sair-de-casa\/","title":{"rendered":"Como eliminar rugas no pesco\u00e7o e melhorar a pele do rosto: f\u00e1cil, r\u00e1pido e sem sair de casa"},"content":{"rendered":"\n<p>O aparecimento de&nbsp;<strong>rugas no pesco\u00e7o<\/strong>&nbsp;costuma chamar a aten\u00e7\u00e3o mesmo quando a pele do rosto ainda est\u00e1 firme e luminosa. Isso acontece porque a regi\u00e3o cervical \u00e9 mais delicada, recebe menos cuidados di\u00e1rios e sofre muito com sol, postura ruim e uso constante de telas, o que favorece linhas marcadas, flacidez e perda de contorno entre queixo, mand\u00edbula e colo.<\/p>\n\n\n\n<h2 class=\"wp-block-heading\">O que causa rugas no pesco\u00e7o e por que elas aparecem mais r\u00e1pido?<\/h2>\n\n\n\n<p>A pele do pesco\u00e7o \u00e9 mais fina, com menos gl\u00e2ndulas seb\u00e1ceas e maior tend\u00eancia ao ressecamento, o que acelera a perda de elasticidade. Somado a isso, a \u00e1rea fica quase sempre exposta ao sol, muitas vezes sem protetor solar, e \u00e9 muito usada em movimentos di\u00e1rios, como falar, olhar o celular e virar a cabe\u00e7a.<\/p>\n\n\n\n<p>Alguns fatores se combinam e fazem o pesco\u00e7o envelhecer visualmente antes do rosto, mesmo em quem cuida bem da pele facial. Entre os principais, destacam-se:<\/p>\n\n\n\n<ul class=\"wp-block-list\">\n<li><strong>Envelhecimento natural<\/strong>\u00a0\u2013 redu\u00e7\u00e3o de col\u00e1geno, elastina e \u00e1cido hialur\u00f4nico.<\/li>\n\n\n\n<li><strong>Exposi\u00e7\u00e3o solar cr\u00f4nica<\/strong>\u00a0\u2013 fotoenvelhecimento, manchas e textura irregular.<\/li>\n\n\n\n<li><strong>Postura prolongada<\/strong>\u00a0\u2013 inclina\u00e7\u00e3o do pesco\u00e7o ao usar celulares, tablets e computadores.<\/li>\n\n\n\n<li><strong>Fumo e polui\u00e7\u00e3o<\/strong>\u00a0\u2013 aumento de radicais livres e dano \u00e0s fibras de sustenta\u00e7\u00e3o da pele.<\/li>\n\n\n\n<li><strong>Falta de cuidados di\u00e1rios<\/strong>\u00a0\u2013 aus\u00eancia de hidrata\u00e7\u00e3o e protetor solar na regi\u00e3o.<\/li>\n<\/ul>\n\n\n\n<figure class=\"wp-block-image size-large\"><img loading=\"lazy\" decoding=\"async\" width=\"1024\" height=\"576\" src=\"https:\/\/www.em.com.br\/emfoco\/wp-content\/uploads\/2026\/01\/Gemini_Generated_Image_d2n67yd2n67yd2n6-1-1024x576.png\" alt=\"Rugas no pesco\u00e7o exigem aten\u00e7\u00e3o e poucos sabem disso\" class=\"wp-image-159037\" srcset=\"https:\/\/www.em.com.br\/emfoco\/wp-content\/uploads\/2026\/01\/Gemini_Generated_Image_d2n67yd2n67yd2n6-1-1024x576.png 1024w, https:\/\/www.em.com.br\/emfoco\/wp-content\/uploads\/2026\/01\/Gemini_Generated_Image_d2n67yd2n67yd2n6-1-300x169.png 300w, https:\/\/www.em.com.br\/emfoco\/wp-content\/uploads\/2026\/01\/Gemini_Generated_Image_d2n67yd2n67yd2n6-1-768x432.png 768w, https:\/\/www.em.com.br\/emfoco\/wp-content\/uploads\/2026\/01\/Gemini_Generated_Image_d2n67yd2n67yd2n6-1-750x422.png 750w, https:\/\/www.em.com.br\/emfoco\/wp-content\/uploads\/2026\/01\/Gemini_Generated_Image_d2n67yd2n67yd2n6-1-1140x641.png 1140w, https:\/\/www.em.com.br\/emfoco\/wp-content\/uploads\/2026\/01\/Gemini_Generated_Image_d2n67yd2n67yd2n6-1.png 1280w\" sizes=\"auto, (max-width: 1024px) 100vw, 1024px\" \/><figcaption class=\"wp-element-caption\">Rugas no pesco\u00e7o exigem aten\u00e7\u00e3o e poucos sabem disso<\/figcaption><\/figure>\n\n\n\n<h2 class=\"wp-block-heading\">Como prevenir e suavizar rugas no pesco\u00e7o no dia a dia<\/h2>\n\n\n\n<p>Para prevenir&nbsp;<strong>rugas no pesco\u00e7o<\/strong>, a recomenda\u00e7\u00e3o \u00e9 estender a rotina facial at\u00e9 o colo, ajustando texturas e produtos ao tipo de pele. Cuidados simples, feitos todos os dias, ajudam a manter a firmeza, a uniformidade e o vi\u00e7o da regi\u00e3o cervical.<\/p>\n\n\n\n<p>Medidas como higieniza\u00e7\u00e3o suave, hidrata\u00e7\u00e3o di\u00e1ria e prote\u00e7\u00e3o solar ampla fazem diferen\u00e7a com o passar do tempo. Al\u00e9m disso, postura adequada e estilo de vida equilibrado ajudam a reduzir a forma\u00e7\u00e3o de vincos e flacidez.<\/p>\n\n\n\n<h3 class=\"wp-block-heading\">Como preparar uma m\u00e1scara facial simples em casa<\/h3>\n\n\n\n<table style=\"width:100%; border-collapse:separate; border-spacing:0; font-family:Arial, sans-serif; background:#f4faf8; border-radius:16px; overflow:hidden;\">\n  <thead>\n    <tr style=\"background:#2fb8ac; color:#355f5a;\">\n      <th style=\"padding:16px; text-align:left;\">Etapa<\/th>\n      <th style=\"padding:16px; text-align:left;\">O que fazer<\/th>\n      <th style=\"padding:16px; text-align:left;\">Objetivo do cuidado<\/th>\n    <\/tr>\n  <\/thead>\n\n  <tbody>\n    <tr style=\"background:#ffffff;\">\n      <td style=\"padding:14px; color:#355f5a; font-weight:600;\">\n        Prepara\u00e7\u00e3o\n      <\/td>\n      <td style=\"padding:14px; color:#355f5a;\">\n        Misture a gelatina em p\u00f3 com suco de laranja natural at\u00e9 come\u00e7ar a hidratar.\n      <\/td>\n      <td style=\"padding:14px; color:#355f5a;\">\n        Ativar a gelatina e incorporar os nutrientes do suco.\n      <\/td>\n    <\/tr>\n\n    <tr style=\"background:#e6f3f1;\">\n      <td style=\"padding:14px; color:#355f5a; font-weight:600;\">\n        Descanso da mistura\n      <\/td>\n      <td style=\"padding:14px; color:#355f5a;\">\n        Deixe a mistura repousar at\u00e9 atingir uma textura homog\u00eanea.\n      <\/td>\n      <td style=\"padding:14px; color:#355f5a;\">\n        Garantir aplica\u00e7\u00e3o uniforme na pele.\n      <\/td>\n    <\/tr>\n\n    <tr style=\"background:#ffffff;\">\n      <td style=\"padding:14px; color:#355f5a; font-weight:600;\">\n        Aplica\u00e7\u00e3o\n      <\/td>\n      <td style=\"padding:14px; color:#355f5a;\">\n        Aplique no pesco\u00e7o limpo e seco, espalhando de forma suave.\n      <\/td>\n      <td style=\"padding:14px; color:#355f5a;\">\n        Hidratar e melhorar a textura da pele da regi\u00e3o.\n      <\/td>\n    <\/tr>\n\n    <tr style=\"background:#e6f3f1;\">\n      <td style=\"padding:14px; color:#355f5a; font-weight:600;\">\n        Tempo de a\u00e7\u00e3o\n      <\/td>\n      <td style=\"padding:14px; color:#355f5a;\">\n        Deixe agir por alguns minutos, sem movimentar excessivamente a \u00e1rea.\n      <\/td>\n      <td style=\"padding:14px; color:#355f5a;\">\n        Permitir que os ativos atuem de forma gradual.\n      <\/td>\n    <\/tr>\n\n    <tr style=\"background:#ffffff;\">\n      <td style=\"padding:14px; color:#355f5a; font-weight:600;\">\n        Remo\u00e7\u00e3o\n      <\/td>\n      <td style=\"padding:14px; color:#355f5a;\">\n        Remova com \u00e1gua morna, sem esfregar.\n      <\/td>\n      <td style=\"padding:14px; color:#355f5a;\">\n        Evitar irrita\u00e7\u00f5es e preservar a hidrata\u00e7\u00e3o natural da pele.\n      <\/td>\n    <\/tr>\n\n    <tr style=\"background:#e6f3f1;\">\n      <td style=\"padding:14px; color:#355f5a; font-weight:600;\">\n        Resultado esperado\n      <\/td>\n      <td style=\"padding:14px; color:#355f5a;\">\n        Uso cont\u00ednuo pode melhorar textura e hidrata\u00e7\u00e3o.\n      <\/td>\n      <td style=\"padding:14px; color:#355f5a;\">\n        N\u00e3o elimina rugas; trata-se de um cuidado complementar.\n      <\/td>\n    <\/tr>\n  <\/tbody>\n<\/table>\n\n<p style=\"margin-top:12px; font-family:Arial, sans-serif; color:#355f5a;\">\n<strong>Aviso:<\/strong> n\u00e3o existem resultados m\u00e1gicos. Este cuidado caseiro atua de forma gradual e n\u00e3o substitui tratamentos dermatol\u00f3gicos.\n<\/p>\n\n\n\n\n<h2 class=\"wp-block-heading\">Como a gelatina pode ajudar nas rugas do pesco\u00e7o<\/h2>\n\n\n\n<p>A gelatina sem sabor, \u00e9 obtida de prote\u00ednas estruturais animais e fornece amino\u00e1cidos que participam da s\u00edntese de col\u00e1geno. Ela vem sendo usada como suplemento para apoiar a sa\u00fade da pele, unhas, cabelos, articula\u00e7\u00f5es e outros tecidos de sustenta\u00e7\u00e3o.<\/p>\n\n\n\n<p>Em rela\u00e7\u00e3o \u00e0s&nbsp;<strong>rugas no pesco\u00e7o<\/strong>, pode ser utilizada na alimenta\u00e7\u00e3o, em bebidas e receitas, dentro de uma dieta equilibrada, e em m\u00e1scaras t\u00f3picas que formam um filme tempor\u00e1rio de firmeza. No entanto, n\u00e3o substitui protetor solar, hidrata\u00e7\u00e3o adequada nem acompanhamento dermatol\u00f3gico individualizado.<\/p>\n\n\n\n<h2 class=\"wp-block-heading\">Como integrar gelatina e outros cuidados para o pesco\u00e7o<\/h2>\n\n\n\n<p>Para suavizar as&nbsp;<strong>rugas no pesco\u00e7o<\/strong>, o ideal \u00e9 combinar cuidados internos e externos em vez de buscar uma \u00fanica solu\u00e7\u00e3o \u201cmilagrosa\u201d. Isso inclui rotina t\u00f3pica consistente, alimenta\u00e7\u00e3o rica em prote\u00ednas e antioxidantes e, quando indicado, tratamentos dermatol\u00f3gicos espec\u00edficos.<\/p>\n\n\n\n<figure class=\"wp-block-image size-large\"><img loading=\"lazy\" decoding=\"async\" width=\"1024\" height=\"576\" src=\"https:\/\/www.em.com.br\/emfoco\/wp-content\/uploads\/2026\/01\/Gemini_Generated_Image_xhhamkxhhamkxhha-1-1024x576.png\" alt=\"Pele do colo e do pesco\u00e7o exige cuidados que muita gente ignora\" class=\"wp-image-149540\" srcset=\"https:\/\/www.em.com.br\/emfoco\/wp-content\/uploads\/2026\/01\/Gemini_Generated_Image_xhhamkxhhamkxhha-1-1024x576.png 1024w, https:\/\/www.em.com.br\/emfoco\/wp-content\/uploads\/2026\/01\/Gemini_Generated_Image_xhhamkxhhamkxhha-1-300x169.png 300w, https:\/\/www.em.com.br\/emfoco\/wp-content\/uploads\/2026\/01\/Gemini_Generated_Image_xhhamkxhhamkxhha-1-768x432.png 768w, https:\/\/www.em.com.br\/emfoco\/wp-content\/uploads\/2026\/01\/Gemini_Generated_Image_xhhamkxhhamkxhha-1-750x422.png 750w, https:\/\/www.em.com.br\/emfoco\/wp-content\/uploads\/2026\/01\/Gemini_Generated_Image_xhhamkxhhamkxhha-1-1140x641.png 1140w, https:\/\/www.em.com.br\/emfoco\/wp-content\/uploads\/2026\/01\/Gemini_Generated_Image_xhhamkxhhamkxhha-1.png 1280w\" sizes=\"auto, (max-width: 1024px) 100vw, 1024px\" \/><figcaption class=\"wp-element-caption\">Pele do colo e do pesco\u00e7o exige cuidados que muita gente ignora<\/figcaption><\/figure>\n\n\n\n<p>Um plano de cuidado bem estruturado normalmente contempla limpeza, hidrata\u00e7\u00e3o, fotoprote\u00e7\u00e3o, apoio nutricional e monitoramento da resposta da pele. A const\u00e2ncia \u00e9 o que traz ganhos reais na textura e firmeza, evitando frustra\u00e7\u00f5es com expectativas irreais.<\/p>\n\n\n\n<h2 class=\"wp-block-heading\">Como cuidar do pesco\u00e7o hoje para evitar arrependimentos no futuro<\/h2>\n\n\n\n<p>As\u00a0<strong>rugas no pesco\u00e7o<\/strong>\u00a0refletem anos de exposi\u00e7\u00e3o, h\u00e1bitos e descuido, mas \u00e9 poss\u00edvel melhorar a apar\u00eancia da regi\u00e3o com mudan\u00e7as consistentes. Come\u00e7ar agora, com prote\u00e7\u00e3o solar di\u00e1ria, hidrata\u00e7\u00e3o adequada, aten\u00e7\u00e3o \u00e0 postura e, se for o caso, uso de gelatina orientado por profissional, faz diferen\u00e7a vis\u00edvel em pouco tempo.<\/p>\n\n\n\n<p>N\u00e3o espere as marcas aprofundarem para agir: busque avalia\u00e7\u00e3o dermatol\u00f3gica, revise sua rotina de cuidados e implemente ajustes j\u00e1 nesta semana. Quanto antes voc\u00ea assumir o cuidado com pesco\u00e7o e colo, maiores ser\u00e3o as chances de manter a pele firme, uniforme e com aspecto jovem pelos pr\u00f3ximos anos.<\/p>\n","protected":false},"excerpt":{"rendered":"<p>O aparecimento de&nbsp;rugas no pesco\u00e7o&nbsp;costuma chamar a aten\u00e7\u00e3o mesmo quando a pele do rosto ainda est\u00e1 firme e luminosa. Isso acontece porque a regi\u00e3o cervical \u00e9 mais delicada, recebe menos cuidados di\u00e1rios e sofre muito com sol, postura ruim e uso constante de telas, o que favorece linhas marcadas, flacidez e perda de contorno entre [&hellip;]<\/p>\n","protected":false},"author":11,"featured_media":159039,"comment_status":"open","ping_status":"open","sticky":false,"template":"","format":"standard","meta":{"jnews-multi-image_gallery":[],"jnews_single_post":{"format":"standard"},"jnews_primary_category":[],"jnews_social_meta":[],"jnews_override_counter":[],"footnotes":""},"categories":[8819,1],"tags":[7179,23259,10655,12306,7725,17837],"class_list":["post-159034","post","type-post","status-publish","format-standard","has-post-thumbnail","hentry","category-curiosidades","category-noticias","tag-colageno","tag-cuidar-do-pescoco","tag-firmeza-da-pele","tag-pele-2","tag-pescoco","tag-rugas-no-pescoco"],"yoast_head":"<!-- This site is optimized with the Yoast SEO plugin v23.8 - https:\/\/yoast.com\/wordpress\/plugins\/seo\/ -->\n<title>Como eliminar rugas no pesco\u00e7o e melhorar a pele do rosto: f\u00e1cil, r\u00e1pido e sem sair de casa - Estado de Minas - Em foco<\/title>\n<meta name=\"description\" content=\"As rugas no pesco\u00e7o surgem cedo por sol, postura e falta de cuidados. Veja h\u00e1bitos simples que ajudam a proteger e suavizar a pele da regi\u00e3o.\" \/>\n<meta name=\"robots\" content=\"index, follow, max-snippet:-1, max-image-preview:large, max-video-preview:-1\" \/>\n<link rel=\"canonical\" href=\"https:\/\/www.em.com.br\/emfoco\/2026\/01\/23\/como-eliminar-rugas-no-pescoco-e-melhorar-a-pele-do-rosto-facil-rapido-e-sem-sair-de-casa\/\" \/>\n<meta property=\"og:locale\" content=\"pt_BR\" \/>\n<meta property=\"og:type\" content=\"article\" \/>\n<meta property=\"og:title\" content=\"Como eliminar rugas no pesco\u00e7o e melhorar a pele do rosto: f\u00e1cil, r\u00e1pido e sem sair de casa - Estado de Minas - Em foco\" \/>\n<meta property=\"og:description\" content=\"As rugas no pesco\u00e7o surgem cedo por sol, postura e falta de cuidados. Veja h\u00e1bitos simples que ajudam a proteger e suavizar a pele da regi\u00e3o.\" \/>\n<meta property=\"og:url\" content=\"https:\/\/www.em.com.br\/emfoco\/2026\/01\/23\/como-eliminar-rugas-no-pescoco-e-melhorar-a-pele-do-rosto-facil-rapido-e-sem-sair-de-casa\/\" \/>\n<meta property=\"og:site_name\" content=\"Estado de Minas - Em foco\" \/>\n<meta property=\"article:published_time\" content=\"2026-01-23T14:00:00+00:00\" \/>\n<meta property=\"article:modified_time\" content=\"2026-01-23T13:25:02+00:00\" \/>\n<meta property=\"og:image\" content=\"https:\/\/www.em.com.br\/emfoco\/wp-content\/uploads\/2026\/01\/Gemini_Generated_Image_d5lj9ud5lj9ud5lj-1.png\" \/>\n\t<meta property=\"og:image:width\" content=\"1280\" \/>\n\t<meta property=\"og:image:height\" content=\"720\" \/>\n\t<meta property=\"og:image:type\" content=\"image\/png\" \/>\n<meta name=\"author\" content=\"Andre\u0301 Rangel\u00a0\" \/>\n<meta name=\"twitter:card\" content=\"summary_large_image\" \/>\n<meta name=\"twitter:label1\" content=\"Escrito por\" \/>\n\t<meta name=\"twitter:data1\" content=\"Andre\u0301 Rangel\u00a0\" \/>\n\t<meta name=\"twitter:label2\" content=\"Est. tempo de leitura\" \/>\n\t<meta name=\"twitter:data2\" content=\"5 minutos\" \/>\n<!-- \/ Yoast SEO plugin. -->","yoast_head_json":{"title":"Como eliminar rugas no pesco\u00e7o e melhorar a pele do rosto: f\u00e1cil, r\u00e1pido e sem sair de casa - Estado de Minas - Em foco","description":"As rugas no pesco\u00e7o surgem cedo por sol, postura e falta de cuidados. Veja h\u00e1bitos simples que ajudam a proteger e suavizar a pele da regi\u00e3o.","robots":{"index":"index","follow":"follow","max-snippet":"max-snippet:-1","max-image-preview":"max-image-preview:large","max-video-preview":"max-video-preview:-1"},"canonical":"https:\/\/www.em.com.br\/emfoco\/2026\/01\/23\/como-eliminar-rugas-no-pescoco-e-melhorar-a-pele-do-rosto-facil-rapido-e-sem-sair-de-casa\/","og_locale":"pt_BR","og_type":"article","og_title":"Como eliminar rugas no pesco\u00e7o e melhorar a pele do rosto: f\u00e1cil, r\u00e1pido e sem sair de casa - Estado de Minas - Em foco","og_description":"As rugas no pesco\u00e7o surgem cedo por sol, postura e falta de cuidados. Veja h\u00e1bitos simples que ajudam a proteger e suavizar a pele da regi\u00e3o.","og_url":"https:\/\/www.em.com.br\/emfoco\/2026\/01\/23\/como-eliminar-rugas-no-pescoco-e-melhorar-a-pele-do-rosto-facil-rapido-e-sem-sair-de-casa\/","og_site_name":"Estado de Minas - Em foco","article_published_time":"2026-01-23T14:00:00+00:00","article_modified_time":"2026-01-23T13:25:02+00:00","og_image":[{"width":1280,"height":720,"url":"https:\/\/www.em.com.br\/emfoco\/wp-content\/uploads\/2026\/01\/Gemini_Generated_Image_d5lj9ud5lj9ud5lj-1.png","type":"image\/png"}],"author":"Andre\u0301 Rangel\u00a0","twitter_card":"summary_large_image","twitter_misc":{"Escrito por":"Andre\u0301 Rangel\u00a0","Est. tempo de leitura":"5 minutos"},"schema":{"@context":"https:\/\/schema.org","@graph":[{"@type":"WebPage","@id":"https:\/\/www.em.com.br\/emfoco\/2026\/01\/23\/como-eliminar-rugas-no-pescoco-e-melhorar-a-pele-do-rosto-facil-rapido-e-sem-sair-de-casa\/","url":"https:\/\/www.em.com.br\/emfoco\/2026\/01\/23\/como-eliminar-rugas-no-pescoco-e-melhorar-a-pele-do-rosto-facil-rapido-e-sem-sair-de-casa\/","name":"Como eliminar rugas no pesco\u00e7o e melhorar a pele do rosto: f\u00e1cil, r\u00e1pido e sem sair de casa - Estado de Minas - Em foco","isPartOf":{"@id":"https:\/\/www.em.com.br\/emfoco\/#website"},"primaryImageOfPage":{"@id":"https:\/\/www.em.com.br\/emfoco\/2026\/01\/23\/como-eliminar-rugas-no-pescoco-e-melhorar-a-pele-do-rosto-facil-rapido-e-sem-sair-de-casa\/#primaryimage"},"image":{"@id":"https:\/\/www.em.com.br\/emfoco\/2026\/01\/23\/como-eliminar-rugas-no-pescoco-e-melhorar-a-pele-do-rosto-facil-rapido-e-sem-sair-de-casa\/#primaryimage"},"thumbnailUrl":"https:\/\/www.em.com.br\/emfoco\/wp-content\/uploads\/2026\/01\/Gemini_Generated_Image_d5lj9ud5lj9ud5lj-1.png","datePublished":"2026-01-23T14:00:00+00:00","dateModified":"2026-01-23T13:25:02+00:00","author":{"@id":"https:\/\/www.em.com.br\/emfoco\/#\/schema\/person\/60eda09c1fedf0d6891f4cef4b60b8b8"},"description":"As rugas no pesco\u00e7o surgem cedo por sol, postura e falta de cuidados. Veja h\u00e1bitos simples que ajudam a proteger e suavizar a pele da regi\u00e3o.","breadcrumb":{"@id":"https:\/\/www.em.com.br\/emfoco\/2026\/01\/23\/como-eliminar-rugas-no-pescoco-e-melhorar-a-pele-do-rosto-facil-rapido-e-sem-sair-de-casa\/#breadcrumb"},"inLanguage":"pt-BR","potentialAction":[{"@type":"ReadAction","target":["https:\/\/www.em.com.br\/emfoco\/2026\/01\/23\/como-eliminar-rugas-no-pescoco-e-melhorar-a-pele-do-rosto-facil-rapido-e-sem-sair-de-casa\/"]}]},{"@type":"ImageObject","inLanguage":"pt-BR","@id":"https:\/\/www.em.com.br\/emfoco\/2026\/01\/23\/como-eliminar-rugas-no-pescoco-e-melhorar-a-pele-do-rosto-facil-rapido-e-sem-sair-de-casa\/#primaryimage","url":"https:\/\/www.em.com.br\/emfoco\/wp-content\/uploads\/2026\/01\/Gemini_Generated_Image_d5lj9ud5lj9ud5lj-1.png","contentUrl":"https:\/\/www.em.com.br\/emfoco\/wp-content\/uploads\/2026\/01\/Gemini_Generated_Image_d5lj9ud5lj9ud5lj-1.png","width":1280,"height":720,"caption":"Rugas no pesco\u00e7o s\u00e3o comuns e podem ser suavizadas com cuidados di\u00e1rios"},{"@type":"BreadcrumbList","@id":"https:\/\/www.em.com.br\/emfoco\/2026\/01\/23\/como-eliminar-rugas-no-pescoco-e-melhorar-a-pele-do-rosto-facil-rapido-e-sem-sair-de-casa\/#breadcrumb","itemListElement":[{"@type":"ListItem","position":1,"name":"In\u00edcio","item":"https:\/\/www.em.com.br\/emfoco\/"},{"@type":"ListItem","position":2,"name":"Como eliminar rugas no pesco\u00e7o e melhorar a pele do rosto: f\u00e1cil, r\u00e1pido e sem sair de casa"}]},{"@type":"WebSite","@id":"https:\/\/www.em.com.br\/emfoco\/#website","url":"https:\/\/www.em.com.br\/emfoco\/","name":"Estado de Minas - Em foco","description":"Acompanhe as \u00faltimas not\u00edcias e fique bem informado sobre tudo o que acontece em Minas Gerais, Brasil e no mundo.","potentialAction":[{"@type":"SearchAction","target":{"@type":"EntryPoint","urlTemplate":"https:\/\/www.em.com.br\/emfoco\/?s={search_term_string}"},"query-input":{"@type":"PropertyValueSpecification","valueRequired":true,"valueName":"search_term_string"}}],"inLanguage":"pt-BR"},{"@type":"Person","@id":"https:\/\/www.em.com.br\/emfoco\/#\/schema\/person\/60eda09c1fedf0d6891f4cef4b60b8b8","name":"Andre\u0301 Rangel\u00a0","image":{"@type":"ImageObject","inLanguage":"pt-BR","@id":"https:\/\/www.em.com.br\/emfoco\/#\/schema\/person\/image\/","url":"https:\/\/secure.gravatar.com\/avatar\/6234dc814c77c8ef6d8bba622c787efc?s=96&d=mm&r=g","contentUrl":"https:\/\/secure.gravatar.com\/avatar\/6234dc814c77c8ef6d8bba622c787efc?s=96&d=mm&r=g","caption":"Andre\u0301 Rangel\u00a0"},"url":"https:\/\/www.em.com.br\/emfoco\/author\/luizmyth\/"}]}},"_links":{"self":[{"href":"https:\/\/www.em.com.br\/emfoco\/wp-json\/wp\/v2\/posts\/159034","targetHints":{"allow":["GET"]}}],"collection":[{"href":"https:\/\/www.em.com.br\/emfoco\/wp-json\/wp\/v2\/posts"}],"about":[{"href":"https:\/\/www.em.com.br\/emfoco\/wp-json\/wp\/v2\/types\/post"}],"author":[{"embeddable":true,"href":"https:\/\/www.em.com.br\/emfoco\/wp-json\/wp\/v2\/users\/11"}],"replies":[{"embeddable":true,"href":"https:\/\/www.em.com.br\/emfoco\/wp-json\/wp\/v2\/comments?post=159034"}],"version-history":[{"count":3,"href":"https:\/\/www.em.com.br\/emfoco\/wp-json\/wp\/v2\/posts\/159034\/revisions"}],"predecessor-version":[{"id":159038,"href":"https:\/\/www.em.com.br\/emfoco\/wp-json\/wp\/v2\/posts\/159034\/revisions\/159038"}],"wp:featuredmedia":[{"embeddable":true,"href":"https:\/\/www.em.com.br\/emfoco\/wp-json\/wp\/v2\/media\/159039"}],"wp:attachment":[{"href":"https:\/\/www.em.com.br\/emfoco\/wp-json\/wp\/v2\/media?parent=159034"}],"wp:term":[{"taxonomy":"category","embeddable":true,"href":"https:\/\/www.em.com.br\/emfoco\/wp-json\/wp\/v2\/categories?post=159034"},{"taxonomy":"post_tag","embeddable":true,"href":"https:\/\/www.em.com.br\/emfoco\/wp-json\/wp\/v2\/tags?post=159034"}],"curies":[{"name":"wp","href":"https:\/\/api.w.org\/{rel}","templated":true}]}}