{"id":158870,"date":"2026-01-22T18:30:00","date_gmt":"2026-01-22T21:30:00","guid":{"rendered":"https:\/\/www.em.com.br\/emfoco\/?p=158870"},"modified":"2026-01-22T16:48:07","modified_gmt":"2026-01-22T19:48:07","slug":"a-partir-de-janeiro-de-2026-todas-as-linhas-de-celular-que-nao-atenderem-a-este-requisito-serao-suspensas-e-ha-apenas-um-procedimento-para-evitar-isso","status":"publish","type":"post","link":"https:\/\/www.em.com.br\/emfoco\/2026\/01\/22\/a-partir-de-janeiro-de-2026-todas-as-linhas-de-celular-que-nao-atenderem-a-este-requisito-serao-suspensas-e-ha-apenas-um-procedimento-para-evitar-isso\/","title":{"rendered":"A partir de janeiro de 2026, todas as linhas de celular que n\u00e3o atenderem a este requisito ser\u00e3o suspensas e h\u00e1 apenas um procedimento para evitar isso"},"content":{"rendered":"\n<p>A partir de 2026, o registro obrigat\u00f3rio de linhas de telefonia m\u00f3vel no <strong>M\u00e9xico <\/strong>passa a ser uma condi\u00e7\u00e3o essencial para manter o chip ativo, conectando cada n\u00famero a documentos oficiais e reduzindo o uso de linhas an\u00f4nimas em golpes, extors\u00f5es e outros crimes, o que impacta usu\u00e1rios de pr\u00e9 e p\u00f3s-pago de todas as operadoras.<\/p>\n\n\n\n<h2 class=\"wp-block-heading\">Como vai funcionar o cadastro obrigat\u00f3rio de telefonia m\u00f3vel no M\u00e9xico<\/h2>\n\n\n\n<p>A data-chave para o cadastro nacional de telefonia m\u00f3vel \u00e9 9 de janeiro de 2026, quando come\u00e7a o prazo oficial de 120 dias corridos para registrar cada linha. O per\u00edodo termina em 29 de junho de 2026, e a partir de 30 de junho qualquer n\u00famero n\u00e3o vinculado a uma identifica\u00e7\u00e3o oficial ser\u00e1 automaticamente suspenso para chamadas, mensagens e dados m\u00f3veis.<\/p>\n\n\n\n<p>Mesmo com a suspens\u00e3o, algumas fun\u00e7\u00f5es m\u00ednimas seguem ativas, como alertas de emerg\u00eancia e chamadas para servi\u00e7os p\u00fablicos e da pr\u00f3pria operadora. Para evitar esquecimentos, as empresas enviar\u00e3o avisos semanais por SMS \u00e0s linhas ainda n\u00e3o cadastradas, com orienta\u00e7\u00f5es pr\u00e1ticas sobre como completar o processo antes da data-limite.<\/p>\n\n\n\n<h2 class=\"wp-block-heading\">Como \u00e9 a suspens\u00e3o de linhas de celular no Brasil em 2026<\/h2>\n\n\n\n<p>No <strong>Brasil<\/strong>, em 2026, a suspens\u00e3o de linhas cont\u00ednua focada em inadimpl\u00eancia, falta de recarga, uso de aparelhos n\u00e3o homologados e problemas cadastrais, sem um cadastro nacional \u00fanico obrigat\u00f3rio como o do M\u00e9xico. As regras da Anatel garantem prazos, notifica\u00e7\u00f5es e etapas de regulariza\u00e7\u00e3o antes do cancelamento definitivo do n\u00famero.<\/p>\n\n\n\n<p>Em planos p\u00f3s-pagos e controle, o atraso no pagamento leva \u00e0 suspens\u00e3o parcial ap\u00f3s aviso pr\u00e9vio, evoluindo para bloqueio total se o d\u00e9bito persistir entre 30 e 60 dias, at\u00e9 o cancelamento ap\u00f3s cerca de 60 dias em suspens\u00e3o. Nos pr\u00e9-pagos, a aus\u00eancia de recarga e o vencimento de cr\u00e9ditos podem gerar suspens\u00e3o parcial em torno de 15 dias ap\u00f3s aviso e cancelamento ap\u00f3s aproximadamente 75 dias sem cr\u00e9ditos v\u00e1lidos. Abaixo veja como evitar a suspens\u00e3o:<\/p>\n\n\n\n<table style=\"width:100%; border-collapse:separate; border-spacing:0; font-family:'Segoe UI', sans-serif; background:#f1f8f6; border-radius:16px; overflow:hidden;\">\n  <thead>\n    <tr style=\"background:#2fb9a8; color:#2e4a45;\">\n      <th style=\"padding:18px; text-align:left;\">A\u00e7\u00e3o preventiva<\/th>\n      <th style=\"padding:18px; text-align:left;\">Por que \u00e9 importante<\/th>\n      <th style=\"padding:18px; text-align:left;\">Como aplicar no dia a dia<\/th>\n    <\/tr>\n  <\/thead>\n\n  <tbody>\n    <tr style=\"background:#ffffff;\">\n      <td style=\"padding:16px; color:#2e4a45; font-weight:600;\">\n        Manter pagamentos em dia\n      <\/td>\n      <td style=\"padding:16px; color:#2e4a45;\">\n        Evita bloqueios autom\u00e1ticos por inadimpl\u00eancia e suspens\u00e3o da linha.\n      <\/td>\n      <td style=\"padding:16px; color:#2e4a45;\">\n        Ative d\u00e9bito autom\u00e1tico ou use aplicativos das operadoras para acompanhar faturas.\n      <\/td>\n    <\/tr>\n\n    <tr style=\"background:#e6f4f1;\">\n      <td style=\"padding:16px; color:#2e4a45; font-weight:600;\">\n        Aten\u00e7\u00e3o aos alertas por SMS\n      <\/td>\n      <td style=\"padding:16px; color:#2e4a45;\">\n        As mensagens oficiais avisam sobre d\u00e9bitos, recargas ou risco de bloqueio.\n      <\/td>\n      <td style=\"padding:16px; color:#2e4a45;\">\n        Leia sempre SMS das operadoras e verifique se v\u00eam de canais identificados.\n      <\/td>\n    <\/tr>\n\n    <tr style=\"background:#ffffff;\">\n      <td style=\"padding:16px; color:#2e4a45; font-weight:600;\">\n        Conferir o CPF no Cadastro Pr\u00e9\n      <\/td>\n      <td style=\"padding:16px; color:#2e4a45;\">\n        Linhas desconhecidas podem gerar d\u00edvidas e afetar seu CPF sem voc\u00ea perceber.\n      <\/td>\n      <td style=\"padding:16px; color:#2e4a45;\">\n        Consulte regularmente o site oficial do Cadastro Pr\u00e9 para evitar fraudes.\n      <\/td>\n    <\/tr>\n\n    <tr style=\"background:#e6f4f1;\">\n      <td style=\"padding:16px; color:#2e4a45; font-weight:600;\">\n        Evitar golpes e links suspeitos\n      <\/td>\n      <td style=\"padding:16px; color:#2e4a45;\">\n        Golpistas usam mensagens alarmistas para roubar dados pessoais.\n      <\/td>\n      <td style=\"padding:16px; color:#2e4a45;\">\n        Ignore links desconhecidos e utilize apenas canais oficiais como Anatel e apps das operadoras.\n      <\/td>\n    <\/tr>\n\n    <tr style=\"background:#ffffff;\">\n      <td style=\"padding:16px; color:#2e4a45; font-weight:600;\">\n        Usar aparelhos homologados\n      <\/td>\n      <td style=\"padding:16px; color:#2e4a45;\">\n        Dispositivos irregulares podem ser bloqueados por seguran\u00e7a ou quest\u00f5es t\u00e9cnicas.\n      <\/td>\n      <td style=\"padding:16px; color:#2e4a45;\">\n        Verifique se o aparelho possui selo da Anatel antes da compra ou uso.\n      <\/td>\n    <\/tr>\n  <\/tbody>\n<\/table>\n\n\n\n\n<h2 class=\"wp-block-heading\">O que \u00e9 o cadastro obrigat\u00f3rio de telefonia m\u00f3vel no M\u00e9xico e quais dados inclui<\/h2>\n\n\n\n<p>O cadastro obrigat\u00f3rio de telefonia m\u00f3vel no M\u00e9xico \u00e9 uma base nacional que vincula cada n\u00famero \u00e0 identidade de uma pessoa f\u00edsica ou jur\u00eddica, para eliminar o anonimato nas comunica\u00e7\u00f5es e facilitar a investiga\u00e7\u00e3o de crimes como fraude, sequestro e roubo de identidade. N\u00e3o se registram conte\u00fados de chamadas ou mensagens, apenas a associa\u00e7\u00e3o entre o n\u00famero e o respons\u00e1vel por seu uso.<\/p>\n\n\n\n<p>As informa\u00e7\u00f5es incluem nome, documento de identifica\u00e7\u00e3o oficial, CURP e, no caso de empresas, dados fiscais e de representa\u00e7\u00e3o legal. Cada operadora precisa conferir se os dados declarados coincidem com os documentos apresentados, reduzindo o risco de cadastros falsos ou inconsistentes e fortalecendo a rastreabilidade em situa\u00e7\u00f5es suspeitas.<\/p>\n\n\n\n<h2 class=\"wp-block-heading\">Quais documentos e canais s\u00e3o usados para cadastrar a linha de celular<\/h2>\n\n\n\n<p>Para cumprir o cadastro obrigat\u00f3rio de telefonia m\u00f3vel, o usu\u00e1rio precisa apresentar documenta\u00e7\u00e3o oficial v\u00e1lida que comprove sua identidade, seja em atendimento presencial, seja nas plataformas digitais das operadoras. Essa checagem \u00e9 a base para manter o servi\u00e7o ativo e evitar a suspens\u00e3o autom\u00e1tica em 2026.<\/p>\n\n\n\n<figure class=\"wp-block-image\"><img decoding=\"async\" src=\"https:\/\/www.em.com.br\/emfoco\/wp-content\/uploads\/2025\/08\/malware-celular_1754080051782-1024x576.jpg\" alt=\"\"\/><figcaption class=\"wp-element-caption\">A mudan\u00e7a que promete mais seguran\u00e7a e menos golpes no celular &#8211; Cr\u00e9ditos: depositphotos.com \/ 1stfootage<\/figcaption><\/figure>\n\n\n\n<p>Antes de iniciar o procedimento, vale organizar os principais documentos necess\u00e1rios e entender como ser\u00e1 o fluxo de valida\u00e7\u00e3o, tanto para pessoas f\u00edsicas quanto jur\u00eddicas:<\/p>\n\n\n\n<ul class=\"wp-block-list\">\n<li>Documento de identifica\u00e7\u00e3o oficial com foto (carteira de eleitor ou passaporte v\u00e1lido).<\/li>\n\n\n\n<li>CURP certificado emitido pelas autoridades competentes, ou CURP tempor\u00e1rio para estrangeiros residentes.<\/li>\n\n\n\n<li>Para empresas, RFC e documenta\u00e7\u00e3o que comprove a representa\u00e7\u00e3o legal.<\/li>\n\n\n\n<li>Cadastro via atendimento presencial ou plataforma on-line, com prova de vida por selfie ou v\u00eddeo em at\u00e9 tr\u00eas tentativas.<\/li>\n<\/ul>\n\n\n\n<h2 class=\"wp-block-heading\">Como cadastrar a linha sem perder o servi\u00e7o e por que agir agora<\/h2>\n\n\n\n<p>O processo de cadastro poder\u00e1 ser feito presencialmente, nos Centros de Atendimento ao Cliente, ou on-line nas plataformas das operadoras, que ser\u00e3o habilitadas nos primeiros 30 dias ap\u00f3s o in\u00edcio da obrigatoriedade. Quem optar pelo canal digital dever\u00e1 enviar c\u00f3pias dos documentos, fazer um teste de verifica\u00e7\u00e3o de presen\u00e7a e confirmar que a linha aparece como cadastrada antes de 29 de junho de 2026.<\/p>\n\n\n\n<p>N\u00e3o esperar a reta final \u00e9 crucial: se a linha for suspensa, voc\u00ea continua obrigado a pagar contratos e financiamentos, mas fica sem usar chamadas, SMS e dados no dia a dia. Garanta seus documentos em ordem, escolha o canal de cadastro e fa\u00e7a o procedimento o quanto antes para n\u00e3o correr o risco de ficar desconectado justo quando mais precisar, em emerg\u00eancias ou situa\u00e7\u00f5es de trabalho e estudo.<\/p>\n","protected":false},"excerpt":{"rendered":"<p>A partir de 2026, o registro obrigat\u00f3rio de linhas de telefonia m\u00f3vel no M\u00e9xico passa a ser uma condi\u00e7\u00e3o essencial para manter o chip ativo, conectando cada n\u00famero a documentos oficiais e reduzindo o uso de linhas an\u00f4nimas em golpes, extors\u00f5es e outros crimes, o que impacta usu\u00e1rios de pr\u00e9 e p\u00f3s-pago de todas as [&hellip;]<\/p>\n","protected":false},"author":11,"featured_media":136122,"comment_status":"open","ping_status":"open","sticky":false,"template":"","format":"standard","meta":{"jnews-multi-image_gallery":[],"jnews_single_post":{"format":"standard"},"jnews_primary_category":[],"jnews_social_meta":[],"jnews_override_counter":[],"footnotes":""},"categories":[1,4204],"tags":[23234,346,2580,4813,23235,15179],"class_list":["post-158870","post","type-post","status-publish","format-standard","has-post-thumbnail","hentry","category-noticias","category-tecnologia","tag-a-partir-de-janeiro-de-2026","tag-cadastro","tag-celular","tag-chip","tag-linhas-de-celular","tag-suspensao"],"yoast_head":"<!-- This site is optimized with the Yoast SEO plugin v23.8 - https:\/\/yoast.com\/wordpress\/plugins\/seo\/ -->\n<title>A partir de janeiro de 2026, todas as linhas de celular que n\u00e3o atenderem a este requisito ser\u00e3o suspensas e h\u00e1 apenas um procedimento para evitar isso - Estado de Minas - Em foco<\/title>\n<meta name=\"description\" content=\"Cada chip ser\u00e1 vinculado a documentos oficiais no M\u00e9xico. Saiba como registrar sua linha e n\u00e3o ficar desconectado.\" \/>\n<meta name=\"robots\" content=\"index, follow, max-snippet:-1, max-image-preview:large, max-video-preview:-1\" \/>\n<link rel=\"canonical\" href=\"https:\/\/www.em.com.br\/emfoco\/2026\/01\/22\/a-partir-de-janeiro-de-2026-todas-as-linhas-de-celular-que-nao-atenderem-a-este-requisito-serao-suspensas-e-ha-apenas-um-procedimento-para-evitar-isso\/\" \/>\n<meta property=\"og:locale\" content=\"pt_BR\" \/>\n<meta property=\"og:type\" content=\"article\" \/>\n<meta property=\"og:title\" content=\"A partir de janeiro de 2026, todas as linhas de celular que n\u00e3o atenderem a este requisito ser\u00e3o suspensas e h\u00e1 apenas um procedimento para evitar isso - Estado de Minas - Em foco\" \/>\n<meta property=\"og:description\" content=\"Cada chip ser\u00e1 vinculado a documentos oficiais no M\u00e9xico. Saiba como registrar sua linha e n\u00e3o ficar desconectado.\" \/>\n<meta property=\"og:url\" content=\"https:\/\/www.em.com.br\/emfoco\/2026\/01\/22\/a-partir-de-janeiro-de-2026-todas-as-linhas-de-celular-que-nao-atenderem-a-este-requisito-serao-suspensas-e-ha-apenas-um-procedimento-para-evitar-isso\/\" \/>\n<meta property=\"og:site_name\" content=\"Estado de Minas - Em foco\" \/>\n<meta property=\"article:published_time\" content=\"2026-01-22T21:30:00+00:00\" \/>\n<meta property=\"article:modified_time\" content=\"2026-01-22T19:48:07+00:00\" \/>\n<meta property=\"og:image\" content=\"https:\/\/www.em.com.br\/emfoco\/wp-content\/uploads\/2025\/12\/Gemini_Generated_Image_35x9qx35x9qx35x9-1.png\" \/>\n\t<meta property=\"og:image:width\" content=\"1280\" \/>\n\t<meta property=\"og:image:height\" content=\"720\" \/>\n\t<meta property=\"og:image:type\" content=\"image\/png\" \/>\n<meta name=\"author\" content=\"Andre\u0301 Rangel\u00a0\" \/>\n<meta name=\"twitter:card\" content=\"summary_large_image\" \/>\n<meta name=\"twitter:label1\" content=\"Escrito por\" \/>\n\t<meta name=\"twitter:data1\" content=\"Andre\u0301 Rangel\u00a0\" \/>\n\t<meta name=\"twitter:label2\" content=\"Est. tempo de leitura\" \/>\n\t<meta name=\"twitter:data2\" content=\"6 minutos\" \/>\n<!-- \/ Yoast SEO plugin. -->","yoast_head_json":{"title":"A partir de janeiro de 2026, todas as linhas de celular que n\u00e3o atenderem a este requisito ser\u00e3o suspensas e h\u00e1 apenas um procedimento para evitar isso - Estado de Minas - Em foco","description":"Cada chip ser\u00e1 vinculado a documentos oficiais no M\u00e9xico. Saiba como registrar sua linha e n\u00e3o ficar desconectado.","robots":{"index":"index","follow":"follow","max-snippet":"max-snippet:-1","max-image-preview":"max-image-preview:large","max-video-preview":"max-video-preview:-1"},"canonical":"https:\/\/www.em.com.br\/emfoco\/2026\/01\/22\/a-partir-de-janeiro-de-2026-todas-as-linhas-de-celular-que-nao-atenderem-a-este-requisito-serao-suspensas-e-ha-apenas-um-procedimento-para-evitar-isso\/","og_locale":"pt_BR","og_type":"article","og_title":"A partir de janeiro de 2026, todas as linhas de celular que n\u00e3o atenderem a este requisito ser\u00e3o suspensas e h\u00e1 apenas um procedimento para evitar isso - Estado de Minas - Em foco","og_description":"Cada chip ser\u00e1 vinculado a documentos oficiais no M\u00e9xico. Saiba como registrar sua linha e n\u00e3o ficar desconectado.","og_url":"https:\/\/www.em.com.br\/emfoco\/2026\/01\/22\/a-partir-de-janeiro-de-2026-todas-as-linhas-de-celular-que-nao-atenderem-a-este-requisito-serao-suspensas-e-ha-apenas-um-procedimento-para-evitar-isso\/","og_site_name":"Estado de Minas - Em foco","article_published_time":"2026-01-22T21:30:00+00:00","article_modified_time":"2026-01-22T19:48:07+00:00","og_image":[{"width":1280,"height":720,"url":"https:\/\/www.em.com.br\/emfoco\/wp-content\/uploads\/2025\/12\/Gemini_Generated_Image_35x9qx35x9qx35x9-1.png","type":"image\/png"}],"author":"Andre\u0301 Rangel\u00a0","twitter_card":"summary_large_image","twitter_misc":{"Escrito por":"Andre\u0301 Rangel\u00a0","Est. tempo de leitura":"6 minutos"},"schema":{"@context":"https:\/\/schema.org","@graph":[{"@type":"WebPage","@id":"https:\/\/www.em.com.br\/emfoco\/2026\/01\/22\/a-partir-de-janeiro-de-2026-todas-as-linhas-de-celular-que-nao-atenderem-a-este-requisito-serao-suspensas-e-ha-apenas-um-procedimento-para-evitar-isso\/","url":"https:\/\/www.em.com.br\/emfoco\/2026\/01\/22\/a-partir-de-janeiro-de-2026-todas-as-linhas-de-celular-que-nao-atenderem-a-este-requisito-serao-suspensas-e-ha-apenas-um-procedimento-para-evitar-isso\/","name":"A partir de janeiro de 2026, todas as linhas de celular que n\u00e3o atenderem a este requisito ser\u00e3o suspensas e h\u00e1 apenas um procedimento para evitar isso - Estado de Minas - Em foco","isPartOf":{"@id":"https:\/\/www.em.com.br\/emfoco\/#website"},"primaryImageOfPage":{"@id":"https:\/\/www.em.com.br\/emfoco\/2026\/01\/22\/a-partir-de-janeiro-de-2026-todas-as-linhas-de-celular-que-nao-atenderem-a-este-requisito-serao-suspensas-e-ha-apenas-um-procedimento-para-evitar-isso\/#primaryimage"},"image":{"@id":"https:\/\/www.em.com.br\/emfoco\/2026\/01\/22\/a-partir-de-janeiro-de-2026-todas-as-linhas-de-celular-que-nao-atenderem-a-este-requisito-serao-suspensas-e-ha-apenas-um-procedimento-para-evitar-isso\/#primaryimage"},"thumbnailUrl":"https:\/\/www.em.com.br\/emfoco\/wp-content\/uploads\/2025\/12\/Gemini_Generated_Image_35x9qx35x9qx35x9-1.png","datePublished":"2026-01-22T21:30:00+00:00","dateModified":"2026-01-22T19:48:07+00:00","author":{"@id":"https:\/\/www.em.com.br\/emfoco\/#\/schema\/person\/60eda09c1fedf0d6891f4cef4b60b8b8"},"description":"Cada chip ser\u00e1 vinculado a documentos oficiais no M\u00e9xico. Saiba como registrar sua linha e n\u00e3o ficar desconectado.","breadcrumb":{"@id":"https:\/\/www.em.com.br\/emfoco\/2026\/01\/22\/a-partir-de-janeiro-de-2026-todas-as-linhas-de-celular-que-nao-atenderem-a-este-requisito-serao-suspensas-e-ha-apenas-um-procedimento-para-evitar-isso\/#breadcrumb"},"inLanguage":"pt-BR","potentialAction":[{"@type":"ReadAction","target":["https:\/\/www.em.com.br\/emfoco\/2026\/01\/22\/a-partir-de-janeiro-de-2026-todas-as-linhas-de-celular-que-nao-atenderem-a-este-requisito-serao-suspensas-e-ha-apenas-um-procedimento-para-evitar-isso\/"]}]},{"@type":"ImageObject","inLanguage":"pt-BR","@id":"https:\/\/www.em.com.br\/emfoco\/2026\/01\/22\/a-partir-de-janeiro-de-2026-todas-as-linhas-de-celular-que-nao-atenderem-a-este-requisito-serao-suspensas-e-ha-apenas-um-procedimento-para-evitar-isso\/#primaryimage","url":"https:\/\/www.em.com.br\/emfoco\/wp-content\/uploads\/2025\/12\/Gemini_Generated_Image_35x9qx35x9qx35x9-1.png","contentUrl":"https:\/\/www.em.com.br\/emfoco\/wp-content\/uploads\/2025\/12\/Gemini_Generated_Image_35x9qx35x9qx35x9-1.png","width":1280,"height":720,"caption":"A mudan\u00e7a que promete mais seguran\u00e7a e menos golpes no celular"},{"@type":"BreadcrumbList","@id":"https:\/\/www.em.com.br\/emfoco\/2026\/01\/22\/a-partir-de-janeiro-de-2026-todas-as-linhas-de-celular-que-nao-atenderem-a-este-requisito-serao-suspensas-e-ha-apenas-um-procedimento-para-evitar-isso\/#breadcrumb","itemListElement":[{"@type":"ListItem","position":1,"name":"In\u00edcio","item":"https:\/\/www.em.com.br\/emfoco\/"},{"@type":"ListItem","position":2,"name":"A partir de janeiro de 2026, todas as linhas de celular que n\u00e3o atenderem a este requisito ser\u00e3o suspensas e h\u00e1 apenas um procedimento para evitar isso"}]},{"@type":"WebSite","@id":"https:\/\/www.em.com.br\/emfoco\/#website","url":"https:\/\/www.em.com.br\/emfoco\/","name":"Estado de Minas - Em foco","description":"Acompanhe as \u00faltimas not\u00edcias e fique bem informado sobre tudo o que acontece em Minas Gerais, Brasil e no mundo.","potentialAction":[{"@type":"SearchAction","target":{"@type":"EntryPoint","urlTemplate":"https:\/\/www.em.com.br\/emfoco\/?s={search_term_string}"},"query-input":{"@type":"PropertyValueSpecification","valueRequired":true,"valueName":"search_term_string"}}],"inLanguage":"pt-BR"},{"@type":"Person","@id":"https:\/\/www.em.com.br\/emfoco\/#\/schema\/person\/60eda09c1fedf0d6891f4cef4b60b8b8","name":"Andre\u0301 Rangel\u00a0","image":{"@type":"ImageObject","inLanguage":"pt-BR","@id":"https:\/\/www.em.com.br\/emfoco\/#\/schema\/person\/image\/","url":"https:\/\/secure.gravatar.com\/avatar\/6234dc814c77c8ef6d8bba622c787efc?s=96&d=mm&r=g","contentUrl":"https:\/\/secure.gravatar.com\/avatar\/6234dc814c77c8ef6d8bba622c787efc?s=96&d=mm&r=g","caption":"Andre\u0301 Rangel\u00a0"},"url":"https:\/\/www.em.com.br\/emfoco\/author\/luizmyth\/"}]}},"_links":{"self":[{"href":"https:\/\/www.em.com.br\/emfoco\/wp-json\/wp\/v2\/posts\/158870","targetHints":{"allow":["GET"]}}],"collection":[{"href":"https:\/\/www.em.com.br\/emfoco\/wp-json\/wp\/v2\/posts"}],"about":[{"href":"https:\/\/www.em.com.br\/emfoco\/wp-json\/wp\/v2\/types\/post"}],"author":[{"embeddable":true,"href":"https:\/\/www.em.com.br\/emfoco\/wp-json\/wp\/v2\/users\/11"}],"replies":[{"embeddable":true,"href":"https:\/\/www.em.com.br\/emfoco\/wp-json\/wp\/v2\/comments?post=158870"}],"version-history":[{"count":2,"href":"https:\/\/www.em.com.br\/emfoco\/wp-json\/wp\/v2\/posts\/158870\/revisions"}],"predecessor-version":[{"id":158949,"href":"https:\/\/www.em.com.br\/emfoco\/wp-json\/wp\/v2\/posts\/158870\/revisions\/158949"}],"wp:featuredmedia":[{"embeddable":true,"href":"https:\/\/www.em.com.br\/emfoco\/wp-json\/wp\/v2\/media\/136122"}],"wp:attachment":[{"href":"https:\/\/www.em.com.br\/emfoco\/wp-json\/wp\/v2\/media?parent=158870"}],"wp:term":[{"taxonomy":"category","embeddable":true,"href":"https:\/\/www.em.com.br\/emfoco\/wp-json\/wp\/v2\/categories?post=158870"},{"taxonomy":"post_tag","embeddable":true,"href":"https:\/\/www.em.com.br\/emfoco\/wp-json\/wp\/v2\/tags?post=158870"}],"curies":[{"name":"wp","href":"https:\/\/api.w.org\/{rel}","templated":true}]}}