{"id":158861,"date":"2026-01-26T19:15:00","date_gmt":"2026-01-26T22:15:00","guid":{"rendered":"https:\/\/www.em.com.br\/emfoco\/?p=158861"},"modified":"2026-01-22T16:42:58","modified_gmt":"2026-01-22T19:42:58","slug":"autonomos-ganham-isencao-total-de-ir-ate-r-5-mil-por-mes-em-2026-mas-quem-nao-se-adaptar-as-novas-regras-pode-cair-na-malha-fina","status":"publish","type":"post","link":"https:\/\/www.em.com.br\/emfoco\/2026\/01\/26\/autonomos-ganham-isencao-total-de-ir-ate-r-5-mil-por-mes-em-2026-mas-quem-nao-se-adaptar-as-novas-regras-pode-cair-na-malha-fina\/","title":{"rendered":"Aut\u00f4nomos ganham isen\u00e7\u00e3o total de IR at\u00e9 R$ 5 mil por m\u00eas em 2026, mas quem n\u00e3o se adaptar \u00e0s novas regras pode cair na malha fina"},"content":{"rendered":"\n<h2 class=\"wp-block-heading\">O IR 2026 ampliou a isen\u00e7\u00e3o para aut\u00f4nomos at\u00e9 R$ 5 mil mensais, criou faixa progressiva at\u00e9 R$ 7.350 e refor\u00e7ou controle digital via Carn\u00ea-Le\u00e3o Web e NFS-e, com dedu\u00e7\u00f5es permitidas pelo Livro Caixa.<\/h2>\n\n\n\n<p>As novas regras do <strong>Imposto de Renda 2026<\/strong> trazem a maior mudan\u00e7a para aut\u00f4nomos em anos. Com a <strong>Lei n\u00ba 15.270\/2025<\/strong>, a Receita Federal ampliou a isen\u00e7\u00e3o, ajustou faixas e refor\u00e7ou o controle digital sobre rendimentos declarados.<\/p>\n\n\n\n<h2 class=\"wp-block-heading\">O que mudou no Imposto de Renda 2026 para aut\u00f4nomos?<\/h2>\n\n\n\n<p>A reforma do <strong>IR 2026<\/strong> tem como foco aliviar a carga da classe m\u00e9dia e aumentar a precis\u00e3o fiscal. Profissionais liberais, prestadores de servi\u00e7o e usu\u00e1rios do <strong>Carn\u00ea-Le\u00e3o<\/strong> passam a ter regras mais claras sobre isen\u00e7\u00e3o e tributa\u00e7\u00e3o progressiva.<\/p>\n\n\n\n<p>Com base na <strong><a href=\"https:\/\/www.planalto.gov.br\/ccivil_03\/_ato2023-2026\/2025\/lei\/l15270.htm\" target=\"_blank\" rel=\"noreferrer noopener\">Lei n\u00ba 15.270\/2025<\/a><\/strong>, a Receita Federal redesenhou limites de renda, dedu\u00e7\u00f5es e obriga\u00e7\u00f5es digitais. O objetivo \u00e9 reduzir distor\u00e7\u00f5es, evitar sonega\u00e7\u00e3o e alinhar o imposto ao rendimento real do trabalhador aut\u00f4nomo.<\/p>\n\n\n\n<figure class=\"wp-block-image size-large\"><img loading=\"lazy\" decoding=\"async\" width=\"1024\" height=\"576\" src=\"https:\/\/www.em.com.br\/emfoco\/wp-content\/uploads\/2026\/01\/AIAI-18-15-1024x576.jpg\" alt=\"Aut\u00f4nomos ganham isen\u00e7\u00e3o total de IR at\u00e9 R$ 5 mil por m\u00eas em 2026, mas quem n\u00e3o se adaptar \u00e0s novas regras pode cair na malha fina\" class=\"wp-image-158933\" srcset=\"https:\/\/www.em.com.br\/emfoco\/wp-content\/uploads\/2026\/01\/AIAI-18-15-1024x576.jpg 1024w, https:\/\/www.em.com.br\/emfoco\/wp-content\/uploads\/2026\/01\/AIAI-18-15-300x169.jpg 300w, https:\/\/www.em.com.br\/emfoco\/wp-content\/uploads\/2026\/01\/AIAI-18-15-768x432.jpg 768w, https:\/\/www.em.com.br\/emfoco\/wp-content\/uploads\/2026\/01\/AIAI-18-15-750x422.jpg 750w, https:\/\/www.em.com.br\/emfoco\/wp-content\/uploads\/2026\/01\/AIAI-18-15-1140x641.jpg 1140w, https:\/\/www.em.com.br\/emfoco\/wp-content\/uploads\/2026\/01\/AIAI-18-15.jpg 1280w\" sizes=\"auto, (max-width: 1024px) 100vw, 1024px\" \/><figcaption class=\"wp-element-caption\">Nova lei redesenhou faixas, dedu\u00e7\u00f5es e regras para profissionais independentes<\/figcaption><\/figure>\n\n\n\n<h2 class=\"wp-block-heading\">Quais s\u00e3o as novas faixas de isen\u00e7\u00e3o e tributa\u00e7\u00e3o?<\/h2>\n\n\n\n<p>A principal novidade do <strong>Imposto de Renda 2026<\/strong> est\u00e1 na amplia\u00e7\u00e3o da isen\u00e7\u00e3o mensal e na cria\u00e7\u00e3o de uma transi\u00e7\u00e3o suave para quem ganha um pouco mais. As faixas oficiais em vigor s\u00e3o as listadas a seguir.<\/p>\n\n\n\n<ul class=\"wp-block-list\">\n<li>At\u00e9 R$ 5.000 mensais: isen\u00e7\u00e3o total do Imposto de Renda para rendimentos como pessoa f\u00edsica.<\/li>\n\n\n\n<li>De R$ 5.000,01 a R$ 7.350 mensais: aplica\u00e7\u00e3o de desconto progressivo que reduz gradualmente o benef\u00edcio.<\/li>\n\n\n\n<li>Acima de R$ 7.350 mensais: incid\u00eancia da tabela progressiva padr\u00e3o, com al\u00edquotas de 7,5% a 27,5%.<\/li>\n<\/ul>\n\n\n\n<h2 class=\"wp-block-heading\">Como o Livro Caixa ajuda a pagar menos imposto?<\/h2>\n\n\n\n<p>O <strong>Livro Caixa<\/strong> segue como principal ferramenta legal para reduzir a base de c\u00e1lculo do IR. Em 2026, a Receita refor\u00e7ou que apenas despesas essenciais \u00e0 atividade profissional podem ser abatidas do rendimento tribut\u00e1vel.<\/p>\n\n\n\n<p>Gastos com <strong>aluguel de escrit\u00f3rio<\/strong>, equipamentos, softwares, INSS e empregados continuam dedut\u00edveis. J\u00e1 despesas pessoais, como alimenta\u00e7\u00e3o cotidiana, seguem proibidas, salvo quando forem custo direto de servi\u00e7os prestados fora do domic\u00edlio.<\/p>\n\n\n\n<figure class=\"wp-block-image size-large\"><img loading=\"lazy\" decoding=\"async\" width=\"1024\" height=\"576\" src=\"https:\/\/www.em.com.br\/emfoco\/wp-content\/uploads\/2026\/01\/AIAI-20-13-1024x576.jpg\" alt=\"Aut\u00f4nomos ganham isen\u00e7\u00e3o total de IR at\u00e9 R$ 5 mil por m\u00eas em 2026, mas quem n\u00e3o se adaptar \u00e0s novas regras pode cair na malha fina\" class=\"wp-image-158935\" srcset=\"https:\/\/www.em.com.br\/emfoco\/wp-content\/uploads\/2026\/01\/AIAI-20-13-1024x576.jpg 1024w, https:\/\/www.em.com.br\/emfoco\/wp-content\/uploads\/2026\/01\/AIAI-20-13-300x169.jpg 300w, https:\/\/www.em.com.br\/emfoco\/wp-content\/uploads\/2026\/01\/AIAI-20-13-768x432.jpg 768w, https:\/\/www.em.com.br\/emfoco\/wp-content\/uploads\/2026\/01\/AIAI-20-13-750x422.jpg 750w, https:\/\/www.em.com.br\/emfoco\/wp-content\/uploads\/2026\/01\/AIAI-20-13-1140x641.jpg 1140w, https:\/\/www.em.com.br\/emfoco\/wp-content\/uploads\/2026\/01\/AIAI-20-13.jpg 1280w\" sizes=\"auto, (max-width: 1024px) 100vw, 1024px\" \/><figcaption class=\"wp-element-caption\">Livro Caixa reduz base tribut\u00e1vel com despesas essenciais comprovadas<\/figcaption><\/figure>\n\n\n\n<p><em>Leia mais: <em><strong><a href=\"https:\/\/www.em.com.br\/emfoco\/2026\/01\/22\/nova-ajuda-financeira-libera-salario-mensal-para-quem-cuida-de-idoso-acamado-na-propria-casa-veja-regras-e-como-solicitar\/\" target=\"_blank\" rel=\"noreferrer noopener\">Nova ajuda financeira libera sal\u00e1rio mensal para quem cuida de idoso acamado na pr\u00f3pria casa; veja regras e como solicitar<\/a><\/strong><\/em><\/em><\/p>\n\n\n\n<h2 class=\"wp-block-heading\">Quais despesas podem ser deduzidas legalmente?<\/h2>\n\n\n\n<p>Para evitar erros e cair na malha fina, o aut\u00f4nomo deve registrar apenas despesas aceitas pela legisla\u00e7\u00e3o do <strong>Imposto de Renda 2026<\/strong>. As dedu\u00e7\u00f5es permitidas oficialmente incluem os itens abaixo.<\/p>\n\n\n\n<ul class=\"wp-block-list\">\n<li>Estrutura de trabalho: aluguel, manuten\u00e7\u00e3o do escrit\u00f3rio e at\u00e9 20% de contas dom\u00e9sticas quando o local \u00e9 domic\u00edlio fiscal.<\/li>\n\n\n\n<li>Tecnologia profissional: compra de equipamentos, licen\u00e7as e softwares necess\u00e1rios \u00e0 atividade.<\/li>\n\n\n\n<li>Contribui\u00e7\u00f5es obrigat\u00f3rias: pagamentos ao INSS como contribuinte individual e encargos de empregados.<\/li>\n<\/ul>\n\n\n\n<h2 class=\"wp-block-heading\">Quais novas obriga\u00e7\u00f5es digitais exigem mais aten\u00e7\u00e3o?<\/h2>\n\n\n\n<p>A Receita Federal acelerou a digitaliza\u00e7\u00e3o e ampliou o cruzamento autom\u00e1tico de dados. Em 2026, o uso da <strong>NFS-e Nacional<\/strong> e do <strong>Carn\u00ea-Le\u00e3o Web<\/strong> se tornou central para monitorar rendimentos em tempo real.<\/p>\n\n\n\n<p>Quem recebe lucros elevados tamb\u00e9m entra no radar. Dividendos acima de R$ 50 mil mensais sofrem reten\u00e7\u00e3o, e rendas anuais acima de R$ 600 mil est\u00e3o sujeitas a <strong>tributa\u00e7\u00e3o m\u00ednima efetiva<\/strong>, exigindo planejamento cont\u00e1bil rigoroso.<\/p>\n","protected":false},"excerpt":{"rendered":"<p>O IR 2026 ampliou a isen\u00e7\u00e3o para aut\u00f4nomos at\u00e9 R$ 5 mil mensais, criou faixa progressiva at\u00e9 R$ 7.350 e refor\u00e7ou controle digital via Carn\u00ea-Le\u00e3o Web e NFS-e, com dedu\u00e7\u00f5es permitidas pelo Livro Caixa. As novas regras do Imposto de Renda 2026 trazem a maior mudan\u00e7a para aut\u00f4nomos em anos. Com a Lei n\u00ba 15.270\/2025, [&hellip;]<\/p>\n","protected":false},"author":13,"featured_media":158934,"comment_status":"open","ping_status":"open","sticky":false,"template":"","format":"standard","meta":{"jnews-multi-image_gallery":[],"jnews_single_post":{"format":"standard"},"jnews_primary_category":[],"jnews_social_meta":[],"jnews_override_counter":[],"footnotes":""},"categories":[28],"tags":[4932,713,23232],"class_list":["post-158861","post","type-post","status-publish","format-standard","has-post-thumbnail","hentry","category-economia","tag-autonomos","tag-imposto-de-renda","tag-livro-caixa"],"yoast_head":"<!-- This site is optimized with the Yoast SEO plugin v23.8 - https:\/\/yoast.com\/wordpress\/plugins\/seo\/ -->\n<title>Aut\u00f4nomos ganham isen\u00e7\u00e3o total de IR at\u00e9 R$ 5 mil por m\u00eas em 2026, mas quem n\u00e3o se adaptar \u00e0s novas regras pode cair na malha fina - Estado de Minas - Em foco<\/title>\n<meta name=\"description\" content=\"Aut\u00f4nomos ganham isen\u00e7\u00e3o no IR at\u00e9 R$ 5 mil mensais, mas Receita j\u00e1 cruza dados digitais. Veja como declarar sem cair na malha!\" \/>\n<meta name=\"robots\" content=\"index, follow, max-snippet:-1, max-image-preview:large, max-video-preview:-1\" \/>\n<link rel=\"canonical\" href=\"https:\/\/www.em.com.br\/emfoco\/2026\/01\/26\/autonomos-ganham-isencao-total-de-ir-ate-r-5-mil-por-mes-em-2026-mas-quem-nao-se-adaptar-as-novas-regras-pode-cair-na-malha-fina\/\" \/>\n<meta property=\"og:locale\" content=\"pt_BR\" \/>\n<meta property=\"og:type\" content=\"article\" \/>\n<meta property=\"og:title\" content=\"Aut\u00f4nomos ganham isen\u00e7\u00e3o total de IR at\u00e9 R$ 5 mil por m\u00eas em 2026, mas quem n\u00e3o se adaptar \u00e0s novas regras pode cair na malha fina - Estado de Minas - Em foco\" \/>\n<meta property=\"og:description\" content=\"Aut\u00f4nomos ganham isen\u00e7\u00e3o no IR at\u00e9 R$ 5 mil mensais, mas Receita j\u00e1 cruza dados digitais. Veja como declarar sem cair na malha!\" \/>\n<meta property=\"og:url\" content=\"https:\/\/www.em.com.br\/emfoco\/2026\/01\/26\/autonomos-ganham-isencao-total-de-ir-ate-r-5-mil-por-mes-em-2026-mas-quem-nao-se-adaptar-as-novas-regras-pode-cair-na-malha-fina\/\" \/>\n<meta property=\"og:site_name\" content=\"Estado de Minas - Em foco\" \/>\n<meta property=\"article:published_time\" content=\"2026-01-26T22:15:00+00:00\" \/>\n<meta property=\"article:modified_time\" content=\"2026-01-22T19:42:58+00:00\" \/>\n<meta property=\"og:image\" content=\"https:\/\/www.em.com.br\/emfoco\/wp-content\/uploads\/2026\/01\/AIAI-19-13.jpg\" \/>\n\t<meta property=\"og:image:width\" content=\"1280\" \/>\n\t<meta property=\"og:image:height\" content=\"720\" \/>\n\t<meta property=\"og:image:type\" content=\"image\/jpeg\" \/>\n<meta name=\"author\" content=\"Gabriel Martins\" \/>\n<meta name=\"twitter:card\" content=\"summary_large_image\" \/>\n<meta name=\"twitter:label1\" content=\"Escrito por\" \/>\n\t<meta name=\"twitter:data1\" content=\"Gabriel Martins\" \/>\n\t<meta name=\"twitter:label2\" content=\"Est. tempo de leitura\" \/>\n\t<meta name=\"twitter:data2\" content=\"4 minutos\" \/>\n<!-- \/ Yoast SEO plugin. -->","yoast_head_json":{"title":"Aut\u00f4nomos ganham isen\u00e7\u00e3o total de IR at\u00e9 R$ 5 mil por m\u00eas em 2026, mas quem n\u00e3o se adaptar \u00e0s novas regras pode cair na malha fina - Estado de Minas - Em foco","description":"Aut\u00f4nomos ganham isen\u00e7\u00e3o no IR at\u00e9 R$ 5 mil mensais, mas Receita j\u00e1 cruza dados digitais. Veja como declarar sem cair na malha!","robots":{"index":"index","follow":"follow","max-snippet":"max-snippet:-1","max-image-preview":"max-image-preview:large","max-video-preview":"max-video-preview:-1"},"canonical":"https:\/\/www.em.com.br\/emfoco\/2026\/01\/26\/autonomos-ganham-isencao-total-de-ir-ate-r-5-mil-por-mes-em-2026-mas-quem-nao-se-adaptar-as-novas-regras-pode-cair-na-malha-fina\/","og_locale":"pt_BR","og_type":"article","og_title":"Aut\u00f4nomos ganham isen\u00e7\u00e3o total de IR at\u00e9 R$ 5 mil por m\u00eas em 2026, mas quem n\u00e3o se adaptar \u00e0s novas regras pode cair na malha fina - Estado de Minas - Em foco","og_description":"Aut\u00f4nomos ganham isen\u00e7\u00e3o no IR at\u00e9 R$ 5 mil mensais, mas Receita j\u00e1 cruza dados digitais. Veja como declarar sem cair na malha!","og_url":"https:\/\/www.em.com.br\/emfoco\/2026\/01\/26\/autonomos-ganham-isencao-total-de-ir-ate-r-5-mil-por-mes-em-2026-mas-quem-nao-se-adaptar-as-novas-regras-pode-cair-na-malha-fina\/","og_site_name":"Estado de Minas - Em foco","article_published_time":"2026-01-26T22:15:00+00:00","article_modified_time":"2026-01-22T19:42:58+00:00","og_image":[{"width":1280,"height":720,"url":"https:\/\/www.em.com.br\/emfoco\/wp-content\/uploads\/2026\/01\/AIAI-19-13.jpg","type":"image\/jpeg"}],"author":"Gabriel Martins","twitter_card":"summary_large_image","twitter_misc":{"Escrito por":"Gabriel Martins","Est. tempo de leitura":"4 minutos"},"schema":{"@context":"https:\/\/schema.org","@graph":[{"@type":"WebPage","@id":"https:\/\/www.em.com.br\/emfoco\/2026\/01\/26\/autonomos-ganham-isencao-total-de-ir-ate-r-5-mil-por-mes-em-2026-mas-quem-nao-se-adaptar-as-novas-regras-pode-cair-na-malha-fina\/","url":"https:\/\/www.em.com.br\/emfoco\/2026\/01\/26\/autonomos-ganham-isencao-total-de-ir-ate-r-5-mil-por-mes-em-2026-mas-quem-nao-se-adaptar-as-novas-regras-pode-cair-na-malha-fina\/","name":"Aut\u00f4nomos ganham isen\u00e7\u00e3o total de IR at\u00e9 R$ 5 mil por m\u00eas em 2026, mas quem n\u00e3o se adaptar \u00e0s novas regras pode cair na malha fina - Estado de Minas - Em foco","isPartOf":{"@id":"https:\/\/www.em.com.br\/emfoco\/#website"},"primaryImageOfPage":{"@id":"https:\/\/www.em.com.br\/emfoco\/2026\/01\/26\/autonomos-ganham-isencao-total-de-ir-ate-r-5-mil-por-mes-em-2026-mas-quem-nao-se-adaptar-as-novas-regras-pode-cair-na-malha-fina\/#primaryimage"},"image":{"@id":"https:\/\/www.em.com.br\/emfoco\/2026\/01\/26\/autonomos-ganham-isencao-total-de-ir-ate-r-5-mil-por-mes-em-2026-mas-quem-nao-se-adaptar-as-novas-regras-pode-cair-na-malha-fina\/#primaryimage"},"thumbnailUrl":"https:\/\/www.em.com.br\/emfoco\/wp-content\/uploads\/2026\/01\/AIAI-19-13.jpg","datePublished":"2026-01-26T22:15:00+00:00","dateModified":"2026-01-22T19:42:58+00:00","author":{"@id":"https:\/\/www.em.com.br\/emfoco\/#\/schema\/person\/1c9ddeab18b98abeffef834667bcf08a"},"description":"Aut\u00f4nomos ganham isen\u00e7\u00e3o no IR at\u00e9 R$ 5 mil mensais, mas Receita j\u00e1 cruza dados digitais. Veja como declarar sem cair na malha!","breadcrumb":{"@id":"https:\/\/www.em.com.br\/emfoco\/2026\/01\/26\/autonomos-ganham-isencao-total-de-ir-ate-r-5-mil-por-mes-em-2026-mas-quem-nao-se-adaptar-as-novas-regras-pode-cair-na-malha-fina\/#breadcrumb"},"inLanguage":"pt-BR","potentialAction":[{"@type":"ReadAction","target":["https:\/\/www.em.com.br\/emfoco\/2026\/01\/26\/autonomos-ganham-isencao-total-de-ir-ate-r-5-mil-por-mes-em-2026-mas-quem-nao-se-adaptar-as-novas-regras-pode-cair-na-malha-fina\/"]}]},{"@type":"ImageObject","inLanguage":"pt-BR","@id":"https:\/\/www.em.com.br\/emfoco\/2026\/01\/26\/autonomos-ganham-isencao-total-de-ir-ate-r-5-mil-por-mes-em-2026-mas-quem-nao-se-adaptar-as-novas-regras-pode-cair-na-malha-fina\/#primaryimage","url":"https:\/\/www.em.com.br\/emfoco\/wp-content\/uploads\/2026\/01\/AIAI-19-13.jpg","contentUrl":"https:\/\/www.em.com.br\/emfoco\/wp-content\/uploads\/2026\/01\/AIAI-19-13.jpg","width":1280,"height":720,"caption":"Imposto de Renda 2026 ampliou isen\u00e7\u00e3o e refor\u00e7ou controle digital dos aut\u00f4nomos"},{"@type":"BreadcrumbList","@id":"https:\/\/www.em.com.br\/emfoco\/2026\/01\/26\/autonomos-ganham-isencao-total-de-ir-ate-r-5-mil-por-mes-em-2026-mas-quem-nao-se-adaptar-as-novas-regras-pode-cair-na-malha-fina\/#breadcrumb","itemListElement":[{"@type":"ListItem","position":1,"name":"In\u00edcio","item":"https:\/\/www.em.com.br\/emfoco\/"},{"@type":"ListItem","position":2,"name":"Aut\u00f4nomos ganham isen\u00e7\u00e3o total de IR at\u00e9 R$ 5 mil por m\u00eas em 2026, mas quem n\u00e3o se adaptar \u00e0s novas regras pode cair na malha fina"}]},{"@type":"WebSite","@id":"https:\/\/www.em.com.br\/emfoco\/#website","url":"https:\/\/www.em.com.br\/emfoco\/","name":"Estado de Minas - Em foco","description":"Acompanhe as \u00faltimas not\u00edcias e fique bem informado sobre tudo o que acontece em Minas Gerais, Brasil e no mundo.","potentialAction":[{"@type":"SearchAction","target":{"@type":"EntryPoint","urlTemplate":"https:\/\/www.em.com.br\/emfoco\/?s={search_term_string}"},"query-input":{"@type":"PropertyValueSpecification","valueRequired":true,"valueName":"search_term_string"}}],"inLanguage":"pt-BR"},{"@type":"Person","@id":"https:\/\/www.em.com.br\/emfoco\/#\/schema\/person\/1c9ddeab18b98abeffef834667bcf08a","name":"Gabriel Martins","image":{"@type":"ImageObject","inLanguage":"pt-BR","@id":"https:\/\/www.em.com.br\/emfoco\/#\/schema\/person\/image\/","url":"https:\/\/secure.gravatar.com\/avatar\/f0f1e2efdfd88f1ad2cb08c5c2731e50?s=96&d=mm&r=g","contentUrl":"https:\/\/secure.gravatar.com\/avatar\/f0f1e2efdfd88f1ad2cb08c5c2731e50?s=96&d=mm&r=g","caption":"Gabriel Martins"},"sameAs":["https:\/\/www.em.com.br\/emfoco\/"],"url":"https:\/\/www.em.com.br\/emfoco\/author\/gabrielmartinsmyth\/"}]}},"_links":{"self":[{"href":"https:\/\/www.em.com.br\/emfoco\/wp-json\/wp\/v2\/posts\/158861","targetHints":{"allow":["GET"]}}],"collection":[{"href":"https:\/\/www.em.com.br\/emfoco\/wp-json\/wp\/v2\/posts"}],"about":[{"href":"https:\/\/www.em.com.br\/emfoco\/wp-json\/wp\/v2\/types\/post"}],"author":[{"embeddable":true,"href":"https:\/\/www.em.com.br\/emfoco\/wp-json\/wp\/v2\/users\/13"}],"replies":[{"embeddable":true,"href":"https:\/\/www.em.com.br\/emfoco\/wp-json\/wp\/v2\/comments?post=158861"}],"version-history":[{"count":1,"href":"https:\/\/www.em.com.br\/emfoco\/wp-json\/wp\/v2\/posts\/158861\/revisions"}],"predecessor-version":[{"id":158937,"href":"https:\/\/www.em.com.br\/emfoco\/wp-json\/wp\/v2\/posts\/158861\/revisions\/158937"}],"wp:featuredmedia":[{"embeddable":true,"href":"https:\/\/www.em.com.br\/emfoco\/wp-json\/wp\/v2\/media\/158934"}],"wp:attachment":[{"href":"https:\/\/www.em.com.br\/emfoco\/wp-json\/wp\/v2\/media?parent=158861"}],"wp:term":[{"taxonomy":"category","embeddable":true,"href":"https:\/\/www.em.com.br\/emfoco\/wp-json\/wp\/v2\/categories?post=158861"},{"taxonomy":"post_tag","embeddable":true,"href":"https:\/\/www.em.com.br\/emfoco\/wp-json\/wp\/v2\/tags?post=158861"}],"curies":[{"name":"wp","href":"https:\/\/api.w.org\/{rel}","templated":true}]}}