{"id":158859,"date":"2026-01-26T14:45:00","date_gmt":"2026-01-26T17:45:00","guid":{"rendered":"https:\/\/www.em.com.br\/emfoco\/?p=158859"},"modified":"2026-01-22T16:35:06","modified_gmt":"2026-01-22T19:35:06","slug":"milhoes-de-cpfs-estao-sendo-suspensos-por-divergencias-simples-e-ninguem-foi-avisado-verifique-o-seu-agora-ou-enfrente-os-bloqueios","status":"publish","type":"post","link":"https:\/\/www.em.com.br\/emfoco\/2026\/01\/26\/milhoes-de-cpfs-estao-sendo-suspensos-por-divergencias-simples-e-ninguem-foi-avisado-verifique-o-seu-agora-ou-enfrente-os-bloqueios\/","title":{"rendered":"Milh\u00f5es de CPFs est\u00e3o sendo suspensos por diverg\u00eancias simples e ningu\u00e9m foi avisado! Verifique o seu agora ou enfrente os bloqueios"},"content":{"rendered":"\n<h2 class=\"wp-block-heading\">A integra\u00e7\u00e3o do CPF \u00e0 nova identidade tornou obrigat\u00f3ria a atualiza\u00e7\u00e3o cadastral. Diverg\u00eancias de nome, filia\u00e7\u00e3o ou data bloqueiam bancos, INSS e documentos; corre\u00e7\u00e3o deve ser feita s\u00f3 nos canais oficiais da Receita Federal.<\/h2>\n\n\n\n<p>A <strong>atualiza\u00e7\u00e3o obrigat\u00f3ria do CPF<\/strong> passou a ser exigida ap\u00f3s a integra\u00e7\u00e3o definitiva com a nova Carteira de Identidade Nacional. Diverg\u00eancias entre dados do CPF e o Registro Civil j\u00e1 est\u00e3o causando bloqueios banc\u00e1rios, entraves no INSS e recusa na emiss\u00e3o de documentos.<\/p>\n\n\n\n<h2 class=\"wp-block-heading\">Por que a atualiza\u00e7\u00e3o do CPF tornou-se obrigat\u00f3ria agora?<\/h2>\n\n\n\n<p>A mudan\u00e7a ocorre porque o CPF passou a ser o <strong><a href=\"https:\/\/www.gov.br\/saude\/pt-br\/assuntos\/noticias\/2025\/setembro\/novo-cartao-nacional-de-saude-com-cpf-como-funciona-na-pratica\" target=\"_blank\" rel=\"noreferrer noopener\">identificador \u00fanico do cidad\u00e3o<\/a><\/strong>. Com isso, a base da Receita Federal se tornou o ponto central da identidade civil, sendo consultada automaticamente por bancos, \u00f3rg\u00e3os p\u00fablicos e servi\u00e7os essenciais.<\/p>\n\n\n\n<p>Na pr\u00e1tica, qualquer diverg\u00eancia de nome, filia\u00e7\u00e3o ou data de nascimento entre o CPF e a certid\u00e3o civil impede a valida\u00e7\u00e3o autom\u00e1tica de dados, bloqueando a emiss\u00e3o da nova identidade e o acesso a benef\u00edcios e movimenta\u00e7\u00f5es financeiras.<\/p>\n\n\n\n<figure class=\"wp-block-image size-large\"><img loading=\"lazy\" decoding=\"async\" width=\"1024\" height=\"576\" src=\"https:\/\/www.em.com.br\/emfoco\/wp-content\/uploads\/2026\/01\/AIAI-13-25-1024x576.jpg\" alt=\"Milh\u00f5es de CPFs est\u00e3o sendo suspensos por diverg\u00eancias simples e ningu\u00e9m foi avisado! Verifique o seu agora ou enfrente os bloqueios\" class=\"wp-image-158918\" srcset=\"https:\/\/www.em.com.br\/emfoco\/wp-content\/uploads\/2026\/01\/AIAI-13-25-1024x576.jpg 1024w, https:\/\/www.em.com.br\/emfoco\/wp-content\/uploads\/2026\/01\/AIAI-13-25-300x169.jpg 300w, https:\/\/www.em.com.br\/emfoco\/wp-content\/uploads\/2026\/01\/AIAI-13-25-768x432.jpg 768w, https:\/\/www.em.com.br\/emfoco\/wp-content\/uploads\/2026\/01\/AIAI-13-25-750x422.jpg 750w, https:\/\/www.em.com.br\/emfoco\/wp-content\/uploads\/2026\/01\/AIAI-13-25-1140x641.jpg 1140w, https:\/\/www.em.com.br\/emfoco\/wp-content\/uploads\/2026\/01\/AIAI-13-25.jpg 1280w\" sizes=\"auto, (max-width: 1024px) 100vw, 1024px\" \/><figcaption class=\"wp-element-caption\">Integra\u00e7\u00e3o do CPF como identificador \u00fanico tornou diverg\u00eancias inadmiss\u00edveis<\/figcaption><\/figure>\n\n\n\n<h2 class=\"wp-block-heading\">Quais inconsist\u00eancias mais geram bloqueio de CPF?<\/h2>\n\n\n\n<p>Grande parte dos problemas surge por erros antigos ou mudan\u00e7as n\u00e3o atualizadas ao longo da vida. Pequenas diferen\u00e7as de grafia j\u00e1 s\u00e3o suficientes para gerar diverg\u00eancia cadastral, como detalhado nos principais casos a seguir.<\/p>\n\n\n\n<ul class=\"wp-block-list\">\n<li><strong>Nome divergente<\/strong>: troca de sobrenome ap\u00f3s casamento ou div\u00f3rcio n\u00e3o atualizada.<\/li>\n\n\n\n<li><strong>Filia\u00e7\u00e3o incorreta<\/strong>: aus\u00eancia ou grafia diferente do nome da m\u00e3e ou do pai.<\/li>\n\n\n\n<li><strong>Data de nascimento<\/strong>: erro de digita\u00e7\u00e3o no cadastro original do CPF.<\/li>\n<\/ul>\n\n\n\n<h2 class=\"wp-block-heading\">Como saber se o CPF est\u00e1 regular ou com pend\u00eancia?<\/h2>\n\n\n\n<p>A verifica\u00e7\u00e3o \u00e9 totalmente digital e n\u00e3o exige ida a uma unidade f\u00edsica. A consulta mostra se o CPF est\u00e1 ativo, pendente ou suspenso, indicando se h\u00e1 necessidade de corre\u00e7\u00e3o cadastral imediata.<\/p>\n\n\n\n<p>Status \u201cregular\u201d indica CPF ativo, mas n\u00e3o exclui diverg\u00eancias civis. J\u00e1 situa\u00e7\u00f5es como \u201csuspenso\u201d normalmente apontam erro de dados cadastrais, exigindo atualiza\u00e7\u00e3o antes que ocorram bloqueios em bancos e servi\u00e7os p\u00fablicos.<\/p>\n\n\n\n<figure class=\"wp-block-image size-large\"><img loading=\"lazy\" decoding=\"async\" width=\"1024\" height=\"576\" src=\"https:\/\/www.em.com.br\/emfoco\/wp-content\/uploads\/2026\/01\/AIAI-14-23-1024x576.jpg\" alt=\"Milh\u00f5es de CPFs est\u00e3o sendo suspensos por diverg\u00eancias simples e ningu\u00e9m foi avisado! Verifique o seu agora ou enfrente os bloqueios\" class=\"wp-image-158922\" srcset=\"https:\/\/www.em.com.br\/emfoco\/wp-content\/uploads\/2026\/01\/AIAI-14-23-1024x576.jpg 1024w, https:\/\/www.em.com.br\/emfoco\/wp-content\/uploads\/2026\/01\/AIAI-14-23-300x169.jpg 300w, https:\/\/www.em.com.br\/emfoco\/wp-content\/uploads\/2026\/01\/AIAI-14-23-768x432.jpg 768w, https:\/\/www.em.com.br\/emfoco\/wp-content\/uploads\/2026\/01\/AIAI-14-23-750x422.jpg 750w, https:\/\/www.em.com.br\/emfoco\/wp-content\/uploads\/2026\/01\/AIAI-14-23-1140x641.jpg 1140w, https:\/\/www.em.com.br\/emfoco\/wp-content\/uploads\/2026\/01\/AIAI-14-23.jpg 1280w\" sizes=\"auto, (max-width: 1024px) 100vw, 1024px\" \/><figcaption class=\"wp-element-caption\">Consulta digital indica status regular, pendente ou suspenso do cadastro<\/figcaption><\/figure>\n\n\n\n<p><em>Leia mais: <em><strong><a href=\"https:\/\/www.em.com.br\/emfoco\/2026\/01\/22\/nova-ajuda-financeira-libera-salario-mensal-para-quem-cuida-de-idoso-acamado-na-propria-casa-veja-regras-e-como-solicitar\/\" target=\"_blank\" rel=\"noreferrer noopener\">Nova ajuda financeira libera sal\u00e1rio mensal para quem cuida de idoso acamado na pr\u00f3pria casa; veja regras e como solicitar<\/a><\/strong><\/em><\/em><\/p>\n\n\n\n<h2 class=\"wp-block-heading\">Onde e como fazer a atualiza\u00e7\u00e3o do CPF corretamente?<\/h2>\n\n\n\n<p>A regulariza\u00e7\u00e3o pode ser feita por diferentes canais oficiais, escolhidos conforme o tipo de erro identificado. Utilizar somente meios oficiais evita golpes e garante validade jur\u00eddica da corre\u00e7\u00e3o, como nos canais abaixo.<\/p>\n\n\n\n<ul class=\"wp-block-list\">\n<li><strong>Site da Receita Federal<\/strong>: indicado para corre\u00e7\u00f5es simples e dados b\u00e1sicos.<\/li>\n\n\n\n<li><strong>App CPF Digital<\/strong>: permite consulta, comprovante e verifica\u00e7\u00e3o de situa\u00e7\u00e3o.<\/li>\n\n\n\n<li><strong>Atendimento presencial<\/strong>: Correios, Banco do Brasil ou Caixa, quando online n\u00e3o resolve.<\/li>\n<\/ul>\n\n\n\n<h2 class=\"wp-block-heading\">Quais cuidados tomar para n\u00e3o cair em golpes do CPF?<\/h2>\n\n\n\n<p>Criminosos t\u00eam explorado o medo do bloqueio para aplicar fraudes. Mensagens alarmistas por SMS ou WhatsApp n\u00e3o partem da Receita e quase sempre indicam tentativa de golpe financeiro.<\/p>\n\n\n\n<p>Nunca fa\u00e7a pagamentos por PIX para \u201cregularizar CPF\u201d e utilize apenas endere\u00e7os oficiais com final <strong>.gov.br<\/strong>. Na d\u00favida, acesse manualmente o portal Gov.br e evite clicar em links enviados por terceiros.<\/p>\n","protected":false},"excerpt":{"rendered":"<p>A integra\u00e7\u00e3o do CPF \u00e0 nova identidade tornou obrigat\u00f3ria a atualiza\u00e7\u00e3o cadastral. Diverg\u00eancias de nome, filia\u00e7\u00e3o ou data bloqueiam bancos, INSS e documentos; corre\u00e7\u00e3o deve ser feita s\u00f3 nos canais oficiais da Receita Federal. A atualiza\u00e7\u00e3o obrigat\u00f3ria do CPF passou a ser exigida ap\u00f3s a integra\u00e7\u00e3o definitiva com a nova Carteira de Identidade Nacional. Diverg\u00eancias [&hellip;]<\/p>\n","protected":false},"author":13,"featured_media":158916,"comment_status":"open","ping_status":"open","sticky":false,"template":"","format":"standard","meta":{"jnews-multi-image_gallery":[],"jnews_single_post":{"format":"standard"},"jnews_primary_category":[],"jnews_social_meta":[],"jnews_override_counter":[],"footnotes":""},"categories":[28],"tags":[23226,2208,8649],"class_list":["post-158859","post","type-post","status-publish","format-standard","has-post-thumbnail","hentry","category-economia","tag-atualizacao-do-cpf","tag-receita-federal","tag-registro-civil"],"yoast_head":"<!-- This site is optimized with the Yoast SEO plugin v23.8 - https:\/\/yoast.com\/wordpress\/plugins\/seo\/ -->\n<title>Milh\u00f5es de CPFs est\u00e3o sendo suspensos por diverg\u00eancias simples e ningu\u00e9m foi avisado! Verifique o seu agora ou enfrente os bloqueios - Estado de Minas - Em foco<\/title>\n<meta name=\"description\" content=\"Receita exige CPF atualizado para emitir documentos e liberar acesso ao INSS. Saiba o que revisar e como evitar suspens\u00e3o!\" \/>\n<meta name=\"robots\" content=\"index, follow, max-snippet:-1, max-image-preview:large, max-video-preview:-1\" \/>\n<link rel=\"canonical\" href=\"https:\/\/www.em.com.br\/emfoco\/2026\/01\/26\/milhoes-de-cpfs-estao-sendo-suspensos-por-divergencias-simples-e-ninguem-foi-avisado-verifique-o-seu-agora-ou-enfrente-os-bloqueios\/\" \/>\n<meta property=\"og:locale\" content=\"pt_BR\" \/>\n<meta property=\"og:type\" content=\"article\" \/>\n<meta property=\"og:title\" content=\"Milh\u00f5es de CPFs est\u00e3o sendo suspensos por diverg\u00eancias simples e ningu\u00e9m foi avisado! Verifique o seu agora ou enfrente os bloqueios - Estado de Minas - Em foco\" \/>\n<meta property=\"og:description\" content=\"Receita exige CPF atualizado para emitir documentos e liberar acesso ao INSS. Saiba o que revisar e como evitar suspens\u00e3o!\" \/>\n<meta property=\"og:url\" content=\"https:\/\/www.em.com.br\/emfoco\/2026\/01\/26\/milhoes-de-cpfs-estao-sendo-suspensos-por-divergencias-simples-e-ninguem-foi-avisado-verifique-o-seu-agora-ou-enfrente-os-bloqueios\/\" \/>\n<meta property=\"og:site_name\" content=\"Estado de Minas - Em foco\" \/>\n<meta property=\"article:published_time\" content=\"2026-01-26T17:45:00+00:00\" \/>\n<meta property=\"article:modified_time\" content=\"2026-01-22T19:35:06+00:00\" \/>\n<meta property=\"og:image\" content=\"https:\/\/www.em.com.br\/emfoco\/wp-content\/uploads\/2026\/01\/AIAI-12-26.jpg\" \/>\n\t<meta property=\"og:image:width\" content=\"1280\" \/>\n\t<meta property=\"og:image:height\" content=\"720\" \/>\n\t<meta property=\"og:image:type\" content=\"image\/jpeg\" \/>\n<meta name=\"author\" content=\"Gabriel Martins\" \/>\n<meta name=\"twitter:card\" content=\"summary_large_image\" \/>\n<meta name=\"twitter:label1\" content=\"Escrito por\" \/>\n\t<meta name=\"twitter:data1\" content=\"Gabriel Martins\" \/>\n\t<meta name=\"twitter:label2\" content=\"Est. tempo de leitura\" \/>\n\t<meta name=\"twitter:data2\" content=\"4 minutos\" \/>\n<!-- \/ Yoast SEO plugin. -->","yoast_head_json":{"title":"Milh\u00f5es de CPFs est\u00e3o sendo suspensos por diverg\u00eancias simples e ningu\u00e9m foi avisado! Verifique o seu agora ou enfrente os bloqueios - Estado de Minas - Em foco","description":"Receita exige CPF atualizado para emitir documentos e liberar acesso ao INSS. Saiba o que revisar e como evitar suspens\u00e3o!","robots":{"index":"index","follow":"follow","max-snippet":"max-snippet:-1","max-image-preview":"max-image-preview:large","max-video-preview":"max-video-preview:-1"},"canonical":"https:\/\/www.em.com.br\/emfoco\/2026\/01\/26\/milhoes-de-cpfs-estao-sendo-suspensos-por-divergencias-simples-e-ninguem-foi-avisado-verifique-o-seu-agora-ou-enfrente-os-bloqueios\/","og_locale":"pt_BR","og_type":"article","og_title":"Milh\u00f5es de CPFs est\u00e3o sendo suspensos por diverg\u00eancias simples e ningu\u00e9m foi avisado! Verifique o seu agora ou enfrente os bloqueios - Estado de Minas - Em foco","og_description":"Receita exige CPF atualizado para emitir documentos e liberar acesso ao INSS. Saiba o que revisar e como evitar suspens\u00e3o!","og_url":"https:\/\/www.em.com.br\/emfoco\/2026\/01\/26\/milhoes-de-cpfs-estao-sendo-suspensos-por-divergencias-simples-e-ninguem-foi-avisado-verifique-o-seu-agora-ou-enfrente-os-bloqueios\/","og_site_name":"Estado de Minas - Em foco","article_published_time":"2026-01-26T17:45:00+00:00","article_modified_time":"2026-01-22T19:35:06+00:00","og_image":[{"width":1280,"height":720,"url":"https:\/\/www.em.com.br\/emfoco\/wp-content\/uploads\/2026\/01\/AIAI-12-26.jpg","type":"image\/jpeg"}],"author":"Gabriel Martins","twitter_card":"summary_large_image","twitter_misc":{"Escrito por":"Gabriel Martins","Est. tempo de leitura":"4 minutos"},"schema":{"@context":"https:\/\/schema.org","@graph":[{"@type":"WebPage","@id":"https:\/\/www.em.com.br\/emfoco\/2026\/01\/26\/milhoes-de-cpfs-estao-sendo-suspensos-por-divergencias-simples-e-ninguem-foi-avisado-verifique-o-seu-agora-ou-enfrente-os-bloqueios\/","url":"https:\/\/www.em.com.br\/emfoco\/2026\/01\/26\/milhoes-de-cpfs-estao-sendo-suspensos-por-divergencias-simples-e-ninguem-foi-avisado-verifique-o-seu-agora-ou-enfrente-os-bloqueios\/","name":"Milh\u00f5es de CPFs est\u00e3o sendo suspensos por diverg\u00eancias simples e ningu\u00e9m foi avisado! Verifique o seu agora ou enfrente os bloqueios - Estado de Minas - Em foco","isPartOf":{"@id":"https:\/\/www.em.com.br\/emfoco\/#website"},"primaryImageOfPage":{"@id":"https:\/\/www.em.com.br\/emfoco\/2026\/01\/26\/milhoes-de-cpfs-estao-sendo-suspensos-por-divergencias-simples-e-ninguem-foi-avisado-verifique-o-seu-agora-ou-enfrente-os-bloqueios\/#primaryimage"},"image":{"@id":"https:\/\/www.em.com.br\/emfoco\/2026\/01\/26\/milhoes-de-cpfs-estao-sendo-suspensos-por-divergencias-simples-e-ninguem-foi-avisado-verifique-o-seu-agora-ou-enfrente-os-bloqueios\/#primaryimage"},"thumbnailUrl":"https:\/\/www.em.com.br\/emfoco\/wp-content\/uploads\/2026\/01\/AIAI-12-26.jpg","datePublished":"2026-01-26T17:45:00+00:00","dateModified":"2026-01-22T19:35:06+00:00","author":{"@id":"https:\/\/www.em.com.br\/emfoco\/#\/schema\/person\/1c9ddeab18b98abeffef834667bcf08a"},"description":"Receita exige CPF atualizado para emitir documentos e liberar acesso ao INSS. Saiba o que revisar e como evitar suspens\u00e3o!","breadcrumb":{"@id":"https:\/\/www.em.com.br\/emfoco\/2026\/01\/26\/milhoes-de-cpfs-estao-sendo-suspensos-por-divergencias-simples-e-ninguem-foi-avisado-verifique-o-seu-agora-ou-enfrente-os-bloqueios\/#breadcrumb"},"inLanguage":"pt-BR","potentialAction":[{"@type":"ReadAction","target":["https:\/\/www.em.com.br\/emfoco\/2026\/01\/26\/milhoes-de-cpfs-estao-sendo-suspensos-por-divergencias-simples-e-ninguem-foi-avisado-verifique-o-seu-agora-ou-enfrente-os-bloqueios\/"]}]},{"@type":"ImageObject","inLanguage":"pt-BR","@id":"https:\/\/www.em.com.br\/emfoco\/2026\/01\/26\/milhoes-de-cpfs-estao-sendo-suspensos-por-divergencias-simples-e-ninguem-foi-avisado-verifique-o-seu-agora-ou-enfrente-os-bloqueios\/#primaryimage","url":"https:\/\/www.em.com.br\/emfoco\/wp-content\/uploads\/2026\/01\/AIAI-12-26.jpg","contentUrl":"https:\/\/www.em.com.br\/emfoco\/wp-content\/uploads\/2026\/01\/AIAI-12-26.jpg","width":1280,"height":720,"caption":"Atualiza\u00e7\u00e3o do CPF evita bloqueios banc\u00e1rios e falhas na identidade nacional"},{"@type":"BreadcrumbList","@id":"https:\/\/www.em.com.br\/emfoco\/2026\/01\/26\/milhoes-de-cpfs-estao-sendo-suspensos-por-divergencias-simples-e-ninguem-foi-avisado-verifique-o-seu-agora-ou-enfrente-os-bloqueios\/#breadcrumb","itemListElement":[{"@type":"ListItem","position":1,"name":"In\u00edcio","item":"https:\/\/www.em.com.br\/emfoco\/"},{"@type":"ListItem","position":2,"name":"Milh\u00f5es de CPFs est\u00e3o sendo suspensos por diverg\u00eancias simples e ningu\u00e9m foi avisado! Verifique o seu agora ou enfrente os bloqueios"}]},{"@type":"WebSite","@id":"https:\/\/www.em.com.br\/emfoco\/#website","url":"https:\/\/www.em.com.br\/emfoco\/","name":"Estado de Minas - Em foco","description":"Acompanhe as \u00faltimas not\u00edcias e fique bem informado sobre tudo o que acontece em Minas Gerais, Brasil e no mundo.","potentialAction":[{"@type":"SearchAction","target":{"@type":"EntryPoint","urlTemplate":"https:\/\/www.em.com.br\/emfoco\/?s={search_term_string}"},"query-input":{"@type":"PropertyValueSpecification","valueRequired":true,"valueName":"search_term_string"}}],"inLanguage":"pt-BR"},{"@type":"Person","@id":"https:\/\/www.em.com.br\/emfoco\/#\/schema\/person\/1c9ddeab18b98abeffef834667bcf08a","name":"Gabriel Martins","image":{"@type":"ImageObject","inLanguage":"pt-BR","@id":"https:\/\/www.em.com.br\/emfoco\/#\/schema\/person\/image\/","url":"https:\/\/secure.gravatar.com\/avatar\/f0f1e2efdfd88f1ad2cb08c5c2731e50?s=96&d=mm&r=g","contentUrl":"https:\/\/secure.gravatar.com\/avatar\/f0f1e2efdfd88f1ad2cb08c5c2731e50?s=96&d=mm&r=g","caption":"Gabriel Martins"},"sameAs":["https:\/\/www.em.com.br\/emfoco\/"],"url":"https:\/\/www.em.com.br\/emfoco\/author\/gabrielmartinsmyth\/"}]}},"_links":{"self":[{"href":"https:\/\/www.em.com.br\/emfoco\/wp-json\/wp\/v2\/posts\/158859","targetHints":{"allow":["GET"]}}],"collection":[{"href":"https:\/\/www.em.com.br\/emfoco\/wp-json\/wp\/v2\/posts"}],"about":[{"href":"https:\/\/www.em.com.br\/emfoco\/wp-json\/wp\/v2\/types\/post"}],"author":[{"embeddable":true,"href":"https:\/\/www.em.com.br\/emfoco\/wp-json\/wp\/v2\/users\/13"}],"replies":[{"embeddable":true,"href":"https:\/\/www.em.com.br\/emfoco\/wp-json\/wp\/v2\/comments?post=158859"}],"version-history":[{"count":1,"href":"https:\/\/www.em.com.br\/emfoco\/wp-json\/wp\/v2\/posts\/158859\/revisions"}],"predecessor-version":[{"id":158923,"href":"https:\/\/www.em.com.br\/emfoco\/wp-json\/wp\/v2\/posts\/158859\/revisions\/158923"}],"wp:featuredmedia":[{"embeddable":true,"href":"https:\/\/www.em.com.br\/emfoco\/wp-json\/wp\/v2\/media\/158916"}],"wp:attachment":[{"href":"https:\/\/www.em.com.br\/emfoco\/wp-json\/wp\/v2\/media?parent=158859"}],"wp:term":[{"taxonomy":"category","embeddable":true,"href":"https:\/\/www.em.com.br\/emfoco\/wp-json\/wp\/v2\/categories?post=158859"},{"taxonomy":"post_tag","embeddable":true,"href":"https:\/\/www.em.com.br\/emfoco\/wp-json\/wp\/v2\/tags?post=158859"}],"curies":[{"name":"wp","href":"https:\/\/api.w.org\/{rel}","templated":true}]}}