{"id":158858,"date":"2026-01-26T14:25:00","date_gmt":"2026-01-26T17:25:00","guid":{"rendered":"https:\/\/www.em.com.br\/emfoco\/?p=158858"},"modified":"2026-01-22T16:31:54","modified_gmt":"2026-01-22T19:31:54","slug":"nova-regra-livra-idosos-do-iptu-em-2026-e-quem-nao-correr-pode-perder-essa-chance-de-ouro-entenda-o-passo-a-passo","status":"publish","type":"post","link":"https:\/\/www.em.com.br\/emfoco\/2026\/01\/26\/nova-regra-livra-idosos-do-iptu-em-2026-e-quem-nao-correr-pode-perder-essa-chance-de-ouro-entenda-o-passo-a-passo\/","title":{"rendered":"Nova regra livra idosos do IPTU em 2026 e quem n\u00e3o correr pode perder essa chance de ouro! Entenda o passo a passo"},"content":{"rendered":"\n<h2 class=\"wp-block-heading\">Em 2026, Macap\u00e1 concede isen\u00e7\u00e3o total de IPTU a idosos a partir de 60 anos. O benef\u00edcio exige im\u00f3vel \u00fanico residencial, renda familiar at\u00e9 8 sal\u00e1rios m\u00ednimos, regularidade fiscal e pedido formal anual conforme o Decreto n\u00ba 6.277\/2025.<\/h2>\n\n\n\n<p>Em 2026, a Prefeitura de <strong>Macap\u00e1<\/strong> oficializou a <strong>isen\u00e7\u00e3o total do IPTU para idosos<\/strong>, medida que impacta diretamente o or\u00e7amento de quem vive com renda limitada. O benef\u00edcio foi regulamentado pelo <strong>Decreto n\u00ba 6.277\/2025<\/strong> e exige solicita\u00e7\u00e3o formal.<\/p>\n\n\n\n<h2 class=\"wp-block-heading\">O que garante a isen\u00e7\u00e3o de IPTU para idosos em Macap\u00e1?<\/h2>\n\n\n\n<p>A isen\u00e7\u00e3o do <strong>IPTU em Macap\u00e1<\/strong> para pessoas com 60 anos ou mais foi consolidada por meio do <strong><a href=\"https:\/\/macapa.ap.gov.br\/portal\/wp-content\/uploads\/2025\/10\/decreto-6.277-2025-SEMFI.pdf\" target=\"_blank\" rel=\"noreferrer noopener\">Decreto n\u00ba 6.277\/2025<\/a><\/strong>, que define crit\u00e9rios claros para concess\u00e3o do benef\u00edcio no exerc\u00edcio fiscal de 2026.<\/p>\n\n\n\n<p>A norma estabelece que o imposto pode ser totalmente zerado quando o im\u00f3vel atende \u00e0s exig\u00eancias legais, refor\u00e7ando a pol\u00edtica de <strong>prote\u00e7\u00e3o social ao idoso<\/strong> e garantindo maior previsibilidade financeira para fam\u00edlias com renda controlada.<\/p>\n\n\n\n<figure class=\"wp-block-image size-large\"><img loading=\"lazy\" decoding=\"async\" width=\"1024\" height=\"576\" src=\"https:\/\/www.em.com.br\/emfoco\/wp-content\/uploads\/2026\/01\/AIAI-10-35-1024x576.jpg\" alt=\"Nova regra livra idosos do IPTU em 2026 e quem n\u00e3o correr pode perder essa chance de ouro! Entenda o passo a passo\" class=\"wp-image-158912\" srcset=\"https:\/\/www.em.com.br\/emfoco\/wp-content\/uploads\/2026\/01\/AIAI-10-35-1024x576.jpg 1024w, https:\/\/www.em.com.br\/emfoco\/wp-content\/uploads\/2026\/01\/AIAI-10-35-300x169.jpg 300w, https:\/\/www.em.com.br\/emfoco\/wp-content\/uploads\/2026\/01\/AIAI-10-35-768x432.jpg 768w, https:\/\/www.em.com.br\/emfoco\/wp-content\/uploads\/2026\/01\/AIAI-10-35-750x422.jpg 750w, https:\/\/www.em.com.br\/emfoco\/wp-content\/uploads\/2026\/01\/AIAI-10-35-1140x641.jpg 1140w, https:\/\/www.em.com.br\/emfoco\/wp-content\/uploads\/2026\/01\/AIAI-10-35.jpg 1280w\" sizes=\"auto, (max-width: 1024px) 100vw, 1024px\" \/><figcaption class=\"wp-element-caption\">Decreto municipal consolidou regras claras para zerar o imposto em 2026<\/figcaption><\/figure>\n\n\n\n<h2 class=\"wp-block-heading\">Quem tem direito \u00e0 isen\u00e7\u00e3o do IPTU em 2026?<\/h2>\n\n\n\n<p>Para ter acesso \u00e0 <strong>isen\u00e7\u00e3o de IPTU para idosos<\/strong>, o contribuinte deve cumprir todos os requisitos definidos pela Secretaria Municipal de Finan\u00e7as. A concess\u00e3o \u00e9 cumulativa e depende do atendimento integral das condi\u00e7\u00f5es listadas a seguir.<\/p>\n\n\n\n<ul class=\"wp-block-list\">\n<li>Idade m\u00ednima: ter <strong>60 anos completos<\/strong> at\u00e9 o in\u00edcio do exerc\u00edcio fiscal.<\/li>\n\n\n\n<li>Im\u00f3vel \u00fanico: ser propriet\u00e1rio, titular ou possuidor de <strong>apenas um im\u00f3vel<\/strong> no munic\u00edpio.<\/li>\n\n\n\n<li>Uso residencial: o im\u00f3vel deve ser utilizado <strong>exclusivamente como moradia pr\u00f3pria<\/strong>.<\/li>\n\n\n\n<li>Renda familiar: soma dos rendimentos inferior a <strong>8 sal\u00e1rios m\u00ednimos<\/strong> mensais.<\/li>\n\n\n\n<li>Regularidade fiscal: possuir <strong>Certid\u00e3o Negativa de D\u00e9bitos<\/strong> ou positiva com efeito de negativa.<\/li>\n<\/ul>\n\n\n\n<h2 class=\"wp-block-heading\">Quais documentos s\u00e3o exigidos no pedido de isen\u00e7\u00e3o?<\/h2>\n\n\n\n<p>A solicita\u00e7\u00e3o da <strong>isen\u00e7\u00e3o do IPTU<\/strong> exige comprova\u00e7\u00e3o documental para validar idade, renda e titularidade do im\u00f3vel. A aus\u00eancia de qualquer item pode atrasar ou impedir a an\u00e1lise do benef\u00edcio pelo munic\u00edpio.<\/p>\n\n\n\n<p>Os documentos devem ser apresentados em formato f\u00edsico ou digital, conforme o canal escolhido, garantindo que a Prefeitura confirme a <strong>situa\u00e7\u00e3o fiscal<\/strong> e o enquadramento do idoso nos crit\u00e9rios do decreto vigente.<\/p>\n\n\n\n<figure class=\"wp-block-image size-large\"><img loading=\"lazy\" decoding=\"async\" width=\"1024\" height=\"576\" src=\"https:\/\/www.em.com.br\/emfoco\/wp-content\/uploads\/2026\/01\/AIAI-11-31-1024x576.jpg\" alt=\"Nova regra livra idosos do IPTU em 2026 e quem n\u00e3o correr pode perder essa chance de ouro! Entenda o passo a passo\" class=\"wp-image-158913\" srcset=\"https:\/\/www.em.com.br\/emfoco\/wp-content\/uploads\/2026\/01\/AIAI-11-31-1024x576.jpg 1024w, https:\/\/www.em.com.br\/emfoco\/wp-content\/uploads\/2026\/01\/AIAI-11-31-300x169.jpg 300w, https:\/\/www.em.com.br\/emfoco\/wp-content\/uploads\/2026\/01\/AIAI-11-31-768x432.jpg 768w, https:\/\/www.em.com.br\/emfoco\/wp-content\/uploads\/2026\/01\/AIAI-11-31-750x422.jpg 750w, https:\/\/www.em.com.br\/emfoco\/wp-content\/uploads\/2026\/01\/AIAI-11-31-1140x641.jpg 1140w, https:\/\/www.em.com.br\/emfoco\/wp-content\/uploads\/2026\/01\/AIAI-11-31.jpg 1280w\" sizes=\"auto, (max-width: 1024px) 100vw, 1024px\" \/><figcaption class=\"wp-element-caption\">Pedido depende de documentos que comprovem idade, renda e titularidade<\/figcaption><\/figure>\n\n\n\n<p><em>Leia mais: <em><strong><a href=\"https:\/\/www.em.com.br\/emfoco\/2026\/01\/22\/nova-ajuda-financeira-libera-salario-mensal-para-quem-cuida-de-idoso-acamado-na-propria-casa-veja-regras-e-como-solicitar\/\" target=\"_blank\" rel=\"noreferrer noopener\">Nova ajuda financeira libera sal\u00e1rio mensal para quem cuida de idoso acamado na pr\u00f3pria casa; veja regras e como solicitar<\/a><\/strong><\/em><\/em><\/p>\n\n\n\n<h2 class=\"wp-block-heading\">Como solicitar a isen\u00e7\u00e3o do IPTU em Macap\u00e1?<\/h2>\n\n\n\n<p>O pedido da <strong>isen\u00e7\u00e3o de IPTU para idosos<\/strong> pode ser feito por canais oficiais da Prefeitura de Macap\u00e1. O processo n\u00e3o \u00e9 autom\u00e1tico e deve ser iniciado pelo contribuinte dentro do prazo do calend\u00e1rio fiscal.<\/p>\n\n\n\n<ul class=\"wp-block-list\">\n<li>Pedido online: abertura de processo eletr\u00f4nico no <strong>portal da Prefeitura<\/strong>, com envio dos documentos digitalizados.<\/li>\n\n\n\n<li>Atendimento presencial: solicita\u00e7\u00e3o na <strong>Central de Atendimento ao Contribuinte<\/strong>, no Centro de Macap\u00e1.<\/li>\n\n\n\n<li>Renova\u00e7\u00e3o anual: a isen\u00e7\u00e3o vale por <strong>um exerc\u00edcio fiscal<\/strong> e precisa ser renovada todos os anos.<\/li>\n<\/ul>\n\n\n\n<h2 class=\"wp-block-heading\">O que pode fazer o idoso perder o benef\u00edcio?<\/h2>\n\n\n\n<p>A manuten\u00e7\u00e3o da <strong>isen\u00e7\u00e3o do IPTU<\/strong> depende do cumprimento cont\u00ednuo das regras legais. Qualquer altera\u00e7\u00e3o na renda, no uso do im\u00f3vel ou nas informa\u00e7\u00f5es prestadas pode gerar a perda imediata do direito.<\/p>\n\n\n\n<p>Entre as situa\u00e7\u00f5es mais comuns est\u00e3o <strong>declara\u00e7\u00e3o de dados incorretos<\/strong>, aluguel do im\u00f3vel para terceiros ou inadimpl\u00eancia em acordos fiscais, o que faz o imposto voltar a ser cobrado integralmente no exerc\u00edcio seguinte.<\/p>\n","protected":false},"excerpt":{"rendered":"<p>Em 2026, Macap\u00e1 concede isen\u00e7\u00e3o total de IPTU a idosos a partir de 60 anos. O benef\u00edcio exige im\u00f3vel \u00fanico residencial, renda familiar at\u00e9 8 sal\u00e1rios m\u00ednimos, regularidade fiscal e pedido formal anual conforme o Decreto n\u00ba 6.277\/2025. Em 2026, a Prefeitura de Macap\u00e1 oficializou a isen\u00e7\u00e3o total do IPTU para idosos, medida que impacta [&hellip;]<\/p>\n","protected":false},"author":13,"featured_media":158911,"comment_status":"open","ping_status":"open","sticky":false,"template":"","format":"standard","meta":{"jnews-multi-image_gallery":[],"jnews_single_post":{"format":"standard"},"jnews_primary_category":[],"jnews_social_meta":[],"jnews_override_counter":[],"footnotes":""},"categories":[28],"tags":[23231,21312,23230],"class_list":["post-158858","post","type-post","status-publish","format-standard","has-post-thumbnail","hentry","category-economia","tag-iptu-para-idosos","tag-isencao-de-iptu","tag-macapa"],"yoast_head":"<!-- This site is optimized with the Yoast SEO plugin v23.8 - https:\/\/yoast.com\/wordpress\/plugins\/seo\/ -->\n<title>Nova regra livra idosos do IPTU em 2026 e quem n\u00e3o correr pode perder essa chance de ouro! Entenda o passo a passo - Estado de Minas - Em foco<\/title>\n<meta name=\"description\" content=\"Idosos com mais de 60 anos j\u00e1 podem pedir isen\u00e7\u00e3o total do IPTU em Macap\u00e1. Entenda os crit\u00e9rios, documentos e como solicitar.\" \/>\n<meta name=\"robots\" content=\"index, follow, max-snippet:-1, max-image-preview:large, max-video-preview:-1\" \/>\n<link rel=\"canonical\" href=\"https:\/\/www.em.com.br\/emfoco\/2026\/01\/26\/nova-regra-livra-idosos-do-iptu-em-2026-e-quem-nao-correr-pode-perder-essa-chance-de-ouro-entenda-o-passo-a-passo\/\" \/>\n<meta property=\"og:locale\" content=\"pt_BR\" \/>\n<meta property=\"og:type\" content=\"article\" \/>\n<meta property=\"og:title\" content=\"Nova regra livra idosos do IPTU em 2026 e quem n\u00e3o correr pode perder essa chance de ouro! Entenda o passo a passo - Estado de Minas - Em foco\" \/>\n<meta property=\"og:description\" content=\"Idosos com mais de 60 anos j\u00e1 podem pedir isen\u00e7\u00e3o total do IPTU em Macap\u00e1. Entenda os crit\u00e9rios, documentos e como solicitar.\" \/>\n<meta property=\"og:url\" content=\"https:\/\/www.em.com.br\/emfoco\/2026\/01\/26\/nova-regra-livra-idosos-do-iptu-em-2026-e-quem-nao-correr-pode-perder-essa-chance-de-ouro-entenda-o-passo-a-passo\/\" \/>\n<meta property=\"og:site_name\" content=\"Estado de Minas - Em foco\" \/>\n<meta property=\"article:published_time\" content=\"2026-01-26T17:25:00+00:00\" \/>\n<meta property=\"article:modified_time\" content=\"2026-01-22T19:31:54+00:00\" \/>\n<meta property=\"og:image\" content=\"https:\/\/www.em.com.br\/emfoco\/wp-content\/uploads\/2026\/01\/AIAI-9-37.jpg\" \/>\n\t<meta property=\"og:image:width\" content=\"1280\" \/>\n\t<meta property=\"og:image:height\" content=\"720\" \/>\n\t<meta property=\"og:image:type\" content=\"image\/jpeg\" \/>\n<meta name=\"author\" content=\"Gabriel Martins\" \/>\n<meta name=\"twitter:card\" content=\"summary_large_image\" \/>\n<meta name=\"twitter:label1\" content=\"Escrito por\" \/>\n\t<meta name=\"twitter:data1\" content=\"Gabriel Martins\" \/>\n\t<meta name=\"twitter:label2\" content=\"Est. tempo de leitura\" \/>\n\t<meta name=\"twitter:data2\" content=\"4 minutos\" \/>\n<!-- \/ Yoast SEO plugin. -->","yoast_head_json":{"title":"Nova regra livra idosos do IPTU em 2026 e quem n\u00e3o correr pode perder essa chance de ouro! Entenda o passo a passo - Estado de Minas - Em foco","description":"Idosos com mais de 60 anos j\u00e1 podem pedir isen\u00e7\u00e3o total do IPTU em Macap\u00e1. Entenda os crit\u00e9rios, documentos e como solicitar.","robots":{"index":"index","follow":"follow","max-snippet":"max-snippet:-1","max-image-preview":"max-image-preview:large","max-video-preview":"max-video-preview:-1"},"canonical":"https:\/\/www.em.com.br\/emfoco\/2026\/01\/26\/nova-regra-livra-idosos-do-iptu-em-2026-e-quem-nao-correr-pode-perder-essa-chance-de-ouro-entenda-o-passo-a-passo\/","og_locale":"pt_BR","og_type":"article","og_title":"Nova regra livra idosos do IPTU em 2026 e quem n\u00e3o correr pode perder essa chance de ouro! Entenda o passo a passo - Estado de Minas - Em foco","og_description":"Idosos com mais de 60 anos j\u00e1 podem pedir isen\u00e7\u00e3o total do IPTU em Macap\u00e1. Entenda os crit\u00e9rios, documentos e como solicitar.","og_url":"https:\/\/www.em.com.br\/emfoco\/2026\/01\/26\/nova-regra-livra-idosos-do-iptu-em-2026-e-quem-nao-correr-pode-perder-essa-chance-de-ouro-entenda-o-passo-a-passo\/","og_site_name":"Estado de Minas - Em foco","article_published_time":"2026-01-26T17:25:00+00:00","article_modified_time":"2026-01-22T19:31:54+00:00","og_image":[{"width":1280,"height":720,"url":"https:\/\/www.em.com.br\/emfoco\/wp-content\/uploads\/2026\/01\/AIAI-9-37.jpg","type":"image\/jpeg"}],"author":"Gabriel Martins","twitter_card":"summary_large_image","twitter_misc":{"Escrito por":"Gabriel Martins","Est. tempo de leitura":"4 minutos"},"schema":{"@context":"https:\/\/schema.org","@graph":[{"@type":"WebPage","@id":"https:\/\/www.em.com.br\/emfoco\/2026\/01\/26\/nova-regra-livra-idosos-do-iptu-em-2026-e-quem-nao-correr-pode-perder-essa-chance-de-ouro-entenda-o-passo-a-passo\/","url":"https:\/\/www.em.com.br\/emfoco\/2026\/01\/26\/nova-regra-livra-idosos-do-iptu-em-2026-e-quem-nao-correr-pode-perder-essa-chance-de-ouro-entenda-o-passo-a-passo\/","name":"Nova regra livra idosos do IPTU em 2026 e quem n\u00e3o correr pode perder essa chance de ouro! Entenda o passo a passo - Estado de Minas - Em foco","isPartOf":{"@id":"https:\/\/www.em.com.br\/emfoco\/#website"},"primaryImageOfPage":{"@id":"https:\/\/www.em.com.br\/emfoco\/2026\/01\/26\/nova-regra-livra-idosos-do-iptu-em-2026-e-quem-nao-correr-pode-perder-essa-chance-de-ouro-entenda-o-passo-a-passo\/#primaryimage"},"image":{"@id":"https:\/\/www.em.com.br\/emfoco\/2026\/01\/26\/nova-regra-livra-idosos-do-iptu-em-2026-e-quem-nao-correr-pode-perder-essa-chance-de-ouro-entenda-o-passo-a-passo\/#primaryimage"},"thumbnailUrl":"https:\/\/www.em.com.br\/emfoco\/wp-content\/uploads\/2026\/01\/AIAI-9-37.jpg","datePublished":"2026-01-26T17:25:00+00:00","dateModified":"2026-01-22T19:31:54+00:00","author":{"@id":"https:\/\/www.em.com.br\/emfoco\/#\/schema\/person\/1c9ddeab18b98abeffef834667bcf08a"},"description":"Idosos com mais de 60 anos j\u00e1 podem pedir isen\u00e7\u00e3o total do IPTU em Macap\u00e1. Entenda os crit\u00e9rios, documentos e como solicitar.","breadcrumb":{"@id":"https:\/\/www.em.com.br\/emfoco\/2026\/01\/26\/nova-regra-livra-idosos-do-iptu-em-2026-e-quem-nao-correr-pode-perder-essa-chance-de-ouro-entenda-o-passo-a-passo\/#breadcrumb"},"inLanguage":"pt-BR","potentialAction":[{"@type":"ReadAction","target":["https:\/\/www.em.com.br\/emfoco\/2026\/01\/26\/nova-regra-livra-idosos-do-iptu-em-2026-e-quem-nao-correr-pode-perder-essa-chance-de-ouro-entenda-o-passo-a-passo\/"]}]},{"@type":"ImageObject","inLanguage":"pt-BR","@id":"https:\/\/www.em.com.br\/emfoco\/2026\/01\/26\/nova-regra-livra-idosos-do-iptu-em-2026-e-quem-nao-correr-pode-perder-essa-chance-de-ouro-entenda-o-passo-a-passo\/#primaryimage","url":"https:\/\/www.em.com.br\/emfoco\/wp-content\/uploads\/2026\/01\/AIAI-9-37.jpg","contentUrl":"https:\/\/www.em.com.br\/emfoco\/wp-content\/uploads\/2026\/01\/AIAI-9-37.jpg","width":1280,"height":720,"caption":"Isen\u00e7\u00e3o do IPTU em Macap\u00e1 reduz custos e protege renda do idoso"},{"@type":"BreadcrumbList","@id":"https:\/\/www.em.com.br\/emfoco\/2026\/01\/26\/nova-regra-livra-idosos-do-iptu-em-2026-e-quem-nao-correr-pode-perder-essa-chance-de-ouro-entenda-o-passo-a-passo\/#breadcrumb","itemListElement":[{"@type":"ListItem","position":1,"name":"In\u00edcio","item":"https:\/\/www.em.com.br\/emfoco\/"},{"@type":"ListItem","position":2,"name":"Nova regra livra idosos do IPTU em 2026 e quem n\u00e3o correr pode perder essa chance de ouro! Entenda o passo a passo"}]},{"@type":"WebSite","@id":"https:\/\/www.em.com.br\/emfoco\/#website","url":"https:\/\/www.em.com.br\/emfoco\/","name":"Estado de Minas - Em foco","description":"Acompanhe as \u00faltimas not\u00edcias e fique bem informado sobre tudo o que acontece em Minas Gerais, Brasil e no mundo.","potentialAction":[{"@type":"SearchAction","target":{"@type":"EntryPoint","urlTemplate":"https:\/\/www.em.com.br\/emfoco\/?s={search_term_string}"},"query-input":{"@type":"PropertyValueSpecification","valueRequired":true,"valueName":"search_term_string"}}],"inLanguage":"pt-BR"},{"@type":"Person","@id":"https:\/\/www.em.com.br\/emfoco\/#\/schema\/person\/1c9ddeab18b98abeffef834667bcf08a","name":"Gabriel Martins","image":{"@type":"ImageObject","inLanguage":"pt-BR","@id":"https:\/\/www.em.com.br\/emfoco\/#\/schema\/person\/image\/","url":"https:\/\/secure.gravatar.com\/avatar\/f0f1e2efdfd88f1ad2cb08c5c2731e50?s=96&d=mm&r=g","contentUrl":"https:\/\/secure.gravatar.com\/avatar\/f0f1e2efdfd88f1ad2cb08c5c2731e50?s=96&d=mm&r=g","caption":"Gabriel Martins"},"sameAs":["https:\/\/www.em.com.br\/emfoco\/"],"url":"https:\/\/www.em.com.br\/emfoco\/author\/gabrielmartinsmyth\/"}]}},"_links":{"self":[{"href":"https:\/\/www.em.com.br\/emfoco\/wp-json\/wp\/v2\/posts\/158858","targetHints":{"allow":["GET"]}}],"collection":[{"href":"https:\/\/www.em.com.br\/emfoco\/wp-json\/wp\/v2\/posts"}],"about":[{"href":"https:\/\/www.em.com.br\/emfoco\/wp-json\/wp\/v2\/types\/post"}],"author":[{"embeddable":true,"href":"https:\/\/www.em.com.br\/emfoco\/wp-json\/wp\/v2\/users\/13"}],"replies":[{"embeddable":true,"href":"https:\/\/www.em.com.br\/emfoco\/wp-json\/wp\/v2\/comments?post=158858"}],"version-history":[{"count":1,"href":"https:\/\/www.em.com.br\/emfoco\/wp-json\/wp\/v2\/posts\/158858\/revisions"}],"predecessor-version":[{"id":158915,"href":"https:\/\/www.em.com.br\/emfoco\/wp-json\/wp\/v2\/posts\/158858\/revisions\/158915"}],"wp:featuredmedia":[{"embeddable":true,"href":"https:\/\/www.em.com.br\/emfoco\/wp-json\/wp\/v2\/media\/158911"}],"wp:attachment":[{"href":"https:\/\/www.em.com.br\/emfoco\/wp-json\/wp\/v2\/media?parent=158858"}],"wp:term":[{"taxonomy":"category","embeddable":true,"href":"https:\/\/www.em.com.br\/emfoco\/wp-json\/wp\/v2\/categories?post=158858"},{"taxonomy":"post_tag","embeddable":true,"href":"https:\/\/www.em.com.br\/emfoco\/wp-json\/wp\/v2\/tags?post=158858"}],"curies":[{"name":"wp","href":"https:\/\/api.w.org\/{rel}","templated":true}]}}