{"id":158857,"date":"2026-01-26T10:45:00","date_gmt":"2026-01-26T13:45:00","guid":{"rendered":"https:\/\/www.em.com.br\/emfoco\/?p=158857"},"modified":"2026-01-22T16:28:36","modified_gmt":"2026-01-22T19:28:36","slug":"stf-acaba-com-descontos-abusivos-e-libera-aposentados-de-cobrancas-ilegais-que-duravam-anos-entenda-o-que-muda","status":"publish","type":"post","link":"https:\/\/www.em.com.br\/emfoco\/2026\/01\/26\/stf-acaba-com-descontos-abusivos-e-libera-aposentados-de-cobrancas-ilegais-que-duravam-anos-entenda-o-que-muda\/","title":{"rendered":"STF acaba com descontos abusivos e libera aposentados de cobran\u00e7as ilegais que duravam anos! Entenda o que muda"},"content":{"rendered":"\n<h2 class=\"wp-block-heading\">Em 2026, o STF julgou inconstitucionais cobran\u00e7as extras da Reforma da Previd\u00eancia sobre aposentados e pensionistas. A contribui\u00e7\u00e3o s\u00f3 pode incidir acima do teto do INSS, vedando al\u00edquotas extraordin\u00e1rias e descontos excessivos.<\/h2>\n\n\n\n<p>O <strong>Supremo Tribunal Federal<\/strong> concluiu, em 2026, um julgamento decisivo sobre a Reforma da Previd\u00eancia. A Corte declarou inconstitucionais cobran\u00e7as adicionais impostas a aposentados e pensionistas, garantindo maior prote\u00e7\u00e3o \u00e0 renda e corrigindo excessos criados pela <strong>Emenda Constitucional n\u00ba 103<\/strong>.<\/p>\n\n\n\n<h2 class=\"wp-block-heading\">O que o STF decidiu sobre a Reforma da Previd\u00eancia?<\/h2>\n\n\n\n<p>Ao julgar as <strong>A\u00e7\u00f5es Diretas de Inconstitucionalidade 6254, 6255, 6258 e correlatas<\/strong>, o STF concluiu que mecanismos criados pela Reforma de 2019 violaram princ\u00edpios constitucionais, especialmente a <strong>dignidade da pessoa humana<\/strong> e a proporcionalidade na cobran\u00e7a previdenci\u00e1ria.<\/p>\n\n\n\n<p>O entendimento final foi de que estados, munic\u00edpios e Uni\u00e3o extrapolaram os limites do <strong><a href=\"https:\/\/www.jusbrasil.com.br\/topicos\/431394\/artigo-40-da-constituicao-federal-de-1988\" target=\"_blank\" rel=\"noreferrer noopener\">Artigo 40 da Constitui\u00e7\u00e3o Federal<\/a><\/strong>, ao impor descontos excessivos a quem j\u00e1 cumpriu todo o ciclo contributivo durante a vida funcional.<\/p>\n\n\n\n<figure class=\"wp-block-image size-large\"><img loading=\"lazy\" decoding=\"async\" width=\"1024\" height=\"576\" src=\"https:\/\/www.em.com.br\/emfoco\/wp-content\/uploads\/2026\/01\/AIAI-7-43-1024x576.jpg\" alt=\"STF acaba com descontos abusivos e libera aposentados de cobran\u00e7as ilegais que duravam anos! Entenda o que muda\" class=\"wp-image-158905\" srcset=\"https:\/\/www.em.com.br\/emfoco\/wp-content\/uploads\/2026\/01\/AIAI-7-43-1024x576.jpg 1024w, https:\/\/www.em.com.br\/emfoco\/wp-content\/uploads\/2026\/01\/AIAI-7-43-300x169.jpg 300w, https:\/\/www.em.com.br\/emfoco\/wp-content\/uploads\/2026\/01\/AIAI-7-43-768x432.jpg 768w, https:\/\/www.em.com.br\/emfoco\/wp-content\/uploads\/2026\/01\/AIAI-7-43-750x422.jpg 750w, https:\/\/www.em.com.br\/emfoco\/wp-content\/uploads\/2026\/01\/AIAI-7-43-1140x641.jpg 1140w, https:\/\/www.em.com.br\/emfoco\/wp-content\/uploads\/2026\/01\/AIAI-7-43.jpg 1280w\" sizes=\"auto, (max-width: 1024px) 100vw, 1024px\" \/><figcaption class=\"wp-element-caption\">Corte considerou excessos da reforma incompat\u00edveis com princ\u00edpios constitucionais<\/figcaption><\/figure>\n\n\n\n<h2 class=\"wp-block-heading\">Quais cobran\u00e7as foram consideradas inconstitucionais?<\/h2>\n\n\n\n<p>O julgamento analisou todos os mecanismos que ampliavam a contribui\u00e7\u00e3o de aposentados e pensionistas em situa\u00e7\u00f5es de d\u00e9ficit atuarial, declarando inv\u00e1lidas as seguintes pr\u00e1ticas, que voc\u00ea v\u00ea a seguir.<\/p>\n\n\n\n<ul class=\"wp-block-list\">\n<li>Base sobre um sal\u00e1rio m\u00ednimo: a incid\u00eancia sobre valores acima de um sal\u00e1rio m\u00ednimo foi considerada inconstitucional.<\/li>\n\n\n\n<li>Contribui\u00e7\u00e3o extraordin\u00e1ria: a cria\u00e7\u00e3o de al\u00edquotas adicionais tempor\u00e1rias foi enquadrada como bitributa\u00e7\u00e3o.<\/li>\n\n\n\n<li>Redu\u00e7\u00e3o excessiva de isen\u00e7\u00f5es: a diminui\u00e7\u00e3o abrupta de prote\u00e7\u00f5es previdenci\u00e1rias foi recha\u00e7ada pela Corte.<\/li>\n<\/ul>\n\n\n\n<h2 class=\"wp-block-heading\">Qual passa a ser o limite correto para a contribui\u00e7\u00e3o?<\/h2>\n\n\n\n<p>Com a decis\u00e3o, o STF fixou que a contribui\u00e7\u00e3o previdenci\u00e1ria de aposentados e pensionistas s\u00f3 pode incidir sobre valores que ultrapassem o <strong>Teto do INSS<\/strong>, atualmente em R$ 7.786,02, conforme reajustes anuais oficiais.<\/p>\n\n\n\n<p>Servidores que recebem abaixo desse teto e estavam sofrendo descontos por d\u00e9ficit atuarial deixam de pagar qualquer contribui\u00e7\u00e3o, refor\u00e7ando a leitura constitucional de que a cobran\u00e7a na inatividade deve ser <strong>excepcional<\/strong>.<\/p>\n\n\n\n<figure class=\"wp-block-image size-large\"><img loading=\"lazy\" decoding=\"async\" width=\"1024\" height=\"576\" src=\"https:\/\/www.em.com.br\/emfoco\/wp-content\/uploads\/2026\/01\/AIAI-8-39-1024x576.jpg\" alt=\"STF acaba com descontos abusivos e libera aposentados de cobran\u00e7as ilegais que duravam anos! Entenda o que muda\" class=\"wp-image-158908\" srcset=\"https:\/\/www.em.com.br\/emfoco\/wp-content\/uploads\/2026\/01\/AIAI-8-39-1024x576.jpg 1024w, https:\/\/www.em.com.br\/emfoco\/wp-content\/uploads\/2026\/01\/AIAI-8-39-300x169.jpg 300w, https:\/\/www.em.com.br\/emfoco\/wp-content\/uploads\/2026\/01\/AIAI-8-39-768x432.jpg 768w, https:\/\/www.em.com.br\/emfoco\/wp-content\/uploads\/2026\/01\/AIAI-8-39-750x422.jpg 750w, https:\/\/www.em.com.br\/emfoco\/wp-content\/uploads\/2026\/01\/AIAI-8-39-1140x641.jpg 1140w, https:\/\/www.em.com.br\/emfoco\/wp-content\/uploads\/2026\/01\/AIAI-8-39.jpg 1280w\" sizes=\"auto, (max-width: 1024px) 100vw, 1024px\" \/><figcaption class=\"wp-element-caption\">Cobran\u00e7a s\u00f3 pode incidir sobre valores acima do teto do INSS<\/figcaption><\/figure>\n\n\n\n<p><em>Leia mais: <em><strong><a href=\"https:\/\/www.em.com.br\/emfoco\/2026\/01\/22\/nova-ajuda-financeira-libera-salario-mensal-para-quem-cuida-de-idoso-acamado-na-propria-casa-veja-regras-e-como-solicitar\/\" target=\"_blank\" rel=\"noreferrer noopener\">Nova ajuda financeira libera sal\u00e1rio mensal para quem cuida de idoso acamado na pr\u00f3pria casa; veja regras e como solicitar<\/a><\/strong><\/em><\/em><\/p>\n\n\n\n<h2 class=\"wp-block-heading\">Por que a contribui\u00e7\u00e3o extraordin\u00e1ria foi derrubada?<\/h2>\n\n\n\n<p>Os ministros entenderam que somar a contribui\u00e7\u00e3o regular com uma al\u00edquota extra gerava efeito <strong>confiscat\u00f3rio<\/strong>, punindo o servidor por falhas de gest\u00e3o dos regimes pr\u00f3prios de previd\u00eancia, o que contraria o texto constitucional.<\/p>\n\n\n\n<p>Al\u00e9m disso, o STF refor\u00e7ou que a <strong>solidariedade previdenci\u00e1ria<\/strong> tem limites. O aposentado j\u00e1 financiou o sistema durante d\u00e9cadas, n\u00e3o podendo ser transformado em fonte permanente de ajuste fiscal.<\/p>\n\n\n\n<h2 class=\"wp-block-heading\">O que o aposentado deve fazer ap\u00f3s a decis\u00e3o?<\/h2>\n\n\n\n<p>A decis\u00e3o tem efeito <strong>erga omnes<\/strong>, valendo para todos os regimes pr\u00f3prios de previd\u00eancia. Ainda assim, a aplica\u00e7\u00e3o pr\u00e1tica exige aten\u00e7\u00e3o do benefici\u00e1rio, especialmente nos pontos listados abaixo.<\/p>\n\n\n\n<ul class=\"wp-block-list\">\n<li>Confer\u00eancia do contracheque: verifique descontos previdenci\u00e1rios abaixo do teto do INSS ou rubricas extraordin\u00e1rias.<\/li>\n\n\n\n<li>Pedido administrativo: solicite a suspens\u00e3o imediata citando as ADIs julgadas pelo STF.<\/li>\n\n\n\n<li>Avalia\u00e7\u00e3o de restitui\u00e7\u00e3o: analise a possibilidade de recuperar valores pagos nos \u00faltimos cinco anos.<\/li>\n<\/ul>\n\n\n\n<p>A decis\u00e3o do STF restabelece um freio constitucional \u00e0s cobran\u00e7as previdenci\u00e1rias e garante que a aposentadoria volte a cumprir seu papel de prote\u00e7\u00e3o, n\u00e3o de penaliza\u00e7\u00e3o, na fase mais sens\u00edvel da vida do servidor p\u00fablico.<\/p>\n","protected":false},"excerpt":{"rendered":"<p>Em 2026, o STF julgou inconstitucionais cobran\u00e7as extras da Reforma da Previd\u00eancia sobre aposentados e pensionistas. A contribui\u00e7\u00e3o s\u00f3 pode incidir acima do teto do INSS, vedando al\u00edquotas extraordin\u00e1rias e descontos excessivos. O Supremo Tribunal Federal concluiu, em 2026, um julgamento decisivo sobre a Reforma da Previd\u00eancia. A Corte declarou inconstitucionais cobran\u00e7as adicionais impostas a [&hellip;]<\/p>\n","protected":false},"author":13,"featured_media":158904,"comment_status":"open","ping_status":"open","sticky":false,"template":"","format":"standard","meta":{"jnews-multi-image_gallery":[],"jnews_single_post":{"format":"standard"},"jnews_primary_category":[],"jnews_social_meta":[],"jnews_override_counter":[],"footnotes":""},"categories":[28],"tags":[23229,23228,173],"class_list":["post-158857","post","type-post","status-publish","format-standard","has-post-thumbnail","hentry","category-economia","tag-contribuicao-de-aposentados","tag-contribuicao-extra","tag-stf"],"yoast_head":"<!-- This site is optimized with the Yoast SEO plugin v23.8 - https:\/\/yoast.com\/wordpress\/plugins\/seo\/ -->\n<title>STF acaba com descontos abusivos e libera aposentados de cobran\u00e7as ilegais que duravam anos! Entenda o que muda - Estado de Minas - Em foco<\/title>\n<meta name=\"description\" content=\"Descontos acima do limite do INSS foram proibidos pelo STF. Confira quem tem direito ao fim da cobran\u00e7a e como pedir restitui\u00e7\u00e3o.\" \/>\n<meta name=\"robots\" content=\"index, follow, max-snippet:-1, max-image-preview:large, max-video-preview:-1\" \/>\n<link rel=\"canonical\" href=\"https:\/\/www.em.com.br\/emfoco\/2026\/01\/26\/stf-acaba-com-descontos-abusivos-e-libera-aposentados-de-cobrancas-ilegais-que-duravam-anos-entenda-o-que-muda\/\" \/>\n<meta property=\"og:locale\" content=\"pt_BR\" \/>\n<meta property=\"og:type\" content=\"article\" \/>\n<meta property=\"og:title\" content=\"STF acaba com descontos abusivos e libera aposentados de cobran\u00e7as ilegais que duravam anos! Entenda o que muda - Estado de Minas - Em foco\" \/>\n<meta property=\"og:description\" content=\"Descontos acima do limite do INSS foram proibidos pelo STF. Confira quem tem direito ao fim da cobran\u00e7a e como pedir restitui\u00e7\u00e3o.\" \/>\n<meta property=\"og:url\" content=\"https:\/\/www.em.com.br\/emfoco\/2026\/01\/26\/stf-acaba-com-descontos-abusivos-e-libera-aposentados-de-cobrancas-ilegais-que-duravam-anos-entenda-o-que-muda\/\" \/>\n<meta property=\"og:site_name\" content=\"Estado de Minas - Em foco\" \/>\n<meta property=\"article:published_time\" content=\"2026-01-26T13:45:00+00:00\" \/>\n<meta property=\"article:modified_time\" content=\"2026-01-22T19:28:36+00:00\" \/>\n<meta property=\"og:image\" content=\"https:\/\/www.em.com.br\/emfoco\/wp-content\/uploads\/2026\/01\/AIAI-6-44.jpg\" \/>\n\t<meta property=\"og:image:width\" content=\"1280\" \/>\n\t<meta property=\"og:image:height\" content=\"720\" \/>\n\t<meta property=\"og:image:type\" content=\"image\/jpeg\" \/>\n<meta name=\"author\" content=\"Gabriel Martins\" \/>\n<meta name=\"twitter:card\" content=\"summary_large_image\" \/>\n<meta name=\"twitter:label1\" content=\"Escrito por\" \/>\n\t<meta name=\"twitter:data1\" content=\"Gabriel Martins\" \/>\n\t<meta name=\"twitter:label2\" content=\"Est. tempo de leitura\" \/>\n\t<meta name=\"twitter:data2\" content=\"4 minutos\" \/>\n<!-- \/ Yoast SEO plugin. -->","yoast_head_json":{"title":"STF acaba com descontos abusivos e libera aposentados de cobran\u00e7as ilegais que duravam anos! Entenda o que muda - Estado de Minas - Em foco","description":"Descontos acima do limite do INSS foram proibidos pelo STF. Confira quem tem direito ao fim da cobran\u00e7a e como pedir restitui\u00e7\u00e3o.","robots":{"index":"index","follow":"follow","max-snippet":"max-snippet:-1","max-image-preview":"max-image-preview:large","max-video-preview":"max-video-preview:-1"},"canonical":"https:\/\/www.em.com.br\/emfoco\/2026\/01\/26\/stf-acaba-com-descontos-abusivos-e-libera-aposentados-de-cobrancas-ilegais-que-duravam-anos-entenda-o-que-muda\/","og_locale":"pt_BR","og_type":"article","og_title":"STF acaba com descontos abusivos e libera aposentados de cobran\u00e7as ilegais que duravam anos! Entenda o que muda - Estado de Minas - Em foco","og_description":"Descontos acima do limite do INSS foram proibidos pelo STF. Confira quem tem direito ao fim da cobran\u00e7a e como pedir restitui\u00e7\u00e3o.","og_url":"https:\/\/www.em.com.br\/emfoco\/2026\/01\/26\/stf-acaba-com-descontos-abusivos-e-libera-aposentados-de-cobrancas-ilegais-que-duravam-anos-entenda-o-que-muda\/","og_site_name":"Estado de Minas - Em foco","article_published_time":"2026-01-26T13:45:00+00:00","article_modified_time":"2026-01-22T19:28:36+00:00","og_image":[{"width":1280,"height":720,"url":"https:\/\/www.em.com.br\/emfoco\/wp-content\/uploads\/2026\/01\/AIAI-6-44.jpg","type":"image\/jpeg"}],"author":"Gabriel Martins","twitter_card":"summary_large_image","twitter_misc":{"Escrito por":"Gabriel Martins","Est. tempo de leitura":"4 minutos"},"schema":{"@context":"https:\/\/schema.org","@graph":[{"@type":"WebPage","@id":"https:\/\/www.em.com.br\/emfoco\/2026\/01\/26\/stf-acaba-com-descontos-abusivos-e-libera-aposentados-de-cobrancas-ilegais-que-duravam-anos-entenda-o-que-muda\/","url":"https:\/\/www.em.com.br\/emfoco\/2026\/01\/26\/stf-acaba-com-descontos-abusivos-e-libera-aposentados-de-cobrancas-ilegais-que-duravam-anos-entenda-o-que-muda\/","name":"STF acaba com descontos abusivos e libera aposentados de cobran\u00e7as ilegais que duravam anos! Entenda o que muda - Estado de Minas - Em foco","isPartOf":{"@id":"https:\/\/www.em.com.br\/emfoco\/#website"},"primaryImageOfPage":{"@id":"https:\/\/www.em.com.br\/emfoco\/2026\/01\/26\/stf-acaba-com-descontos-abusivos-e-libera-aposentados-de-cobrancas-ilegais-que-duravam-anos-entenda-o-que-muda\/#primaryimage"},"image":{"@id":"https:\/\/www.em.com.br\/emfoco\/2026\/01\/26\/stf-acaba-com-descontos-abusivos-e-libera-aposentados-de-cobrancas-ilegais-que-duravam-anos-entenda-o-que-muda\/#primaryimage"},"thumbnailUrl":"https:\/\/www.em.com.br\/emfoco\/wp-content\/uploads\/2026\/01\/AIAI-6-44.jpg","datePublished":"2026-01-26T13:45:00+00:00","dateModified":"2026-01-22T19:28:36+00:00","author":{"@id":"https:\/\/www.em.com.br\/emfoco\/#\/schema\/person\/1c9ddeab18b98abeffef834667bcf08a"},"description":"Descontos acima do limite do INSS foram proibidos pelo STF. Confira quem tem direito ao fim da cobran\u00e7a e como pedir restitui\u00e7\u00e3o.","breadcrumb":{"@id":"https:\/\/www.em.com.br\/emfoco\/2026\/01\/26\/stf-acaba-com-descontos-abusivos-e-libera-aposentados-de-cobrancas-ilegais-que-duravam-anos-entenda-o-que-muda\/#breadcrumb"},"inLanguage":"pt-BR","potentialAction":[{"@type":"ReadAction","target":["https:\/\/www.em.com.br\/emfoco\/2026\/01\/26\/stf-acaba-com-descontos-abusivos-e-libera-aposentados-de-cobrancas-ilegais-que-duravam-anos-entenda-o-que-muda\/"]}]},{"@type":"ImageObject","inLanguage":"pt-BR","@id":"https:\/\/www.em.com.br\/emfoco\/2026\/01\/26\/stf-acaba-com-descontos-abusivos-e-libera-aposentados-de-cobrancas-ilegais-que-duravam-anos-entenda-o-que-muda\/#primaryimage","url":"https:\/\/www.em.com.br\/emfoco\/wp-content\/uploads\/2026\/01\/AIAI-6-44.jpg","contentUrl":"https:\/\/www.em.com.br\/emfoco\/wp-content\/uploads\/2026\/01\/AIAI-6-44.jpg","width":1280,"height":720,"caption":"STF limitou cobran\u00e7as previdenci\u00e1rias e ampliou prote\u00e7\u00e3o \u00e0 renda de aposentados"},{"@type":"BreadcrumbList","@id":"https:\/\/www.em.com.br\/emfoco\/2026\/01\/26\/stf-acaba-com-descontos-abusivos-e-libera-aposentados-de-cobrancas-ilegais-que-duravam-anos-entenda-o-que-muda\/#breadcrumb","itemListElement":[{"@type":"ListItem","position":1,"name":"In\u00edcio","item":"https:\/\/www.em.com.br\/emfoco\/"},{"@type":"ListItem","position":2,"name":"STF acaba com descontos abusivos e libera aposentados de cobran\u00e7as ilegais que duravam anos! Entenda o que muda"}]},{"@type":"WebSite","@id":"https:\/\/www.em.com.br\/emfoco\/#website","url":"https:\/\/www.em.com.br\/emfoco\/","name":"Estado de Minas - Em foco","description":"Acompanhe as \u00faltimas not\u00edcias e fique bem informado sobre tudo o que acontece em Minas Gerais, Brasil e no mundo.","potentialAction":[{"@type":"SearchAction","target":{"@type":"EntryPoint","urlTemplate":"https:\/\/www.em.com.br\/emfoco\/?s={search_term_string}"},"query-input":{"@type":"PropertyValueSpecification","valueRequired":true,"valueName":"search_term_string"}}],"inLanguage":"pt-BR"},{"@type":"Person","@id":"https:\/\/www.em.com.br\/emfoco\/#\/schema\/person\/1c9ddeab18b98abeffef834667bcf08a","name":"Gabriel Martins","image":{"@type":"ImageObject","inLanguage":"pt-BR","@id":"https:\/\/www.em.com.br\/emfoco\/#\/schema\/person\/image\/","url":"https:\/\/secure.gravatar.com\/avatar\/f0f1e2efdfd88f1ad2cb08c5c2731e50?s=96&d=mm&r=g","contentUrl":"https:\/\/secure.gravatar.com\/avatar\/f0f1e2efdfd88f1ad2cb08c5c2731e50?s=96&d=mm&r=g","caption":"Gabriel Martins"},"sameAs":["https:\/\/www.em.com.br\/emfoco\/"],"url":"https:\/\/www.em.com.br\/emfoco\/author\/gabrielmartinsmyth\/"}]}},"_links":{"self":[{"href":"https:\/\/www.em.com.br\/emfoco\/wp-json\/wp\/v2\/posts\/158857","targetHints":{"allow":["GET"]}}],"collection":[{"href":"https:\/\/www.em.com.br\/emfoco\/wp-json\/wp\/v2\/posts"}],"about":[{"href":"https:\/\/www.em.com.br\/emfoco\/wp-json\/wp\/v2\/types\/post"}],"author":[{"embeddable":true,"href":"https:\/\/www.em.com.br\/emfoco\/wp-json\/wp\/v2\/users\/13"}],"replies":[{"embeddable":true,"href":"https:\/\/www.em.com.br\/emfoco\/wp-json\/wp\/v2\/comments?post=158857"}],"version-history":[{"count":1,"href":"https:\/\/www.em.com.br\/emfoco\/wp-json\/wp\/v2\/posts\/158857\/revisions"}],"predecessor-version":[{"id":158910,"href":"https:\/\/www.em.com.br\/emfoco\/wp-json\/wp\/v2\/posts\/158857\/revisions\/158910"}],"wp:featuredmedia":[{"embeddable":true,"href":"https:\/\/www.em.com.br\/emfoco\/wp-json\/wp\/v2\/media\/158904"}],"wp:attachment":[{"href":"https:\/\/www.em.com.br\/emfoco\/wp-json\/wp\/v2\/media?parent=158857"}],"wp:term":[{"taxonomy":"category","embeddable":true,"href":"https:\/\/www.em.com.br\/emfoco\/wp-json\/wp\/v2\/categories?post=158857"},{"taxonomy":"post_tag","embeddable":true,"href":"https:\/\/www.em.com.br\/emfoco\/wp-json\/wp\/v2\/tags?post=158857"}],"curies":[{"name":"wp","href":"https:\/\/api.w.org\/{rel}","templated":true}]}}