{"id":158856,"date":"2026-01-26T10:15:00","date_gmt":"2026-01-26T13:15:00","guid":{"rendered":"https:\/\/www.em.com.br\/emfoco\/?p=158856"},"modified":"2026-01-22T16:24:56","modified_gmt":"2026-01-22T19:24:56","slug":"receita-federal-emite-comunicado-urgente-sobre-cpf-entenda-o-que-muda","status":"publish","type":"post","link":"https:\/\/www.em.com.br\/emfoco\/2026\/01\/26\/receita-federal-emite-comunicado-urgente-sobre-cpf-entenda-o-que-muda\/","title":{"rendered":"Receita Federal emite comunicado urgente sobre CPF: entenda o que muda"},"content":{"rendered":"\n<h2 class=\"wp-block-heading\">A Receita Federal exige CPF atualizado por ser identificador \u00fanico da nova identidade. Corre\u00e7\u00f5es devem ser feitas apenas pelo e-CAC, CPF Digital e Gov.br; dados divergentes bloqueiam servi\u00e7os e golpes com taxas s\u00e3o frequentes.<\/h2>\n\n\n\n<p>A <strong>atualiza\u00e7\u00e3o do CPF<\/strong> tornou-se indispens\u00e1vel ap\u00f3s a ado\u00e7\u00e3o do documento como n\u00famero \u00fanico da nova identidade nacional. Com mudan\u00e7as nos canais oficiais e aumento de fraudes digitais, a Receita Federal refor\u00e7ou alertas para garantir acesso a servi\u00e7os e benef\u00edcios.<\/p>\n\n\n\n<h2 class=\"wp-block-heading\">Por que a Receita Federal passou a exigir CPF sempre atualizado?<\/h2>\n\n\n\n<p>A unifica\u00e7\u00e3o do CPF como identificador \u00fanico do cidad\u00e3o tornou o cadastro base para servi\u00e7os p\u00fablicos e privados. Dados divergentes impedem acesso a benef\u00edcios sociais, abertura de contas banc\u00e1rias e emiss\u00e3o da nova carteira de identidade.<\/p>\n\n\n\n<p>Al\u00e9m disso, inconsist\u00eancias cadastrais dificultam cruzamentos fiscais e geram restri\u00e7\u00f5es autom\u00e1ticas. Manter o <strong>cadastro regular<\/strong> \u00e9 hoje requisito b\u00e1sico para exercer plenamente direitos civis e administrativos.<\/p>\n\n\n\n<figure class=\"wp-block-image size-large\"><img loading=\"lazy\" decoding=\"async\" width=\"1024\" height=\"576\" src=\"https:\/\/www.em.com.br\/emfoco\/wp-content\/uploads\/2026\/01\/AIAI-4-53-1024x576.jpg\" alt=\"Receita Federal emite comunicado urgente sobre CPF: entenda o que muda\" class=\"wp-image-158897\" srcset=\"https:\/\/www.em.com.br\/emfoco\/wp-content\/uploads\/2026\/01\/AIAI-4-53-1024x576.jpg 1024w, https:\/\/www.em.com.br\/emfoco\/wp-content\/uploads\/2026\/01\/AIAI-4-53-300x169.jpg 300w, https:\/\/www.em.com.br\/emfoco\/wp-content\/uploads\/2026\/01\/AIAI-4-53-768x432.jpg 768w, https:\/\/www.em.com.br\/emfoco\/wp-content\/uploads\/2026\/01\/AIAI-4-53-750x422.jpg 750w, https:\/\/www.em.com.br\/emfoco\/wp-content\/uploads\/2026\/01\/AIAI-4-53-1140x641.jpg 1140w, https:\/\/www.em.com.br\/emfoco\/wp-content\/uploads\/2026\/01\/AIAI-4-53.jpg 1280w\" sizes=\"auto, (max-width: 1024px) 100vw, 1024px\" \/><figcaption class=\"wp-element-caption\">Unifica\u00e7\u00e3o do CPF tornou dados corretos essenciais para direitos civis<\/figcaption><\/figure>\n\n\n\n<h2 class=\"wp-block-heading\">Como funciona o novo processo oficial de atualiza\u00e7\u00e3o do CPF?<\/h2>\n\n\n\n<p>A Receita Federal centralizou os procedimentos em ambientes digitais pr\u00f3prios, encerrando solicita\u00e7\u00f5es por links externos. O cidad\u00e3o deve utilizar exclusivamente os canais oficiais, conforme as regras atuais descritas abaixo.<\/p>\n\n\n\n<ul class=\"wp-block-list\">\n<li><strong>Portal e-CAC<\/strong>: ambiente oficial para altera\u00e7\u00e3o e consulta de dados cadastrais.<\/li>\n\n\n\n<li><strong>Aplicativo CPF Digital<\/strong>: permite verificar situa\u00e7\u00e3o e hist\u00f3rico do cadastro.<\/li>\n\n\n\n<li><strong>Valida\u00e7\u00e3o Gov.br<\/strong>: exige conta n\u00edvel Prata ou Ouro para mudan\u00e7as sens\u00edveis.<\/li>\n<\/ul>\n\n\n\n<h2 class=\"wp-block-heading\">Como verificar a situa\u00e7\u00e3o cadastral do CPF corretamente?<\/h2>\n\n\n\n<p>A consulta peri\u00f3dica evita surpresas e bloqueios inesperados. O comprovante de situa\u00e7\u00e3o cadastral indica se o CPF est\u00e1 regular, pendente de regulariza\u00e7\u00e3o por declara\u00e7\u00e3o n\u00e3o entregue ou suspenso por erro de cadastro.<\/p>\n\n\n\n<p>Status como <strong>suspenso<\/strong> costumam ocorrer por diverg\u00eancia de dados, especialmente com t\u00edtulo de eleitor ou certid\u00e3o de nascimento, e exigem corre\u00e7\u00e3o antes de qualquer outro servi\u00e7o.<\/p>\n\n\n\n<figure class=\"wp-block-image size-large\"><img loading=\"lazy\" decoding=\"async\" width=\"1024\" height=\"576\" src=\"https:\/\/www.em.com.br\/emfoco\/wp-content\/uploads\/2026\/01\/AIAI-5-50-1024x576.jpg\" alt=\"Receita Federal emite comunicado urgente sobre CPF: entenda o que muda\" class=\"wp-image-158899\" srcset=\"https:\/\/www.em.com.br\/emfoco\/wp-content\/uploads\/2026\/01\/AIAI-5-50-1024x576.jpg 1024w, https:\/\/www.em.com.br\/emfoco\/wp-content\/uploads\/2026\/01\/AIAI-5-50-300x169.jpg 300w, https:\/\/www.em.com.br\/emfoco\/wp-content\/uploads\/2026\/01\/AIAI-5-50-768x432.jpg 768w, https:\/\/www.em.com.br\/emfoco\/wp-content\/uploads\/2026\/01\/AIAI-5-50-750x422.jpg 750w, https:\/\/www.em.com.br\/emfoco\/wp-content\/uploads\/2026\/01\/AIAI-5-50-1140x641.jpg 1140w, https:\/\/www.em.com.br\/emfoco\/wp-content\/uploads\/2026\/01\/AIAI-5-50.jpg 1280w\" sizes=\"auto, (max-width: 1024px) 100vw, 1024px\" \/><figcaption class=\"wp-element-caption\">Consulta frequente evita suspens\u00e3o por diverg\u00eancia de dados cadastrais<\/figcaption><\/figure>\n\n\n\n<p><em>Leia mais: <strong><a href=\"https:\/\/www.em.com.br\/emfoco\/2026\/01\/22\/nova-ajuda-financeira-libera-salario-mensal-para-quem-cuida-de-idoso-acamado-na-propria-casa-veja-regras-e-como-solicitar\/\" target=\"_blank\" rel=\"noreferrer noopener\">Nova ajuda financeira libera sal\u00e1rio mensal para quem cuida de idoso acamado na pr\u00f3pria casa; veja regras e como solicitar<\/a><\/strong><\/em><\/p>\n\n\n\n<h2 class=\"wp-block-heading\">Quais s\u00e3o os golpes mais comuns envolvendo atualiza\u00e7\u00e3o de CPF?<\/h2>\n\n\n\n<p>A Receita Federal alertou que criminosos exploram o medo de bloqueio para induzir pagamentos e roubo de dados. Reconhecer os sinais \u00e9 essencial para evitar preju\u00edzos, como detalhado a seguir.<\/p>\n\n\n\n<ul class=\"wp-block-list\">\n<li><strong>Taxas via PIX<\/strong>: pedidos de pagamento imediato para \u201cregulariza\u00e7\u00e3o\u201d s\u00e3o fraudulentos.<\/li>\n\n\n\n<li><strong>Sites fora do padr\u00e3o<\/strong>: endere\u00e7os que n\u00e3o terminam em .gov.br indicam golpe.<\/li>\n\n\n\n<li><strong>Mensagens alarmistas<\/strong>: avisos de cancelamento em poucas horas s\u00e3o falsos.<\/li>\n<\/ul>\n\n\n\n<h2 class=\"wp-block-heading\">O que fazer se o CPF aparecer como suspenso?<\/h2>\n\n\n\n<p>Ao identificar suspens\u00e3o, o procedimento correto \u00e9 solicitar corre\u00e7\u00e3o diretamente nos sistemas da Receita Federal. O processo segue regras administrativas e n\u00e3o envolve cobran\u00e7a por links externos.<\/p>\n\n\n\n<p>Quando a corre\u00e7\u00e3o online n\u00e3o for poss\u00edvel, o cidad\u00e3o deve enviar documentos conforme orienta\u00e7\u00e3o regional. O procedimento \u00e9 regulamentado pela <strong><a href=\"https:\/\/www.legisweb.com.br\/noticia\/?legislacao=450438\" target=\"_blank\" rel=\"noreferrer noopener\">Instru\u00e7\u00e3o Normativa RFB n\u00ba 2.162\/2023<\/a><\/strong>, que disciplina o Cadastro de Pessoas F\u00edsicas.<\/p>\n","protected":false},"excerpt":{"rendered":"<p>A Receita Federal exige CPF atualizado por ser identificador \u00fanico da nova identidade. Corre\u00e7\u00f5es devem ser feitas apenas pelo e-CAC, CPF Digital e Gov.br; dados divergentes bloqueiam servi\u00e7os e golpes com taxas s\u00e3o frequentes. A atualiza\u00e7\u00e3o do CPF tornou-se indispens\u00e1vel ap\u00f3s a ado\u00e7\u00e3o do documento como n\u00famero \u00fanico da nova identidade nacional. Com mudan\u00e7as nos [&hellip;]<\/p>\n","protected":false},"author":13,"featured_media":158896,"comment_status":"open","ping_status":"open","sticky":false,"template":"","format":"standard","meta":{"jnews-multi-image_gallery":[],"jnews_single_post":{"format":"standard"},"jnews_primary_category":[],"jnews_social_meta":[],"jnews_override_counter":[],"footnotes":""},"categories":[28],"tags":[23226,23227,1644],"class_list":["post-158856","post","type-post","status-publish","format-standard","has-post-thumbnail","hentry","category-economia","tag-atualizacao-do-cpf","tag-cadastro-regular","tag-golpes"],"yoast_head":"<!-- This site is optimized with the Yoast SEO plugin v23.8 - https:\/\/yoast.com\/wordpress\/plugins\/seo\/ -->\n<title>Receita Federal emite comunicado urgente sobre CPF: entenda o que muda - Estado de Minas - Em foco<\/title>\n<meta name=\"description\" content=\"CPF suspenso pode causar transtornos em bancos, servi\u00e7os p\u00fablicos e at\u00e9 no novo RG. Aprenda a regularizar e fuja de fraudes.\" \/>\n<meta name=\"robots\" content=\"index, follow, max-snippet:-1, max-image-preview:large, max-video-preview:-1\" \/>\n<link rel=\"canonical\" href=\"https:\/\/www.em.com.br\/emfoco\/2026\/01\/26\/receita-federal-emite-comunicado-urgente-sobre-cpf-entenda-o-que-muda\/\" \/>\n<meta property=\"og:locale\" content=\"pt_BR\" \/>\n<meta property=\"og:type\" content=\"article\" \/>\n<meta property=\"og:title\" content=\"Receita Federal emite comunicado urgente sobre CPF: entenda o que muda - Estado de Minas - Em foco\" \/>\n<meta property=\"og:description\" content=\"CPF suspenso pode causar transtornos em bancos, servi\u00e7os p\u00fablicos e at\u00e9 no novo RG. Aprenda a regularizar e fuja de fraudes.\" \/>\n<meta property=\"og:url\" content=\"https:\/\/www.em.com.br\/emfoco\/2026\/01\/26\/receita-federal-emite-comunicado-urgente-sobre-cpf-entenda-o-que-muda\/\" \/>\n<meta property=\"og:site_name\" content=\"Estado de Minas - Em foco\" \/>\n<meta property=\"article:published_time\" content=\"2026-01-26T13:15:00+00:00\" \/>\n<meta property=\"article:modified_time\" content=\"2026-01-22T19:24:56+00:00\" \/>\n<meta property=\"og:image\" content=\"https:\/\/www.em.com.br\/emfoco\/wp-content\/uploads\/2026\/01\/AIAI-3-56.jpg\" \/>\n\t<meta property=\"og:image:width\" content=\"1280\" \/>\n\t<meta property=\"og:image:height\" content=\"720\" \/>\n\t<meta property=\"og:image:type\" content=\"image\/jpeg\" \/>\n<meta name=\"author\" content=\"Gabriel Martins\" \/>\n<meta name=\"twitter:card\" content=\"summary_large_image\" \/>\n<meta name=\"twitter:label1\" content=\"Escrito por\" \/>\n\t<meta name=\"twitter:data1\" content=\"Gabriel Martins\" \/>\n\t<meta name=\"twitter:label2\" content=\"Est. tempo de leitura\" \/>\n\t<meta name=\"twitter:data2\" content=\"4 minutos\" \/>\n<!-- \/ Yoast SEO plugin. -->","yoast_head_json":{"title":"Receita Federal emite comunicado urgente sobre CPF: entenda o que muda - Estado de Minas - Em foco","description":"CPF suspenso pode causar transtornos em bancos, servi\u00e7os p\u00fablicos e at\u00e9 no novo RG. Aprenda a regularizar e fuja de fraudes.","robots":{"index":"index","follow":"follow","max-snippet":"max-snippet:-1","max-image-preview":"max-image-preview:large","max-video-preview":"max-video-preview:-1"},"canonical":"https:\/\/www.em.com.br\/emfoco\/2026\/01\/26\/receita-federal-emite-comunicado-urgente-sobre-cpf-entenda-o-que-muda\/","og_locale":"pt_BR","og_type":"article","og_title":"Receita Federal emite comunicado urgente sobre CPF: entenda o que muda - Estado de Minas - Em foco","og_description":"CPF suspenso pode causar transtornos em bancos, servi\u00e7os p\u00fablicos e at\u00e9 no novo RG. Aprenda a regularizar e fuja de fraudes.","og_url":"https:\/\/www.em.com.br\/emfoco\/2026\/01\/26\/receita-federal-emite-comunicado-urgente-sobre-cpf-entenda-o-que-muda\/","og_site_name":"Estado de Minas - Em foco","article_published_time":"2026-01-26T13:15:00+00:00","article_modified_time":"2026-01-22T19:24:56+00:00","og_image":[{"width":1280,"height":720,"url":"https:\/\/www.em.com.br\/emfoco\/wp-content\/uploads\/2026\/01\/AIAI-3-56.jpg","type":"image\/jpeg"}],"author":"Gabriel Martins","twitter_card":"summary_large_image","twitter_misc":{"Escrito por":"Gabriel Martins","Est. tempo de leitura":"4 minutos"},"schema":{"@context":"https:\/\/schema.org","@graph":[{"@type":"WebPage","@id":"https:\/\/www.em.com.br\/emfoco\/2026\/01\/26\/receita-federal-emite-comunicado-urgente-sobre-cpf-entenda-o-que-muda\/","url":"https:\/\/www.em.com.br\/emfoco\/2026\/01\/26\/receita-federal-emite-comunicado-urgente-sobre-cpf-entenda-o-que-muda\/","name":"Receita Federal emite comunicado urgente sobre CPF: entenda o que muda - Estado de Minas - Em foco","isPartOf":{"@id":"https:\/\/www.em.com.br\/emfoco\/#website"},"primaryImageOfPage":{"@id":"https:\/\/www.em.com.br\/emfoco\/2026\/01\/26\/receita-federal-emite-comunicado-urgente-sobre-cpf-entenda-o-que-muda\/#primaryimage"},"image":{"@id":"https:\/\/www.em.com.br\/emfoco\/2026\/01\/26\/receita-federal-emite-comunicado-urgente-sobre-cpf-entenda-o-que-muda\/#primaryimage"},"thumbnailUrl":"https:\/\/www.em.com.br\/emfoco\/wp-content\/uploads\/2026\/01\/AIAI-3-56.jpg","datePublished":"2026-01-26T13:15:00+00:00","dateModified":"2026-01-22T19:24:56+00:00","author":{"@id":"https:\/\/www.em.com.br\/emfoco\/#\/schema\/person\/1c9ddeab18b98abeffef834667bcf08a"},"description":"CPF suspenso pode causar transtornos em bancos, servi\u00e7os p\u00fablicos e at\u00e9 no novo RG. Aprenda a regularizar e fuja de fraudes.","breadcrumb":{"@id":"https:\/\/www.em.com.br\/emfoco\/2026\/01\/26\/receita-federal-emite-comunicado-urgente-sobre-cpf-entenda-o-que-muda\/#breadcrumb"},"inLanguage":"pt-BR","potentialAction":[{"@type":"ReadAction","target":["https:\/\/www.em.com.br\/emfoco\/2026\/01\/26\/receita-federal-emite-comunicado-urgente-sobre-cpf-entenda-o-que-muda\/"]}]},{"@type":"ImageObject","inLanguage":"pt-BR","@id":"https:\/\/www.em.com.br\/emfoco\/2026\/01\/26\/receita-federal-emite-comunicado-urgente-sobre-cpf-entenda-o-que-muda\/#primaryimage","url":"https:\/\/www.em.com.br\/emfoco\/wp-content\/uploads\/2026\/01\/AIAI-3-56.jpg","contentUrl":"https:\/\/www.em.com.br\/emfoco\/wp-content\/uploads\/2026\/01\/AIAI-3-56.jpg","width":1280,"height":720,"caption":"Atualiza\u00e7\u00e3o do CPF garante acesso a servi\u00e7os e evita bloqueios cadastrais"},{"@type":"BreadcrumbList","@id":"https:\/\/www.em.com.br\/emfoco\/2026\/01\/26\/receita-federal-emite-comunicado-urgente-sobre-cpf-entenda-o-que-muda\/#breadcrumb","itemListElement":[{"@type":"ListItem","position":1,"name":"In\u00edcio","item":"https:\/\/www.em.com.br\/emfoco\/"},{"@type":"ListItem","position":2,"name":"Receita Federal emite comunicado urgente sobre CPF: entenda o que muda"}]},{"@type":"WebSite","@id":"https:\/\/www.em.com.br\/emfoco\/#website","url":"https:\/\/www.em.com.br\/emfoco\/","name":"Estado de Minas - Em foco","description":"Acompanhe as \u00faltimas not\u00edcias e fique bem informado sobre tudo o que acontece em Minas Gerais, Brasil e no mundo.","potentialAction":[{"@type":"SearchAction","target":{"@type":"EntryPoint","urlTemplate":"https:\/\/www.em.com.br\/emfoco\/?s={search_term_string}"},"query-input":{"@type":"PropertyValueSpecification","valueRequired":true,"valueName":"search_term_string"}}],"inLanguage":"pt-BR"},{"@type":"Person","@id":"https:\/\/www.em.com.br\/emfoco\/#\/schema\/person\/1c9ddeab18b98abeffef834667bcf08a","name":"Gabriel Martins","image":{"@type":"ImageObject","inLanguage":"pt-BR","@id":"https:\/\/www.em.com.br\/emfoco\/#\/schema\/person\/image\/","url":"https:\/\/secure.gravatar.com\/avatar\/f0f1e2efdfd88f1ad2cb08c5c2731e50?s=96&d=mm&r=g","contentUrl":"https:\/\/secure.gravatar.com\/avatar\/f0f1e2efdfd88f1ad2cb08c5c2731e50?s=96&d=mm&r=g","caption":"Gabriel Martins"},"sameAs":["https:\/\/www.em.com.br\/emfoco\/"],"url":"https:\/\/www.em.com.br\/emfoco\/author\/gabrielmartinsmyth\/"}]}},"_links":{"self":[{"href":"https:\/\/www.em.com.br\/emfoco\/wp-json\/wp\/v2\/posts\/158856","targetHints":{"allow":["GET"]}}],"collection":[{"href":"https:\/\/www.em.com.br\/emfoco\/wp-json\/wp\/v2\/posts"}],"about":[{"href":"https:\/\/www.em.com.br\/emfoco\/wp-json\/wp\/v2\/types\/post"}],"author":[{"embeddable":true,"href":"https:\/\/www.em.com.br\/emfoco\/wp-json\/wp\/v2\/users\/13"}],"replies":[{"embeddable":true,"href":"https:\/\/www.em.com.br\/emfoco\/wp-json\/wp\/v2\/comments?post=158856"}],"version-history":[{"count":1,"href":"https:\/\/www.em.com.br\/emfoco\/wp-json\/wp\/v2\/posts\/158856\/revisions"}],"predecessor-version":[{"id":158902,"href":"https:\/\/www.em.com.br\/emfoco\/wp-json\/wp\/v2\/posts\/158856\/revisions\/158902"}],"wp:featuredmedia":[{"embeddable":true,"href":"https:\/\/www.em.com.br\/emfoco\/wp-json\/wp\/v2\/media\/158896"}],"wp:attachment":[{"href":"https:\/\/www.em.com.br\/emfoco\/wp-json\/wp\/v2\/media?parent=158856"}],"wp:term":[{"taxonomy":"category","embeddable":true,"href":"https:\/\/www.em.com.br\/emfoco\/wp-json\/wp\/v2\/categories?post=158856"},{"taxonomy":"post_tag","embeddable":true,"href":"https:\/\/www.em.com.br\/emfoco\/wp-json\/wp\/v2\/tags?post=158856"}],"curies":[{"name":"wp","href":"https:\/\/api.w.org\/{rel}","templated":true}]}}