{"id":158782,"date":"2026-01-24T16:05:00","date_gmt":"2026-01-24T19:05:00","guid":{"rendered":"https:\/\/www.em.com.br\/emfoco\/?p=158782"},"modified":"2026-01-23T20:16:21","modified_gmt":"2026-01-23T23:16:21","slug":"as-escolas-estao-mudando-para-sempre-o-governo-eliminou-diversas-disciplinas-fundamentais-por-decreto","status":"publish","type":"post","link":"https:\/\/www.em.com.br\/emfoco\/2026\/01\/24\/as-escolas-estao-mudando-para-sempre-o-governo-eliminou-diversas-disciplinas-fundamentais-por-decreto\/","title":{"rendered":"As escolas est\u00e3o mudando para sempre: o governo eliminou diversas disciplinas fundamentais por decreto"},"content":{"rendered":"\n<p>O recente decreto do governo de<strong> Javier Milei <\/strong>que altera a lista de conte\u00fados obrigat\u00f3rios nas escolas argentinas marcou uma mudan\u00e7a relevante na organiza\u00e7\u00e3o do sistema educativo do pa\u00eds, ao flexibilizar temas sens\u00edveis como educa\u00e7\u00e3o vial e preven\u00e7\u00e3o da viol\u00eancia de g\u00eanero e transferir \u00e0s prov\u00edncias a decis\u00e3o sobre sua continuidade.<\/p>\n\n\n\n<h2 class=\"wp-block-heading\">O que mudou na educa\u00e7\u00e3o obrigat\u00f3ria da Argentina com o Decreto 436\/2025<\/h2>\n\n\n\n<p>A medida, formalizada em junho de 2025, atinge disciplinas e jornadas que tinham car\u00e1ter nacional e obrigat\u00f3rio. A partir dessa decis\u00e3o, <a href=\"https:\/\/www.em.com.br\/emfoco\/2025\/11\/18\/nova-lei-amplia-o-acesso-a-educacao-e-reduz-a-desigualdade-social-no-estado\/\" target=\"_blank\" rel=\"noreferrer noopener\">educa\u00e7\u00e3o <\/a>vial e preven\u00e7\u00e3o da viol\u00eancia de g\u00eanero deixam de ser exigidas em todo o territ\u00f3rio argentino.<\/p>\n\n\n\n<p>O debate cresceu porque envolve pol\u00edticas p\u00fablicas consolidadas ao longo de anos. Com a nova norma, a responsabilidade sobre esses temas passa a ser descentralizada, ficando nas m\u00e3os das prov\u00edncias e da Cidade Aut\u00f4noma de Buenos Aires.<\/p>\n\n\n\n<figure class=\"wp-block-image\"><img decoding=\"async\" src=\"https:\/\/www.em.com.br\/emfoco\/wp-content\/uploads\/2025\/10\/escola_1759441408806-1024x576.jpg\" alt=\"\"\/><figcaption class=\"wp-element-caption\">O futuro est\u00e1 na educa\u00e7\u00e3o &#8211; Cr\u00e9ditos: depositphotos.com \/ HayDmitriy<\/figcaption><\/figure>\n\n\n\n<h2 class=\"wp-block-heading\">Como o Brasil organiza o Ensino M\u00e9dio e o ENEM em 2026<\/h2>\n\n\n\n<p>No <strong>Brasil <\/strong>de 2026 n\u00e3o h\u00e1 decreto eliminando disciplinas fundamentais, mas h\u00e1 uma reestrutura\u00e7\u00e3o profunda do Ensino M\u00e9dio e do calend\u00e1rio escolar. O pa\u00eds discute a carga hor\u00e1ria das mat\u00e9rias tradicionais e o equil\u00edbrio entre forma\u00e7\u00e3o geral e percursos personalizados.<\/p>\n\n\n\n<p>A nova regulamenta\u00e7\u00e3o fortalece L\u00edngua Portuguesa, Matem\u00e1tica, Hist\u00f3ria, Geografia e Ci\u00eancias da Natureza, assegurando mais aulas de Qu\u00edmica, F\u00edsica e Biologia. O <a href=\"https:\/\/www.gov.br\/inep\/pt-br\/areas-de-atuacao\/avaliacao-e-exames-educacionais\/enem\" target=\"_blank\" rel=\"noreferrer noopener\">ENEM <\/a>2026 passa a se alinhar mais \u00e0 BNCC e \u00e0s disciplinas cl\u00e1ssicas, e mesmo o ensino t\u00e9cnico mant\u00e9m integralmente a base comum obrigat\u00f3ria.<\/p>\n\n\n\n<p>Abaixo, a compara\u00e7\u00e3o entre as mudan\u00e7as nos dois pa\u00edses:<\/p>\n\n\n\n<table style=\"width:100%; border-collapse:collapse; font-family:Verdana, sans-serif; background:#f0f6f4; border-radius:14px; overflow:hidden;\">\n  <thead>\n    <tr style=\"background:#3ab7a0; color:#2f3f3c;\">\n      <th style=\"padding:16px; text-align:left;\">Caracter\u00edstica<\/th>\n      <th style=\"padding:16px; text-align:left;\">Argentina (Reforma Milei \/ Decreto)<\/th>\n      <th style=\"padding:16px; text-align:left;\">Brasil (Novo Ensino M\u00e9dio \u2013 2026)<\/th>\n    <\/tr>\n  <\/thead>\n\n  <tbody>\n    <tr style=\"background:#ffffff;\">\n      <td style=\"padding:14px; color:#2f3f3c; font-weight:600;\">\n        A\u00e7\u00e3o do governo\n      <\/td>\n      <td style=\"padding:14px; color:#2f3f3c;\">\n        Elimina\u00e7\u00e3o por decreto, com flexibiliza\u00e7\u00e3o do curr\u00edculo nacional e autonomia\n        para retirar conte\u00fados considerados \u201cideol\u00f3gicos\u201d ou de baixo retorno produtivo.\n      <\/td>\n      <td style=\"padding:14px; color:#2f3f3c;\">\n        Reorganiza\u00e7\u00e3o da carga hor\u00e1ria por lei federal, com refor\u00e7o das disciplinas\n        centrais da Forma\u00e7\u00e3o Geral B\u00e1sica.\n      <\/td>\n    <\/tr>\n\n    <tr style=\"background:#e4f2ef;\">\n      <td style=\"padding:14px; color:#2f3f3c; font-weight:600;\">\n        Disciplinas\n      <\/td>\n      <td style=\"padding:14px; color:#2f3f3c;\">\n        Sociologia, Filosofia e Artes sofreram cortes expressivos ou tornaram-se\n        optativas conforme decis\u00e3o das prov\u00edncias.\n      <\/td>\n      <td style=\"padding:14px; color:#2f3f3c;\">\n        Filosofia, Sociologia, Artes e Educa\u00e7\u00e3o F\u00edsica permanecem obrigat\u00f3rias\n        nos tr\u00eas anos do Ensino M\u00e9dio.\n      <\/td>\n    <\/tr>\n\n    <tr style=\"background:#ffffff;\">\n      <td style=\"padding:14px; color:#2f3f3c; font-weight:600;\">\n        Foco educacional\n      <\/td>\n      <td style=\"padding:14px; color:#2f3f3c;\">\n        \u00canfase na inser\u00e7\u00e3o laboral r\u00e1pida e em compet\u00eancias tecnol\u00f3gicas e matem\u00e1ticas,\n        com redu\u00e7\u00e3o do espa\u00e7o das ci\u00eancias humanas.\n      <\/td>\n      <td style=\"padding:14px; color:#2f3f3c;\">\n        Equil\u00edbrio entre Forma\u00e7\u00e3o Geral B\u00e1sica e Itiner\u00e1rios Formativos,\n        permitindo aprofundamento em \u00e1reas escolhidas pelo aluno.\n      <\/td>\n    <\/tr>\n\n    <tr style=\"background:#e4f2ef;\">\n      <td style=\"padding:14px; color:#2f3f3c; font-weight:600;\">\n        Calend\u00e1rio escolar\n      <\/td>\n      <td style=\"padding:14px; color:#2f3f3c;\">\n        Prioridade para efici\u00eancia dos dias letivos, com menos pausas pedag\u00f3gicas\n        ao longo do ano.\n      <\/td>\n      <td style=\"padding:14px; color:#2f3f3c;\">\n        Modelo trimestral em v\u00e1rias redes estaduais, com f\u00e9rias de julho reduzidas\n        e recesso adicional em outubro.\n      <\/td>\n    <\/tr>\n  <\/tbody>\n<\/table>\n\n\n\n<h2 class=\"wp-block-heading\">Quais dispositivos legais foram alterados e o que deixou de ser obrigat\u00f3rio<\/h2>\n\n\n\n<p>A mudan\u00e7a promovida pelo Decreto 436\/2025 est\u00e1 ligada \u00e0 revoga\u00e7\u00e3o de artigos espec\u00edficos de duas leis nacionais. Esses dispositivos exigiam o trabalho sistem\u00e1tico de tr\u00e2nsito seguro e viol\u00eancia de g\u00eanero em todos os n\u00edveis do ensino, do prim\u00e1rio ao superior n\u00e3o universit\u00e1rio.<\/p>\n\n\n\n<p>Na Lei 27.214, foram retirados os artigos 5\u00ba e 6\u00ba, que tratavam da educa\u00e7\u00e3o vial nas escolas. J\u00e1 na Lei 27.234, foi revogado o artigo 3\u00ba, que estabelecia a jornada anual.<\/p>\n\n\n\n<table style=\"width:100%; border-collapse:separate; border-spacing:0; font-family:Arial, sans-serif; background:#eef7f5; border-radius:10px; overflow:hidden;\">\n  <thead>\n    <tr style=\"background:#2fb7a3; color:#2a3a38;\">\n      <th style=\"padding:14px; text-align:left;\">Disciplina \/ Conte\u00fado<\/th>\n      <th style=\"padding:14px; text-align:left;\">O que foi retirado do curr\u00edculo<\/th>\n      <th style=\"padding:14px; text-align:left;\">Base legal revogada<\/th>\n      <th style=\"padding:14px; text-align:left;\">Impacto nas escolas<\/th>\n    <\/tr>\n  <\/thead>\n  <tbody>\n    <tr style=\"background:#ffffff;\">\n      <td style=\"padding:12px; color:#2a3a38; font-weight:600;\">\n        Educa\u00e7\u00e3o para a seguran\u00e7a rodovi\u00e1ria\n      <\/td>\n      <td style=\"padding:12px; color:#2a3a38;\">\n        Deixa de ser obrigat\u00f3ria a oferta de cursos, forma\u00e7\u00f5es e conte\u00fados espec\u00edficos\n        sobre tr\u00e2nsito seguro em todos os n\u00edveis de ensino do pa\u00eds.\n      <\/td>\n      <td style=\"padding:12px; color:#2a3a38;\">\n        Artigos 5\u00ba e 6\u00ba da Lei 27.214\n      <\/td>\n      <td style=\"padding:12px; color:#2a3a38;\">\n        As escolas podem abordar o tema apenas de forma opcional ou transversal,\n        sem exig\u00eancia federal.\n      <\/td>\n    <\/tr>\n\n    <tr style=\"background:#e2f3ef;\">\n      <td style=\"padding:12px; color:#2a3a38; font-weight:600;\">\n        Preven\u00e7\u00e3o e erradica\u00e7\u00e3o da viol\u00eancia de g\u00eanero\n      <\/td>\n      <td style=\"padding:12px; color:#2a3a38;\">\n        Fim da obrigatoriedade do dia anual \u201cEducar para a Igualdade\u201d, com atividades\n        pedag\u00f3gicas sobre viol\u00eancia de g\u00eanero.\n      <\/td>\n      <td style=\"padding:12px; color:#2a3a38;\">\n        Artigo 3\u00ba da Lei 27.234\n      <\/td>\n      <td style=\"padding:12px; color:#2a3a38;\">\n        O tema deixa de ser compuls\u00f3rio no ensino fundamental, m\u00e9dio e superior,\n        ficando a crit\u00e9rio das prov\u00edncias e institui\u00e7\u00f5es.\n      <\/td>\n    <\/tr>\n  <\/tbody>\n<\/table>\n\n\n\n<h2 class=\"wp-block-heading\">O que muda nas escolas em rela\u00e7\u00e3o \u00e0 educa\u00e7\u00e3o vial e viol\u00eancia de g\u00eanero<\/h2>\n\n\n\n<p>A educa\u00e7\u00e3o vial era prevista como conte\u00fado transversal e, em alguns casos, como cursos espec\u00edficos para alunos e docentes, abordando regras de tr\u00e2nsito, responsabilidade de pedestres e condutores e preven\u00e7\u00e3o de acidentes. Com a revoga\u00e7\u00e3o dos artigos da Lei 27.214, essa presen\u00e7a sistem\u00e1tica deixa de ser exig\u00eancia nacional.<\/p>\n\n\n\n<p>De forma semelhante, a jornada \u201cEducar en Igualdad\u201d discutia preven\u00e7\u00e3o e erradica\u00e7\u00e3o da viol\u00eancia de g\u00eanero em todos os n\u00edveis educativos. Agora, o governo nacional deixa de organizar e exigir esse encontro anual, cabendo \u00e0s prov\u00edncias decidir se o mant\u00eam ou o substituem por outras a\u00e7\u00f5es.<\/p>\n\n\n\n<ul class=\"wp-block-list\">\n<li>A educa\u00e7\u00e3o vial deixa de ser conte\u00fado obrigat\u00f3rio em \u00e2mbito nacional.<\/li>\n\n\n\n<li>A jornada sobre viol\u00eancia de g\u00eanero n\u00e3o \u00e9 mais exigida em todos os n\u00edveis de ensino.<\/li>\n\n\n\n<li>As prov\u00edncias e a Cidade Aut\u00f4noma de Buenos Aires passam a definir se mant\u00eam ou n\u00e3o essas a\u00e7\u00f5es.<\/li>\n<\/ul>\n\n\n\n<h2 class=\"wp-block-heading\">Quais s\u00e3o os impactos e por que acompanhar as decis\u00f5es locais<\/h2>\n\n\n\n<p>O governo Milei justifica o decreto pela redu\u00e7\u00e3o de estruturas sobrepostas, transfer\u00eancia de decis\u00f5es pedag\u00f3gicas \u00e0s jurisdi\u00e7\u00f5es e ajustes fiscais. A retirada da obrigatoriedade nacional n\u00e3o extingue automaticamente os temas, mas abre espa\u00e7o para fortes diferen\u00e7as entre prov\u00edncias.<\/p>\n\n\n\n<p>Nesse cen\u00e1rio mais descentralizado, o lugar da educa\u00e7\u00e3o vial e da preven\u00e7\u00e3o da viol\u00eancia de g\u00eanero depender\u00e1 de cada governo local. Se voc\u00ea \u00e9 educador, fam\u00edlia ou estudante, n\u00e3o espere: acompanhe imediatamente as normas da sua prov\u00edncia e cobre das autoridades a manuten\u00e7\u00e3o de pol\u00edticas que protejam vidas, garantam direitos e assegurem uma forma\u00e7\u00e3o cidad\u00e3 completa.<\/p>\n\n\n\n<p><\/p>\n","protected":false},"excerpt":{"rendered":"<p>O recente decreto do governo de Javier Milei que altera a lista de conte\u00fados obrigat\u00f3rios nas escolas argentinas marcou uma mudan\u00e7a relevante na organiza\u00e7\u00e3o do sistema educativo do pa\u00eds, ao flexibilizar temas sens\u00edveis como educa\u00e7\u00e3o vial e preven\u00e7\u00e3o da viol\u00eancia de g\u00eanero e transferir \u00e0s prov\u00edncias a decis\u00e3o sobre sua continuidade. O que mudou na [&hellip;]<\/p>\n","protected":false},"author":11,"featured_media":112741,"comment_status":"open","ping_status":"open","sticky":false,"template":"","format":"standard","meta":{"jnews-multi-image_gallery":[],"jnews_single_post":{"format":"standard"},"jnews_primary_category":[],"jnews_social_meta":[],"jnews_override_counter":[],"footnotes":""},"categories":[28,1],"tags":[2128,500,3688,465],"class_list":["post-158782","post","type-post","status-publish","format-standard","has-post-thumbnail","hentry","category-economia","category-noticias","tag-decreto","tag-educacao","tag-escolas","tag-governo"],"yoast_head":"<!-- This site is optimized with the Yoast SEO plugin v23.8 - https:\/\/yoast.com\/wordpress\/plugins\/seo\/ -->\n<title>As escolas est\u00e3o mudando para sempre: o governo eliminou diversas disciplinas fundamentais por decreto - Estado de Minas - Em foco<\/title>\n<meta name=\"description\" content=\"Um decreto do governo Milei retirou conte\u00fados obrigat\u00f3rios das escolas argentinas. Veja o que muda e como as prov\u00edncias decidem agora.\" \/>\n<meta name=\"robots\" content=\"index, follow, max-snippet:-1, max-image-preview:large, max-video-preview:-1\" \/>\n<link rel=\"canonical\" href=\"https:\/\/www.em.com.br\/emfoco\/2026\/01\/24\/as-escolas-estao-mudando-para-sempre-o-governo-eliminou-diversas-disciplinas-fundamentais-por-decreto\/\" \/>\n<meta property=\"og:locale\" content=\"pt_BR\" \/>\n<meta property=\"og:type\" content=\"article\" \/>\n<meta property=\"og:title\" content=\"As escolas est\u00e3o mudando para sempre: o governo eliminou diversas disciplinas fundamentais por decreto - Estado de Minas - Em foco\" \/>\n<meta property=\"og:description\" content=\"Um decreto do governo Milei retirou conte\u00fados obrigat\u00f3rios das escolas argentinas. Veja o que muda e como as prov\u00edncias decidem agora.\" \/>\n<meta property=\"og:url\" content=\"https:\/\/www.em.com.br\/emfoco\/2026\/01\/24\/as-escolas-estao-mudando-para-sempre-o-governo-eliminou-diversas-disciplinas-fundamentais-por-decreto\/\" \/>\n<meta property=\"og:site_name\" content=\"Estado de Minas - Em foco\" \/>\n<meta property=\"article:published_time\" content=\"2026-01-24T19:05:00+00:00\" \/>\n<meta property=\"article:modified_time\" content=\"2026-01-23T23:16:21+00:00\" \/>\n<meta property=\"og:image\" content=\"https:\/\/www.em.com.br\/emfoco\/wp-content\/uploads\/2025\/10\/escola-fechada_1759930231440.jpg\" \/>\n\t<meta property=\"og:image:width\" content=\"1280\" \/>\n\t<meta property=\"og:image:height\" content=\"720\" \/>\n\t<meta property=\"og:image:type\" content=\"image\/jpeg\" \/>\n<meta name=\"author\" content=\"Andre\u0301 Rangel\u00a0\" \/>\n<meta name=\"twitter:card\" content=\"summary_large_image\" \/>\n<meta name=\"twitter:label1\" content=\"Escrito por\" \/>\n\t<meta name=\"twitter:data1\" content=\"Andre\u0301 Rangel\u00a0\" \/>\n\t<meta name=\"twitter:label2\" content=\"Est. tempo de leitura\" \/>\n\t<meta name=\"twitter:data2\" content=\"6 minutos\" \/>\n<!-- \/ Yoast SEO plugin. -->","yoast_head_json":{"title":"As escolas est\u00e3o mudando para sempre: o governo eliminou diversas disciplinas fundamentais por decreto - Estado de Minas - Em foco","description":"Um decreto do governo Milei retirou conte\u00fados obrigat\u00f3rios das escolas argentinas. Veja o que muda e como as prov\u00edncias decidem agora.","robots":{"index":"index","follow":"follow","max-snippet":"max-snippet:-1","max-image-preview":"max-image-preview:large","max-video-preview":"max-video-preview:-1"},"canonical":"https:\/\/www.em.com.br\/emfoco\/2026\/01\/24\/as-escolas-estao-mudando-para-sempre-o-governo-eliminou-diversas-disciplinas-fundamentais-por-decreto\/","og_locale":"pt_BR","og_type":"article","og_title":"As escolas est\u00e3o mudando para sempre: o governo eliminou diversas disciplinas fundamentais por decreto - Estado de Minas - Em foco","og_description":"Um decreto do governo Milei retirou conte\u00fados obrigat\u00f3rios das escolas argentinas. Veja o que muda e como as prov\u00edncias decidem agora.","og_url":"https:\/\/www.em.com.br\/emfoco\/2026\/01\/24\/as-escolas-estao-mudando-para-sempre-o-governo-eliminou-diversas-disciplinas-fundamentais-por-decreto\/","og_site_name":"Estado de Minas - Em foco","article_published_time":"2026-01-24T19:05:00+00:00","article_modified_time":"2026-01-23T23:16:21+00:00","og_image":[{"width":1280,"height":720,"url":"https:\/\/www.em.com.br\/emfoco\/wp-content\/uploads\/2025\/10\/escola-fechada_1759930231440.jpg","type":"image\/jpeg"}],"author":"Andre\u0301 Rangel\u00a0","twitter_card":"summary_large_image","twitter_misc":{"Escrito por":"Andre\u0301 Rangel\u00a0","Est. tempo de leitura":"6 minutos"},"schema":{"@context":"https:\/\/schema.org","@graph":[{"@type":"WebPage","@id":"https:\/\/www.em.com.br\/emfoco\/2026\/01\/24\/as-escolas-estao-mudando-para-sempre-o-governo-eliminou-diversas-disciplinas-fundamentais-por-decreto\/","url":"https:\/\/www.em.com.br\/emfoco\/2026\/01\/24\/as-escolas-estao-mudando-para-sempre-o-governo-eliminou-diversas-disciplinas-fundamentais-por-decreto\/","name":"As escolas est\u00e3o mudando para sempre: o governo eliminou diversas disciplinas fundamentais por decreto - Estado de Minas - Em foco","isPartOf":{"@id":"https:\/\/www.em.com.br\/emfoco\/#website"},"primaryImageOfPage":{"@id":"https:\/\/www.em.com.br\/emfoco\/2026\/01\/24\/as-escolas-estao-mudando-para-sempre-o-governo-eliminou-diversas-disciplinas-fundamentais-por-decreto\/#primaryimage"},"image":{"@id":"https:\/\/www.em.com.br\/emfoco\/2026\/01\/24\/as-escolas-estao-mudando-para-sempre-o-governo-eliminou-diversas-disciplinas-fundamentais-por-decreto\/#primaryimage"},"thumbnailUrl":"https:\/\/www.em.com.br\/emfoco\/wp-content\/uploads\/2025\/10\/escola-fechada_1759930231440.jpg","datePublished":"2026-01-24T19:05:00+00:00","dateModified":"2026-01-23T23:16:21+00:00","author":{"@id":"https:\/\/www.em.com.br\/emfoco\/#\/schema\/person\/60eda09c1fedf0d6891f4cef4b60b8b8"},"description":"Um decreto do governo Milei retirou conte\u00fados obrigat\u00f3rios das escolas argentinas. Veja o que muda e como as prov\u00edncias decidem agora.","breadcrumb":{"@id":"https:\/\/www.em.com.br\/emfoco\/2026\/01\/24\/as-escolas-estao-mudando-para-sempre-o-governo-eliminou-diversas-disciplinas-fundamentais-por-decreto\/#breadcrumb"},"inLanguage":"pt-BR","potentialAction":[{"@type":"ReadAction","target":["https:\/\/www.em.com.br\/emfoco\/2026\/01\/24\/as-escolas-estao-mudando-para-sempre-o-governo-eliminou-diversas-disciplinas-fundamentais-por-decreto\/"]}]},{"@type":"ImageObject","inLanguage":"pt-BR","@id":"https:\/\/www.em.com.br\/emfoco\/2026\/01\/24\/as-escolas-estao-mudando-para-sempre-o-governo-eliminou-diversas-disciplinas-fundamentais-por-decreto\/#primaryimage","url":"https:\/\/www.em.com.br\/emfoco\/wp-content\/uploads\/2025\/10\/escola-fechada_1759930231440.jpg","contentUrl":"https:\/\/www.em.com.br\/emfoco\/wp-content\/uploads\/2025\/10\/escola-fechada_1759930231440.jpg","width":1280,"height":720,"caption":"Feriado sem aulas nas escolas - Cr\u00e9ditos: depositphotos.com \/ Foxpictures"},{"@type":"BreadcrumbList","@id":"https:\/\/www.em.com.br\/emfoco\/2026\/01\/24\/as-escolas-estao-mudando-para-sempre-o-governo-eliminou-diversas-disciplinas-fundamentais-por-decreto\/#breadcrumb","itemListElement":[{"@type":"ListItem","position":1,"name":"In\u00edcio","item":"https:\/\/www.em.com.br\/emfoco\/"},{"@type":"ListItem","position":2,"name":"As escolas est\u00e3o mudando para sempre: o governo eliminou diversas disciplinas fundamentais por decreto"}]},{"@type":"WebSite","@id":"https:\/\/www.em.com.br\/emfoco\/#website","url":"https:\/\/www.em.com.br\/emfoco\/","name":"Estado de Minas - Em foco","description":"Acompanhe as \u00faltimas not\u00edcias e fique bem informado sobre tudo o que acontece em Minas Gerais, Brasil e no mundo.","potentialAction":[{"@type":"SearchAction","target":{"@type":"EntryPoint","urlTemplate":"https:\/\/www.em.com.br\/emfoco\/?s={search_term_string}"},"query-input":{"@type":"PropertyValueSpecification","valueRequired":true,"valueName":"search_term_string"}}],"inLanguage":"pt-BR"},{"@type":"Person","@id":"https:\/\/www.em.com.br\/emfoco\/#\/schema\/person\/60eda09c1fedf0d6891f4cef4b60b8b8","name":"Andre\u0301 Rangel\u00a0","image":{"@type":"ImageObject","inLanguage":"pt-BR","@id":"https:\/\/www.em.com.br\/emfoco\/#\/schema\/person\/image\/","url":"https:\/\/secure.gravatar.com\/avatar\/6234dc814c77c8ef6d8bba622c787efc?s=96&d=mm&r=g","contentUrl":"https:\/\/secure.gravatar.com\/avatar\/6234dc814c77c8ef6d8bba622c787efc?s=96&d=mm&r=g","caption":"Andre\u0301 Rangel\u00a0"},"url":"https:\/\/www.em.com.br\/emfoco\/author\/luizmyth\/"}]}},"_links":{"self":[{"href":"https:\/\/www.em.com.br\/emfoco\/wp-json\/wp\/v2\/posts\/158782","targetHints":{"allow":["GET"]}}],"collection":[{"href":"https:\/\/www.em.com.br\/emfoco\/wp-json\/wp\/v2\/posts"}],"about":[{"href":"https:\/\/www.em.com.br\/emfoco\/wp-json\/wp\/v2\/types\/post"}],"author":[{"embeddable":true,"href":"https:\/\/www.em.com.br\/emfoco\/wp-json\/wp\/v2\/users\/11"}],"replies":[{"embeddable":true,"href":"https:\/\/www.em.com.br\/emfoco\/wp-json\/wp\/v2\/comments?post=158782"}],"version-history":[{"count":4,"href":"https:\/\/www.em.com.br\/emfoco\/wp-json\/wp\/v2\/posts\/158782\/revisions"}],"predecessor-version":[{"id":158812,"href":"https:\/\/www.em.com.br\/emfoco\/wp-json\/wp\/v2\/posts\/158782\/revisions\/158812"}],"wp:featuredmedia":[{"embeddable":true,"href":"https:\/\/www.em.com.br\/emfoco\/wp-json\/wp\/v2\/media\/112741"}],"wp:attachment":[{"href":"https:\/\/www.em.com.br\/emfoco\/wp-json\/wp\/v2\/media?parent=158782"}],"wp:term":[{"taxonomy":"category","embeddable":true,"href":"https:\/\/www.em.com.br\/emfoco\/wp-json\/wp\/v2\/categories?post=158782"},{"taxonomy":"post_tag","embeddable":true,"href":"https:\/\/www.em.com.br\/emfoco\/wp-json\/wp\/v2\/tags?post=158782"}],"curies":[{"name":"wp","href":"https:\/\/api.w.org\/{rel}","templated":true}]}}