{"id":158714,"date":"2026-01-23T21:35:00","date_gmt":"2026-01-24T00:35:00","guid":{"rendered":"https:\/\/www.em.com.br\/emfoco\/?p=158714"},"modified":"2026-01-22T19:59:12","modified_gmt":"2026-01-22T22:59:12","slug":"carteiras-de-habilitacao-suspensas-para-todos-os-motoristas-e-individuos-desta-lista","status":"publish","type":"post","link":"https:\/\/www.em.com.br\/emfoco\/2026\/01\/23\/carteiras-de-habilitacao-suspensas-para-todos-os-motoristas-e-individuos-desta-lista\/","title":{"rendered":"Carteiras de habilita\u00e7\u00e3o suspensas para todos os motoristas e indiv\u00edduos desta lista"},"content":{"rendered":"\n<p>O controle da aptid\u00e3o f\u00edsica e mental de quem dirige na Col\u00f4mbia ficou ainda mais rigoroso com a digitaliza\u00e7\u00e3o dos sistemas e integra\u00e7\u00e3o ao <strong>Registro \u00danico Nacional de Tr\u00e1nsito (RUNT)<\/strong>. Hoje, qualquer irregularidade no exame m\u00e9dico pode travar a renova\u00e7\u00e3o da licen\u00e7a na hora, mesmo que o motorista tenha cumprido todos os outros requisitos.<\/p>\n\n\n\n<h2 class=\"wp-block-heading\">Como funciona hoje o exame m\u00e9dico para renovar a licen\u00e7a na Col\u00f4mbia<\/h2>\n\n\n\n<p>O\u00a0<strong>exame m\u00e9dico para renovar licen\u00e7a de condu\u00e7\u00e3o na Col\u00f4mbia<\/strong>, que funciona como filtro inicial para liberar qualquer novo per\u00edodo de validade da carteira. O sistema cruza os dados enviados pelo Centro de Reconhecimento de Condutores (CRC) com o RUNT e, se n\u00e3o encontrar um certificado vigente e v\u00e1lido, bloqueia automaticamente a emiss\u00e3o do novo documento.<\/p>\n\n\n\n<p>Um ponto crucial \u00e9 a\u00a0<strong>validade do certificado m\u00e9dico<\/strong>, que na pr\u00e1tica \u00e9 de no m\u00e1ximo seis meses. Se a <a href=\"https:\/\/www.em.com.br\/emfoco\/2026\/01\/20\/milhares-de-motoristas-brasileiros-serao-beneficiados-com-renovacao-automatica-da-cnh\/\" target=\"_blank\" rel=\"noreferrer noopener\">renova\u00e7\u00e3o <\/a>n\u00e3o for conclu\u00edda dentro desse prazo, o laudo expira e o condutor precisa repetir a avalia\u00e7\u00e3o, o que torna o planejamento do agendamento essencial para evitar atrasos e o risco de ficar temporariamente sem poder dirigir.<\/p>\n\n\n\n<h2 class=\"wp-block-heading\">Como ser\u00e1 a suspens\u00e3o da CNH no Brasil em 2026<\/h2>\n\n\n\n<p>Em 2026, as regras para suspens\u00e3o ou cassa\u00e7\u00e3o da <strong><a href=\"https:\/\/www.gov.br\/transportes\/pt-br\/cnh-do-brasil\" target=\"_blank\" rel=\"noreferrer noopener\">Carteira Nacional de Habilita\u00e7\u00e3o<\/a> (<strong>CNH<\/strong>)<\/strong> no <strong>Brasil <\/strong>continuam baseadas no <strong>C\u00f3digo de Tr\u00e2nsito Brasileiro (CTB)<\/strong>, com foco no ac\u00famulo de pontos e na gravidade das infra\u00e7\u00f5es. Diferentemente da Col\u00f4mbia, onde o\u00a0<strong>exame m\u00e9dico para renovar a licen\u00e7a<\/strong>\u00a0\u00e9 o principal fator de bloqueio, no Brasil o hist\u00f3rico de infra\u00e7\u00f5es e o comportamento do condutor s\u00e3o decisivos.<\/p>\n\n\n\n<p>No cen\u00e1rio brasileiro, a CNH pode ser suspensa ou cassada em quatro grupos principais de situa\u00e7\u00f5es, que incluem ac\u00famulo de pontos, infra\u00e7\u00f5es autossuspensivas, exame toxicol\u00f3gico vencido e reincid\u00eancia em condutas graves. Motoristas com&nbsp;<strong>Exerce Atividade Remunerada (EAR)<\/strong>&nbsp;t\u00eam regras espec\u00edficas e podem fazer curso preventivo de reciclagem para evitar perder o direito de dirigir.<\/p>\n\n\n\n<div style=\"overflow-x:auto; margin:28px 0;\">\n<table style=\"\n  width:100%;\n  border-collapse:separate;\n  border-spacing:0;\n  font-family:Arial, sans-serif;\n  background:#f3f9f8;\n  border-radius:16px;\n  box-shadow:0 8px 20px rgba(0,0,0,0.05);\n  overflow:hidden;\n\">\n\n  <thead>\n    <tr style=\"background:#ff7a3d;\">\n      <th style=\"padding:18px; text-align:left; color:#ffffff;\">\n        Perfil do motorista\n      <\/th>\n      <th style=\"padding:18px; text-align:left; color:#ffffff;\">\n        Motivo da penalidade\n      <\/th>\n      <th style=\"padding:18px; text-align:left; color:#ffffff;\">\n        Consequ\u00eancia aplicada\n      <\/th>\n    <\/tr>\n  <\/thead>\n\n  <tbody>\n    <tr style=\"background:#ffffff;\"\n        onmouseover=\"this.style.background='#ffe8dc';\"\n        onmouseout=\"this.style.background='#ffffff';\">\n      <td style=\"padding:16px; color:#b94a1a; font-weight:bold;\">\n        Motorista comum (sem infra\u00e7\u00f5es grav\u00edssimas)\n      <\/td>\n      <td style=\"padding:16px; color:#b94a1a;\">\n        Atingir 40 pontos na CNH\n      <\/td>\n      <td style=\"padding:16px; color:#b94a1a;\">\n        Suspens\u00e3o do direito de dirigir por 6 meses a 1 ano\n      <\/td>\n    <\/tr>\n\n    <tr style=\"background:#fdf5f1;\"\n        onmouseover=\"this.style.background='#ffe8dc';\"\n        onmouseout=\"this.style.background='#fdf5f1';\">\n      <td style=\"padding:16px; color:#b94a1a; font-weight:bold;\">\n        Motorista comum (com 2 infra\u00e7\u00f5es grav\u00edssimas)\n      <\/td>\n      <td style=\"padding:16px; color:#b94a1a;\">\n        Atingir 20 pontos no per\u00edodo de 12 meses\n      <\/td>\n      <td style=\"padding:16px; color:#b94a1a;\">\n        Suspens\u00e3o do direito de dirigir por 6 meses a 1 ano\n      <\/td>\n    <\/tr>\n\n    <tr style=\"background:#ffffff;\"\n        onmouseover=\"this.style.background='#ffe8dc';\"\n        onmouseout=\"this.style.background='#ffffff';\">\n      <td style=\"padding:16px; color:#b94a1a; font-weight:bold;\">\n        Qualquer motorista\n      <\/td>\n      <td style=\"padding:16px; color:#b94a1a;\">\n        Dirigir sob efeito de \u00e1lcool\n      <\/td>\n      <td style=\"padding:16px; color:#b94a1a;\">\n        Suspens\u00e3o da CNH por 12 meses + multa grav\u00edssima\n      <\/td>\n    <\/tr>\n\n    <tr style=\"background:#fdf5f1;\"\n        onmouseover=\"this.style.background='#ffe8dc';\"\n        onmouseout=\"this.style.background='#fdf5f1';\">\n      <td style=\"padding:16px; color:#b94a1a; font-weight:bold;\">\n        Categorias C, D e E\n      <\/td>\n      <td style=\"padding:16px; color:#b94a1a;\">\n        Exame toxicol\u00f3gico vencido\n      <\/td>\n      <td style=\"padding:16px; color:#b94a1a;\">\n        Suspens\u00e3o da CNH por 90 dias\n      <\/td>\n    <\/tr>\n\n    <tr style=\"background:#ffffff;\"\n        onmouseover=\"this.style.background='#ffe8dc';\"\n        onmouseout=\"this.style.background='#ffffff';\">\n      <td style=\"padding:16px; color:#b94a1a; font-weight:bold;\">\n        Motorista j\u00e1 suspenso\n      <\/td>\n      <td style=\"padding:16px; color:#b94a1a;\">\n        Dirigir durante o per\u00edodo de suspens\u00e3o\n      <\/td>\n      <td style=\"padding:16px; color:#b94a1a;\">\n        Cassa\u00e7\u00e3o da CNH por 2 anos\n      <\/td>\n    <\/tr>\n  <\/tbody>\n<\/table>\n\n<p style=\"margin-top:14px; font-size:14px; color:#b94a1a;\">\nPara acompanhar sua pontua\u00e7\u00e3o, verificar multas ou a situa\u00e7\u00e3o da CNH, utilize o aplicativo <strong>Carteira Digital de Tr\u00e2nsito (CDT)<\/strong> ou o portal oficial da <strong>SENATRAN<\/strong>.\n<\/p>\n<\/div>\n\n\n\n\n<h2 class=\"wp-block-heading\">Em quais situa\u00e7\u00f5es a carteira de motorista pode ser bloqueada na Col\u00f4mbia<\/h2>\n\n\n\n<p>A renova\u00e7\u00e3o da licen\u00e7a \u00e9 automaticamente suspensa quando o motorista n\u00e3o aparece como apto no RUNT. Isso ocorre por aus\u00eancia de exame, realiza\u00e7\u00e3o do teste em CRC n\u00e3o autorizado ou falhas no registro eletr\u00f4nico do laudo, gerando bloqueio at\u00e9 que o sistema identifique um certificado m\u00e9dico atualizado e v\u00e1lido.<\/p>\n\n\n\n<p>Al\u00e9m da avalia\u00e7\u00e3o m\u00e9dica, o sistema verifica\u00a0<strong>multas pendentes<\/strong>\u00a0e atualiza\u00e7\u00e3o de dados pessoais. Para entender melhor os fatores que mais causam bloqueios e como preveni-los, vale observar as situa\u00e7\u00f5es mais comuns:<\/p>\n\n\n\n<ul class=\"wp-block-list\">\n<li>Exame m\u00e9dico inexistente, vencido ou n\u00e3o registrado corretamente no RUNT.<\/li>\n\n\n\n<li>Realiza\u00e7\u00e3o do exame em CRC n\u00e3o autorizado ou com credenciamento irregular.<\/li>\n\n\n\n<li>Multas ou pend\u00eancias administrativas n\u00e3o quitadas.<\/li>\n\n\n\n<li>Diverg\u00eancias ou desatualiza\u00e7\u00e3o de dados pessoais no sistema.<\/li>\n<\/ul>\n\n\n\n<figure class=\"wp-block-image\"><img decoding=\"async\" src=\"https:\/\/www.em.com.br\/emfoco\/wp-content\/uploads\/2025\/09\/CNH_1758123374337-1024x576.jpg\" alt=\"\"\/><figcaption class=\"wp-element-caption\">Entregando CNH &#8211; Cr\u00e9ditos: depositphotos.com \/ rafapress<\/figcaption><\/figure>\n\n\n\n<h2 class=\"wp-block-heading\">Com que frequ\u00eancia a licen\u00e7a de condu\u00e7\u00e3o \u00e9 renovada ap\u00f3s os 65 anos<\/h2>\n\n\n\n<p>A renova\u00e7\u00e3o da carteira na Col\u00f4mbia varia conforme a idade e o tipo de servi\u00e7o, sempre condicionada \u00e0 aprova\u00e7\u00e3o no exame m\u00e9dico. Para o&nbsp;<strong>servi\u00e7o particular<\/strong>&nbsp;(categorias A e B), os prazos v\u00e3o encurtando \u00e0 medida que o condutor envelhece, exigindo acompanhamento mais pr\u00f3ximo da aptid\u00e3o.<\/p>\n\n\n\n<p>No&nbsp;<strong>servi\u00e7o p\u00fablico<\/strong>&nbsp;(categoria C), os intervalos s\u00e3o menores, refletindo a maior responsabilidade no transporte de passageiros e carga. At\u00e9 60 anos, a renova\u00e7\u00e3o \u00e9 feita a cada 3 anos, e acima de 60 anos passa a ser anual, sem idade limite autom\u00e1tica, desde que o motorista seja considerado apto nas avalia\u00e7\u00f5es.<\/p>\n\n\n\n<h2 class=\"wp-block-heading\">O que o exame m\u00e9dico de condutor avalia e por que isso \u00e9 decisivo para dirigir<\/h2>\n\n\n\n<p>O&nbsp;<strong>exame m\u00e9dico para renovar a licen\u00e7a de condu\u00e7\u00e3o<\/strong>&nbsp;verifica se o motorista mant\u00e9m condi\u00e7\u00f5es m\u00ednimas de seguran\u00e7a para dirigir, conforme normas como a Resolu\u00e7\u00e3o 217 de 2014 do Minist\u00e9rio de Transporte. S\u00e3o avaliados vis\u00e3o, audi\u00e7\u00e3o, coordena\u00e7\u00e3o motora, condi\u00e7\u00f5es f\u00edsicas gerais e aptid\u00e3o mental e cognitiva, incluindo aten\u00e7\u00e3o, mem\u00f3ria e tomada de decis\u00e3o r\u00e1pida.<\/p>\n\n\n\n<p>Quando o resultado indica \u201cn\u00e3o apto\u201d, a carteira n\u00e3o pode ser renovada at\u00e9 que o condutor siga as orienta\u00e7\u00f5es m\u00e9dicas, realize novos exames ou adote tratamentos e adapta\u00e7\u00f5es recomendadas. N\u00e3o espere ser bloqueado: agende seu exame em um CRC autorizado, confira seu status no RUNT e resolva pend\u00eancias agora para n\u00e3o ficar sem dirigir justamente quando mais precisar da sua licen\u00e7a.<\/p>\n\n\n\n<p><\/p>\n","protected":false},"excerpt":{"rendered":"<p>O controle da aptid\u00e3o f\u00edsica e mental de quem dirige na Col\u00f4mbia ficou ainda mais rigoroso com a digitaliza\u00e7\u00e3o dos sistemas e integra\u00e7\u00e3o ao Registro \u00danico Nacional de Tr\u00e1nsito (RUNT). Hoje, qualquer irregularidade no exame m\u00e9dico pode travar a renova\u00e7\u00e3o da licen\u00e7a na hora, mesmo que o motorista tenha cumprido todos os outros requisitos. Como [&hellip;]<\/p>\n","protected":false},"author":11,"featured_media":151596,"comment_status":"open","ping_status":"open","sticky":false,"template":"","format":"standard","meta":{"jnews-multi-image_gallery":[],"jnews_single_post":{"format":"standard"},"jnews_primary_category":[],"jnews_social_meta":[],"jnews_override_counter":[],"footnotes":""},"categories":[27,1],"tags":[23215,1661,829,15176],"class_list":["post-158714","post","type-post","status-publish","format-standard","has-post-thumbnail","hentry","category-carros","category-noticias","tag-exame-medico","tag-motoristas","tag-renovacao","tag-renovacao-da-cnh"],"yoast_head":"<!-- This site is optimized with the Yoast SEO plugin v23.8 - https:\/\/yoast.com\/wordpress\/plugins\/seo\/ -->\n<title>Carteiras de habilita\u00e7\u00e3o suspensas para todos os motoristas e indiv\u00edduos desta lista - Estado de Minas - Em foco<\/title>\n<meta name=\"description\" content=\"Motoristas est\u00e3o sendo barrados por falhas no exame m\u00e9dico. Entenda o que o RUNT verifica antes de liberar a carteira.\" \/>\n<meta name=\"robots\" content=\"index, follow, max-snippet:-1, max-image-preview:large, max-video-preview:-1\" \/>\n<link rel=\"canonical\" href=\"https:\/\/www.em.com.br\/emfoco\/2026\/01\/23\/carteiras-de-habilitacao-suspensas-para-todos-os-motoristas-e-individuos-desta-lista\/\" \/>\n<meta property=\"og:locale\" content=\"pt_BR\" \/>\n<meta property=\"og:type\" content=\"article\" \/>\n<meta property=\"og:title\" content=\"Carteiras de habilita\u00e7\u00e3o suspensas para todos os motoristas e indiv\u00edduos desta lista - Estado de Minas - Em foco\" \/>\n<meta property=\"og:description\" content=\"Motoristas est\u00e3o sendo barrados por falhas no exame m\u00e9dico. Entenda o que o RUNT verifica antes de liberar a carteira.\" \/>\n<meta property=\"og:url\" content=\"https:\/\/www.em.com.br\/emfoco\/2026\/01\/23\/carteiras-de-habilitacao-suspensas-para-todos-os-motoristas-e-individuos-desta-lista\/\" \/>\n<meta property=\"og:site_name\" content=\"Estado de Minas - Em foco\" \/>\n<meta property=\"article:published_time\" content=\"2026-01-24T00:35:00+00:00\" \/>\n<meta property=\"article:modified_time\" content=\"2026-01-22T22:59:12+00:00\" \/>\n<meta property=\"og:image\" content=\"https:\/\/www.em.com.br\/emfoco\/wp-content\/uploads\/2026\/01\/Gemini_Generated_Image_jqjimojqjimojqji-1.png\" \/>\n\t<meta property=\"og:image:width\" content=\"1280\" \/>\n\t<meta property=\"og:image:height\" content=\"720\" \/>\n\t<meta property=\"og:image:type\" content=\"image\/png\" \/>\n<meta name=\"author\" content=\"Andre\u0301 Rangel\u00a0\" \/>\n<meta name=\"twitter:card\" content=\"summary_large_image\" \/>\n<meta name=\"twitter:label1\" content=\"Escrito por\" \/>\n\t<meta name=\"twitter:data1\" content=\"Andre\u0301 Rangel\u00a0\" \/>\n\t<meta name=\"twitter:label2\" content=\"Est. tempo de leitura\" \/>\n\t<meta name=\"twitter:data2\" content=\"5 minutos\" \/>\n<!-- \/ Yoast SEO plugin. -->","yoast_head_json":{"title":"Carteiras de habilita\u00e7\u00e3o suspensas para todos os motoristas e indiv\u00edduos desta lista - Estado de Minas - Em foco","description":"Motoristas est\u00e3o sendo barrados por falhas no exame m\u00e9dico. Entenda o que o RUNT verifica antes de liberar a carteira.","robots":{"index":"index","follow":"follow","max-snippet":"max-snippet:-1","max-image-preview":"max-image-preview:large","max-video-preview":"max-video-preview:-1"},"canonical":"https:\/\/www.em.com.br\/emfoco\/2026\/01\/23\/carteiras-de-habilitacao-suspensas-para-todos-os-motoristas-e-individuos-desta-lista\/","og_locale":"pt_BR","og_type":"article","og_title":"Carteiras de habilita\u00e7\u00e3o suspensas para todos os motoristas e indiv\u00edduos desta lista - Estado de Minas - Em foco","og_description":"Motoristas est\u00e3o sendo barrados por falhas no exame m\u00e9dico. Entenda o que o RUNT verifica antes de liberar a carteira.","og_url":"https:\/\/www.em.com.br\/emfoco\/2026\/01\/23\/carteiras-de-habilitacao-suspensas-para-todos-os-motoristas-e-individuos-desta-lista\/","og_site_name":"Estado de Minas - Em foco","article_published_time":"2026-01-24T00:35:00+00:00","article_modified_time":"2026-01-22T22:59:12+00:00","og_image":[{"width":1280,"height":720,"url":"https:\/\/www.em.com.br\/emfoco\/wp-content\/uploads\/2026\/01\/Gemini_Generated_Image_jqjimojqjimojqji-1.png","type":"image\/png"}],"author":"Andre\u0301 Rangel\u00a0","twitter_card":"summary_large_image","twitter_misc":{"Escrito por":"Andre\u0301 Rangel\u00a0","Est. tempo de leitura":"5 minutos"},"schema":{"@context":"https:\/\/schema.org","@graph":[{"@type":"WebPage","@id":"https:\/\/www.em.com.br\/emfoco\/2026\/01\/23\/carteiras-de-habilitacao-suspensas-para-todos-os-motoristas-e-individuos-desta-lista\/","url":"https:\/\/www.em.com.br\/emfoco\/2026\/01\/23\/carteiras-de-habilitacao-suspensas-para-todos-os-motoristas-e-individuos-desta-lista\/","name":"Carteiras de habilita\u00e7\u00e3o suspensas para todos os motoristas e indiv\u00edduos desta lista - Estado de Minas - Em foco","isPartOf":{"@id":"https:\/\/www.em.com.br\/emfoco\/#website"},"primaryImageOfPage":{"@id":"https:\/\/www.em.com.br\/emfoco\/2026\/01\/23\/carteiras-de-habilitacao-suspensas-para-todos-os-motoristas-e-individuos-desta-lista\/#primaryimage"},"image":{"@id":"https:\/\/www.em.com.br\/emfoco\/2026\/01\/23\/carteiras-de-habilitacao-suspensas-para-todos-os-motoristas-e-individuos-desta-lista\/#primaryimage"},"thumbnailUrl":"https:\/\/www.em.com.br\/emfoco\/wp-content\/uploads\/2026\/01\/Gemini_Generated_Image_jqjimojqjimojqji-1.png","datePublished":"2026-01-24T00:35:00+00:00","dateModified":"2026-01-22T22:59:12+00:00","author":{"@id":"https:\/\/www.em.com.br\/emfoco\/#\/schema\/person\/60eda09c1fedf0d6891f4cef4b60b8b8"},"description":"Motoristas est\u00e3o sendo barrados por falhas no exame m\u00e9dico. Entenda o que o RUNT verifica antes de liberar a carteira.","breadcrumb":{"@id":"https:\/\/www.em.com.br\/emfoco\/2026\/01\/23\/carteiras-de-habilitacao-suspensas-para-todos-os-motoristas-e-individuos-desta-lista\/#breadcrumb"},"inLanguage":"pt-BR","potentialAction":[{"@type":"ReadAction","target":["https:\/\/www.em.com.br\/emfoco\/2026\/01\/23\/carteiras-de-habilitacao-suspensas-para-todos-os-motoristas-e-individuos-desta-lista\/"]}]},{"@type":"ImageObject","inLanguage":"pt-BR","@id":"https:\/\/www.em.com.br\/emfoco\/2026\/01\/23\/carteiras-de-habilitacao-suspensas-para-todos-os-motoristas-e-individuos-desta-lista\/#primaryimage","url":"https:\/\/www.em.com.br\/emfoco\/wp-content\/uploads\/2026\/01\/Gemini_Generated_Image_jqjimojqjimojqji-1.png","contentUrl":"https:\/\/www.em.com.br\/emfoco\/wp-content\/uploads\/2026\/01\/Gemini_Generated_Image_jqjimojqjimojqji-1.png","width":1280,"height":720,"caption":"Renova\u00e7\u00e3o da carteira ap\u00f3s ficou mais r\u00edgida em 2026"},{"@type":"BreadcrumbList","@id":"https:\/\/www.em.com.br\/emfoco\/2026\/01\/23\/carteiras-de-habilitacao-suspensas-para-todos-os-motoristas-e-individuos-desta-lista\/#breadcrumb","itemListElement":[{"@type":"ListItem","position":1,"name":"In\u00edcio","item":"https:\/\/www.em.com.br\/emfoco\/"},{"@type":"ListItem","position":2,"name":"Carteiras de habilita\u00e7\u00e3o suspensas para todos os motoristas e indiv\u00edduos desta lista"}]},{"@type":"WebSite","@id":"https:\/\/www.em.com.br\/emfoco\/#website","url":"https:\/\/www.em.com.br\/emfoco\/","name":"Estado de Minas - Em foco","description":"Acompanhe as \u00faltimas not\u00edcias e fique bem informado sobre tudo o que acontece em Minas Gerais, Brasil e no mundo.","potentialAction":[{"@type":"SearchAction","target":{"@type":"EntryPoint","urlTemplate":"https:\/\/www.em.com.br\/emfoco\/?s={search_term_string}"},"query-input":{"@type":"PropertyValueSpecification","valueRequired":true,"valueName":"search_term_string"}}],"inLanguage":"pt-BR"},{"@type":"Person","@id":"https:\/\/www.em.com.br\/emfoco\/#\/schema\/person\/60eda09c1fedf0d6891f4cef4b60b8b8","name":"Andre\u0301 Rangel\u00a0","image":{"@type":"ImageObject","inLanguage":"pt-BR","@id":"https:\/\/www.em.com.br\/emfoco\/#\/schema\/person\/image\/","url":"https:\/\/secure.gravatar.com\/avatar\/6234dc814c77c8ef6d8bba622c787efc?s=96&d=mm&r=g","contentUrl":"https:\/\/secure.gravatar.com\/avatar\/6234dc814c77c8ef6d8bba622c787efc?s=96&d=mm&r=g","caption":"Andre\u0301 Rangel\u00a0"},"url":"https:\/\/www.em.com.br\/emfoco\/author\/luizmyth\/"}]}},"_links":{"self":[{"href":"https:\/\/www.em.com.br\/emfoco\/wp-json\/wp\/v2\/posts\/158714","targetHints":{"allow":["GET"]}}],"collection":[{"href":"https:\/\/www.em.com.br\/emfoco\/wp-json\/wp\/v2\/posts"}],"about":[{"href":"https:\/\/www.em.com.br\/emfoco\/wp-json\/wp\/v2\/types\/post"}],"author":[{"embeddable":true,"href":"https:\/\/www.em.com.br\/emfoco\/wp-json\/wp\/v2\/users\/11"}],"replies":[{"embeddable":true,"href":"https:\/\/www.em.com.br\/emfoco\/wp-json\/wp\/v2\/comments?post=158714"}],"version-history":[{"count":4,"href":"https:\/\/www.em.com.br\/emfoco\/wp-json\/wp\/v2\/posts\/158714\/revisions"}],"predecessor-version":[{"id":158757,"href":"https:\/\/www.em.com.br\/emfoco\/wp-json\/wp\/v2\/posts\/158714\/revisions\/158757"}],"wp:featuredmedia":[{"embeddable":true,"href":"https:\/\/www.em.com.br\/emfoco\/wp-json\/wp\/v2\/media\/151596"}],"wp:attachment":[{"href":"https:\/\/www.em.com.br\/emfoco\/wp-json\/wp\/v2\/media?parent=158714"}],"wp:term":[{"taxonomy":"category","embeddable":true,"href":"https:\/\/www.em.com.br\/emfoco\/wp-json\/wp\/v2\/categories?post=158714"},{"taxonomy":"post_tag","embeddable":true,"href":"https:\/\/www.em.com.br\/emfoco\/wp-json\/wp\/v2\/tags?post=158714"}],"curies":[{"name":"wp","href":"https:\/\/api.w.org\/{rel}","templated":true}]}}