{"id":158689,"date":"2026-01-24T07:55:00","date_gmt":"2026-01-24T10:55:00","guid":{"rendered":"https:\/\/www.em.com.br\/emfoco\/?p=158689"},"modified":"2026-01-23T15:36:26","modified_gmt":"2026-01-23T18:36:26","slug":"a-combinacao-do-oleo-de-argan-com-alecrim-e-eucalipto-oferece-beneficios-incriveis-para-o-cabelo-a-pele-e-o-bem-estar-geral","status":"publish","type":"post","link":"https:\/\/www.em.com.br\/emfoco\/2026\/01\/24\/a-combinacao-do-oleo-de-argan-com-alecrim-e-eucalipto-oferece-beneficios-incriveis-para-o-cabelo-a-pele-e-o-bem-estar-geral\/","title":{"rendered":"A combina\u00e7\u00e3o do\u00a0\u00f3leo de argan com alecrim e eucalipto\u00a0oferece benef\u00edcios incr\u00edveis \u200b\u200bpara\u00a0o cabelo, a pele e o bem-estar geral"},"content":{"rendered":"\n<p>O cuidado com a pele e o cabelo vem ganhando espa\u00e7o na rotina de bem-estar de muitas pessoas, e a combina\u00e7\u00e3o de&nbsp;<strong>alecrim, eucalipto e \u00f3leo de argan<\/strong>&nbsp;aparece com frequ\u00eancia em receitas naturais adaptadas para pequenos rituais de autocuidado em casa, como banhos arom\u00e1ticos, massagens e m\u00e1scaras simples para relaxar e nutrir o corpo.<\/p>\n\n\n\n<h2 class=\"wp-block-heading\">Para que serve a mistura de alecrim, eucalipto e \u00f3leo de argan<\/h2>\n\n\n\n<p>A\u00a0<strong>mistura de alecrim, eucalipto e \u00f3leo de argan<\/strong>\u00a0\u00e9 usada para dar suporte \u00e0 <a href=\"https:\/\/www.em.com.br\/emfoco\/2025\/11\/25\/o-jeito-simples-de-turbinar-a-hidratacao-da-pele-usando-apenas-uma-toalha-morna\/\" target=\"_blank\" rel=\"noreferrer noopener\">hidrata\u00e7\u00e3o da pele <\/a>e ao cuidado do couro cabeludo, ajudando a reduzir o ressecamento e a criar um ambiente mais favor\u00e1vel ao crescimento dos fios. Na pele, em pequenas quantidades, contribui para um toque mais macio, levemente perfumado e com sensa\u00e7\u00e3o de frescor ap\u00f3s o banho.<\/p>\n\n\n\n<p>Em pr\u00e1ticas de bem-estar, muitas pessoas associam o aroma do eucalipto e do alecrim \u00e0 sensa\u00e7\u00e3o de respira\u00e7\u00e3o mais leve e descanso mental, enquanto o \u00f3leo de argan, mais denso, atua como base nutritiva que ajuda a \u201ccarregar\u201d os extratos vegetais e \u00f3leos essenciais. O uso precisa ser moderado e sempre dilu\u00eddo, principalmente no caso de \u00f3leos essenciais, para evitar irrita\u00e7\u00f5es.<\/p>\n\n\n\n<div style=\"overflow-x:auto; margin:24px 0;\">\n<table style=\"\n  width:100%;\n  border-collapse:collapse;\n  font-family:Arial, sans-serif;\n  background:#f2f9f7;\n  border-radius:14px;\n  overflow:hidden;\n\">\n\n  <thead>\n    <tr style=\"background:#2fa4a9;\">\n      <th style=\"padding:16px; text-align:left; color:#ffffff;\">\n        \u00c1rea de uso\n      <\/th>\n      <th style=\"padding:16px; text-align:left; color:#ffffff;\">\n        Benef\u00edcio principal\n      <\/th>\n      <th style=\"padding:16px; text-align:left; color:#ffffff;\">\n        Como a combina\u00e7\u00e3o atua\n      <\/th>\n    <\/tr>\n  <\/thead>\n\n  <tbody>\n    <tr style=\"background:#ffffff;\"\n        onmouseover=\"this.style.background='#e6f4f2';\"\n        onmouseout=\"this.style.background='#ffffff';\">\n      <td style=\"padding:14px; color:#1f6f73; font-weight:bold;\">\n        Couro cabeludo\n      <\/td>\n      <td style=\"padding:14px; color:#1f6f73;\">\n        Est\u00edmulo ao crescimento capilar\n      <\/td>\n      <td style=\"padding:14px; color:#1f6f73;\">\n        O \u00f3leo de alecrim ativa a circula\u00e7\u00e3o sangu\u00ednea local, ajudando a desobstruir fol\u00edculos e fortalecer os fios desde a raiz.\n      <\/td>\n    <\/tr>\n\n    <tr style=\"background:#f7fbfa;\"\n        onmouseover=\"this.style.background='#e6f4f2';\"\n        onmouseout=\"this.style.background='#f7fbfa';\">\n      <td style=\"padding:14px; color:#1f6f73; font-weight:bold;\">\n        Controle de oleosidade\n      <\/td>\n      <td style=\"padding:14px; color:#1f6f73;\">\n        Redu\u00e7\u00e3o de caspa e sebo excessivo\n      <\/td>\n      <td style=\"padding:14px; color:#1f6f73;\">\n        O eucalipto possui a\u00e7\u00e3o antibacteriana e antif\u00fangica, auxiliando no equil\u00edbrio do couro cabeludo e na preven\u00e7\u00e3o de fol\u00edculos obstru\u00eddos.\n      <\/td>\n    <\/tr>\n\n    <tr style=\"background:#ffffff;\"\n        onmouseover=\"this.style.background='#e6f4f2';\"\n        onmouseout=\"this.style.background='#ffffff';\">\n      <td style=\"padding:14px; color:#1f6f73; font-weight:bold;\">\n        Fios de cabelo\n      <\/td>\n      <td style=\"padding:14px; color:#1f6f73;\">\n        Nutri\u00e7\u00e3o e brilho\n      <\/td>\n      <td style=\"padding:14px; color:#1f6f73;\">\n        O \u00f3leo de argan hidrata profundamente, reduz frizz e ressecamento, devolvendo maciez e luminosidade sem pesar.\n      <\/td>\n    <\/tr>\n\n    <tr style=\"background:#f7fbfa;\"\n        onmouseover=\"this.style.background='#e6f4f2';\"\n        onmouseout=\"this.style.background='#f7fbfa';\">\n      <td style=\"padding:14px; color:#1f6f73; font-weight:bold;\">\n        Corpo e m\u00fasculos\n      <\/td>\n      <td style=\"padding:14px; color:#1f6f73;\">\n        Al\u00edvio muscular\n      <\/td>\n      <td style=\"padding:14px; color:#1f6f73;\">\n        Alecrim e eucalipto atuam com efeito analg\u00e9sico e anti-inflamat\u00f3rio, auxiliando em dores musculares e articulares.\n      <\/td>\n    <\/tr>\n\n    <tr style=\"background:#ffffff;\"\n        onmouseover=\"this.style.background='#e6f4f2';\"\n        onmouseout=\"this.style.background='#ffffff';\">\n      <td style=\"padding:14px; color:#1f6f73; font-weight:bold;\">\n        Sistema respirat\u00f3rio\n      <\/td>\n      <td style=\"padding:14px; color:#1f6f73;\">\n        Respira\u00e7\u00e3o mais livre\n      <\/td>\n      <td style=\"padding:14px; color:#1f6f73;\">\n        O 1,8-cineol presente no alecrim e no eucalipto auxilia na desobstru\u00e7\u00e3o das vias nasais e no al\u00edvio de sintomas respirat\u00f3rios.\n      <\/td>\n    <\/tr>\n\n    <tr style=\"background:#f7fbfa;\"\n        onmouseover=\"this.style.background='#e6f4f2';\"\n        onmouseout=\"this.style.background='#f7fbfa';\">\n      <td style=\"padding:14px; color:#1f6f73; font-weight:bold;\">\n        Pele\n      <\/td>\n      <td style=\"padding:14px; color:#1f6f73;\">\n        Hidrata\u00e7\u00e3o e regenera\u00e7\u00e3o\n      <\/td>\n      <td style=\"padding:14px; color:#1f6f73;\">\n        O \u00f3leo de argan funciona como carreador nutritivo, hidratando profundamente e auxiliando na regenera\u00e7\u00e3o da pele.\n      <\/td>\n    <\/tr>\n  <\/tbody>\n<\/table>\n<\/div>\n\n\n\n\n<h2 class=\"wp-block-heading\">Quais s\u00e3o os benef\u00edcios do alecrim, do eucalipto e do \u00f3leo de argan<\/h2>\n\n\n\n<p>O&nbsp;<strong>alecrim<\/strong>&nbsp;\u00e9 tradicionalmente associado \u00e0 estimula\u00e7\u00e3o do couro cabeludo, sendo comum em t\u00f4nicos e infus\u00f5es voltados \u00e0 sensa\u00e7\u00e3o de fortalecimento dos fios e controle de oleosidade. Na pele, costuma ser aplicado em \u00e1reas espec\u00edficas e bem dilu\u00eddo, respeitando a sensibilidade de cada pessoa.<\/p>\n\n\n\n<p>O\u00a0<strong>eucalipto<\/strong>\u00a0\u00e9 conhecido pelo aroma marcante e refrescante, muito usado em \u00f3leos de massagem, xampus, sabonetes l\u00edquidos e banhos de vapor, sempre dilu\u00eddo para n\u00e3o causar irrita\u00e7\u00e3o. J\u00e1 o<a href=\"https:\/\/www.tuasaude.com\/oleo-de-argan\/\" target=\"_blank\" rel=\"noreferrer noopener\">\u00a0<strong>\u00f3leo de argan<\/strong><\/a>\u00a0se destaca pela textura leve e pela combina\u00e7\u00e3o de vitamina E e \u00e1cidos graxos, associada \u00e0 hidrata\u00e7\u00e3o da pele e ao brilho das pontas ressecadas do cabelo, suavizando o contato de ingredientes mais intensos como alecrim e eucalipto.<\/p>\n\n\n\n<figure class=\"wp-block-image\"><img decoding=\"async\" src=\"https:\/\/www.em.com.br\/emfoco\/wp-content\/uploads\/2025\/10\/creme-pescoco_1759712748057-1024x576.jpg\" alt=\"\"\/><figcaption class=\"wp-element-caption\">Pele do colo e do pesco\u00e7o exige cuidados que muita gente ignora &#8211; Cr\u00e9ditos: depositphotos.com \/ tonodiaz<\/figcaption><\/figure>\n\n\n\n<h2 class=\"wp-block-heading\">Como usar alecrim, eucalipto e \u00f3leo de argan na rotina de cuidados<\/h2>\n\n\n\n<p>A mistura de&nbsp;<strong>alecrim, eucalipto e \u00f3leo de argan<\/strong>&nbsp;pode entrar na rotina em momentos pontuais, como antes da lavagem dos cabelos ou em sess\u00f5es semanais de autocuidado mais demoradas. Em geral, alecrim e eucalipto s\u00e3o usados em forma de infus\u00e3o ou \u00f3leo essencial dilu\u00eddo, enquanto o argan funciona como base nutritiva e carreadora.<\/p>\n\n\n\n<p>Para facilitar o uso, vale organizar um pequeno ritual de cuidado, alternando dias de aten\u00e7\u00e3o ao couro cabeludo e \u00e0 pele do corpo, sempre respeitando a sensibilidade individual. Algumas ideias pr\u00e1ticas incluem op\u00e7\u00f5es simples que podem ser adaptadas conforme a necessidade e o tipo de pele ou cabelo:<\/p>\n\n\n\n<ul class=\"wp-block-list\">\n<li><strong>Massagem no couro cabeludo:<\/strong>\u00a0misturar algumas gotas de \u00f3leo de argan com 1 ou 2 gotas de \u00f3leo essencial de alecrim ou eucalipto e aplicar com movimentos suaves antes da lavagem.<\/li>\n\n\n\n<li><strong>Banho arom\u00e1tico:<\/strong>\u00a0usar folhas de alecrim e poucas gotas de \u00f3leo essencial de eucalipto em um recipiente com \u00e1gua quente no banheiro, sem contato direto com pele sens\u00edvel.<\/li>\n\n\n\n<li><strong>Hidrata\u00e7\u00e3o localizada:<\/strong>\u00a0aplicar \u00f3leo de argan puro em \u00e1reas ressecadas; se incluir alecrim ou eucalipto, garantir dilui\u00e7\u00e3o correta em \u00f3leo carreador.<\/li>\n<\/ul>\n\n\n\n<h2 class=\"wp-block-heading\">Como montar um passo a passo semanal de autocuidado<\/h2>\n\n\n\n<p>Definir um dia fixo da semana ajuda a transformar o uso de alecrim, eucalipto e \u00f3leo de argan em um ritual consistente, em vez de algo feito apenas ocasionalmente. A ideia \u00e9 criar uma sequ\u00eancia r\u00e1pida, que caiba na rotina, mas entregue sensa\u00e7\u00e3o de limpeza, brilho e relaxamento em poucos minutos.<\/p>\n\n\n\n<p>Uma sugest\u00e3o \u00e9 reservar um momento antes do banho principal para aplicar a mistura no couro cabeludo, massagear e deixar agir por alguns minutos, lavando em seguida com xampu suave. Depois, finalize com uma pequena quantidade de \u00f3leo de argan apenas nas pontas dos fios, evitando a raiz para n\u00e3o pesar, e use o restante da mistura em \u00e1reas do corpo que pedem mais hidrata\u00e7\u00e3o.<\/p>\n\n\n\n<figure class=\"wp-block-image size-large\"><img loading=\"lazy\" decoding=\"async\" width=\"1024\" height=\"576\" src=\"https:\/\/www.em.com.br\/emfoco\/wp-content\/uploads\/2026\/01\/Gemini_Generated_Image_mcq666mcq666mcq6-1-1024x576.png\" alt=\"Siga as recomenda\u00e7\u00f5es e aproveite essa combina\u00e7\u00e3o\" class=\"wp-image-158707\" srcset=\"https:\/\/www.em.com.br\/emfoco\/wp-content\/uploads\/2026\/01\/Gemini_Generated_Image_mcq666mcq666mcq6-1-1024x576.png 1024w, https:\/\/www.em.com.br\/emfoco\/wp-content\/uploads\/2026\/01\/Gemini_Generated_Image_mcq666mcq666mcq6-1-300x169.png 300w, https:\/\/www.em.com.br\/emfoco\/wp-content\/uploads\/2026\/01\/Gemini_Generated_Image_mcq666mcq666mcq6-1-768x432.png 768w, https:\/\/www.em.com.br\/emfoco\/wp-content\/uploads\/2026\/01\/Gemini_Generated_Image_mcq666mcq666mcq6-1-750x422.png 750w, https:\/\/www.em.com.br\/emfoco\/wp-content\/uploads\/2026\/01\/Gemini_Generated_Image_mcq666mcq666mcq6-1-1140x641.png 1140w, https:\/\/www.em.com.br\/emfoco\/wp-content\/uploads\/2026\/01\/Gemini_Generated_Image_mcq666mcq666mcq6-1.png 1280w\" sizes=\"auto, (max-width: 1024px) 100vw, 1024px\" \/><figcaption class=\"wp-element-caption\">Siga as recomenda\u00e7\u00f5es e aproveite essa combina\u00e7\u00e3o<\/figcaption><\/figure>\n\n\n\n<h2 class=\"wp-block-heading\">Quais cuidados ter e por que agir agora<\/h2>\n\n\n\n<p>Apesar de naturais, alecrim, eucalipto e \u00f3leo de argan exigem cautela: \u00f3leos essenciais n\u00e3o devem ser ingeridos nem usados puros em olhos, mucosas ou pele lesionada. Se voc\u00ea tem pele sens\u00edvel, hist\u00f3rico de alergias ou alguma condi\u00e7\u00e3o dermatol\u00f3gica, fa\u00e7a sempre um teste no antebra\u00e7o e, se poss\u00edvel, busque orienta\u00e7\u00e3o profissional antes de ampliar o uso.<\/p>\n\n\n\n<p>N\u00e3o espere a pele ressecar demais ou o cabelo ficar danificado para come\u00e7ar a cuidar: comece hoje a construir uma rotina simples com essa combina\u00e7\u00e3o, ajustando a frequ\u00eancia e as quantidades ao longo do tempo. D\u00ea o primeiro passo agora, separe seus produtos, prepare uma pequena mistura dilu\u00edda e experimente um ritual completo ainda nesta semana \u2014 seu corpo sente a diferen\u00e7a quando voc\u00ea escolhe se cuidar com const\u00e2ncia.<\/p>\n\n\n\n<p><\/p>\n","protected":false},"excerpt":{"rendered":"<p>O cuidado com a pele e o cabelo vem ganhando espa\u00e7o na rotina de bem-estar de muitas pessoas, e a combina\u00e7\u00e3o de&nbsp;alecrim, eucalipto e \u00f3leo de argan&nbsp;aparece com frequ\u00eancia em receitas naturais adaptadas para pequenos rituais de autocuidado em casa, como banhos arom\u00e1ticos, massagens e m\u00e1scaras simples para relaxar e nutrir o corpo. Para que [&hellip;]<\/p>\n","protected":false},"author":11,"featured_media":158754,"comment_status":"open","ping_status":"open","sticky":false,"template":"","format":"standard","meta":{"jnews-multi-image_gallery":[],"jnews_single_post":{"format":"standard"},"jnews_primary_category":[],"jnews_social_meta":[],"jnews_override_counter":[],"footnotes":""},"categories":[8691,1],"tags":[3840,23213,16204,4941,23214],"class_list":["post-158689","post","type-post","status-publish","format-standard","has-post-thumbnail","hentry","category-bem-estar","category-noticias","tag-alecrim","tag-cuidar-do-corpo","tag-eucalipto","tag-hidratacao","tag-oleo-de-argan"],"yoast_head":"<!-- This site is optimized with the Yoast SEO plugin v23.8 - https:\/\/yoast.com\/wordpress\/plugins\/seo\/ -->\n<title>A combina\u00e7\u00e3o do\u00a0\u00f3leo de argan com alecrim e eucalipto\u00a0oferece benef\u00edcios incr\u00edveis \u200b\u200bpara\u00a0o cabelo, a pele e o bem-estar geral - Estado de Minas - Em foco<\/title>\n<meta name=\"description\" content=\"Essa mistura natural ganhou espa\u00e7o no autocuidado por trazer frescor, hidrata\u00e7\u00e3o e relaxamento. Entenda os usos e cuidados b\u00e1sicos.\" \/>\n<meta name=\"robots\" content=\"index, follow, max-snippet:-1, max-image-preview:large, max-video-preview:-1\" \/>\n<link rel=\"canonical\" href=\"https:\/\/www.em.com.br\/emfoco\/2026\/01\/24\/a-combinacao-do-oleo-de-argan-com-alecrim-e-eucalipto-oferece-beneficios-incriveis-para-o-cabelo-a-pele-e-o-bem-estar-geral\/\" \/>\n<meta property=\"og:locale\" content=\"pt_BR\" \/>\n<meta property=\"og:type\" content=\"article\" \/>\n<meta property=\"og:title\" content=\"A combina\u00e7\u00e3o do\u00a0\u00f3leo de argan com alecrim e eucalipto\u00a0oferece benef\u00edcios incr\u00edveis \u200b\u200bpara\u00a0o cabelo, a pele e o bem-estar geral - Estado de Minas - Em foco\" \/>\n<meta property=\"og:description\" content=\"Essa mistura natural ganhou espa\u00e7o no autocuidado por trazer frescor, hidrata\u00e7\u00e3o e relaxamento. Entenda os usos e cuidados b\u00e1sicos.\" \/>\n<meta property=\"og:url\" content=\"https:\/\/www.em.com.br\/emfoco\/2026\/01\/24\/a-combinacao-do-oleo-de-argan-com-alecrim-e-eucalipto-oferece-beneficios-incriveis-para-o-cabelo-a-pele-e-o-bem-estar-geral\/\" \/>\n<meta property=\"og:site_name\" content=\"Estado de Minas - Em foco\" \/>\n<meta property=\"article:published_time\" content=\"2026-01-24T10:55:00+00:00\" \/>\n<meta property=\"article:modified_time\" content=\"2026-01-23T18:36:26+00:00\" \/>\n<meta property=\"og:image\" content=\"https:\/\/www.em.com.br\/emfoco\/wp-content\/uploads\/2026\/01\/Gemini_Generated_Image_9po9aj9po9aj9po9-1.png\" \/>\n\t<meta property=\"og:image:width\" content=\"1280\" \/>\n\t<meta property=\"og:image:height\" content=\"720\" \/>\n\t<meta property=\"og:image:type\" content=\"image\/png\" \/>\n<meta name=\"author\" content=\"Andre\u0301 Rangel\u00a0\" \/>\n<meta name=\"twitter:card\" content=\"summary_large_image\" \/>\n<meta name=\"twitter:label1\" content=\"Escrito por\" \/>\n\t<meta name=\"twitter:data1\" content=\"Andre\u0301 Rangel\u00a0\" \/>\n\t<meta name=\"twitter:label2\" content=\"Est. tempo de leitura\" \/>\n\t<meta name=\"twitter:data2\" content=\"6 minutos\" \/>\n<!-- \/ Yoast SEO plugin. -->","yoast_head_json":{"title":"A combina\u00e7\u00e3o do\u00a0\u00f3leo de argan com alecrim e eucalipto\u00a0oferece benef\u00edcios incr\u00edveis \u200b\u200bpara\u00a0o cabelo, a pele e o bem-estar geral - Estado de Minas - Em foco","description":"Essa mistura natural ganhou espa\u00e7o no autocuidado por trazer frescor, hidrata\u00e7\u00e3o e relaxamento. Entenda os usos e cuidados b\u00e1sicos.","robots":{"index":"index","follow":"follow","max-snippet":"max-snippet:-1","max-image-preview":"max-image-preview:large","max-video-preview":"max-video-preview:-1"},"canonical":"https:\/\/www.em.com.br\/emfoco\/2026\/01\/24\/a-combinacao-do-oleo-de-argan-com-alecrim-e-eucalipto-oferece-beneficios-incriveis-para-o-cabelo-a-pele-e-o-bem-estar-geral\/","og_locale":"pt_BR","og_type":"article","og_title":"A combina\u00e7\u00e3o do\u00a0\u00f3leo de argan com alecrim e eucalipto\u00a0oferece benef\u00edcios incr\u00edveis \u200b\u200bpara\u00a0o cabelo, a pele e o bem-estar geral - Estado de Minas - Em foco","og_description":"Essa mistura natural ganhou espa\u00e7o no autocuidado por trazer frescor, hidrata\u00e7\u00e3o e relaxamento. Entenda os usos e cuidados b\u00e1sicos.","og_url":"https:\/\/www.em.com.br\/emfoco\/2026\/01\/24\/a-combinacao-do-oleo-de-argan-com-alecrim-e-eucalipto-oferece-beneficios-incriveis-para-o-cabelo-a-pele-e-o-bem-estar-geral\/","og_site_name":"Estado de Minas - Em foco","article_published_time":"2026-01-24T10:55:00+00:00","article_modified_time":"2026-01-23T18:36:26+00:00","og_image":[{"width":1280,"height":720,"url":"https:\/\/www.em.com.br\/emfoco\/wp-content\/uploads\/2026\/01\/Gemini_Generated_Image_9po9aj9po9aj9po9-1.png","type":"image\/png"}],"author":"Andre\u0301 Rangel\u00a0","twitter_card":"summary_large_image","twitter_misc":{"Escrito por":"Andre\u0301 Rangel\u00a0","Est. tempo de leitura":"6 minutos"},"schema":{"@context":"https:\/\/schema.org","@graph":[{"@type":"WebPage","@id":"https:\/\/www.em.com.br\/emfoco\/2026\/01\/24\/a-combinacao-do-oleo-de-argan-com-alecrim-e-eucalipto-oferece-beneficios-incriveis-para-o-cabelo-a-pele-e-o-bem-estar-geral\/","url":"https:\/\/www.em.com.br\/emfoco\/2026\/01\/24\/a-combinacao-do-oleo-de-argan-com-alecrim-e-eucalipto-oferece-beneficios-incriveis-para-o-cabelo-a-pele-e-o-bem-estar-geral\/","name":"A combina\u00e7\u00e3o do\u00a0\u00f3leo de argan com alecrim e eucalipto\u00a0oferece benef\u00edcios incr\u00edveis \u200b\u200bpara\u00a0o cabelo, a pele e o bem-estar geral - Estado de Minas - Em foco","isPartOf":{"@id":"https:\/\/www.em.com.br\/emfoco\/#website"},"primaryImageOfPage":{"@id":"https:\/\/www.em.com.br\/emfoco\/2026\/01\/24\/a-combinacao-do-oleo-de-argan-com-alecrim-e-eucalipto-oferece-beneficios-incriveis-para-o-cabelo-a-pele-e-o-bem-estar-geral\/#primaryimage"},"image":{"@id":"https:\/\/www.em.com.br\/emfoco\/2026\/01\/24\/a-combinacao-do-oleo-de-argan-com-alecrim-e-eucalipto-oferece-beneficios-incriveis-para-o-cabelo-a-pele-e-o-bem-estar-geral\/#primaryimage"},"thumbnailUrl":"https:\/\/www.em.com.br\/emfoco\/wp-content\/uploads\/2026\/01\/Gemini_Generated_Image_9po9aj9po9aj9po9-1.png","datePublished":"2026-01-24T10:55:00+00:00","dateModified":"2026-01-23T18:36:26+00:00","author":{"@id":"https:\/\/www.em.com.br\/emfoco\/#\/schema\/person\/60eda09c1fedf0d6891f4cef4b60b8b8"},"description":"Essa mistura natural ganhou espa\u00e7o no autocuidado por trazer frescor, hidrata\u00e7\u00e3o e relaxamento. Entenda os usos e cuidados b\u00e1sicos.","breadcrumb":{"@id":"https:\/\/www.em.com.br\/emfoco\/2026\/01\/24\/a-combinacao-do-oleo-de-argan-com-alecrim-e-eucalipto-oferece-beneficios-incriveis-para-o-cabelo-a-pele-e-o-bem-estar-geral\/#breadcrumb"},"inLanguage":"pt-BR","potentialAction":[{"@type":"ReadAction","target":["https:\/\/www.em.com.br\/emfoco\/2026\/01\/24\/a-combinacao-do-oleo-de-argan-com-alecrim-e-eucalipto-oferece-beneficios-incriveis-para-o-cabelo-a-pele-e-o-bem-estar-geral\/"]}]},{"@type":"ImageObject","inLanguage":"pt-BR","@id":"https:\/\/www.em.com.br\/emfoco\/2026\/01\/24\/a-combinacao-do-oleo-de-argan-com-alecrim-e-eucalipto-oferece-beneficios-incriveis-para-o-cabelo-a-pele-e-o-bem-estar-geral\/#primaryimage","url":"https:\/\/www.em.com.br\/emfoco\/wp-content\/uploads\/2026\/01\/Gemini_Generated_Image_9po9aj9po9aj9po9-1.png","contentUrl":"https:\/\/www.em.com.br\/emfoco\/wp-content\/uploads\/2026\/01\/Gemini_Generated_Image_9po9aj9po9aj9po9-1.png","width":1280,"height":720,"caption":"Como usar alecrim e eucalipto com \u00f3leo de argan no dia a dia"},{"@type":"BreadcrumbList","@id":"https:\/\/www.em.com.br\/emfoco\/2026\/01\/24\/a-combinacao-do-oleo-de-argan-com-alecrim-e-eucalipto-oferece-beneficios-incriveis-para-o-cabelo-a-pele-e-o-bem-estar-geral\/#breadcrumb","itemListElement":[{"@type":"ListItem","position":1,"name":"In\u00edcio","item":"https:\/\/www.em.com.br\/emfoco\/"},{"@type":"ListItem","position":2,"name":"A combina\u00e7\u00e3o do\u00a0\u00f3leo de argan com alecrim e eucalipto\u00a0oferece benef\u00edcios incr\u00edveis \u200b\u200bpara\u00a0o cabelo, a pele e o bem-estar geral"}]},{"@type":"WebSite","@id":"https:\/\/www.em.com.br\/emfoco\/#website","url":"https:\/\/www.em.com.br\/emfoco\/","name":"Estado de Minas - Em foco","description":"Acompanhe as \u00faltimas not\u00edcias e fique bem informado sobre tudo o que acontece em Minas Gerais, Brasil e no mundo.","potentialAction":[{"@type":"SearchAction","target":{"@type":"EntryPoint","urlTemplate":"https:\/\/www.em.com.br\/emfoco\/?s={search_term_string}"},"query-input":{"@type":"PropertyValueSpecification","valueRequired":true,"valueName":"search_term_string"}}],"inLanguage":"pt-BR"},{"@type":"Person","@id":"https:\/\/www.em.com.br\/emfoco\/#\/schema\/person\/60eda09c1fedf0d6891f4cef4b60b8b8","name":"Andre\u0301 Rangel\u00a0","image":{"@type":"ImageObject","inLanguage":"pt-BR","@id":"https:\/\/www.em.com.br\/emfoco\/#\/schema\/person\/image\/","url":"https:\/\/secure.gravatar.com\/avatar\/6234dc814c77c8ef6d8bba622c787efc?s=96&d=mm&r=g","contentUrl":"https:\/\/secure.gravatar.com\/avatar\/6234dc814c77c8ef6d8bba622c787efc?s=96&d=mm&r=g","caption":"Andre\u0301 Rangel\u00a0"},"url":"https:\/\/www.em.com.br\/emfoco\/author\/luizmyth\/"}]}},"_links":{"self":[{"href":"https:\/\/www.em.com.br\/emfoco\/wp-json\/wp\/v2\/posts\/158689","targetHints":{"allow":["GET"]}}],"collection":[{"href":"https:\/\/www.em.com.br\/emfoco\/wp-json\/wp\/v2\/posts"}],"about":[{"href":"https:\/\/www.em.com.br\/emfoco\/wp-json\/wp\/v2\/types\/post"}],"author":[{"embeddable":true,"href":"https:\/\/www.em.com.br\/emfoco\/wp-json\/wp\/v2\/users\/11"}],"replies":[{"embeddable":true,"href":"https:\/\/www.em.com.br\/emfoco\/wp-json\/wp\/v2\/comments?post=158689"}],"version-history":[{"count":4,"href":"https:\/\/www.em.com.br\/emfoco\/wp-json\/wp\/v2\/posts\/158689\/revisions"}],"predecessor-version":[{"id":158755,"href":"https:\/\/www.em.com.br\/emfoco\/wp-json\/wp\/v2\/posts\/158689\/revisions\/158755"}],"wp:featuredmedia":[{"embeddable":true,"href":"https:\/\/www.em.com.br\/emfoco\/wp-json\/wp\/v2\/media\/158754"}],"wp:attachment":[{"href":"https:\/\/www.em.com.br\/emfoco\/wp-json\/wp\/v2\/media?parent=158689"}],"wp:term":[{"taxonomy":"category","embeddable":true,"href":"https:\/\/www.em.com.br\/emfoco\/wp-json\/wp\/v2\/categories?post=158689"},{"taxonomy":"post_tag","embeddable":true,"href":"https:\/\/www.em.com.br\/emfoco\/wp-json\/wp\/v2\/tags?post=158689"}],"curies":[{"name":"wp","href":"https:\/\/api.w.org\/{rel}","templated":true}]}}