{"id":158674,"date":"2026-01-24T10:25:00","date_gmt":"2026-01-24T13:25:00","guid":{"rendered":"https:\/\/www.em.com.br\/emfoco\/?p=158674"},"modified":"2026-01-23T15:37:14","modified_gmt":"2026-01-23T18:37:14","slug":"segundo-essa-lei-em-2026-os-viuvos-nao-receberao-os-bens-mesmo-que-o-testamento-especifique-o-contrario","status":"publish","type":"post","link":"https:\/\/www.em.com.br\/emfoco\/2026\/01\/24\/segundo-essa-lei-em-2026-os-viuvos-nao-receberao-os-bens-mesmo-que-o-testamento-especifique-o-contrario\/","title":{"rendered":"Segundo essa Lei, em 2026 os vi\u00favos n\u00e3o receber\u00e3o os bens, mesmo que o testamento especifique o contr\u00e1rio"},"content":{"rendered":"\n<p>Quando algu\u00e9m morre, surgem muitas d\u00favidas sobre o que acontece com o patrim\u00f4nio e quem, de fato, tem direito a receber bens, valores e direitos. Ao contr\u00e1rio do que muitos pensam, na <strong>Argentina, <\/strong>por exemplo, a heran\u00e7a n\u00e3o vai automaticamente para o c\u00f4njuge ou para os filhos: a sucess\u00e3o segue regras legais espec\u00edficas, que definem a ordem dos herdeiros, os limites do testamento e em quais situa\u00e7\u00f5es esse direito pode ser reduzido ou at\u00e9 afastado.<\/p>\n\n\n\n<h2 class=\"wp-block-heading\">O que pode mudar no Brasil em 2026 com a reforma do C\u00f3digo Civil<\/h2>\n\n\n\n<p>A partir de 2026, discute-se no <strong>Congresso Nacional<\/strong> uma reforma relevante no direito sucess\u00f3rio brasileiro, por meio do<a href=\"https:\/\/www25.senado.leg.br\/web\/atividade\/materias\/-\/materia\/166998\" target=\"_blank\" rel=\"noreferrer noopener\"> <strong>Projeto de Lei n.\u00ba 4\/2025<\/strong><\/a>, que prop\u00f5e mudan\u00e7as profundas especialmente na posi\u00e7\u00e3o do c\u00f4njuge na heran\u00e7a. Trata-se de proposta em debate, que poder\u00e1 ser aprovada, modificada ou rejeitada, mas que j\u00e1 sinaliza um poss\u00edvel novo cen\u00e1rio jur\u00eddico.<\/p>\n\n\n\n<p>A principal novidade prevista \u00e9 a retirada do c\u00f4njuge do rol de <a href=\"https:\/\/www.em.com.br\/emfoco\/2026\/01\/21\/herdeiros-ganham-folego-com-nova-regra-do-stf-imposto-nao-precisa-ser-quitado-antes-da-partilha-em-inventario-com-acordo-total\/\" target=\"_blank\" rel=\"noreferrer noopener\">herdeiros <\/a>necess\u00e1rios, permitindo que o falecido, por testamento, disponha livremente de seus bens, inclusive afastando o marido ou a esposa da heran\u00e7a dispon\u00edvel. Com isso, o testamento passaria a ser o principal instrumento de prote\u00e7\u00e3o do c\u00f4njuge sobrevivente, sobretudo quando houver descendentes ou ascendentes concorrendo \u00e0 sucess\u00e3o.<\/p>\n\n\n\n<h2 class=\"wp-block-heading\">Abaixo, a tabela comparativa considerando o cen\u00e1rio jur\u00eddico entre Argentina e Brasil vigente em 2026:<\/h2>\n\n\n\n<div style=\"overflow-x:auto; margin:20px 0;\">\n<table style=\"\n  width:100%;\n  border-collapse:separate;\n  border-spacing:0;\n  font-family:Arial, sans-serif;\n  background:#f6f3fb;\n  border-left:6px solid #6b4eff;\n  border-radius:12px;\n\">\n\n  <thead>\n    <tr style=\"background:#6b4eff;\">\n      <th style=\"padding:16px; text-align:left; color:#ffffff;\">\n        Diferen\u00e7a analisada\n      <\/th>\n      <th style=\"padding:16px; text-align:center; color:#ffffff;\">\n        Brasil (proposta de reforma \u2013 2026)\n      <\/th>\n      <th style=\"padding:16px; text-align:center; color:#ffffff;\">\n        Argentina (c\u00f3digo civil e comercial)\n      <\/th>\n    <\/tr>\n  <\/thead>\n\n  <tbody>\n    <tr style=\"background:#ffffff;\"\n        onmouseover=\"this.style.background='#ede9ff';\"\n        onmouseout=\"this.style.background='#ffffff';\">\n      <td style=\"padding:14px; color:#4a3bc2; font-weight:bold;\">\n        Status do vi\u00favo\n      <\/td>\n      <td style=\"padding:14px; color:#4a3bc2;\">\n        Deixa de ser herdeiro necess\u00e1rio e pode ser exclu\u00eddo por vontade expressa do falecido.\n      <\/td>\n      <td style=\"padding:14px; color:#4a3bc2;\">\n        Herdeiro for\u00e7oso, com direito garantido por lei e imposs\u00edvel de ser retirado.\n      <\/td>\n    <\/tr>\n\n    <tr style=\"background:#f9f8ff;\"\n        onmouseover=\"this.style.background='#ede9ff';\"\n        onmouseout=\"this.style.background='#f9f8ff';\">\n      <td style=\"padding:14px; color:#4a3bc2; font-weight:bold;\">\n        Cota leg\u00edtima\n      <\/td>\n      <td style=\"padding:14px; color:#4a3bc2;\">\n        N\u00e3o existe mais cota obrigat\u00f3ria para o c\u00f4njuge; \u00e9 poss\u00edvel testar 100% dos bens.\n      <\/td>\n      <td style=\"padding:14px; color:#4a3bc2;\">\n        O c\u00f4njuge tem direito garantido a 50% do patrim\u00f4nio (leg\u00edtima).\n      <\/td>\n    <\/tr>\n\n    <tr style=\"background:#ffffff;\"\n        onmouseover=\"this.style.background='#ede9ff';\"\n        onmouseout=\"this.style.background='#ffffff';\">\n      <td style=\"padding:14px; color:#4a3bc2; font-weight:bold;\">\n        Papel do testamento\n      <\/td>\n      <td style=\"padding:14px; color:#4a3bc2;\">\n        Fundamental: sem testamento, o vi\u00favo pode n\u00e3o herdar bens particulares se houver filhos.\n      <\/td>\n      <td style=\"padding:14px; color:#4a3bc2;\">\n        Limitado: apenas 50% do patrim\u00f4nio pode ser livremente destinado.\n      <\/td>\n    <\/tr>\n\n    <tr style=\"background:#f9f8ff;\"\n        onmouseover=\"this.style.background='#ede9ff';\"\n        onmouseout=\"this.style.background='#f9f8ff';\">\n      <td style=\"padding:14px; color:#4a3bc2; font-weight:bold;\">\n        Direito de habita\u00e7\u00e3o\n      <\/td>\n      <td style=\"padding:14px; color:#4a3bc2;\">\n        Mantido: direito de morar no im\u00f3vel do casal at\u00e9 o falecimento.\n      <\/td>\n      <td style=\"padding:14px; color:#4a3bc2;\">\n        Mantido: direito real de habita\u00e7\u00e3o gratuito e vital\u00edcio.\n      <\/td>\n    <\/tr>\n\n    <tr style=\"background:#ffffff;\"\n        onmouseover=\"this.style.background='#ede9ff';\"\n        onmouseout=\"this.style.background='#ffffff';\">\n      <td style=\"padding:14px; color:#4a3bc2; font-weight:bold;\">\n        Concorr\u00eancia com filhos\n      <\/td>\n      <td style=\"padding:14px; color:#4a3bc2;\">\n        O vi\u00favo perde a prefer\u00eancia nos bens particulares na sucess\u00e3o leg\u00edtima.\n      <\/td>\n      <td style=\"padding:14px; color:#4a3bc2;\">\n        O vi\u00favo herda como mais um filho, em divis\u00e3o igualit\u00e1ria.\n      <\/td>\n    <\/tr>\n\n    <tr style=\"background:#f9f8ff;\">\n      <td colspan=\"3\" style=\"padding:16px; color:#4a3bc2; font-size:14px;\">\n        <strong>Pontos de aten\u00e7\u00e3o \u2013 Brasil:<\/strong> tend\u00eancia de maior autonomia patrimonial. Para proteger o c\u00f4njuge em 2026, torna-se essencial a elabora\u00e7\u00e3o de um testamento p\u00fablico.<br><br>\n        <strong>Pontos de aten\u00e7\u00e3o \u2013 Argentina:<\/strong> modelo altamente protetivo e conservador. A exclus\u00e3o do c\u00f4njuge s\u00f3 ocorre em situa\u00e7\u00f5es extremas, como indignidade ou separa\u00e7\u00e3o de fato sem inten\u00e7\u00e3o de reconcilia\u00e7\u00e3o.<br><br>\n        <strong>Mea\u00e7\u00e3o (ambos os pa\u00edses):<\/strong> os bens adquiridos durante o casamento n\u00e3o entram na heran\u00e7a. O vi\u00favo j\u00e1 \u00e9 titular de 50% por direito pr\u00f3prio.\n      <\/td>\n    <\/tr>\n  <\/tbody>\n<\/table>\n<\/div>\n\n\n\n\n<h2 class=\"wp-block-heading\">Como ficam mea\u00e7\u00e3o, heran\u00e7a e o papel do testamento na prote\u00e7\u00e3o do c\u00f4njuge<\/h2>\n\n\n\n<p>A proposta n\u00e3o altera o direito \u00e0 mea\u00e7\u00e3o, que continua vinculado ao regime de bens adotado no casamento. O c\u00f4njuge sobrevivente permanece titular de metade dos bens comuns adquiridos na const\u00e2ncia da uni\u00e3o, em regimes como comunh\u00e3o parcial ou total de bens, pois isso decorre do pacto patrimonial, e n\u00e3o das regras de heran\u00e7a.<\/p>\n\n\n\n<p>J\u00e1 em rela\u00e7\u00e3o aos bens particulares do falecido, como aqueles adquiridos antes do casamento, por doa\u00e7\u00e3o ou heran\u00e7a exclusiva, o c\u00f4njuge pode deixar de ter direito autom\u00e1tico, dependendo da aprova\u00e7\u00e3o final da reforma. Nessa realidade, ganha import\u00e2ncia o planejamento sucess\u00f3rio, por meio de testamentos e eventual revis\u00e3o do regime de bens, para evitar que o parceiro sobrevivente fique desamparado.<\/p>\n\n\n\n<h2 class=\"wp-block-heading\">Quais s\u00e3o os direitos do c\u00f4njuge e dos herdeiros necess\u00e1rios na sucess\u00e3o<\/h2>\n\n\n\n<p>Atualmente, o c\u00f4njuge sobrevivente \u00e9, em regra, herdeiro necess\u00e1rio, ao lado de descendentes e ascendentes, possuindo direito \u00e0 por\u00e7\u00e3o leg\u00edtima que n\u00e3o pode ser ignorada pelo testamento. A participa\u00e7\u00e3o varia conforme a exist\u00eancia de filhos, pais ou av\u00f3s, e a an\u00e1lise do v\u00ednculo conjugal vigente no momento do falecimento \u00e9 essencial para confirmar a condi\u00e7\u00e3o de herdeiro.<\/p>\n\n\n\n<p>A por\u00e7\u00e3o leg\u00edtima funciona como prote\u00e7\u00e3o m\u00ednima aos familiares, limitando a liberdade de testar e impedindo, salvo em hip\u00f3teses legais de indignidade ou deserda\u00e7\u00e3o, a exclus\u00e3o completa de herdeiros necess\u00e1rios. Entre os principais benefici\u00e1rios dessa reserva, destacam-se:<\/p>\n\n\n\n<ul class=\"wp-block-list\">\n<li><strong>Descendentes<\/strong>\u00a0(filhos, netos), que concorrem com o c\u00f4njuge e recebem parcela expressiva do acervo.<\/li>\n\n\n\n<li><strong>Ascendentes<\/strong>\u00a0(pais, av\u00f3s), que s\u00e3o chamados quando n\u00e3o h\u00e1 descendentes vivos.<\/li>\n\n\n\n<li><strong>C\u00f4njuge sobrevivente<\/strong>, cuja posi\u00e7\u00e3o poder\u00e1 ser alterada caso a reforma sucess\u00f3ria seja aprovada.<\/li>\n<\/ul>\n\n\n\n<figure class=\"wp-block-image\"><img decoding=\"async\" src=\"https:\/\/www.em.com.br\/emfoco\/wp-content\/uploads\/2026\/01\/Gemini_Generated_Image_fprsm4fprsm4fprs-1-1024x576.png\" alt=\"\"\/><figcaption class=\"wp-element-caption\"><strong>A regra da heran\u00e7a que pode mudar o futuro de muitas fam\u00edlias<\/strong><\/figcaption><\/figure>\n\n\n\n<h2 class=\"wp-block-heading\">Em quais situa\u00e7\u00f5es o c\u00f4njuge pode perder o direito \u00e0 heran\u00e7a<\/h2>\n\n\n\n<p>Mesmo hoje, o c\u00f4njuge pode perder o direito \u00e0 heran\u00e7a em situa\u00e7\u00f5es espec\u00edficas, como div\u00f3rcio j\u00e1 formalizado, nulidade do casamento ou separa\u00e7\u00e3o de fato prolongada com prova de ruptura da vida em comum. Nessas hip\u00f3teses, os tribunais analisam se ainda havia v\u00ednculo conjugal efetivo no momento da morte.<\/p>\n\n\n\n<p>Tamb\u00e9m podem afastar o c\u00f4njuge da sucess\u00e3o casos de indignidade sucess\u00f3ria, como viol\u00eancia grave, crimes ou abandono contra o autor da heran\u00e7a, desde que reconhecidos judicialmente. Em todos esses cen\u00e1rios, a perda de direitos n\u00e3o decorre de ju\u00edzo moral subjetivo, mas da aplica\u00e7\u00e3o de hip\u00f3teses objetivas previstas na lei e confirmadas em processo pr\u00f3prio.<\/p>\n\n\n\n<h2 class=\"wp-block-heading\">Como organizar a heran\u00e7a hoje e se preparar para poss\u00edveis mudan\u00e7as<\/h2>\n\n\n\n<p>A distribui\u00e7\u00e3o da heran\u00e7a leva em conta uma ordem de voca\u00e7\u00e3o heredit\u00e1ria, considerando descendentes, ascendentes, c\u00f4njuge e, na falta destes, colaterais, sempre respeitando a por\u00e7\u00e3o leg\u00edtima e o pagamento de d\u00edvidas do falecido com o pr\u00f3prio esp\u00f3lio. Diante da combina\u00e7\u00e3o de regras atuais e poss\u00edveis altera\u00e7\u00f5es legislativas, cresce a import\u00e2ncia de revisar documentos, regimes de bens e a necessidade de testamento ou planejamento sucess\u00f3rio mais elaborado.<\/p>\n\n\n\n<p>Se voc\u00ea \u00e9 casado, vive em uni\u00e3o est\u00e1vel ou possui patrim\u00f4nio relevante, n\u00e3o espere a lei mudar ou um conflito familiar surgir para agir: procure orienta\u00e7\u00e3o jur\u00eddica especializada, avalie seu regime de bens, considere um testamento e converse com seus familiares. Planejar a sucess\u00e3o agora pode ser a diferen\u00e7a entre garantir prote\u00e7\u00e3o a quem voc\u00ea ama ou deixar decis\u00f5es importantes nas m\u00e3os do acaso e de terceiros.<\/p>\n\n\n\n<p><\/p>\n","protected":false},"excerpt":{"rendered":"<p>Quando algu\u00e9m morre, surgem muitas d\u00favidas sobre o que acontece com o patrim\u00f4nio e quem, de fato, tem direito a receber bens, valores e direitos. Ao contr\u00e1rio do que muitos pensam, na Argentina, por exemplo, a heran\u00e7a n\u00e3o vai automaticamente para o c\u00f4njuge ou para os filhos: a sucess\u00e3o segue regras legais espec\u00edficas, que definem [&hellip;]<\/p>\n","protected":false},"author":11,"featured_media":158752,"comment_status":"open","ping_status":"open","sticky":false,"template":"","format":"standard","meta":{"jnews-multi-image_gallery":[],"jnews_single_post":{"format":"standard"},"jnews_primary_category":[],"jnews_social_meta":[],"jnews_override_counter":[],"footnotes":""},"categories":[28,1],"tags":[20943,1342,1452,1454],"class_list":["post-158674","post","type-post","status-publish","format-standard","has-post-thumbnail","hentry","category-economia","category-noticias","tag-conjuge","tag-direitos","tag-heranca","tag-testamento"],"yoast_head":"<!-- This site is optimized with the Yoast SEO plugin v23.8 - https:\/\/yoast.com\/wordpress\/plugins\/seo\/ -->\n<title>Segundo essa Lei, em 2026 os vi\u00favos n\u00e3o receber\u00e3o os bens, mesmo que o testamento especifique o contr\u00e1rio - Estado de Minas - Em foco<\/title>\n<meta name=\"description\" content=\"A heran\u00e7a no Brasil pode mudar em 2026 e o c\u00f4njuge pode perder prote\u00e7\u00e3o legal. Entenda a proposta e como isso afeta sua fam\u00edlia.\" \/>\n<meta name=\"robots\" content=\"index, follow, max-snippet:-1, max-image-preview:large, max-video-preview:-1\" \/>\n<link rel=\"canonical\" href=\"https:\/\/www.em.com.br\/emfoco\/2026\/01\/24\/segundo-essa-lei-em-2026-os-viuvos-nao-receberao-os-bens-mesmo-que-o-testamento-especifique-o-contrario\/\" \/>\n<meta property=\"og:locale\" content=\"pt_BR\" \/>\n<meta property=\"og:type\" content=\"article\" \/>\n<meta property=\"og:title\" content=\"Segundo essa Lei, em 2026 os vi\u00favos n\u00e3o receber\u00e3o os bens, mesmo que o testamento especifique o contr\u00e1rio - Estado de Minas - Em foco\" \/>\n<meta property=\"og:description\" content=\"A heran\u00e7a no Brasil pode mudar em 2026 e o c\u00f4njuge pode perder prote\u00e7\u00e3o legal. Entenda a proposta e como isso afeta sua fam\u00edlia.\" \/>\n<meta property=\"og:url\" content=\"https:\/\/www.em.com.br\/emfoco\/2026\/01\/24\/segundo-essa-lei-em-2026-os-viuvos-nao-receberao-os-bens-mesmo-que-o-testamento-especifique-o-contrario\/\" \/>\n<meta property=\"og:site_name\" content=\"Estado de Minas - Em foco\" \/>\n<meta property=\"article:published_time\" content=\"2026-01-24T13:25:00+00:00\" \/>\n<meta property=\"article:modified_time\" content=\"2026-01-23T18:37:14+00:00\" \/>\n<meta property=\"og:image\" content=\"https:\/\/www.em.com.br\/emfoco\/wp-content\/uploads\/2026\/01\/ChatGPT-Image-22-de-jan.-de-2026-13_25_37-1.png\" \/>\n\t<meta property=\"og:image:width\" content=\"1280\" \/>\n\t<meta property=\"og:image:height\" content=\"720\" \/>\n\t<meta property=\"og:image:type\" content=\"image\/png\" \/>\n<meta name=\"author\" content=\"Andre\u0301 Rangel\u00a0\" \/>\n<meta name=\"twitter:card\" content=\"summary_large_image\" \/>\n<meta name=\"twitter:label1\" content=\"Escrito por\" \/>\n\t<meta name=\"twitter:data1\" content=\"Andre\u0301 Rangel\u00a0\" \/>\n\t<meta name=\"twitter:label2\" content=\"Est. tempo de leitura\" \/>\n\t<meta name=\"twitter:data2\" content=\"6 minutos\" \/>\n<!-- \/ Yoast SEO plugin. -->","yoast_head_json":{"title":"Segundo essa Lei, em 2026 os vi\u00favos n\u00e3o receber\u00e3o os bens, mesmo que o testamento especifique o contr\u00e1rio - Estado de Minas - Em foco","description":"A heran\u00e7a no Brasil pode mudar em 2026 e o c\u00f4njuge pode perder prote\u00e7\u00e3o legal. Entenda a proposta e como isso afeta sua fam\u00edlia.","robots":{"index":"index","follow":"follow","max-snippet":"max-snippet:-1","max-image-preview":"max-image-preview:large","max-video-preview":"max-video-preview:-1"},"canonical":"https:\/\/www.em.com.br\/emfoco\/2026\/01\/24\/segundo-essa-lei-em-2026-os-viuvos-nao-receberao-os-bens-mesmo-que-o-testamento-especifique-o-contrario\/","og_locale":"pt_BR","og_type":"article","og_title":"Segundo essa Lei, em 2026 os vi\u00favos n\u00e3o receber\u00e3o os bens, mesmo que o testamento especifique o contr\u00e1rio - Estado de Minas - Em foco","og_description":"A heran\u00e7a no Brasil pode mudar em 2026 e o c\u00f4njuge pode perder prote\u00e7\u00e3o legal. Entenda a proposta e como isso afeta sua fam\u00edlia.","og_url":"https:\/\/www.em.com.br\/emfoco\/2026\/01\/24\/segundo-essa-lei-em-2026-os-viuvos-nao-receberao-os-bens-mesmo-que-o-testamento-especifique-o-contrario\/","og_site_name":"Estado de Minas - Em foco","article_published_time":"2026-01-24T13:25:00+00:00","article_modified_time":"2026-01-23T18:37:14+00:00","og_image":[{"width":1280,"height":720,"url":"https:\/\/www.em.com.br\/emfoco\/wp-content\/uploads\/2026\/01\/ChatGPT-Image-22-de-jan.-de-2026-13_25_37-1.png","type":"image\/png"}],"author":"Andre\u0301 Rangel\u00a0","twitter_card":"summary_large_image","twitter_misc":{"Escrito por":"Andre\u0301 Rangel\u00a0","Est. tempo de leitura":"6 minutos"},"schema":{"@context":"https:\/\/schema.org","@graph":[{"@type":"WebPage","@id":"https:\/\/www.em.com.br\/emfoco\/2026\/01\/24\/segundo-essa-lei-em-2026-os-viuvos-nao-receberao-os-bens-mesmo-que-o-testamento-especifique-o-contrario\/","url":"https:\/\/www.em.com.br\/emfoco\/2026\/01\/24\/segundo-essa-lei-em-2026-os-viuvos-nao-receberao-os-bens-mesmo-que-o-testamento-especifique-o-contrario\/","name":"Segundo essa Lei, em 2026 os vi\u00favos n\u00e3o receber\u00e3o os bens, mesmo que o testamento especifique o contr\u00e1rio - Estado de Minas - Em foco","isPartOf":{"@id":"https:\/\/www.em.com.br\/emfoco\/#website"},"primaryImageOfPage":{"@id":"https:\/\/www.em.com.br\/emfoco\/2026\/01\/24\/segundo-essa-lei-em-2026-os-viuvos-nao-receberao-os-bens-mesmo-que-o-testamento-especifique-o-contrario\/#primaryimage"},"image":{"@id":"https:\/\/www.em.com.br\/emfoco\/2026\/01\/24\/segundo-essa-lei-em-2026-os-viuvos-nao-receberao-os-bens-mesmo-que-o-testamento-especifique-o-contrario\/#primaryimage"},"thumbnailUrl":"https:\/\/www.em.com.br\/emfoco\/wp-content\/uploads\/2026\/01\/ChatGPT-Image-22-de-jan.-de-2026-13_25_37-1.png","datePublished":"2026-01-24T13:25:00+00:00","dateModified":"2026-01-23T18:37:14+00:00","author":{"@id":"https:\/\/www.em.com.br\/emfoco\/#\/schema\/person\/60eda09c1fedf0d6891f4cef4b60b8b8"},"description":"A heran\u00e7a no Brasil pode mudar em 2026 e o c\u00f4njuge pode perder prote\u00e7\u00e3o legal. Entenda a proposta e como isso afeta sua fam\u00edlia.","breadcrumb":{"@id":"https:\/\/www.em.com.br\/emfoco\/2026\/01\/24\/segundo-essa-lei-em-2026-os-viuvos-nao-receberao-os-bens-mesmo-que-o-testamento-especifique-o-contrario\/#breadcrumb"},"inLanguage":"pt-BR","potentialAction":[{"@type":"ReadAction","target":["https:\/\/www.em.com.br\/emfoco\/2026\/01\/24\/segundo-essa-lei-em-2026-os-viuvos-nao-receberao-os-bens-mesmo-que-o-testamento-especifique-o-contrario\/"]}]},{"@type":"ImageObject","inLanguage":"pt-BR","@id":"https:\/\/www.em.com.br\/emfoco\/2026\/01\/24\/segundo-essa-lei-em-2026-os-viuvos-nao-receberao-os-bens-mesmo-que-o-testamento-especifique-o-contrario\/#primaryimage","url":"https:\/\/www.em.com.br\/emfoco\/wp-content\/uploads\/2026\/01\/ChatGPT-Image-22-de-jan.-de-2026-13_25_37-1.png","contentUrl":"https:\/\/www.em.com.br\/emfoco\/wp-content\/uploads\/2026\/01\/ChatGPT-Image-22-de-jan.-de-2026-13_25_37-1.png","width":1280,"height":720,"caption":"A nova forma de planejar heran\u00e7as entre fam\u00edlias modernas"},{"@type":"BreadcrumbList","@id":"https:\/\/www.em.com.br\/emfoco\/2026\/01\/24\/segundo-essa-lei-em-2026-os-viuvos-nao-receberao-os-bens-mesmo-que-o-testamento-especifique-o-contrario\/#breadcrumb","itemListElement":[{"@type":"ListItem","position":1,"name":"In\u00edcio","item":"https:\/\/www.em.com.br\/emfoco\/"},{"@type":"ListItem","position":2,"name":"Segundo essa Lei, em 2026 os vi\u00favos n\u00e3o receber\u00e3o os bens, mesmo que o testamento especifique o contr\u00e1rio"}]},{"@type":"WebSite","@id":"https:\/\/www.em.com.br\/emfoco\/#website","url":"https:\/\/www.em.com.br\/emfoco\/","name":"Estado de Minas - Em foco","description":"Acompanhe as \u00faltimas not\u00edcias e fique bem informado sobre tudo o que acontece em Minas Gerais, Brasil e no mundo.","potentialAction":[{"@type":"SearchAction","target":{"@type":"EntryPoint","urlTemplate":"https:\/\/www.em.com.br\/emfoco\/?s={search_term_string}"},"query-input":{"@type":"PropertyValueSpecification","valueRequired":true,"valueName":"search_term_string"}}],"inLanguage":"pt-BR"},{"@type":"Person","@id":"https:\/\/www.em.com.br\/emfoco\/#\/schema\/person\/60eda09c1fedf0d6891f4cef4b60b8b8","name":"Andre\u0301 Rangel\u00a0","image":{"@type":"ImageObject","inLanguage":"pt-BR","@id":"https:\/\/www.em.com.br\/emfoco\/#\/schema\/person\/image\/","url":"https:\/\/secure.gravatar.com\/avatar\/6234dc814c77c8ef6d8bba622c787efc?s=96&d=mm&r=g","contentUrl":"https:\/\/secure.gravatar.com\/avatar\/6234dc814c77c8ef6d8bba622c787efc?s=96&d=mm&r=g","caption":"Andre\u0301 Rangel\u00a0"},"url":"https:\/\/www.em.com.br\/emfoco\/author\/luizmyth\/"}]}},"_links":{"self":[{"href":"https:\/\/www.em.com.br\/emfoco\/wp-json\/wp\/v2\/posts\/158674","targetHints":{"allow":["GET"]}}],"collection":[{"href":"https:\/\/www.em.com.br\/emfoco\/wp-json\/wp\/v2\/posts"}],"about":[{"href":"https:\/\/www.em.com.br\/emfoco\/wp-json\/wp\/v2\/types\/post"}],"author":[{"embeddable":true,"href":"https:\/\/www.em.com.br\/emfoco\/wp-json\/wp\/v2\/users\/11"}],"replies":[{"embeddable":true,"href":"https:\/\/www.em.com.br\/emfoco\/wp-json\/wp\/v2\/comments?post=158674"}],"version-history":[{"count":4,"href":"https:\/\/www.em.com.br\/emfoco\/wp-json\/wp\/v2\/posts\/158674\/revisions"}],"predecessor-version":[{"id":158753,"href":"https:\/\/www.em.com.br\/emfoco\/wp-json\/wp\/v2\/posts\/158674\/revisions\/158753"}],"wp:featuredmedia":[{"embeddable":true,"href":"https:\/\/www.em.com.br\/emfoco\/wp-json\/wp\/v2\/media\/158752"}],"wp:attachment":[{"href":"https:\/\/www.em.com.br\/emfoco\/wp-json\/wp\/v2\/media?parent=158674"}],"wp:term":[{"taxonomy":"category","embeddable":true,"href":"https:\/\/www.em.com.br\/emfoco\/wp-json\/wp\/v2\/categories?post=158674"},{"taxonomy":"post_tag","embeddable":true,"href":"https:\/\/www.em.com.br\/emfoco\/wp-json\/wp\/v2\/tags?post=158674"}],"curies":[{"name":"wp","href":"https:\/\/api.w.org\/{rel}","templated":true}]}}