{"id":158570,"date":"2026-01-23T19:25:00","date_gmt":"2026-01-23T22:25:00","guid":{"rendered":"https:\/\/www.em.com.br\/emfoco\/?p=158570"},"modified":"2026-01-22T19:58:27","modified_gmt":"2026-01-22T22:58:27","slug":"a-partir-de-fevereiro-de-2026-os-contratos-de-aluguel-sofrerao-um-aumento-veja-como-esse-aumento-e-calculado","status":"publish","type":"post","link":"https:\/\/www.em.com.br\/emfoco\/2026\/01\/23\/a-partir-de-fevereiro-de-2026-os-contratos-de-aluguel-sofrerao-um-aumento-veja-como-esse-aumento-e-calculado\/","title":{"rendered":"A partir de fevereiro de 2026, os contratos de aluguel sofrer\u00e3o um aumento: veja como esse aumento \u00e9 calculado"},"content":{"rendered":"\n<p>Ap\u00f3s o fim da antiga<strong> Lei de Alugu\u00e9is<\/strong>, os contratos passaram a usar \u00edndices de infla\u00e7\u00e3o e outros indicadores para reajustar valores, o que torna essencial saber calcular o aumento corretamente para evitar cobran\u00e7as indevidas e garantir o cumprimento fiel do que foi assinado entre propriet\u00e1rio e inquilino.<\/p>\n\n\n\n<h2 class=\"wp-block-heading\">Como funciona o aumento do aluguel pela infla\u00e7\u00e3o (IPC)<\/h2>\n\n\n\n<p>Nos contratos em que o reajuste est\u00e1 ligado \u00e0 infla\u00e7\u00e3o, o aumento do aluguel \u00e9 calculado com base no <strong>IPC <\/strong>em per\u00edodos trimestrais, quadrimestrais ou semestrais. O locador soma os percentuais de infla\u00e7\u00e3o do per\u00edodo combinado e aplica o \u00edndice acumulado sobre o aluguel vigente.<\/p>\n\n\n\n<p>Primeiro, identificam-se os \u00edndices mensais divulgados pelo \u00f3rg\u00e3o oficial, como o <strong>INDEC<\/strong>, dentro do intervalo previsto em contrato. Depois, calcula-se o percentual acumulado desses meses, que ser\u00e1 aplicado ao valor atual, resultando no novo aluguel a ser pago.<\/p>\n\n\n\n<figure class=\"wp-block-image size-large\"><img loading=\"lazy\" decoding=\"async\" width=\"1024\" height=\"576\" src=\"https:\/\/www.em.com.br\/emfoco\/wp-content\/uploads\/2026\/01\/Gemini_Generated_Image_mgjew0mgjew0mgje-1-1024x576.png\" alt=\"O reajuste mais importante do aluguel come\u00e7a no contrato\" class=\"wp-image-158572\" srcset=\"https:\/\/www.em.com.br\/emfoco\/wp-content\/uploads\/2026\/01\/Gemini_Generated_Image_mgjew0mgjew0mgje-1-1024x576.png 1024w, https:\/\/www.em.com.br\/emfoco\/wp-content\/uploads\/2026\/01\/Gemini_Generated_Image_mgjew0mgjew0mgje-1-300x169.png 300w, https:\/\/www.em.com.br\/emfoco\/wp-content\/uploads\/2026\/01\/Gemini_Generated_Image_mgjew0mgjew0mgje-1-768x432.png 768w, https:\/\/www.em.com.br\/emfoco\/wp-content\/uploads\/2026\/01\/Gemini_Generated_Image_mgjew0mgjew0mgje-1-750x422.png 750w, https:\/\/www.em.com.br\/emfoco\/wp-content\/uploads\/2026\/01\/Gemini_Generated_Image_mgjew0mgjew0mgje-1-1140x641.png 1140w, https:\/\/www.em.com.br\/emfoco\/wp-content\/uploads\/2026\/01\/Gemini_Generated_Image_mgjew0mgjew0mgje-1.png 1280w\" sizes=\"auto, (max-width: 1024px) 100vw, 1024px\" \/><figcaption class=\"wp-element-caption\">O reajuste mais importante do aluguel come\u00e7a no contrato<\/figcaption><\/figure>\n\n\n\n<h2 class=\"wp-block-heading\">Como ser\u00e1 feito o reajuste de aluguel no Brasil em 2026<\/h2>\n\n\n\n<p>No <strong>Brasil<\/strong>, o <a href=\"https:\/\/www.jusbrasil.com.br\/artigos\/o-ipca-como-parametro-de-equidade-em-2026-e-o-reajuste-de-aluguel-residencial-sob-a-egide-do-equilibrio-contratual\/5446975399\" target=\"_blank\" rel=\"noreferrer noopener\">reajuste dos contratos em 2026<\/a> seguir\u00e1 o \u00edndice de corre\u00e7\u00e3o definido em contrato, normalmente na data de anivers\u00e1rio da loca\u00e7\u00e3o. Em geral, usa-se a varia\u00e7\u00e3o acumulada em 12 meses do \u00edndice escolhido, como IPCA ou IGP-M.<\/p>\n\n\n\n<p>O c\u00e1lculo b\u00e1sico \u00e9:&nbsp;<strong>Novo Aluguel = Valor Atual \u00d7 (1 + Varia\u00e7\u00e3o Acumulada do \u00cdndice em 12 meses)<\/strong>. Assim, identifica-se o percentual acumulado nos 12 meses anteriores ao reajuste e aplica-se esse percentual sobre o valor vigente.<\/p>\n\n\n\n<h2 class=\"wp-block-heading\">Quais s\u00e3o os principais \u00edndices e fatores que influenciam o reajuste<\/h2>\n\n\n\n<p>Os \u00edndices variam de acordo com o que foi previsto no contrato, e cada um deles tem impacto diferente sobre o valor final do aluguel. Al\u00e9m disso, fatores de mercado e mudan\u00e7as regulat\u00f3rias tamb\u00e9m podem influenciar renegocia\u00e7\u00f5es e novos contratos.<\/p>\n\n\n\n<p>Confira alguns dos principais pontos que costumam orientar o reajuste de aluguel a partir de 2026:<\/p>\n\n\n\n<ul class=\"wp-block-list\">\n<li><strong>IPCA (infla\u00e7\u00e3o oficial)<\/strong>: varia\u00e7\u00e3o acumulada em 12 meses em torno de 4,26%; um aluguel de R$ 2.000,00 passaria para cerca de R$ 2.085,20 (2.000 \u00d7 1,0426).<\/li>\n\n\n\n<li><strong>IGP-M<\/strong>: fechou 2025 com varia\u00e7\u00e3o negativa de cerca de -1,05%; em regra, o aluguel permanece no mesmo valor, salvo cl\u00e1usula espec\u00edfica ou negocia\u00e7\u00e3o para redu\u00e7\u00e3o.<\/li>\n\n\n\n<li><strong>Aumento real de mercado<\/strong>: em 2025, novos contratos tiveram alta m\u00e9dia de 9,44%, acima dos \u00edndices, refletindo demanda aquecida e valoriza\u00e7\u00e3o de regi\u00f5es espec\u00edficas.<\/li>\n\n\n\n<li><strong>Reforma Tribut\u00e1ria e fiscaliza\u00e7\u00e3o<\/strong>: novos tributos (IBS e CBS) e maior cruzamento de dados tendem a formalizar contratos e tornar os reajustes mais rigorosamente atrelados aos \u00edndices.<\/li>\n<\/ul>\n\n\n\n<div style=\"overflow-x:auto;\">\n<table style=\"\n  width:100%;\n  border-collapse:separate;\n  border-spacing:0;\n  font-family:Arial, sans-serif;\n  background:#eef7f6;\n  border-radius:16px;\n  overflow:hidden;\n\">\n\n  <thead>\n    <tr style=\"background:#2fb9b3;\">\n      <th style=\"padding:16px; text-align:left; color:#ffffff;\">\u00cdndice de reajuste<\/th>\n      <th style=\"padding:16px; text-align:center; color:#ffffff;\">Varia\u00e7\u00e3o em 12 meses<\/th>\n      <th style=\"padding:16px; text-align:center; color:#ffffff;\">Aluguel atual<\/th>\n      <th style=\"padding:16px; text-align:center; color:#ffffff;\">Valor reajustado<\/th>\n      <th style=\"padding:16px; text-align:center; color:#ffffff;\">Novo aluguel<\/th>\n    <\/tr>\n  <\/thead>\n\n  <tbody>\n    <tr style=\"background:#ffffff; transition:background 0.3s;\"\n        onmouseover=\"this.style.background='#dff3f1';\"\n        onmouseout=\"this.style.background='#ffffff';\">\n      <td style=\"padding:14px; color:#2b6f6c; font-weight:bold;\">\n        IPCA (infla\u00e7\u00e3o oficial)\n      <\/td>\n      <td style=\"padding:14px; text-align:center; color:#2b6f6c;\">\n        +4,26%\n      <\/td>\n      <td style=\"padding:14px; text-align:center; color:#2b6f6c;\">\n        R$ 2.000,00\n      <\/td>\n      <td style=\"padding:14px; text-align:center; color:#2b6f6c;\">\n        + R$ 85,20\n      <\/td>\n      <td style=\"padding:14px; text-align:center; color:#2b6f6c; font-weight:bold;\">\n        R$ 2.085,20\n      <\/td>\n    <\/tr>\n\n    <tr style=\"background:#f4fbfa; transition:background 0.3s;\"\n        onmouseover=\"this.style.background='#dff3f1';\"\n        onmouseout=\"this.style.background='#f4fbfa';\">\n      <td style=\"padding:14px; color:#2b6f6c; font-weight:bold;\">\n        IGP-M (\u00edndice tradicional)\n      <\/td>\n      <td style=\"padding:14px; text-align:center; color:#2b6f6c;\">\n        -1,05%\n      <\/td>\n      <td style=\"padding:14px; text-align:center; color:#2b6f6c;\">\n        R$ 2.000,00\n      <\/td>\n      <td style=\"padding:14px; text-align:center; color:#2b6f6c;\">\n        R$ 0,00*\n      <\/td>\n      <td style=\"padding:14px; text-align:center; color:#2b6f6c; font-weight:bold;\">\n        R$ 2.000,00\n      <\/td>\n    <\/tr>\n\n    <tr style=\"background:#ffffff; transition:background 0.3s;\"\n        onmouseover=\"this.style.background='#dff3f1';\"\n        onmouseout=\"this.style.background='#ffffff';\">\n      <td style=\"padding:14px; color:#2b6f6c; font-weight:bold;\">\n        M\u00e9dia de mercado (demanda)\n      <\/td>\n      <td style=\"padding:14px; text-align:center; color:#2b6f6c;\">\n        +9,44%\n      <\/td>\n      <td style=\"padding:14px; text-align:center; color:#2b6f6c;\">\n        R$ 2.000,00\n      <\/td>\n      <td style=\"padding:14px; text-align:center; color:#2b6f6c;\">\n        + R$ 188,80\n      <\/td>\n      <td style=\"padding:14px; text-align:center; color:#2b6f6c; font-weight:bold;\">\n        R$ 2.188,80\n      <\/td>\n    <\/tr>\n  <\/tbody>\n<\/table>\n\n<p style=\"\n  margin-top:12px;\n  font-size:14px;\n  color:#2b6f6c;\n  background:#eef7f6;\n  padding:12px;\n  border-radius:10px;\n\">\n* Quando o \u00edndice \u00e9 negativo (defla\u00e7\u00e3o), o aluguel n\u00e3o \u00e9 reduzido por regra de mercado e pr\u00e1tica jur\u00eddica, salvo se o contrato prever expressamente a diminui\u00e7\u00e3o do valor.\n<\/p>\n<\/div>\n\n\n\n\n<h2 class=\"wp-block-heading\">Como calcular na pr\u00e1tica o aumento do aluguel por IPC ou ICL<\/h2>\n\n\n\n<p>Para calcular o aumento do <a href=\"https:\/\/www.em.com.br\/emfoco\/2026\/01\/20\/milhares-estao-caindo-na-malha-fina-por-um-detalhe-simples-no-aluguel-e-nem-fazem-ideia-do-erro\/\" target=\"_blank\" rel=\"noreferrer noopener\">aluguel <\/a>por IPC, segue-se um roteiro simples, garantindo transpar\u00eancia para inquilino e propriet\u00e1rio. O \u00edndice de refer\u00eancia e o per\u00edodo de atualiza\u00e7\u00e3o devem sempre estar claros no contrato assinado entre as partes.<\/p>\n\n\n\n<p>Imagine um contrato iniciado em setembro de 2025, com aluguel de 300.000 e atualiza\u00e7\u00e3o trimestral pelo IPC. Se a infla\u00e7\u00e3o acumulada no trimestre for de 6%, o c\u00e1lculo ser\u00e1: 300.000 \u00d7 6% = 18.000, e o novo aluguel passar\u00e1 a 318.000 a partir da data de reajuste.<\/p>\n\n\n\n<h2 class=\"wp-block-heading\">Por que entender o \u00edndice de reajuste do aluguel \u00e9 decisivo agora<\/h2>\n\n\n\n<p>Em contratos antigos, atrelados ao ICL, o reajuste segue um \u00edndice que combina infla\u00e7\u00e3o e outros dados econ\u00f4micos e pode chegar a aumentos anuais pr\u00f3ximos de 36%, com cerca de 6% em alguns trimestres. J\u00e1 os contratos mais novos, baseados em IPC, costumam usar reajustes trimestrais, quadrimestrais, semestrais ou anuais, somando os \u00edndices do per\u00edodo para definir o novo valor.<\/p>\n\n\n\n<p>N\u00e3o espere o pr\u00f3ximo aumento chegar como surpresa: revise seu contrato hoje, descubra qual \u00edndice rege o seu aluguel, compare com os n\u00fameros oficiais e, se notar qualquer diverg\u00eancia, busque imediatamente orienta\u00e7\u00e3o especializada para negociar, corrigir abusos e proteger seu or\u00e7amento antes que o pr\u00f3ximo reajuste pese ainda mais no seu bolso.<\/p>\n","protected":false},"excerpt":{"rendered":"<p>Ap\u00f3s o fim da antiga Lei de Alugu\u00e9is, os contratos passaram a usar \u00edndices de infla\u00e7\u00e3o e outros indicadores para reajustar valores, o que torna essencial saber calcular o aumento corretamente para evitar cobran\u00e7as indevidas e garantir o cumprimento fiel do que foi assinado entre propriet\u00e1rio e inquilino. Como funciona o aumento do aluguel pela [&hellip;]<\/p>\n","protected":false},"author":11,"featured_media":155988,"comment_status":"open","ping_status":"open","sticky":false,"template":"","format":"standard","meta":{"jnews-multi-image_gallery":[],"jnews_single_post":{"format":"standard"},"jnews_primary_category":[],"jnews_social_meta":[],"jnews_override_counter":[],"footnotes":""},"categories":[28,1],"tags":[1526,5024,686,22775,21317],"class_list":["post-158570","post","type-post","status-publish","format-standard","has-post-thumbnail","hentry","category-economia","category-noticias","tag-aluguel","tag-cobrancas-indevidas","tag-inflacao","tag-lei-de-alugueis","tag-reajuste-do-aluguel"],"yoast_head":"<!-- This site is optimized with the Yoast SEO plugin v23.8 - https:\/\/yoast.com\/wordpress\/plugins\/seo\/ -->\n<title>A partir de fevereiro de 2026, os contratos de aluguel sofrer\u00e3o um aumento: veja como esse aumento \u00e9 calculado - Estado de Minas - Em foco<\/title>\n<meta name=\"description\" content=\"O reajuste do aluguel mudou ap\u00f3s o fim da Lei de Alugu\u00e9is. Saiba como calcular o aumento pela infla\u00e7\u00e3o e evitar cobran\u00e7as indevidas.\" \/>\n<meta name=\"robots\" content=\"index, follow, max-snippet:-1, max-image-preview:large, max-video-preview:-1\" \/>\n<link rel=\"canonical\" href=\"https:\/\/www.em.com.br\/emfoco\/2026\/01\/23\/a-partir-de-fevereiro-de-2026-os-contratos-de-aluguel-sofrerao-um-aumento-veja-como-esse-aumento-e-calculado\/\" \/>\n<meta property=\"og:locale\" content=\"pt_BR\" \/>\n<meta property=\"og:type\" content=\"article\" \/>\n<meta property=\"og:title\" content=\"A partir de fevereiro de 2026, os contratos de aluguel sofrer\u00e3o um aumento: veja como esse aumento \u00e9 calculado - Estado de Minas - Em foco\" \/>\n<meta property=\"og:description\" content=\"O reajuste do aluguel mudou ap\u00f3s o fim da Lei de Alugu\u00e9is. Saiba como calcular o aumento pela infla\u00e7\u00e3o e evitar cobran\u00e7as indevidas.\" \/>\n<meta property=\"og:url\" content=\"https:\/\/www.em.com.br\/emfoco\/2026\/01\/23\/a-partir-de-fevereiro-de-2026-os-contratos-de-aluguel-sofrerao-um-aumento-veja-como-esse-aumento-e-calculado\/\" \/>\n<meta property=\"og:site_name\" content=\"Estado de Minas - Em foco\" \/>\n<meta property=\"article:published_time\" content=\"2026-01-23T22:25:00+00:00\" \/>\n<meta property=\"article:modified_time\" content=\"2026-01-22T22:58:27+00:00\" \/>\n<meta property=\"og:image\" content=\"https:\/\/www.em.com.br\/emfoco\/wp-content\/uploads\/2026\/01\/Gemini_Generated_Image_dlc547dlc547dlc5-1.png\" \/>\n\t<meta property=\"og:image:width\" content=\"1280\" \/>\n\t<meta property=\"og:image:height\" content=\"720\" \/>\n\t<meta property=\"og:image:type\" content=\"image\/png\" \/>\n<meta name=\"author\" content=\"Andre\u0301 Rangel\u00a0\" \/>\n<meta name=\"twitter:card\" content=\"summary_large_image\" \/>\n<meta name=\"twitter:label1\" content=\"Escrito por\" \/>\n\t<meta name=\"twitter:data1\" content=\"Andre\u0301 Rangel\u00a0\" \/>\n\t<meta name=\"twitter:label2\" content=\"Est. tempo de leitura\" \/>\n\t<meta name=\"twitter:data2\" content=\"5 minutos\" \/>\n<!-- \/ Yoast SEO plugin. -->","yoast_head_json":{"title":"A partir de fevereiro de 2026, os contratos de aluguel sofrer\u00e3o um aumento: veja como esse aumento \u00e9 calculado - Estado de Minas - Em foco","description":"O reajuste do aluguel mudou ap\u00f3s o fim da Lei de Alugu\u00e9is. Saiba como calcular o aumento pela infla\u00e7\u00e3o e evitar cobran\u00e7as indevidas.","robots":{"index":"index","follow":"follow","max-snippet":"max-snippet:-1","max-image-preview":"max-image-preview:large","max-video-preview":"max-video-preview:-1"},"canonical":"https:\/\/www.em.com.br\/emfoco\/2026\/01\/23\/a-partir-de-fevereiro-de-2026-os-contratos-de-aluguel-sofrerao-um-aumento-veja-como-esse-aumento-e-calculado\/","og_locale":"pt_BR","og_type":"article","og_title":"A partir de fevereiro de 2026, os contratos de aluguel sofrer\u00e3o um aumento: veja como esse aumento \u00e9 calculado - Estado de Minas - Em foco","og_description":"O reajuste do aluguel mudou ap\u00f3s o fim da Lei de Alugu\u00e9is. Saiba como calcular o aumento pela infla\u00e7\u00e3o e evitar cobran\u00e7as indevidas.","og_url":"https:\/\/www.em.com.br\/emfoco\/2026\/01\/23\/a-partir-de-fevereiro-de-2026-os-contratos-de-aluguel-sofrerao-um-aumento-veja-como-esse-aumento-e-calculado\/","og_site_name":"Estado de Minas - Em foco","article_published_time":"2026-01-23T22:25:00+00:00","article_modified_time":"2026-01-22T22:58:27+00:00","og_image":[{"width":1280,"height":720,"url":"https:\/\/www.em.com.br\/emfoco\/wp-content\/uploads\/2026\/01\/Gemini_Generated_Image_dlc547dlc547dlc5-1.png","type":"image\/png"}],"author":"Andre\u0301 Rangel\u00a0","twitter_card":"summary_large_image","twitter_misc":{"Escrito por":"Andre\u0301 Rangel\u00a0","Est. tempo de leitura":"5 minutos"},"schema":{"@context":"https:\/\/schema.org","@graph":[{"@type":"WebPage","@id":"https:\/\/www.em.com.br\/emfoco\/2026\/01\/23\/a-partir-de-fevereiro-de-2026-os-contratos-de-aluguel-sofrerao-um-aumento-veja-como-esse-aumento-e-calculado\/","url":"https:\/\/www.em.com.br\/emfoco\/2026\/01\/23\/a-partir-de-fevereiro-de-2026-os-contratos-de-aluguel-sofrerao-um-aumento-veja-como-esse-aumento-e-calculado\/","name":"A partir de fevereiro de 2026, os contratos de aluguel sofrer\u00e3o um aumento: veja como esse aumento \u00e9 calculado - Estado de Minas - Em foco","isPartOf":{"@id":"https:\/\/www.em.com.br\/emfoco\/#website"},"primaryImageOfPage":{"@id":"https:\/\/www.em.com.br\/emfoco\/2026\/01\/23\/a-partir-de-fevereiro-de-2026-os-contratos-de-aluguel-sofrerao-um-aumento-veja-como-esse-aumento-e-calculado\/#primaryimage"},"image":{"@id":"https:\/\/www.em.com.br\/emfoco\/2026\/01\/23\/a-partir-de-fevereiro-de-2026-os-contratos-de-aluguel-sofrerao-um-aumento-veja-como-esse-aumento-e-calculado\/#primaryimage"},"thumbnailUrl":"https:\/\/www.em.com.br\/emfoco\/wp-content\/uploads\/2026\/01\/Gemini_Generated_Image_dlc547dlc547dlc5-1.png","datePublished":"2026-01-23T22:25:00+00:00","dateModified":"2026-01-22T22:58:27+00:00","author":{"@id":"https:\/\/www.em.com.br\/emfoco\/#\/schema\/person\/60eda09c1fedf0d6891f4cef4b60b8b8"},"description":"O reajuste do aluguel mudou ap\u00f3s o fim da Lei de Alugu\u00e9is. Saiba como calcular o aumento pela infla\u00e7\u00e3o e evitar cobran\u00e7as indevidas.","breadcrumb":{"@id":"https:\/\/www.em.com.br\/emfoco\/2026\/01\/23\/a-partir-de-fevereiro-de-2026-os-contratos-de-aluguel-sofrerao-um-aumento-veja-como-esse-aumento-e-calculado\/#breadcrumb"},"inLanguage":"pt-BR","potentialAction":[{"@type":"ReadAction","target":["https:\/\/www.em.com.br\/emfoco\/2026\/01\/23\/a-partir-de-fevereiro-de-2026-os-contratos-de-aluguel-sofrerao-um-aumento-veja-como-esse-aumento-e-calculado\/"]}]},{"@type":"ImageObject","inLanguage":"pt-BR","@id":"https:\/\/www.em.com.br\/emfoco\/2026\/01\/23\/a-partir-de-fevereiro-de-2026-os-contratos-de-aluguel-sofrerao-um-aumento-veja-como-esse-aumento-e-calculado\/#primaryimage","url":"https:\/\/www.em.com.br\/emfoco\/wp-content\/uploads\/2026\/01\/Gemini_Generated_Image_dlc547dlc547dlc5-1.png","contentUrl":"https:\/\/www.em.com.br\/emfoco\/wp-content\/uploads\/2026\/01\/Gemini_Generated_Image_dlc547dlc547dlc5-1.png","width":1280,"height":720,"caption":"O reajuste do aluguel mudou e muita gente n\u00e3o percebeu"},{"@type":"BreadcrumbList","@id":"https:\/\/www.em.com.br\/emfoco\/2026\/01\/23\/a-partir-de-fevereiro-de-2026-os-contratos-de-aluguel-sofrerao-um-aumento-veja-como-esse-aumento-e-calculado\/#breadcrumb","itemListElement":[{"@type":"ListItem","position":1,"name":"In\u00edcio","item":"https:\/\/www.em.com.br\/emfoco\/"},{"@type":"ListItem","position":2,"name":"A partir de fevereiro de 2026, os contratos de aluguel sofrer\u00e3o um aumento: veja como esse aumento \u00e9 calculado"}]},{"@type":"WebSite","@id":"https:\/\/www.em.com.br\/emfoco\/#website","url":"https:\/\/www.em.com.br\/emfoco\/","name":"Estado de Minas - Em foco","description":"Acompanhe as \u00faltimas not\u00edcias e fique bem informado sobre tudo o que acontece em Minas Gerais, Brasil e no mundo.","potentialAction":[{"@type":"SearchAction","target":{"@type":"EntryPoint","urlTemplate":"https:\/\/www.em.com.br\/emfoco\/?s={search_term_string}"},"query-input":{"@type":"PropertyValueSpecification","valueRequired":true,"valueName":"search_term_string"}}],"inLanguage":"pt-BR"},{"@type":"Person","@id":"https:\/\/www.em.com.br\/emfoco\/#\/schema\/person\/60eda09c1fedf0d6891f4cef4b60b8b8","name":"Andre\u0301 Rangel\u00a0","image":{"@type":"ImageObject","inLanguage":"pt-BR","@id":"https:\/\/www.em.com.br\/emfoco\/#\/schema\/person\/image\/","url":"https:\/\/secure.gravatar.com\/avatar\/6234dc814c77c8ef6d8bba622c787efc?s=96&d=mm&r=g","contentUrl":"https:\/\/secure.gravatar.com\/avatar\/6234dc814c77c8ef6d8bba622c787efc?s=96&d=mm&r=g","caption":"Andre\u0301 Rangel\u00a0"},"url":"https:\/\/www.em.com.br\/emfoco\/author\/luizmyth\/"}]}},"_links":{"self":[{"href":"https:\/\/www.em.com.br\/emfoco\/wp-json\/wp\/v2\/posts\/158570","targetHints":{"allow":["GET"]}}],"collection":[{"href":"https:\/\/www.em.com.br\/emfoco\/wp-json\/wp\/v2\/posts"}],"about":[{"href":"https:\/\/www.em.com.br\/emfoco\/wp-json\/wp\/v2\/types\/post"}],"author":[{"embeddable":true,"href":"https:\/\/www.em.com.br\/emfoco\/wp-json\/wp\/v2\/users\/11"}],"replies":[{"embeddable":true,"href":"https:\/\/www.em.com.br\/emfoco\/wp-json\/wp\/v2\/comments?post=158570"}],"version-history":[{"count":3,"href":"https:\/\/www.em.com.br\/emfoco\/wp-json\/wp\/v2\/posts\/158570\/revisions"}],"predecessor-version":[{"id":158641,"href":"https:\/\/www.em.com.br\/emfoco\/wp-json\/wp\/v2\/posts\/158570\/revisions\/158641"}],"wp:featuredmedia":[{"embeddable":true,"href":"https:\/\/www.em.com.br\/emfoco\/wp-json\/wp\/v2\/media\/155988"}],"wp:attachment":[{"href":"https:\/\/www.em.com.br\/emfoco\/wp-json\/wp\/v2\/media?parent=158570"}],"wp:term":[{"taxonomy":"category","embeddable":true,"href":"https:\/\/www.em.com.br\/emfoco\/wp-json\/wp\/v2\/categories?post=158570"},{"taxonomy":"post_tag","embeddable":true,"href":"https:\/\/www.em.com.br\/emfoco\/wp-json\/wp\/v2\/tags?post=158570"}],"curies":[{"name":"wp","href":"https:\/\/api.w.org\/{rel}","templated":true}]}}