{"id":158567,"date":"2026-01-25T21:45:00","date_gmt":"2026-01-26T00:45:00","guid":{"rendered":"https:\/\/www.em.com.br\/emfoco\/?p=158567"},"modified":"2026-01-22T11:27:18","modified_gmt":"2026-01-22T14:27:18","slug":"isencao-de-ipva-para-doencas-cronicas-em-mg-ja-pode-ser-solicitada-e-quem-perder-o-prazo-tera-que-pagar-o-imposto-integral","status":"publish","type":"post","link":"https:\/\/www.em.com.br\/emfoco\/2026\/01\/25\/isencao-de-ipva-para-doencas-cronicas-em-mg-ja-pode-ser-solicitada-e-quem-perder-o-prazo-tera-que-pagar-o-imposto-integral\/","title":{"rendered":"Isen\u00e7\u00e3o de IPVA para doen\u00e7as cr\u00f4nicas em MG j\u00e1 pode ser solicitada e quem perder o prazo ter\u00e1 que pagar o imposto integral"},"content":{"rendered":"\n<h2 class=\"wp-block-heading\">A isen\u00e7\u00e3o do IPVA em MG para pessoas com defici\u00eancia \u00e9 prevista na Lei n\u00ba 14.937\/2003. Vale para condutor ou n\u00e3o condutor, exige laudo m\u00e9dico e pedido no SIARE, com limite de ve\u00edculo at\u00e9 R$ 100 mil.<\/h2>\n\n\n\n<p>A <strong>isen\u00e7\u00e3o de IPVA em MG<\/strong> para pessoas com doen\u00e7as cr\u00f4nicas \u00e9 um direito previsto em lei estadual, mas que exige aten\u00e7\u00e3o aos crit\u00e9rios e prazos. Com o calend\u00e1rio de pagamento se aproximando, entender quem tem direito e como pedir evita gasto indevido.<\/p>\n\n\n\n<h2 class=\"wp-block-heading\">Qual \u00e9 a base legal da isen\u00e7\u00e3o do IPVA em Minas Gerais?<\/h2>\n\n\n\n<p>A isen\u00e7\u00e3o do IPVA em Minas Gerais est\u00e1 garantida pela <strong><a href=\"https:\/\/www.fazenda.mg.gov.br\/empresas\/legislacao_tributaria\/leis\/l14937_2003.pdf\" target=\"_blank\" rel=\"noreferrer noopener\">Lei Estadual n\u00ba 14.937\/2003<\/a><\/strong>, em especial no artigo 7\u00ba, inciso III, que concede o benef\u00edcio a pessoas com defici\u00eancia f\u00edsica, visual, mental severa ou profunda, al\u00e9m de autistas.<\/p>\n\n\n\n<p>O direito \u00e9 regulamentado pelo <strong>Decreto n\u00ba 43.709\/2003<\/strong>. Atualmente, a isen\u00e7\u00e3o integral vale para ve\u00edculos com valor de at\u00e9 R$ 100 mil. Acima disso, o imposto incide apenas sobre o valor excedente.<\/p>\n\n\n\n<figure class=\"wp-block-image size-large\"><img loading=\"lazy\" decoding=\"async\" width=\"1024\" height=\"576\" src=\"https:\/\/www.em.com.br\/emfoco\/wp-content\/uploads\/2026\/01\/AIAI-28-3-1024x576.jpg\" alt=\"Isen\u00e7\u00e3o de IPVA para doen\u00e7as cr\u00f4nicas em MG j\u00e1 pode ser solicitada e quem perder o prazo ter\u00e1 que pagar o imposto integral\" class=\"wp-image-158628\" srcset=\"https:\/\/www.em.com.br\/emfoco\/wp-content\/uploads\/2026\/01\/AIAI-28-3-1024x576.jpg 1024w, https:\/\/www.em.com.br\/emfoco\/wp-content\/uploads\/2026\/01\/AIAI-28-3-300x169.jpg 300w, https:\/\/www.em.com.br\/emfoco\/wp-content\/uploads\/2026\/01\/AIAI-28-3-768x432.jpg 768w, https:\/\/www.em.com.br\/emfoco\/wp-content\/uploads\/2026\/01\/AIAI-28-3-750x422.jpg 750w, https:\/\/www.em.com.br\/emfoco\/wp-content\/uploads\/2026\/01\/AIAI-28-3-1140x641.jpg 1140w, https:\/\/www.em.com.br\/emfoco\/wp-content\/uploads\/2026\/01\/AIAI-28-3.jpg 1280w\" sizes=\"auto, (max-width: 1024px) 100vw, 1024px\" \/><figcaption class=\"wp-element-caption\">Lei estadual garante benef\u00edcio fiscal para PCD conforme crit\u00e9rios espec\u00edficos<\/figcaption><\/figure>\n\n\n\n<h2 class=\"wp-block-heading\">Quem tem direito \u00e0 isen\u00e7\u00e3o segundo a legisla\u00e7\u00e3o?<\/h2>\n\n\n\n<p>A lei n\u00e3o considera apenas o nome da doen\u00e7a, mas sim a <strong>limita\u00e7\u00e3o funcional<\/strong> causada por ela. Se a condi\u00e7\u00e3o gera restri\u00e7\u00e3o f\u00edsica, mental ou sensorial que afete mobilidade ou autonomia, o benef\u00edcio pode ser concedido, conforme exemplos a seguir.<\/p>\n\n\n\n<ul class=\"wp-block-list\">\n<li><strong>Doen\u00e7as neurol\u00f3gicas<\/strong>: Parkinson, AVC com sequelas, esclerose m\u00faltipla, paralisias.<\/li>\n\n\n\n<li><strong>Doen\u00e7as estruturais<\/strong>: h\u00e9rnia de disco grave, artrite reumatoide, amputa\u00e7\u00f5es, escoliose severa.<\/li>\n\n\n\n<li><strong>Condi\u00e7\u00f5es sensoriais e mentais<\/strong>: autismo, defici\u00eancia visual grave, s\u00edndrome de Down.<\/li>\n<\/ul>\n\n\n\n<h2 class=\"wp-block-heading\">O benef\u00edcio vale para condutor e n\u00e3o condutor?<\/h2>\n\n\n\n<p>Sim. A isen\u00e7\u00e3o pode ser concedida tanto ao <strong>condutor PCD<\/strong>, que dirige o ve\u00edculo adaptado, quanto ao <strong>n\u00e3o condutor<\/strong>, quando a pessoa com defici\u00eancia depende de terceiros para locomo\u00e7\u00e3o.<\/p>\n\n\n\n<p>Neste segundo caso, o carro pode estar em nome do pr\u00f3prio benefici\u00e1rio ou de seu representante legal, desde que o uso seja destinado exclusivamente ao transporte da pessoa com defici\u00eancia.<\/p>\n\n\n\n<figure class=\"wp-block-image size-large\"><img loading=\"lazy\" decoding=\"async\" width=\"1024\" height=\"576\" src=\"https:\/\/www.em.com.br\/emfoco\/wp-content\/uploads\/2026\/01\/AIAI-29-2-1024x576.jpg\" alt=\"Isen\u00e7\u00e3o de IPVA para doen\u00e7as cr\u00f4nicas em MG j\u00e1 pode ser solicitada e quem perder o prazo ter\u00e1 que pagar o imposto integral\" class=\"wp-image-158629\" srcset=\"https:\/\/www.em.com.br\/emfoco\/wp-content\/uploads\/2026\/01\/AIAI-29-2-1024x576.jpg 1024w, https:\/\/www.em.com.br\/emfoco\/wp-content\/uploads\/2026\/01\/AIAI-29-2-300x169.jpg 300w, https:\/\/www.em.com.br\/emfoco\/wp-content\/uploads\/2026\/01\/AIAI-29-2-768x432.jpg 768w, https:\/\/www.em.com.br\/emfoco\/wp-content\/uploads\/2026\/01\/AIAI-29-2-750x422.jpg 750w, https:\/\/www.em.com.br\/emfoco\/wp-content\/uploads\/2026\/01\/AIAI-29-2-1140x641.jpg 1140w, https:\/\/www.em.com.br\/emfoco\/wp-content\/uploads\/2026\/01\/AIAI-29-2.jpg 1280w\" sizes=\"auto, (max-width: 1024px) 100vw, 1024px\" \/><figcaption class=\"wp-element-caption\">Isen\u00e7\u00e3o vale para condutor e tamb\u00e9m para benefici\u00e1rio n\u00e3o condutor<\/figcaption><\/figure>\n\n\n\n<p><em>Leia mais: <em><strong><a href=\"https:\/\/www.em.com.br\/emfoco\/2026\/01\/22\/nova-lei-federal-obriga-contagem-do-tempo-congelado-na-pandemia-e-libera-pagamentos-retroativos-para-servidores-de-todo-o-pais\/\" target=\"_blank\" rel=\"noreferrer noopener\">Nova lei federal obriga contagem do tempo congelado na pandemia e libera pagamentos retroativos para servidores de todo o pa\u00eds<\/a><\/strong><\/em><\/em><\/p>\n\n\n\n<h2 class=\"wp-block-heading\">Como solicitar a isen\u00e7\u00e3o do IPVA pelo SIARE?<\/h2>\n\n\n\n<p>O pedido \u00e9 feito de forma digital, pelo sistema da Secretaria da Fazenda de Minas Gerais. O processo exige aten\u00e7\u00e3o aos documentos e formul\u00e1rios corretos, conforme o tipo de defici\u00eancia, como descrito abaixo.<\/p>\n\n\n\n<ul class=\"wp-block-list\">\n<li><strong>Laudo m\u00e9dico oficial<\/strong>: emitido em formul\u00e1rio espec\u00edfico da Fazenda, por m\u00e9dico do SUS ou conveniado.<\/li>\n\n\n\n<li><strong>CNH especial<\/strong>: obrigat\u00f3ria apenas para quem \u00e9 o condutor do ve\u00edculo.<\/li>\n\n\n\n<li><strong>Pedido no SIARE<\/strong>: envio de dados do ve\u00edculo e documentos digitalizados.<\/li>\n<\/ul>\n\n\n\n<h2 class=\"wp-block-heading\">Quais regras pr\u00e1ticas merecem aten\u00e7\u00e3o antes do pagamento?<\/h2>\n\n\n\n<p>Uma vez concedida, a isen\u00e7\u00e3o costuma valer para os anos seguintes, desde que n\u00e3o haja troca de ve\u00edculo ou mudan\u00e7a no quadro cl\u00ednico. Para carro j\u00e1 usado, o benef\u00edcio passa a valer no exerc\u00edcio seguinte.<\/p>\n\n\n\n<p>\u00c9 importante destacar que a <strong>Taxa de Licenciamento<\/strong> n\u00e3o est\u00e1 inclu\u00edda na isen\u00e7\u00e3o e deve ser paga normalmente. Por isso, verificar a situa\u00e7\u00e3o do ve\u00edculo antes do vencimento evita surpresas e juros desnecess\u00e1rios.<\/p>\n","protected":false},"excerpt":{"rendered":"<p>A isen\u00e7\u00e3o do IPVA em MG para pessoas com defici\u00eancia \u00e9 prevista na Lei n\u00ba 14.937\/2003. Vale para condutor ou n\u00e3o condutor, exige laudo m\u00e9dico e pedido no SIARE, com limite de ve\u00edculo at\u00e9 R$ 100 mil. A isen\u00e7\u00e3o de IPVA em MG para pessoas com doen\u00e7as cr\u00f4nicas \u00e9 um direito previsto em lei estadual, [&hellip;]<\/p>\n","protected":false},"author":13,"featured_media":158627,"comment_status":"open","ping_status":"open","sticky":false,"template":"","format":"standard","meta":{"jnews-multi-image_gallery":[],"jnews_single_post":{"format":"standard"},"jnews_primary_category":[],"jnews_social_meta":[],"jnews_override_counter":[],"footnotes":""},"categories":[28],"tags":[12781,3445,207],"class_list":["post-158567","post","type-post","status-publish","format-standard","has-post-thumbnail","hentry","category-economia","tag-doencas-cronicas","tag-isencao-de-ipva","tag-minas-gerais"],"yoast_head":"<!-- This site is optimized with the Yoast SEO plugin v23.8 - https:\/\/yoast.com\/wordpress\/plugins\/seo\/ -->\n<title>Isen\u00e7\u00e3o de IPVA para doen\u00e7as cr\u00f4nicas em MG j\u00e1 pode ser solicitada e quem perder o prazo ter\u00e1 que pagar o imposto integral - Estado de Minas - Em foco<\/title>\n<meta name=\"description\" content=\"IPVA 2026 pode ser zerado em MG por quem tem doen\u00e7a cr\u00f4nica mas \u00e9 preciso laudo oficial e envio digital antes do vencimento.\" \/>\n<meta name=\"robots\" content=\"index, follow, max-snippet:-1, max-image-preview:large, max-video-preview:-1\" \/>\n<link rel=\"canonical\" href=\"https:\/\/www.em.com.br\/emfoco\/2026\/01\/25\/isencao-de-ipva-para-doencas-cronicas-em-mg-ja-pode-ser-solicitada-e-quem-perder-o-prazo-tera-que-pagar-o-imposto-integral\/\" \/>\n<meta property=\"og:locale\" content=\"pt_BR\" \/>\n<meta property=\"og:type\" content=\"article\" \/>\n<meta property=\"og:title\" content=\"Isen\u00e7\u00e3o de IPVA para doen\u00e7as cr\u00f4nicas em MG j\u00e1 pode ser solicitada e quem perder o prazo ter\u00e1 que pagar o imposto integral - Estado de Minas - Em foco\" \/>\n<meta property=\"og:description\" content=\"IPVA 2026 pode ser zerado em MG por quem tem doen\u00e7a cr\u00f4nica mas \u00e9 preciso laudo oficial e envio digital antes do vencimento.\" \/>\n<meta property=\"og:url\" content=\"https:\/\/www.em.com.br\/emfoco\/2026\/01\/25\/isencao-de-ipva-para-doencas-cronicas-em-mg-ja-pode-ser-solicitada-e-quem-perder-o-prazo-tera-que-pagar-o-imposto-integral\/\" \/>\n<meta property=\"og:site_name\" content=\"Estado de Minas - Em foco\" \/>\n<meta property=\"article:published_time\" content=\"2026-01-26T00:45:00+00:00\" \/>\n<meta property=\"article:modified_time\" content=\"2026-01-22T14:27:18+00:00\" \/>\n<meta property=\"og:image\" content=\"https:\/\/www.em.com.br\/emfoco\/wp-content\/uploads\/2026\/01\/AIAI-27-3.jpg\" \/>\n\t<meta property=\"og:image:width\" content=\"1280\" \/>\n\t<meta property=\"og:image:height\" content=\"720\" \/>\n\t<meta property=\"og:image:type\" content=\"image\/jpeg\" \/>\n<meta name=\"author\" content=\"Gabriel Martins\" \/>\n<meta name=\"twitter:card\" content=\"summary_large_image\" \/>\n<meta name=\"twitter:label1\" content=\"Escrito por\" \/>\n\t<meta name=\"twitter:data1\" content=\"Gabriel Martins\" \/>\n\t<meta name=\"twitter:label2\" content=\"Est. tempo de leitura\" \/>\n\t<meta name=\"twitter:data2\" content=\"4 minutos\" \/>\n<!-- \/ Yoast SEO plugin. -->","yoast_head_json":{"title":"Isen\u00e7\u00e3o de IPVA para doen\u00e7as cr\u00f4nicas em MG j\u00e1 pode ser solicitada e quem perder o prazo ter\u00e1 que pagar o imposto integral - Estado de Minas - Em foco","description":"IPVA 2026 pode ser zerado em MG por quem tem doen\u00e7a cr\u00f4nica mas \u00e9 preciso laudo oficial e envio digital antes do vencimento.","robots":{"index":"index","follow":"follow","max-snippet":"max-snippet:-1","max-image-preview":"max-image-preview:large","max-video-preview":"max-video-preview:-1"},"canonical":"https:\/\/www.em.com.br\/emfoco\/2026\/01\/25\/isencao-de-ipva-para-doencas-cronicas-em-mg-ja-pode-ser-solicitada-e-quem-perder-o-prazo-tera-que-pagar-o-imposto-integral\/","og_locale":"pt_BR","og_type":"article","og_title":"Isen\u00e7\u00e3o de IPVA para doen\u00e7as cr\u00f4nicas em MG j\u00e1 pode ser solicitada e quem perder o prazo ter\u00e1 que pagar o imposto integral - Estado de Minas - Em foco","og_description":"IPVA 2026 pode ser zerado em MG por quem tem doen\u00e7a cr\u00f4nica mas \u00e9 preciso laudo oficial e envio digital antes do vencimento.","og_url":"https:\/\/www.em.com.br\/emfoco\/2026\/01\/25\/isencao-de-ipva-para-doencas-cronicas-em-mg-ja-pode-ser-solicitada-e-quem-perder-o-prazo-tera-que-pagar-o-imposto-integral\/","og_site_name":"Estado de Minas - Em foco","article_published_time":"2026-01-26T00:45:00+00:00","article_modified_time":"2026-01-22T14:27:18+00:00","og_image":[{"width":1280,"height":720,"url":"https:\/\/www.em.com.br\/emfoco\/wp-content\/uploads\/2026\/01\/AIAI-27-3.jpg","type":"image\/jpeg"}],"author":"Gabriel Martins","twitter_card":"summary_large_image","twitter_misc":{"Escrito por":"Gabriel Martins","Est. tempo de leitura":"4 minutos"},"schema":{"@context":"https:\/\/schema.org","@graph":[{"@type":"WebPage","@id":"https:\/\/www.em.com.br\/emfoco\/2026\/01\/25\/isencao-de-ipva-para-doencas-cronicas-em-mg-ja-pode-ser-solicitada-e-quem-perder-o-prazo-tera-que-pagar-o-imposto-integral\/","url":"https:\/\/www.em.com.br\/emfoco\/2026\/01\/25\/isencao-de-ipva-para-doencas-cronicas-em-mg-ja-pode-ser-solicitada-e-quem-perder-o-prazo-tera-que-pagar-o-imposto-integral\/","name":"Isen\u00e7\u00e3o de IPVA para doen\u00e7as cr\u00f4nicas em MG j\u00e1 pode ser solicitada e quem perder o prazo ter\u00e1 que pagar o imposto integral - Estado de Minas - Em foco","isPartOf":{"@id":"https:\/\/www.em.com.br\/emfoco\/#website"},"primaryImageOfPage":{"@id":"https:\/\/www.em.com.br\/emfoco\/2026\/01\/25\/isencao-de-ipva-para-doencas-cronicas-em-mg-ja-pode-ser-solicitada-e-quem-perder-o-prazo-tera-que-pagar-o-imposto-integral\/#primaryimage"},"image":{"@id":"https:\/\/www.em.com.br\/emfoco\/2026\/01\/25\/isencao-de-ipva-para-doencas-cronicas-em-mg-ja-pode-ser-solicitada-e-quem-perder-o-prazo-tera-que-pagar-o-imposto-integral\/#primaryimage"},"thumbnailUrl":"https:\/\/www.em.com.br\/emfoco\/wp-content\/uploads\/2026\/01\/AIAI-27-3.jpg","datePublished":"2026-01-26T00:45:00+00:00","dateModified":"2026-01-22T14:27:18+00:00","author":{"@id":"https:\/\/www.em.com.br\/emfoco\/#\/schema\/person\/1c9ddeab18b98abeffef834667bcf08a"},"description":"IPVA 2026 pode ser zerado em MG por quem tem doen\u00e7a cr\u00f4nica mas \u00e9 preciso laudo oficial e envio digital antes do vencimento.","breadcrumb":{"@id":"https:\/\/www.em.com.br\/emfoco\/2026\/01\/25\/isencao-de-ipva-para-doencas-cronicas-em-mg-ja-pode-ser-solicitada-e-quem-perder-o-prazo-tera-que-pagar-o-imposto-integral\/#breadcrumb"},"inLanguage":"pt-BR","potentialAction":[{"@type":"ReadAction","target":["https:\/\/www.em.com.br\/emfoco\/2026\/01\/25\/isencao-de-ipva-para-doencas-cronicas-em-mg-ja-pode-ser-solicitada-e-quem-perder-o-prazo-tera-que-pagar-o-imposto-integral\/"]}]},{"@type":"ImageObject","inLanguage":"pt-BR","@id":"https:\/\/www.em.com.br\/emfoco\/2026\/01\/25\/isencao-de-ipva-para-doencas-cronicas-em-mg-ja-pode-ser-solicitada-e-quem-perder-o-prazo-tera-que-pagar-o-imposto-integral\/#primaryimage","url":"https:\/\/www.em.com.br\/emfoco\/wp-content\/uploads\/2026\/01\/AIAI-27-3.jpg","contentUrl":"https:\/\/www.em.com.br\/emfoco\/wp-content\/uploads\/2026\/01\/AIAI-27-3.jpg","width":1280,"height":720,"caption":"Isen\u00e7\u00e3o de IPVA em Minas reduz custos para pessoas com defici\u00eancia"},{"@type":"BreadcrumbList","@id":"https:\/\/www.em.com.br\/emfoco\/2026\/01\/25\/isencao-de-ipva-para-doencas-cronicas-em-mg-ja-pode-ser-solicitada-e-quem-perder-o-prazo-tera-que-pagar-o-imposto-integral\/#breadcrumb","itemListElement":[{"@type":"ListItem","position":1,"name":"In\u00edcio","item":"https:\/\/www.em.com.br\/emfoco\/"},{"@type":"ListItem","position":2,"name":"Isen\u00e7\u00e3o de IPVA para doen\u00e7as cr\u00f4nicas em MG j\u00e1 pode ser solicitada e quem perder o prazo ter\u00e1 que pagar o imposto integral"}]},{"@type":"WebSite","@id":"https:\/\/www.em.com.br\/emfoco\/#website","url":"https:\/\/www.em.com.br\/emfoco\/","name":"Estado de Minas - Em foco","description":"Acompanhe as \u00faltimas not\u00edcias e fique bem informado sobre tudo o que acontece em Minas Gerais, Brasil e no mundo.","potentialAction":[{"@type":"SearchAction","target":{"@type":"EntryPoint","urlTemplate":"https:\/\/www.em.com.br\/emfoco\/?s={search_term_string}"},"query-input":{"@type":"PropertyValueSpecification","valueRequired":true,"valueName":"search_term_string"}}],"inLanguage":"pt-BR"},{"@type":"Person","@id":"https:\/\/www.em.com.br\/emfoco\/#\/schema\/person\/1c9ddeab18b98abeffef834667bcf08a","name":"Gabriel Martins","image":{"@type":"ImageObject","inLanguage":"pt-BR","@id":"https:\/\/www.em.com.br\/emfoco\/#\/schema\/person\/image\/","url":"https:\/\/secure.gravatar.com\/avatar\/f0f1e2efdfd88f1ad2cb08c5c2731e50?s=96&d=mm&r=g","contentUrl":"https:\/\/secure.gravatar.com\/avatar\/f0f1e2efdfd88f1ad2cb08c5c2731e50?s=96&d=mm&r=g","caption":"Gabriel Martins"},"sameAs":["https:\/\/www.em.com.br\/emfoco\/"],"url":"https:\/\/www.em.com.br\/emfoco\/author\/gabrielmartinsmyth\/"}]}},"_links":{"self":[{"href":"https:\/\/www.em.com.br\/emfoco\/wp-json\/wp\/v2\/posts\/158567","targetHints":{"allow":["GET"]}}],"collection":[{"href":"https:\/\/www.em.com.br\/emfoco\/wp-json\/wp\/v2\/posts"}],"about":[{"href":"https:\/\/www.em.com.br\/emfoco\/wp-json\/wp\/v2\/types\/post"}],"author":[{"embeddable":true,"href":"https:\/\/www.em.com.br\/emfoco\/wp-json\/wp\/v2\/users\/13"}],"replies":[{"embeddable":true,"href":"https:\/\/www.em.com.br\/emfoco\/wp-json\/wp\/v2\/comments?post=158567"}],"version-history":[{"count":1,"href":"https:\/\/www.em.com.br\/emfoco\/wp-json\/wp\/v2\/posts\/158567\/revisions"}],"predecessor-version":[{"id":158630,"href":"https:\/\/www.em.com.br\/emfoco\/wp-json\/wp\/v2\/posts\/158567\/revisions\/158630"}],"wp:featuredmedia":[{"embeddable":true,"href":"https:\/\/www.em.com.br\/emfoco\/wp-json\/wp\/v2\/media\/158627"}],"wp:attachment":[{"href":"https:\/\/www.em.com.br\/emfoco\/wp-json\/wp\/v2\/media?parent=158567"}],"wp:term":[{"taxonomy":"category","embeddable":true,"href":"https:\/\/www.em.com.br\/emfoco\/wp-json\/wp\/v2\/categories?post=158567"},{"taxonomy":"post_tag","embeddable":true,"href":"https:\/\/www.em.com.br\/emfoco\/wp-json\/wp\/v2\/tags?post=158567"}],"curies":[{"name":"wp","href":"https:\/\/api.w.org\/{rel}","templated":true}]}}