{"id":158536,"date":"2026-01-23T10:25:00","date_gmt":"2026-01-23T13:25:00","guid":{"rendered":"https:\/\/www.em.com.br\/emfoco\/?p=158536"},"modified":"2026-01-22T19:51:57","modified_gmt":"2026-01-22T22:51:57","slug":"a-partir-de-agora-os-proprietarios-terao-que-arcar-com-os-custos-de-reparos-em-suas-casas","status":"publish","type":"post","link":"https:\/\/www.em.com.br\/emfoco\/2026\/01\/23\/a-partir-de-agora-os-proprietarios-terao-que-arcar-com-os-custos-de-reparos-em-suas-casas\/","title":{"rendered":"A partir de agora, os propriet\u00e1rios ter\u00e3o que arcar com os custos de reparos em suas casas"},"content":{"rendered":"\n<p>Em contratos de loca\u00e7\u00e3o residencial na <strong>Espanha <\/strong>e no <strong>Brasil<\/strong>, uma d\u00favida recorrente \u00e9 quem deve pagar por consertos e melhorias no im\u00f3vel. A legisla\u00e7\u00e3o de ambos os pa\u00edses traz regras espec\u00edficas sobre repara\u00e7\u00f5es, custos e prazos, ajudando a prevenir conflitos, organizar despesas e manter a casa em condi\u00e7\u00f5es adequadas de uso durante todo o contrato.<\/p>\n\n\n\n<h2 class=\"wp-block-heading\">Quem paga as repara\u00e7\u00f5es no contrato de arrendamento<\/h2>\n\n\n\n<p>De acordo com a LAU, o\u00a0<a href=\"https:\/\/www.em.com.br\/emfoco\/2025\/12\/30\/adeus-aos-contratos-de-locacao-os-inquilinos-poderao-permanecer-no-imovel-mesmo-que-o-proprietario-nao-queira-renovar-o-contrato\/\" target=\"_blank\" rel=\"noreferrer noopener\"><strong>propriet\u00e1rio<\/strong>\u00a0<\/a>\u00e9, como regra, o respons\u00e1vel por realizar as repara\u00e7\u00f5es necess\u00e1rias para manter o im\u00f3vel em condi\u00e7\u00f5es de habitabilidade, sem repassar esses custos diretamente ao inquilino por meio de aumento de aluguel. Enquadram-se a\u00ed problemas de estrutura, infiltra\u00e7\u00f5es graves, defeitos nas instala\u00e7\u00f5es fixas de \u00e1gua, eletricidade ou g\u00e1s e outros danos que impe\u00e7am o uso normal da habita\u00e7\u00e3o.<\/p>\n\n\n\n<p>Essas repara\u00e7\u00f5es s\u00e3o indispens\u00e1veis para garantir o uso pactuado no contrato, j\u00e1 que o im\u00f3vel deve ser entregue e mantido em estado apto a ser habitado. Melhorias opcionais \u2014 como reformas est\u00e9ticas, moderniza\u00e7\u00f5es volunt\u00e1rias ou atualiza\u00e7\u00e3o de equipamentos \u2014 tamb\u00e9m costumam recair sobre o propriet\u00e1rio, salvo acordo escrito entre as partes, sempre respeitando os limites da LAU.<\/p>\n\n\n\n<h2 class=\"wp-block-heading\">Como a responsabilidade por reparos funcionar\u00e1 no Brasil em 2026<\/h2>\n\n\n\n<p>No <strong>Brasil<\/strong>, em 2026, a responsabilidade pelos reparos em um im\u00f3vel alugado seguir\u00e1 as diretrizes da\u00a0<strong><a href=\"https:\/\/www.jusbrasil.com.br\/legislacao\/109755\/lei-do-inquilinato-lei-8245-91\" target=\"_blank\" rel=\"noreferrer noopener\">Lei do Inquilinato (Lei n\u00ba 8.245\/91)<\/a><\/strong>, que, assim como a LAU espanhola, divide as obriga\u00e7\u00f5es entre locador (propriet\u00e1rio) e locat\u00e1rio (inquilino). A chave \u00e9 analisar a natureza do dano, o desgaste natural e a finalidade do im\u00f3vel descrita no contrato.<\/p>\n\n\n\n<p>O propriet\u00e1rio deve entregar e manter o im\u00f3vel em condi\u00e7\u00f5es de uso e habitabilidade, respondendo por problemas estruturais, v\u00edcios ocultos e desgastes naturais, enquanto o inquilino assume a manuten\u00e7\u00e3o de rotina e preju\u00edzos causados por mau uso, neglig\u00eancia ou falta de cuidado ao longo da loca\u00e7\u00e3o.<\/p>\n\n\n\n<figure class=\"wp-block-image size-large\"><img loading=\"lazy\" decoding=\"async\" width=\"1024\" height=\"576\" src=\"https:\/\/www.em.com.br\/emfoco\/wp-content\/uploads\/2026\/01\/Gemini_Generated_Image_9e1bgq9e1bgq9e1b-1-1024x576.png\" alt=\"Um erro comum no aluguel pode pesar no bolso do inquilino\" class=\"wp-image-158538\" srcset=\"https:\/\/www.em.com.br\/emfoco\/wp-content\/uploads\/2026\/01\/Gemini_Generated_Image_9e1bgq9e1bgq9e1b-1-1024x576.png 1024w, https:\/\/www.em.com.br\/emfoco\/wp-content\/uploads\/2026\/01\/Gemini_Generated_Image_9e1bgq9e1bgq9e1b-1-300x169.png 300w, https:\/\/www.em.com.br\/emfoco\/wp-content\/uploads\/2026\/01\/Gemini_Generated_Image_9e1bgq9e1bgq9e1b-1-768x432.png 768w, https:\/\/www.em.com.br\/emfoco\/wp-content\/uploads\/2026\/01\/Gemini_Generated_Image_9e1bgq9e1bgq9e1b-1-750x422.png 750w, https:\/\/www.em.com.br\/emfoco\/wp-content\/uploads\/2026\/01\/Gemini_Generated_Image_9e1bgq9e1bgq9e1b-1-1140x641.png 1140w, https:\/\/www.em.com.br\/emfoco\/wp-content\/uploads\/2026\/01\/Gemini_Generated_Image_9e1bgq9e1bgq9e1b-1.png 1280w\" sizes=\"auto, (max-width: 1024px) 100vw, 1024px\" \/><figcaption class=\"wp-element-caption\">Um erro comum no aluguel pode pesar no bolso do inquilino<\/figcaption><\/figure>\n\n\n\n<h2 class=\"wp-block-heading\">Quais repara\u00e7\u00f5es ficam a cargo do inquilino<\/h2>\n\n\n\n<p>A palavra-chave&nbsp;<strong>\u201crepara\u00e7\u00f5es em um aluguel\u201d<\/strong>&nbsp;tamb\u00e9m abrange pequenas repara\u00e7\u00f5es que, pela LAU, s\u00e3o de responsabilidade do inquilino. As \u201cpequenas repara\u00e7\u00f5es\u201d decorrentes do desgaste normal pelo uso do im\u00f3vel devem ser assumidas pelo arrendat\u00e1rio, desde que sejam de baixo custo e ligadas ao dia a dia da utiliza\u00e7\u00e3o da casa.<\/p>\n\n\n\n<p>Quando o dano n\u00e3o decorre apenas do uso normal, mas de mau uso, neglig\u00eancia ou manipula\u00e7\u00e3o impr\u00f3pria por parte do inquilino, a responsabilidade tamb\u00e9m recai sobre ele, mesmo em problemas de maior porte. Nesses casos, o arrendat\u00e1rio deve assumir o custo dos reparos, pois a causa est\u00e1 ligada ao seu comportamento, e n\u00e3o a um defeito do im\u00f3vel ou ao simples desgaste natural.<\/p>\n\n\n\n<h2 class=\"wp-block-heading\">Como funcionam prazos de obras, redu\u00e7\u00e3o de aluguel e dever de comunica\u00e7\u00e3o<\/h2>\n\n\n\n<p>A legisla\u00e7\u00e3o sobre\u00a0<strong>repara\u00e7\u00f5es em im\u00f3veis arrendados<\/strong>\u00a0fixa limites de tempo para execu\u00e7\u00e3o das obras, evitando que o inquilino permane\u00e7a por longos per\u00edodos em uma casa parcialmente inutiliz\u00e1vel. Em regra, a dura\u00e7\u00e3o dessas interven\u00e7\u00f5es n\u00e3o deve ultrapassar 20 dias, salvo situa\u00e7\u00f5es excepcionais devidamente justificadas pelo tipo ou complexidade da obra.<\/p>\n\n\n\n<figure class=\"wp-block-image\"><img decoding=\"async\" src=\"https:\/\/www.em.com.br\/emfoco\/wp-content\/uploads\/2025\/05\/aluguel_1746797795583-1024x576.jpg\" alt=\"\"\/><figcaption class=\"wp-element-caption\">Como as novas regras impactam os inquilinos &#8211; Cr\u00e9ditos: depositphotos.com \/ MalkovKosta<\/figcaption><\/figure>\n\n\n\n<p>Se as obras tornam necess\u00e1rio o abandono tempor\u00e1rio do im\u00f3vel, pode haver&nbsp;<strong>redu\u00e7\u00e3o proporcional do aluguel<\/strong>&nbsp;ou at\u00e9 suspens\u00e3o do pagamento. O inquilino tamb\u00e9m deve notificar o propriet\u00e1rio de forma imediata sobre qualquer necessidade relevante de repara\u00e7\u00e3o e permitir o acesso de t\u00e9cnicos, em dia e hor\u00e1rio combinados, guardando sempre comprovantes de despesas quando houver acordo de reembolso.<\/p>\n\n\n\n<h2 class=\"wp-block-heading\">Como evitar conflitos e proteger seus direitos no arrendamento<\/h2>\n\n\n\n<p>Para reduzir disputas sobre repara\u00e7\u00f5es em contratos de arrendamento, \u00e9 essencial detalhar no contrato, de forma clara e objetiva, quais tipos de consertos caber\u00e3o a cada parte, sempre em conformidade com a LAU ou com a Lei do Inquilinato. Registrar o estado do im\u00f3vel na entrega das chaves, com fotos, laudo de vistoria e invent\u00e1rio, \u00e9 decisivo para comprovar responsabilidades futuras.<\/p>\n\n\n\n<p>Se voc\u00ea j\u00e1 est\u00e1 enfrentando problemas com repara\u00e7\u00f5es ou n\u00e3o sabe o que realmente deve pagar, n\u00e3o espere o conflito explodir ou virar a\u00e7\u00e3o judicial. Busque orienta\u00e7\u00e3o jur\u00eddica especializada agora, revise o seu contrato imediatamente e exija os ajustes necess\u00e1rios antes que pequenos desacordos se transformem em preju\u00edzos graves e praticamente irrevers\u00edveis para o seu bolso.<\/p>\n","protected":false},"excerpt":{"rendered":"<p>Em contratos de loca\u00e7\u00e3o residencial na Espanha e no Brasil, uma d\u00favida recorrente \u00e9 quem deve pagar por consertos e melhorias no im\u00f3vel. A legisla\u00e7\u00e3o de ambos os pa\u00edses traz regras espec\u00edficas sobre repara\u00e7\u00f5es, custos e prazos, ajudando a prevenir conflitos, organizar despesas e manter a casa em condi\u00e7\u00f5es adequadas de uso durante todo o [&hellip;]<\/p>\n","protected":false},"author":11,"featured_media":158624,"comment_status":"open","ping_status":"open","sticky":false,"template":"","format":"standard","meta":{"jnews-multi-image_gallery":[],"jnews_single_post":{"format":"standard"},"jnews_primary_category":[],"jnews_social_meta":[],"jnews_override_counter":[],"footnotes":""},"categories":[28,1],"tags":[1526,23190,14807,19670,16600],"class_list":["post-158536","post","type-post","status-publish","format-standard","has-post-thumbnail","hentry","category-economia","category-noticias","tag-aluguel","tag-consertos-no-imovel-alugado","tag-contrato","tag-contrato-de-aluguel","tag-inquilino"],"yoast_head":"<!-- This site is optimized with the Yoast SEO plugin v23.8 - https:\/\/yoast.com\/wordpress\/plugins\/seo\/ -->\n<title>A partir de agora, os propriet\u00e1rios ter\u00e3o que arcar com os custos de reparos em suas casas - Estado de Minas - Em foco<\/title>\n<meta name=\"description\" content=\"Quem deve arcar com consertos no im\u00f3vel alugado nem sempre \u00e9 o inquilino. Entenda o que a lei determina e proteja seu bolso no contrato.\" \/>\n<meta name=\"robots\" content=\"index, follow, max-snippet:-1, max-image-preview:large, max-video-preview:-1\" \/>\n<link rel=\"canonical\" href=\"https:\/\/www.em.com.br\/emfoco\/2026\/01\/23\/a-partir-de-agora-os-proprietarios-terao-que-arcar-com-os-custos-de-reparos-em-suas-casas\/\" \/>\n<meta property=\"og:locale\" content=\"pt_BR\" \/>\n<meta property=\"og:type\" content=\"article\" \/>\n<meta property=\"og:title\" content=\"A partir de agora, os propriet\u00e1rios ter\u00e3o que arcar com os custos de reparos em suas casas - Estado de Minas - Em foco\" \/>\n<meta property=\"og:description\" content=\"Quem deve arcar com consertos no im\u00f3vel alugado nem sempre \u00e9 o inquilino. Entenda o que a lei determina e proteja seu bolso no contrato.\" \/>\n<meta property=\"og:url\" content=\"https:\/\/www.em.com.br\/emfoco\/2026\/01\/23\/a-partir-de-agora-os-proprietarios-terao-que-arcar-com-os-custos-de-reparos-em-suas-casas\/\" \/>\n<meta property=\"og:site_name\" content=\"Estado de Minas - Em foco\" \/>\n<meta property=\"article:published_time\" content=\"2026-01-23T13:25:00+00:00\" \/>\n<meta property=\"article:modified_time\" content=\"2026-01-22T22:51:57+00:00\" \/>\n<meta property=\"og:image\" content=\"https:\/\/www.em.com.br\/emfoco\/wp-content\/uploads\/2026\/01\/ChatGPT-Image-22-de-jan.-de-2026-11_15_04-1.png\" \/>\n\t<meta property=\"og:image:width\" content=\"1280\" \/>\n\t<meta property=\"og:image:height\" content=\"720\" \/>\n\t<meta property=\"og:image:type\" content=\"image\/png\" \/>\n<meta name=\"author\" content=\"Andre\u0301 Rangel\u00a0\" \/>\n<meta name=\"twitter:card\" content=\"summary_large_image\" \/>\n<meta name=\"twitter:label1\" content=\"Escrito por\" \/>\n\t<meta name=\"twitter:data1\" content=\"Andre\u0301 Rangel\u00a0\" \/>\n\t<meta name=\"twitter:label2\" content=\"Est. tempo de leitura\" \/>\n\t<meta name=\"twitter:data2\" content=\"5 minutos\" \/>\n<!-- \/ Yoast SEO plugin. -->","yoast_head_json":{"title":"A partir de agora, os propriet\u00e1rios ter\u00e3o que arcar com os custos de reparos em suas casas - Estado de Minas - Em foco","description":"Quem deve arcar com consertos no im\u00f3vel alugado nem sempre \u00e9 o inquilino. Entenda o que a lei determina e proteja seu bolso no contrato.","robots":{"index":"index","follow":"follow","max-snippet":"max-snippet:-1","max-image-preview":"max-image-preview:large","max-video-preview":"max-video-preview:-1"},"canonical":"https:\/\/www.em.com.br\/emfoco\/2026\/01\/23\/a-partir-de-agora-os-proprietarios-terao-que-arcar-com-os-custos-de-reparos-em-suas-casas\/","og_locale":"pt_BR","og_type":"article","og_title":"A partir de agora, os propriet\u00e1rios ter\u00e3o que arcar com os custos de reparos em suas casas - Estado de Minas - Em foco","og_description":"Quem deve arcar com consertos no im\u00f3vel alugado nem sempre \u00e9 o inquilino. Entenda o que a lei determina e proteja seu bolso no contrato.","og_url":"https:\/\/www.em.com.br\/emfoco\/2026\/01\/23\/a-partir-de-agora-os-proprietarios-terao-que-arcar-com-os-custos-de-reparos-em-suas-casas\/","og_site_name":"Estado de Minas - Em foco","article_published_time":"2026-01-23T13:25:00+00:00","article_modified_time":"2026-01-22T22:51:57+00:00","og_image":[{"width":1280,"height":720,"url":"https:\/\/www.em.com.br\/emfoco\/wp-content\/uploads\/2026\/01\/ChatGPT-Image-22-de-jan.-de-2026-11_15_04-1.png","type":"image\/png"}],"author":"Andre\u0301 Rangel\u00a0","twitter_card":"summary_large_image","twitter_misc":{"Escrito por":"Andre\u0301 Rangel\u00a0","Est. tempo de leitura":"5 minutos"},"schema":{"@context":"https:\/\/schema.org","@graph":[{"@type":"WebPage","@id":"https:\/\/www.em.com.br\/emfoco\/2026\/01\/23\/a-partir-de-agora-os-proprietarios-terao-que-arcar-com-os-custos-de-reparos-em-suas-casas\/","url":"https:\/\/www.em.com.br\/emfoco\/2026\/01\/23\/a-partir-de-agora-os-proprietarios-terao-que-arcar-com-os-custos-de-reparos-em-suas-casas\/","name":"A partir de agora, os propriet\u00e1rios ter\u00e3o que arcar com os custos de reparos em suas casas - Estado de Minas - Em foco","isPartOf":{"@id":"https:\/\/www.em.com.br\/emfoco\/#website"},"primaryImageOfPage":{"@id":"https:\/\/www.em.com.br\/emfoco\/2026\/01\/23\/a-partir-de-agora-os-proprietarios-terao-que-arcar-com-os-custos-de-reparos-em-suas-casas\/#primaryimage"},"image":{"@id":"https:\/\/www.em.com.br\/emfoco\/2026\/01\/23\/a-partir-de-agora-os-proprietarios-terao-que-arcar-com-os-custos-de-reparos-em-suas-casas\/#primaryimage"},"thumbnailUrl":"https:\/\/www.em.com.br\/emfoco\/wp-content\/uploads\/2026\/01\/ChatGPT-Image-22-de-jan.-de-2026-11_15_04-1.png","datePublished":"2026-01-23T13:25:00+00:00","dateModified":"2026-01-22T22:51:57+00:00","author":{"@id":"https:\/\/www.em.com.br\/emfoco\/#\/schema\/person\/60eda09c1fedf0d6891f4cef4b60b8b8"},"description":"Quem deve arcar com consertos no im\u00f3vel alugado nem sempre \u00e9 o inquilino. Entenda o que a lei determina e proteja seu bolso no contrato.","breadcrumb":{"@id":"https:\/\/www.em.com.br\/emfoco\/2026\/01\/23\/a-partir-de-agora-os-proprietarios-terao-que-arcar-com-os-custos-de-reparos-em-suas-casas\/#breadcrumb"},"inLanguage":"pt-BR","potentialAction":[{"@type":"ReadAction","target":["https:\/\/www.em.com.br\/emfoco\/2026\/01\/23\/a-partir-de-agora-os-proprietarios-terao-que-arcar-com-os-custos-de-reparos-em-suas-casas\/"]}]},{"@type":"ImageObject","inLanguage":"pt-BR","@id":"https:\/\/www.em.com.br\/emfoco\/2026\/01\/23\/a-partir-de-agora-os-proprietarios-terao-que-arcar-com-os-custos-de-reparos-em-suas-casas\/#primaryimage","url":"https:\/\/www.em.com.br\/emfoco\/wp-content\/uploads\/2026\/01\/ChatGPT-Image-22-de-jan.-de-2026-11_15_04-1.png","contentUrl":"https:\/\/www.em.com.br\/emfoco\/wp-content\/uploads\/2026\/01\/ChatGPT-Image-22-de-jan.-de-2026-11_15_04-1.png","width":1280,"height":720,"caption":"Um erro comum no aluguel pode pesar no bolso do inquilino"},{"@type":"BreadcrumbList","@id":"https:\/\/www.em.com.br\/emfoco\/2026\/01\/23\/a-partir-de-agora-os-proprietarios-terao-que-arcar-com-os-custos-de-reparos-em-suas-casas\/#breadcrumb","itemListElement":[{"@type":"ListItem","position":1,"name":"In\u00edcio","item":"https:\/\/www.em.com.br\/emfoco\/"},{"@type":"ListItem","position":2,"name":"A partir de agora, os propriet\u00e1rios ter\u00e3o que arcar com os custos de reparos em suas casas"}]},{"@type":"WebSite","@id":"https:\/\/www.em.com.br\/emfoco\/#website","url":"https:\/\/www.em.com.br\/emfoco\/","name":"Estado de Minas - Em foco","description":"Acompanhe as \u00faltimas not\u00edcias e fique bem informado sobre tudo o que acontece em Minas Gerais, Brasil e no mundo.","potentialAction":[{"@type":"SearchAction","target":{"@type":"EntryPoint","urlTemplate":"https:\/\/www.em.com.br\/emfoco\/?s={search_term_string}"},"query-input":{"@type":"PropertyValueSpecification","valueRequired":true,"valueName":"search_term_string"}}],"inLanguage":"pt-BR"},{"@type":"Person","@id":"https:\/\/www.em.com.br\/emfoco\/#\/schema\/person\/60eda09c1fedf0d6891f4cef4b60b8b8","name":"Andre\u0301 Rangel\u00a0","image":{"@type":"ImageObject","inLanguage":"pt-BR","@id":"https:\/\/www.em.com.br\/emfoco\/#\/schema\/person\/image\/","url":"https:\/\/secure.gravatar.com\/avatar\/6234dc814c77c8ef6d8bba622c787efc?s=96&d=mm&r=g","contentUrl":"https:\/\/secure.gravatar.com\/avatar\/6234dc814c77c8ef6d8bba622c787efc?s=96&d=mm&r=g","caption":"Andre\u0301 Rangel\u00a0"},"url":"https:\/\/www.em.com.br\/emfoco\/author\/luizmyth\/"}]}},"_links":{"self":[{"href":"https:\/\/www.em.com.br\/emfoco\/wp-json\/wp\/v2\/posts\/158536","targetHints":{"allow":["GET"]}}],"collection":[{"href":"https:\/\/www.em.com.br\/emfoco\/wp-json\/wp\/v2\/posts"}],"about":[{"href":"https:\/\/www.em.com.br\/emfoco\/wp-json\/wp\/v2\/types\/post"}],"author":[{"embeddable":true,"href":"https:\/\/www.em.com.br\/emfoco\/wp-json\/wp\/v2\/users\/11"}],"replies":[{"embeddable":true,"href":"https:\/\/www.em.com.br\/emfoco\/wp-json\/wp\/v2\/comments?post=158536"}],"version-history":[{"count":4,"href":"https:\/\/www.em.com.br\/emfoco\/wp-json\/wp\/v2\/posts\/158536\/revisions"}],"predecessor-version":[{"id":158647,"href":"https:\/\/www.em.com.br\/emfoco\/wp-json\/wp\/v2\/posts\/158536\/revisions\/158647"}],"wp:featuredmedia":[{"embeddable":true,"href":"https:\/\/www.em.com.br\/emfoco\/wp-json\/wp\/v2\/media\/158624"}],"wp:attachment":[{"href":"https:\/\/www.em.com.br\/emfoco\/wp-json\/wp\/v2\/media?parent=158536"}],"wp:term":[{"taxonomy":"category","embeddable":true,"href":"https:\/\/www.em.com.br\/emfoco\/wp-json\/wp\/v2\/categories?post=158536"},{"taxonomy":"post_tag","embeddable":true,"href":"https:\/\/www.em.com.br\/emfoco\/wp-json\/wp\/v2\/tags?post=158536"}],"curies":[{"name":"wp","href":"https:\/\/api.w.org\/{rel}","templated":true}]}}