{"id":158534,"date":"2026-01-23T12:45:00","date_gmt":"2026-01-23T15:45:00","guid":{"rendered":"https:\/\/www.em.com.br\/emfoco\/?p=158534"},"modified":"2026-01-22T19:53:15","modified_gmt":"2026-01-22T22:53:15","slug":"foi-solicitada-retirada-urgente-de-uma-famosa-marca-internacional-de-leite-devido-ao-risco-de-diarreia-e-vomitos","status":"publish","type":"post","link":"https:\/\/www.em.com.br\/emfoco\/2026\/01\/23\/foi-solicitada-retirada-urgente-de-uma-famosa-marca-internacional-de-leite-devido-ao-risco-de-diarreia-e-vomitos\/","title":{"rendered":"Foi solicitada retirada urgente de uma famosa marca internacional de leite devido ao risco de diarreia e v\u00f4mitos"},"content":{"rendered":"\n<p>A discuss\u00e3o sobre\u00a0<strong>seguran\u00e7a alimentar<\/strong>\u00a0ganhou novo f\u00f4lego ap\u00f3s a retirada preventiva de lotes de leite infantil da marca <strong>Pico<\/strong>, pertencente ao grupo franc\u00eas <strong>Lactalis<\/strong>, em diversos pa\u00edses. O caso, que envolve f\u00f3rmulas para beb\u00eas e crian\u00e7as pequenas, exp\u00f4s de forma ainda mais clara a import\u00e2ncia de controles sanit\u00e1rios r\u00edgidos, sistemas de alerta r\u00e1pido e comunica\u00e7\u00e3o transparente quando se trata de produtos destinados ao p\u00fablico infantil.<\/p>\n\n\n\n<h2 class=\"wp-block-heading\">O que motivou a retirada do leite infantil da Lactalis<\/h2>\n\n\n\n<p>A retirada dos produtos come\u00e7ou ap\u00f3s uma advert\u00eancia de especialistas em nutri\u00e7\u00e3o infantil na <strong>Fran\u00e7a<\/strong>, que identificaram um poss\u00edvel risco de <a href=\"https:\/\/www.bfr.bund.de\/en\/notification\/bacillus-cereus-in-food-when-it-multiplies-the-bacterium-can-produce-a-toxin\/#:~:text=According%20to%20the%20information%20provided,fatal%20illnesses%20in%20isolated%20cases.\" target=\"_blank\" rel=\"noreferrer noopener\">contamina\u00e7\u00e3o por\u00a0<strong>cereulida<\/strong><\/a>, toxina bacteriana ligada a problemas gastrointestinais. A partir desse alerta, autoridades sanit\u00e1rias foram acionadas e iniciou-se o procedimento de recolhimento dos lotes potencialmente afetados.<\/p>\n\n\n\n<p>Segundo comunicados oficiais, a decis\u00e3o foi coordenada e preventiva, sem registro confirmado de danos \u00e0 sa\u00fade associados ao consumo at\u00e9 o momento. Mesmo assim, a medida prioriza a prote\u00e7\u00e3o de beb\u00eas, reduzindo qualquer chance de exposi\u00e7\u00e3o a um risco ainda que considerado apenas potencial.<\/p>\n\n\n\n<figure class=\"wp-block-image size-large\"><img loading=\"lazy\" decoding=\"async\" width=\"1024\" height=\"576\" src=\"https:\/\/www.em.com.br\/emfoco\/wp-content\/uploads\/2026\/01\/leite-supermercado_1769090784495-1024x576.jpg\" alt=\"Retirada do leite infantil da Lactalis acende alerta m\u00e1ximo\" class=\"wp-image-158604\" srcset=\"https:\/\/www.em.com.br\/emfoco\/wp-content\/uploads\/2026\/01\/leite-supermercado_1769090784495-1024x576.jpg 1024w, https:\/\/www.em.com.br\/emfoco\/wp-content\/uploads\/2026\/01\/leite-supermercado_1769090784495-300x169.jpg 300w, https:\/\/www.em.com.br\/emfoco\/wp-content\/uploads\/2026\/01\/leite-supermercado_1769090784495-768x432.jpg 768w, https:\/\/www.em.com.br\/emfoco\/wp-content\/uploads\/2026\/01\/leite-supermercado_1769090784495-750x422.jpg 750w, https:\/\/www.em.com.br\/emfoco\/wp-content\/uploads\/2026\/01\/leite-supermercado_1769090784495-1140x641.jpg 1140w, https:\/\/www.em.com.br\/emfoco\/wp-content\/uploads\/2026\/01\/leite-supermercado_1769090784495.jpg 1280w\" sizes=\"auto, (max-width: 1024px) 100vw, 1024px\" \/><figcaption class=\"wp-element-caption\">Retirada do leite infantil da Lactalis acende alerta m\u00e1ximo &#8211; Cr\u00e9ditos: depositphotos.com \/ Milkos<\/figcaption><\/figure>\n\n\n\n<h2 class=\"wp-block-heading\">O que \u00e9 a toxina cereulida e por que preocupa em f\u00f3rmulas infantis<\/h2>\n\n\n\n<p>A\u00a0<strong>cereulida<\/strong>\u00a0\u00e9 uma toxina produzida por determinadas cepas da bact\u00e9ria\u00a0<em>Bacillus cereus<\/em>, associada a epis\u00f3dios de intoxica\u00e7\u00e3o alimentar. Em geral, pode causar n\u00e1useas, v\u00f4mitos e <a href=\"https:\/\/www.em.com.br\/emfoco\/2025\/12\/25\/intestino-solto-veja-como-o-cha-de-goiabeira-segura-a-diarreia-rapido\/\" target=\"_blank\" rel=\"noreferrer noopener\">diarreia<\/a>, sintomas que em adultos saud\u00e1veis tendem a ser autolimitados, mas em beb\u00eas exigem aten\u00e7\u00e3o imediata devido ao risco de desidrata\u00e7\u00e3o.<\/p>\n\n\n\n<p>Como o&nbsp;<strong>leite infantil<\/strong>&nbsp;muitas vezes \u00e9 a principal ou \u00fanica fonte de alimenta\u00e7\u00e3o do lactente, os protocolos de seguran\u00e7a estabelecem limites extremamente baixos para qualquer contamina\u00e7\u00e3o. Nessa faixa et\u00e1ria, at\u00e9 quadros considerados \u201csimples\u201d podem evoluir rapidamente, exigindo monitoramento atento dos sinais.<\/p>\n\n\n\n<h2 class=\"wp-block-heading\">Quais s\u00e3o os principais sintomas e sinais de alerta para os pais<\/h2>\n\n\n\n<p>Diante de qualquer suspeita de intoxica\u00e7\u00e3o alimentar em beb\u00eas, pais e cuidadores precisam reconhecer rapidamente os sintomas e buscar orienta\u00e7\u00e3o profissional. Isso \u00e9 ainda mais relevante quando h\u00e1 hist\u00f3rico de consumo recente de f\u00f3rmulas infantis envolvidas em alertas sanit\u00e1rios.<\/p>\n\n\n\n<ul class=\"wp-block-list\">\n<li>V\u00f4mitos intensos ou repetidos em curto intervalo de tempo;<\/li>\n\n\n\n<li>Epis\u00f3dios de diarreia, com poss\u00edvel perda r\u00e1pida de l\u00edquidos;<\/li>\n\n\n\n<li>Mal-estar geral, fraqueza e recusa alimentar, sobretudo em lactentes;<\/li>\n\n\n\n<li>Necessidade de hidrata\u00e7\u00e3o oral ou hospitalar, dependendo da gravidade.<\/li>\n<\/ul>\n\n\n\n<figure class=\"wp-block-image size-large\"><img loading=\"lazy\" decoding=\"async\" width=\"1024\" height=\"576\" src=\"https:\/\/www.em.com.br\/emfoco\/wp-content\/uploads\/2026\/01\/leite_1769090679949-1024x576.jpg\" alt=\"Retirada do leite infantil da Lactalis acende alerta m\u00e1ximo\" class=\"wp-image-158600\" srcset=\"https:\/\/www.em.com.br\/emfoco\/wp-content\/uploads\/2026\/01\/leite_1769090679949-1024x576.jpg 1024w, https:\/\/www.em.com.br\/emfoco\/wp-content\/uploads\/2026\/01\/leite_1769090679949-300x169.jpg 300w, https:\/\/www.em.com.br\/emfoco\/wp-content\/uploads\/2026\/01\/leite_1769090679949-768x432.jpg 768w, https:\/\/www.em.com.br\/emfoco\/wp-content\/uploads\/2026\/01\/leite_1769090679949-750x422.jpg 750w, https:\/\/www.em.com.br\/emfoco\/wp-content\/uploads\/2026\/01\/leite_1769090679949-1140x641.jpg 1140w, https:\/\/www.em.com.br\/emfoco\/wp-content\/uploads\/2026\/01\/leite_1769090679949.jpg 1280w\" sizes=\"auto, (max-width: 1024px) 100vw, 1024px\" \/><figcaption class=\"wp-element-caption\">Retirada do leite infantil da Lactalis acende alerta m\u00e1ximo &#8211; Cr\u00e9ditos: depositphotos.com \/ AntonMatyukha<\/figcaption><\/figure>\n\n\n\n<h2 class=\"wp-block-heading\">Em quais pa\u00edses houve retirada e como funciona a rede de seguran\u00e7a alimentar<\/h2>\n\n\n\n<p>A retirada do&nbsp;<strong>leite infantil Lactalis<\/strong>&nbsp;n\u00e3o se limitou \u00e0 Fran\u00e7a e alcan\u00e7ou diferentes continentes, refletindo a presen\u00e7a global do grupo. Foram atingidos pa\u00edses da Europa, Am\u00e9rica Latina, \u00c1sia, Oceania e \u00c1frica, com a\u00e7\u00f5es articuladas entre supermercados, farm\u00e1cias, distribuidores e vigil\u00e2ncias sanit\u00e1rias.<\/p>\n\n\n\n<p>Entre os pa\u00edses afetados est\u00e3o Fran\u00e7a, Espanha, Rep\u00fablica Checa, Gr\u00e9cia, M\u00f4naco, Ge\u00f3rgia, Chile, Col\u00f4mbia, Equador, M\u00e9xico, Peru, China, Taiwan, Kuwait, Uzbequist\u00e3o, Austr\u00e1lia, Madagascar e Congo. Em todos eles, produtos foram retirados das prateleiras, redes de sa\u00fade foram alertadas e iniciou-se investiga\u00e7\u00e3o para rastrear a origem do problema e ajustar processos produtivos.<\/p>\n\n\n\n<h2 class=\"wp-block-heading\">Por que esse caso refor\u00e7a a import\u00e2ncia da vigil\u00e2ncia e da a\u00e7\u00e3o r\u00e1pida<\/h2>\n\n\n\n<p>O epis\u00f3dio do leite infantil Pico, da Lactalis, mostra como a combina\u00e7\u00e3o de vigil\u00e2ncia t\u00e9cnica, resposta r\u00e1pida e comunica\u00e7\u00e3o clara \u00e9 vital para proteger beb\u00eas e manter a confian\u00e7a nos sistemas de seguran\u00e7a alimentar. Em f\u00f3rmulas para lactentes, qualquer atraso na decis\u00e3o de recolher produtos pode fazer diferen\u00e7a real na vida das fam\u00edlias.<\/p>\n\n\n\n<p>Se voc\u00ea utiliza f\u00f3rmulas infantis, verifique imediatamente o lote dos produtos em casa, siga rigorosamente os comunicados oficiais e, diante de qualquer sintoma suspeito, procure atendimento m\u00e9dico sem esperar. A prote\u00e7\u00e3o da sa\u00fade das crian\u00e7as exige a\u00e7\u00e3o urgente, informa\u00e7\u00e3o de qualidade e participa\u00e7\u00e3o ativa de cada fam\u00edlia nesse processo.<\/p>\n\n\n\n<p><\/p>\n","protected":false},"excerpt":{"rendered":"<p>A discuss\u00e3o sobre\u00a0seguran\u00e7a alimentar\u00a0ganhou novo f\u00f4lego ap\u00f3s a retirada preventiva de lotes de leite infantil da marca Pico, pertencente ao grupo franc\u00eas Lactalis, em diversos pa\u00edses. O caso, que envolve f\u00f3rmulas para beb\u00eas e crian\u00e7as pequenas, exp\u00f4s de forma ainda mais clara a import\u00e2ncia de controles sanit\u00e1rios r\u00edgidos, sistemas de alerta r\u00e1pido e comunica\u00e7\u00e3o transparente [&hellip;]<\/p>\n","protected":false},"author":11,"featured_media":158607,"comment_status":"open","ping_status":"open","sticky":false,"template":"","format":"standard","meta":{"jnews-multi-image_gallery":[],"jnews_single_post":{"format":"standard"},"jnews_primary_category":[],"jnews_social_meta":[],"jnews_override_counter":[],"footnotes":""},"categories":[1,9053],"tags":[9377,3169,23189,15731,182],"class_list":["post-158534","post","type-post","status-publish","format-standard","has-post-thumbnail","hentry","category-noticias","category-saude","tag-contaminacao","tag-leite","tag-leite-infantil","tag-risco-a-saude","tag-seguranca"],"yoast_head":"<!-- This site is optimized with the Yoast SEO plugin v23.8 - https:\/\/yoast.com\/wordpress\/plugins\/seo\/ -->\n<title>Foi solicitada retirada urgente de uma famosa marca internacional de leite devido ao risco de diarreia e v\u00f4mitos - Estado de Minas - Em foco<\/title>\n<meta name=\"description\" content=\"Um poss\u00edvel risco levou autoridades a agir r\u00e1pido com leite infantil famoso. O caso reacende debates sobre controle sanit\u00e1rio e prote\u00e7\u00e3o dos beb\u00eas.\" \/>\n<meta name=\"robots\" content=\"index, follow, max-snippet:-1, max-image-preview:large, max-video-preview:-1\" \/>\n<link rel=\"canonical\" href=\"https:\/\/www.em.com.br\/emfoco\/2026\/01\/23\/foi-solicitada-retirada-urgente-de-uma-famosa-marca-internacional-de-leite-devido-ao-risco-de-diarreia-e-vomitos\/\" \/>\n<meta property=\"og:locale\" content=\"pt_BR\" \/>\n<meta property=\"og:type\" content=\"article\" \/>\n<meta property=\"og:title\" content=\"Foi solicitada retirada urgente de uma famosa marca internacional de leite devido ao risco de diarreia e v\u00f4mitos - Estado de Minas - Em foco\" \/>\n<meta property=\"og:description\" content=\"Um poss\u00edvel risco levou autoridades a agir r\u00e1pido com leite infantil famoso. O caso reacende debates sobre controle sanit\u00e1rio e prote\u00e7\u00e3o dos beb\u00eas.\" \/>\n<meta property=\"og:url\" content=\"https:\/\/www.em.com.br\/emfoco\/2026\/01\/23\/foi-solicitada-retirada-urgente-de-uma-famosa-marca-internacional-de-leite-devido-ao-risco-de-diarreia-e-vomitos\/\" \/>\n<meta property=\"og:site_name\" content=\"Estado de Minas - Em foco\" \/>\n<meta property=\"article:published_time\" content=\"2026-01-23T15:45:00+00:00\" \/>\n<meta property=\"article:modified_time\" content=\"2026-01-22T22:53:15+00:00\" \/>\n<meta property=\"og:image\" content=\"https:\/\/www.em.com.br\/emfoco\/wp-content\/uploads\/2026\/01\/ChatGPT-Image-22-de-jan.-de-2026-11_07_11-1.png\" \/>\n\t<meta property=\"og:image:width\" content=\"1280\" \/>\n\t<meta property=\"og:image:height\" content=\"720\" \/>\n\t<meta property=\"og:image:type\" content=\"image\/png\" \/>\n<meta name=\"author\" content=\"Andre\u0301 Rangel\u00a0\" \/>\n<meta name=\"twitter:card\" content=\"summary_large_image\" \/>\n<meta name=\"twitter:label1\" content=\"Escrito por\" \/>\n\t<meta name=\"twitter:data1\" content=\"Andre\u0301 Rangel\u00a0\" \/>\n\t<meta name=\"twitter:label2\" content=\"Est. tempo de leitura\" \/>\n\t<meta name=\"twitter:data2\" content=\"4 minutos\" \/>\n<!-- \/ Yoast SEO plugin. -->","yoast_head_json":{"title":"Foi solicitada retirada urgente de uma famosa marca internacional de leite devido ao risco de diarreia e v\u00f4mitos - Estado de Minas - Em foco","description":"Um poss\u00edvel risco levou autoridades a agir r\u00e1pido com leite infantil famoso. O caso reacende debates sobre controle sanit\u00e1rio e prote\u00e7\u00e3o dos beb\u00eas.","robots":{"index":"index","follow":"follow","max-snippet":"max-snippet:-1","max-image-preview":"max-image-preview:large","max-video-preview":"max-video-preview:-1"},"canonical":"https:\/\/www.em.com.br\/emfoco\/2026\/01\/23\/foi-solicitada-retirada-urgente-de-uma-famosa-marca-internacional-de-leite-devido-ao-risco-de-diarreia-e-vomitos\/","og_locale":"pt_BR","og_type":"article","og_title":"Foi solicitada retirada urgente de uma famosa marca internacional de leite devido ao risco de diarreia e v\u00f4mitos - Estado de Minas - Em foco","og_description":"Um poss\u00edvel risco levou autoridades a agir r\u00e1pido com leite infantil famoso. O caso reacende debates sobre controle sanit\u00e1rio e prote\u00e7\u00e3o dos beb\u00eas.","og_url":"https:\/\/www.em.com.br\/emfoco\/2026\/01\/23\/foi-solicitada-retirada-urgente-de-uma-famosa-marca-internacional-de-leite-devido-ao-risco-de-diarreia-e-vomitos\/","og_site_name":"Estado de Minas - Em foco","article_published_time":"2026-01-23T15:45:00+00:00","article_modified_time":"2026-01-22T22:53:15+00:00","og_image":[{"width":1280,"height":720,"url":"https:\/\/www.em.com.br\/emfoco\/wp-content\/uploads\/2026\/01\/ChatGPT-Image-22-de-jan.-de-2026-11_07_11-1.png","type":"image\/png"}],"author":"Andre\u0301 Rangel\u00a0","twitter_card":"summary_large_image","twitter_misc":{"Escrito por":"Andre\u0301 Rangel\u00a0","Est. tempo de leitura":"4 minutos"},"schema":{"@context":"https:\/\/schema.org","@graph":[{"@type":"WebPage","@id":"https:\/\/www.em.com.br\/emfoco\/2026\/01\/23\/foi-solicitada-retirada-urgente-de-uma-famosa-marca-internacional-de-leite-devido-ao-risco-de-diarreia-e-vomitos\/","url":"https:\/\/www.em.com.br\/emfoco\/2026\/01\/23\/foi-solicitada-retirada-urgente-de-uma-famosa-marca-internacional-de-leite-devido-ao-risco-de-diarreia-e-vomitos\/","name":"Foi solicitada retirada urgente de uma famosa marca internacional de leite devido ao risco de diarreia e v\u00f4mitos - Estado de Minas - Em foco","isPartOf":{"@id":"https:\/\/www.em.com.br\/emfoco\/#website"},"primaryImageOfPage":{"@id":"https:\/\/www.em.com.br\/emfoco\/2026\/01\/23\/foi-solicitada-retirada-urgente-de-uma-famosa-marca-internacional-de-leite-devido-ao-risco-de-diarreia-e-vomitos\/#primaryimage"},"image":{"@id":"https:\/\/www.em.com.br\/emfoco\/2026\/01\/23\/foi-solicitada-retirada-urgente-de-uma-famosa-marca-internacional-de-leite-devido-ao-risco-de-diarreia-e-vomitos\/#primaryimage"},"thumbnailUrl":"https:\/\/www.em.com.br\/emfoco\/wp-content\/uploads\/2026\/01\/ChatGPT-Image-22-de-jan.-de-2026-11_07_11-1.png","datePublished":"2026-01-23T15:45:00+00:00","dateModified":"2026-01-22T22:53:15+00:00","author":{"@id":"https:\/\/www.em.com.br\/emfoco\/#\/schema\/person\/60eda09c1fedf0d6891f4cef4b60b8b8"},"description":"Um poss\u00edvel risco levou autoridades a agir r\u00e1pido com leite infantil famoso. O caso reacende debates sobre controle sanit\u00e1rio e prote\u00e7\u00e3o dos beb\u00eas.","breadcrumb":{"@id":"https:\/\/www.em.com.br\/emfoco\/2026\/01\/23\/foi-solicitada-retirada-urgente-de-uma-famosa-marca-internacional-de-leite-devido-ao-risco-de-diarreia-e-vomitos\/#breadcrumb"},"inLanguage":"pt-BR","potentialAction":[{"@type":"ReadAction","target":["https:\/\/www.em.com.br\/emfoco\/2026\/01\/23\/foi-solicitada-retirada-urgente-de-uma-famosa-marca-internacional-de-leite-devido-ao-risco-de-diarreia-e-vomitos\/"]}]},{"@type":"ImageObject","inLanguage":"pt-BR","@id":"https:\/\/www.em.com.br\/emfoco\/2026\/01\/23\/foi-solicitada-retirada-urgente-de-uma-famosa-marca-internacional-de-leite-devido-ao-risco-de-diarreia-e-vomitos\/#primaryimage","url":"https:\/\/www.em.com.br\/emfoco\/wp-content\/uploads\/2026\/01\/ChatGPT-Image-22-de-jan.-de-2026-11_07_11-1.png","contentUrl":"https:\/\/www.em.com.br\/emfoco\/wp-content\/uploads\/2026\/01\/ChatGPT-Image-22-de-jan.-de-2026-11_07_11-1.png","width":1280,"height":720,"caption":"Leite infantil foi retirado de v\u00e1rios pa\u00edses ap\u00f3s alerta sanit\u00e1rio"},{"@type":"BreadcrumbList","@id":"https:\/\/www.em.com.br\/emfoco\/2026\/01\/23\/foi-solicitada-retirada-urgente-de-uma-famosa-marca-internacional-de-leite-devido-ao-risco-de-diarreia-e-vomitos\/#breadcrumb","itemListElement":[{"@type":"ListItem","position":1,"name":"In\u00edcio","item":"https:\/\/www.em.com.br\/emfoco\/"},{"@type":"ListItem","position":2,"name":"Foi solicitada retirada urgente de uma famosa marca internacional de leite devido ao risco de diarreia e v\u00f4mitos"}]},{"@type":"WebSite","@id":"https:\/\/www.em.com.br\/emfoco\/#website","url":"https:\/\/www.em.com.br\/emfoco\/","name":"Estado de Minas - Em foco","description":"Acompanhe as \u00faltimas not\u00edcias e fique bem informado sobre tudo o que acontece em Minas Gerais, Brasil e no mundo.","potentialAction":[{"@type":"SearchAction","target":{"@type":"EntryPoint","urlTemplate":"https:\/\/www.em.com.br\/emfoco\/?s={search_term_string}"},"query-input":{"@type":"PropertyValueSpecification","valueRequired":true,"valueName":"search_term_string"}}],"inLanguage":"pt-BR"},{"@type":"Person","@id":"https:\/\/www.em.com.br\/emfoco\/#\/schema\/person\/60eda09c1fedf0d6891f4cef4b60b8b8","name":"Andre\u0301 Rangel\u00a0","image":{"@type":"ImageObject","inLanguage":"pt-BR","@id":"https:\/\/www.em.com.br\/emfoco\/#\/schema\/person\/image\/","url":"https:\/\/secure.gravatar.com\/avatar\/6234dc814c77c8ef6d8bba622c787efc?s=96&d=mm&r=g","contentUrl":"https:\/\/secure.gravatar.com\/avatar\/6234dc814c77c8ef6d8bba622c787efc?s=96&d=mm&r=g","caption":"Andre\u0301 Rangel\u00a0"},"url":"https:\/\/www.em.com.br\/emfoco\/author\/luizmyth\/"}]}},"_links":{"self":[{"href":"https:\/\/www.em.com.br\/emfoco\/wp-json\/wp\/v2\/posts\/158534","targetHints":{"allow":["GET"]}}],"collection":[{"href":"https:\/\/www.em.com.br\/emfoco\/wp-json\/wp\/v2\/posts"}],"about":[{"href":"https:\/\/www.em.com.br\/emfoco\/wp-json\/wp\/v2\/types\/post"}],"author":[{"embeddable":true,"href":"https:\/\/www.em.com.br\/emfoco\/wp-json\/wp\/v2\/users\/11"}],"replies":[{"embeddable":true,"href":"https:\/\/www.em.com.br\/emfoco\/wp-json\/wp\/v2\/comments?post=158534"}],"version-history":[{"count":3,"href":"https:\/\/www.em.com.br\/emfoco\/wp-json\/wp\/v2\/posts\/158534\/revisions"}],"predecessor-version":[{"id":158609,"href":"https:\/\/www.em.com.br\/emfoco\/wp-json\/wp\/v2\/posts\/158534\/revisions\/158609"}],"wp:featuredmedia":[{"embeddable":true,"href":"https:\/\/www.em.com.br\/emfoco\/wp-json\/wp\/v2\/media\/158607"}],"wp:attachment":[{"href":"https:\/\/www.em.com.br\/emfoco\/wp-json\/wp\/v2\/media?parent=158534"}],"wp:term":[{"taxonomy":"category","embeddable":true,"href":"https:\/\/www.em.com.br\/emfoco\/wp-json\/wp\/v2\/categories?post=158534"},{"taxonomy":"post_tag","embeddable":true,"href":"https:\/\/www.em.com.br\/emfoco\/wp-json\/wp\/v2\/tags?post=158534"}],"curies":[{"name":"wp","href":"https:\/\/api.w.org\/{rel}","templated":true}]}}