{"id":158482,"date":"2026-01-22T11:00:00","date_gmt":"2026-01-22T14:00:00","guid":{"rendered":"https:\/\/www.em.com.br\/emfoco\/?p=158482"},"modified":"2026-01-21T21:29:49","modified_gmt":"2026-01-22T00:29:49","slug":"tendencia-de-esmaltes-para-este-ano-ja-esta-definida-veja-os-tons-mais-desejados-e-como-usa-los","status":"publish","type":"post","link":"https:\/\/www.em.com.br\/emfoco\/2026\/01\/22\/tendencia-de-esmaltes-para-este-ano-ja-esta-definida-veja-os-tons-mais-desejados-e-como-usa-los\/","title":{"rendered":"Tend\u00eancia de esmaltes para este ano j\u00e1 est\u00e1 definida: veja os tons mais desejados e como us\u00e1-los"},"content":{"rendered":"\n<p>Os esmaltes mais desejados revelam muito mais do que simples prefer\u00eancias de beleza: eles traduzem comportamentos de consumo, mudan\u00e7as de estilo e a influ\u00eancia direta de novelas, redes sociais e passarelas. Tons vibrantes, nudes vers\u00e1teis e acabamentos perolados se destacam nas buscas e nas manicures, apontando o que deve permanecer em alta ao longo de 2026 para quem quer unhas sempre atuais e alinhadas \u00e0s tend\u00eancias.<\/p>\n\n\n\n<h2 class=\"wp-block-heading\">Quais s\u00e3o os esmaltes mais desejados do ano<\/h2>\n\n\n\n<p>Ao observar os esmaltes mais desejados, nota-se um equil\u00edbrio entre tons ousados e cores neutras, sempre ligados a f\u00f3rmulas de longa dura\u00e7\u00e3o e boa cobertura. No topo da lista est\u00e3o laranjas intensos, nudes sofisticados, vermelhos cl\u00e1ssicos, vinhos profundos, rosas delicados e brancos cintilantes.<\/p>\n\n\n\n<p>Esses tons atendem perfis variados: de quem busca um visual chamativo, com cores c\u00edtricas e modernas, a quem prefere unhas discretas e elegantes. Em comum, todos funcionam bem do dia a dia a eventos especiais, dispensando trocas constantes de cor.<\/p>\n\n\n\n<figure class=\"wp-block-image size-large\"><img loading=\"lazy\" decoding=\"async\" width=\"1024\" height=\"576\" src=\"https:\/\/www.em.com.br\/emfoco\/wp-content\/uploads\/2026\/01\/Gemini_Generated_Image_48reka48reka48re-1-1024x576.png\" alt=\"\" class=\"wp-image-158483\" srcset=\"https:\/\/www.em.com.br\/emfoco\/wp-content\/uploads\/2026\/01\/Gemini_Generated_Image_48reka48reka48re-1-1024x576.png 1024w, https:\/\/www.em.com.br\/emfoco\/wp-content\/uploads\/2026\/01\/Gemini_Generated_Image_48reka48reka48re-1-300x169.png 300w, https:\/\/www.em.com.br\/emfoco\/wp-content\/uploads\/2026\/01\/Gemini_Generated_Image_48reka48reka48re-1-768x432.png 768w, https:\/\/www.em.com.br\/emfoco\/wp-content\/uploads\/2026\/01\/Gemini_Generated_Image_48reka48reka48re-1-750x422.png 750w, https:\/\/www.em.com.br\/emfoco\/wp-content\/uploads\/2026\/01\/Gemini_Generated_Image_48reka48reka48re-1-1140x641.png 1140w, https:\/\/www.em.com.br\/emfoco\/wp-content\/uploads\/2026\/01\/Gemini_Generated_Image_48reka48reka48re-1.png 1280w\" sizes=\"auto, (max-width: 1024px) 100vw, 1024px\" \/><\/figure>\n\n\n\n<h2 class=\"wp-block-heading\">Quais cores tend\u00eancias se destacam em 2026<\/h2>\n\n\n\n<p>Entre os esmaltes mais desejados, o laranja assume papel de protagonista, impulsionado por personagens de novelas e produ\u00e7\u00f5es audiovisuais. Ele transita do coral quente ao laranja aberto, funcionando como ponto de cor em looks neutros e em produ\u00e7\u00f5es de ver\u00e3o mais descoladas.<\/p>\n\n\n\n<p>Nudes que se aproximam do bege e dos tons de pele seguem fortes, combinando com a est\u00e9tica das soap nails, de unhas limpas e polidas. Vermelho cl\u00e1ssico, vinhos profundos e brancos cintilantes completam o time, equilibrando eleg\u00e2ncia, modernidade e um toque de brilho suave.<\/p>\n\n\n\n<div style=\"overflow-x:auto;\">\n<table style=\"\n  width:100%;\n  border-collapse:separate;\n  border-spacing:0;\n  font-family:Arial, sans-serif;\n  background:#fff5f2;\n  border-radius:14px;\n  overflow:hidden;\n\">\n\n  <thead>\n    <tr style=\"background:#ff7a4f;\">\n      <th style=\"padding:16px; text-align:left; color:#ffffff;\">Esmalte<\/th>\n      <th style=\"padding:16px; text-align:left; color:#ffffff;\">Marca<\/th>\n      <th style=\"padding:16px; text-align:left; color:#ffffff;\">Cor \/ acabamento<\/th>\n      <th style=\"padding:16px; text-align:left; color:#ffffff;\">Por que bombou<\/th>\n      <th style=\"padding:16px; text-align:left; color:#ffffff;\">Pre\u00e7o m\u00e9dio (2026)<\/th>\n    <\/tr>\n  <\/thead>\n\n  <tbody>\n    <tr style=\"background:#ffffff;\">\n      <td style=\"padding:14px; color:#6b3b2a; font-weight:bold;\">\n        Recuperei a Dignidade\n      <\/td>\n      <td style=\"padding:14px; color:#6b3b2a;\">\n        Risqu\u00e9\n      <\/td>\n      <td style=\"padding:14px; color:#6b3b2a;\">\n        Laranja cremoso\n      <\/td>\n      <td style=\"padding:14px; color:#6b3b2a;\">\n        Virou febre ap\u00f3s aparecer nas unhas da personagem Raquel Acioly em \u201cVale Tudo\u201d e se conecta \u00e0 tend\u00eancia do laranja para 2026\n      <\/td>\n      <td style=\"padding:14px; color:#6b3b2a;\">\n        R$ 6,49\n      <\/td>\n    <\/tr>\n\n    <tr style=\"background:#fdebe6;\">\n      <td style=\"padding:14px; color:#6b3b2a; font-weight:bold;\">\n        Cor A014\n      <\/td>\n      <td style=\"padding:14px; color:#6b3b2a;\">\n        Miss R\u00f4se\n      <\/td>\n      <td style=\"padding:14px; color:#6b3b2a;\">\n        Rosa antigo cremoso\n      <\/td>\n      <td style=\"padding:14px; color:#6b3b2a;\">\n        Tom neutro sofisticado, vers\u00e1til para uso solo ou com francesinha\n      <\/td>\n      <td style=\"padding:14px; color:#6b3b2a;\">\n        R$ 14,89\n      <\/td>\n    <\/tr>\n\n    <tr style=\"background:#ffffff;\">\n      <td style=\"padding:14px; color:#6b3b2a; font-weight:bold;\">\n        Nude da Sua Cor 4.0\n      <\/td>\n      <td style=\"padding:14px; color:#6b3b2a;\">\n        Colorama\n      <\/td>\n      <td style=\"padding:14px; color:#6b3b2a;\">\n        Nude bege cremoso\n      <\/td>\n      <td style=\"padding:14px; color:#6b3b2a;\">\n        Queridinho das minimalistas e aposta certeira na tend\u00eancia das soap nails\n      <\/td>\n      <td style=\"padding:14px; color:#6b3b2a;\">\n        R$ 7,30\n      <\/td>\n    <\/tr>\n\n    <tr style=\"background:#fdebe6;\">\n      <td style=\"padding:14px; color:#6b3b2a; font-weight:bold;\">\n        Gabriela\n      <\/td>\n      <td style=\"padding:14px; color:#6b3b2a;\">\n        Risqu\u00e9\n      <\/td>\n      <td style=\"padding:14px; color:#6b3b2a;\">\n        Vermelho cremoso intenso\n      <\/td>\n      <td style=\"padding:14px; color:#6b3b2a;\">\n        Cl\u00e1ssico absoluto que nunca sai de moda e combina com todos os estilos\n      <\/td>\n      <td style=\"padding:14px; color:#6b3b2a;\">\n        R$ 5,71\n      <\/td>\n    <\/tr>\n\n    <tr style=\"background:#ffffff;\">\n      <td style=\"padding:14px; color:#6b3b2a; font-weight:bold;\">\n        Cristal\n      <\/td>\n      <td style=\"padding:14px; color:#6b3b2a;\">\n        Risqu\u00e9\n      <\/td>\n      <td style=\"padding:14px; color:#6b3b2a;\">\n        Branco cintilante perolado\n      <\/td>\n      <td style=\"padding:14px; color:#6b3b2a;\">\n        Interpreta\u00e7\u00e3o elegante do off-white, alinhada \u00e0 cor do ano Pantone\n      <\/td>\n      <td style=\"padding:14px; color:#6b3b2a;\">\n        R$ 7,59\n      <\/td>\n    <\/tr>\n\n    <tr style=\"background:#fdebe6;\">\n      <td style=\"padding:14px; color:#6b3b2a; font-weight:bold;\">\n        Vinho\n      <\/td>\n      <td style=\"padding:14px; color:#6b3b2a;\">\n        Impala\n      <\/td>\n      <td style=\"padding:14px; color:#6b3b2a;\">\n        Vinho cremoso\n      <\/td>\n      <td style=\"padding:14px; color:#6b3b2a;\">\n        Alternativa sofisticada ao vermelho tradicional, com forte presen\u00e7a em 2026\n      <\/td>\n      <td style=\"padding:14px; color:#6b3b2a;\">\n        R$ 5,36\n      <\/td>\n    <\/tr>\n\n    <tr style=\"background:#ffffff;\">\n      <td style=\"padding:14px; color:#6b3b2a; font-weight:bold;\">\n        Dengo\n      <\/td>\n      <td style=\"padding:14px; color:#6b3b2a;\">\n        Impala\n      <\/td>\n      <td style=\"padding:14px; color:#6b3b2a;\">\n        Rosa pastel perolado\n      <\/td>\n      <td style=\"padding:14px; color:#6b3b2a;\">\n        Atualiza o rosa cl\u00e1ssico com efeito \u201casa de borboleta\u201d, tend\u00eancia que segue forte em 2026\n      <\/td>\n      <td style=\"padding:14px; color:#6b3b2a;\">\n        R$ 6,00 (m\u00e9dia)\n      <\/td>\n    <\/tr>\n  <\/tbody>\n<\/table>\n<\/div>\n\n\n\n\n<h2 class=\"wp-block-heading\">Como escolher entre os esmaltes mais desejados<\/h2>\n\n\n\n<p>Na hora de decidir qual esmalte seguir entre os mais desejados do momento, vale ir al\u00e9m da cor favorita e considerar acabamento, tom de pele, estilo de roupa e rotina. A seguir, alguns crit\u00e9rios pr\u00e1ticos ajudam a adaptar as tend\u00eancias ao seu dia a dia sem perder personalidade.<\/p>\n\n\n\n<ul class=\"wp-block-list\">\n<li><strong>Cor e estilo pessoal:<\/strong>\u00a0laranjas e rosas pastel combinam com looks despojados; nudes e brancos cintilantes favorecem visuais discretos e minimalistas; vermelhos e vinhos refor\u00e7am propostas mais cl\u00e1ssicas.<\/li>\n\n\n\n<li><strong>Acabamento:<\/strong>\u00a0cremosos cobrem bem com poucas camadas; cintilantes e perolados adicionam brilho festivo; f\u00f3rmulas transl\u00facidas s\u00e3o ideais para nail art e combina\u00e7\u00f5es em camadas.<\/li>\n\n\n\n<li><strong>Ocasi\u00e3o de uso:<\/strong>\u00a0ambientes corporativos pedem nudes e rosas antigos; festas e eventos abrem espa\u00e7o para vinhos, vermelhos intensos e brancos cintilantes.<\/li>\n<\/ul>\n\n\n\n<h2 class=\"wp-block-heading\">Quais tend\u00eancias de esmaltes devem permanecer nas pr\u00f3ximas temporadas<\/h2>\n\n\n\n<p>As buscas recentes indicam que o laranja continuar\u00e1 em evid\u00eancia em 2026, surgindo do tom suave ao neon em cole\u00e7\u00f5es de ver\u00e3o e em detalhes de nail art. Rosa pastel perolados, com efeito de p\u00f3 asa de borboleta, devem seguir fortes em produ\u00e7\u00f5es rom\u00e2nticas e delicadas.<\/p>\n\n\n\n<figure class=\"wp-block-image\"><img decoding=\"async\" src=\"https:\/\/www.em.com.br\/emfoco\/wp-content\/uploads\/2025\/10\/Unhas-_1760547143729-1024x576.jpg\" alt=\"\"\/><figcaption class=\"wp-element-caption\">O visual de unhas que deixa as m\u00e3os mais jovens e elegante &#8211; Cr\u00e9ditos: depositphotos.com \/ EdZbarzhyvetsky<\/figcaption><\/figure>\n\n\n\n<p>Os nudes personalizados, ajustados a diferentes tons de pele, ganham aten\u00e7\u00e3o das marcas, que ampliam cartelas de bege e marrom claro. J\u00e1 o branco cintilante, associado \u00e0 eleg\u00e2ncia simples, aparece tanto sozinho quanto combinado a outras cores em desenhos, francesinhas modernas e detalhes luminosos.<\/p>\n\n\n\n<h2 class=\"wp-block-heading\">Por que os esmaltes mais desejados revelam seu estilo e pedem a\u00e7\u00e3o agora<\/h2>\n\n\n\n<p>Com esse movimento, os esmaltes mais desejados do ano deixam de ser apenas itens de beleza e passam a sinalizar comportamento, estilo e at\u00e9 posicionamento est\u00e9tico. Cl\u00e1ssicos como nude, vermelho, vinho e branco com brilho se mant\u00eam como base, enquanto novas nuances renovam o visual sem romper com o que o p\u00fablico j\u00e1 ama.<\/p>\n\n\n\n<p>Se voc\u00ea quer unhas alinhadas \u00e0s tend\u00eancias e ao seu jeito de se expressar, este \u00e9 o momento de testar cores, acabamentos e combina\u00e7\u00f5es antes que as pr\u00f3ximas cole\u00e7\u00f5es cheguem \u00e0s prateleiras. N\u00e3o espere a temporada passar: escolha hoje seus esmaltes favoritos, experimente novas propostas na pr\u00f3xima manicure e transforme cada cor em uma assinatura pessoal e \u00fanica.<\/p>\n\n\n\n<p><\/p>\n","protected":false},"excerpt":{"rendered":"<p>Os esmaltes mais desejados revelam muito mais do que simples prefer\u00eancias de beleza: eles traduzem comportamentos de consumo, mudan\u00e7as de estilo e a influ\u00eancia direta de novelas, redes sociais e passarelas. Tons vibrantes, nudes vers\u00e1teis e acabamentos perolados se destacam nas buscas e nas manicures, apontando o que deve permanecer em alta ao longo de [&hellip;]<\/p>\n","protected":false},"author":11,"featured_media":115610,"comment_status":"open","ping_status":"open","sticky":false,"template":"","format":"standard","meta":{"jnews-multi-image_gallery":[],"jnews_single_post":{"format":"standard"},"jnews_primary_category":[],"jnews_social_meta":[],"jnews_override_counter":[],"footnotes":""},"categories":[8819,1],"tags":[21988,8793,6689,5353,5318,7660,3096,5354],"class_list":["post-158482","post","type-post","status-publish","format-standard","has-post-thumbnail","hentry","category-curiosidades","category-noticias","tag-cores-2026","tag-cores-de-esmalte","tag-elegancia","tag-esmaltes","tag-estilo","tag-manicure","tag-tendencias","tag-unhas"],"yoast_head":"<!-- This site is optimized with the Yoast SEO plugin v23.8 - https:\/\/yoast.com\/wordpress\/plugins\/seo\/ -->\n<title>Tend\u00eancia de esmaltes para este ano j\u00e1 est\u00e1 definida: veja os tons mais desejados e como us\u00e1-los - Estado de Minas - Em foco<\/title>\n<meta name=\"description\" content=\"Os esmaltes mais desejados do ano revelam tend\u00eancias que unem cor eleg\u00e2ncia e estilo. Veja quais tons v\u00e3o seguir em alta em 2026.\" \/>\n<meta name=\"robots\" content=\"index, follow, max-snippet:-1, max-image-preview:large, max-video-preview:-1\" \/>\n<link rel=\"canonical\" href=\"https:\/\/www.em.com.br\/emfoco\/2026\/01\/22\/tendencia-de-esmaltes-para-este-ano-ja-esta-definida-veja-os-tons-mais-desejados-e-como-usa-los\/\" \/>\n<meta property=\"og:locale\" content=\"pt_BR\" \/>\n<meta property=\"og:type\" content=\"article\" \/>\n<meta property=\"og:title\" content=\"Tend\u00eancia de esmaltes para este ano j\u00e1 est\u00e1 definida: veja os tons mais desejados e como us\u00e1-los - Estado de Minas - Em foco\" \/>\n<meta property=\"og:description\" content=\"Os esmaltes mais desejados do ano revelam tend\u00eancias que unem cor eleg\u00e2ncia e estilo. Veja quais tons v\u00e3o seguir em alta em 2026.\" \/>\n<meta property=\"og:url\" content=\"https:\/\/www.em.com.br\/emfoco\/2026\/01\/22\/tendencia-de-esmaltes-para-este-ano-ja-esta-definida-veja-os-tons-mais-desejados-e-como-usa-los\/\" \/>\n<meta property=\"og:site_name\" content=\"Estado de Minas - Em foco\" \/>\n<meta property=\"article:published_time\" content=\"2026-01-22T14:00:00+00:00\" \/>\n<meta property=\"article:modified_time\" content=\"2026-01-22T00:29:49+00:00\" \/>\n<meta property=\"og:image\" content=\"https:\/\/www.em.com.br\/emfoco\/wp-content\/uploads\/2025\/10\/Unhas-_1760547143729.jpg\" \/>\n\t<meta property=\"og:image:width\" content=\"1280\" \/>\n\t<meta property=\"og:image:height\" content=\"720\" \/>\n\t<meta property=\"og:image:type\" content=\"image\/jpeg\" \/>\n<meta name=\"author\" content=\"Andre\u0301 Rangel\u00a0\" \/>\n<meta name=\"twitter:card\" content=\"summary_large_image\" \/>\n<meta name=\"twitter:label1\" content=\"Escrito por\" \/>\n\t<meta name=\"twitter:data1\" content=\"Andre\u0301 Rangel\u00a0\" \/>\n\t<meta name=\"twitter:label2\" content=\"Est. tempo de leitura\" \/>\n\t<meta name=\"twitter:data2\" content=\"5 minutos\" \/>\n<!-- \/ Yoast SEO plugin. -->","yoast_head_json":{"title":"Tend\u00eancia de esmaltes para este ano j\u00e1 est\u00e1 definida: veja os tons mais desejados e como us\u00e1-los - Estado de Minas - Em foco","description":"Os esmaltes mais desejados do ano revelam tend\u00eancias que unem cor eleg\u00e2ncia e estilo. Veja quais tons v\u00e3o seguir em alta em 2026.","robots":{"index":"index","follow":"follow","max-snippet":"max-snippet:-1","max-image-preview":"max-image-preview:large","max-video-preview":"max-video-preview:-1"},"canonical":"https:\/\/www.em.com.br\/emfoco\/2026\/01\/22\/tendencia-de-esmaltes-para-este-ano-ja-esta-definida-veja-os-tons-mais-desejados-e-como-usa-los\/","og_locale":"pt_BR","og_type":"article","og_title":"Tend\u00eancia de esmaltes para este ano j\u00e1 est\u00e1 definida: veja os tons mais desejados e como us\u00e1-los - Estado de Minas - Em foco","og_description":"Os esmaltes mais desejados do ano revelam tend\u00eancias que unem cor eleg\u00e2ncia e estilo. Veja quais tons v\u00e3o seguir em alta em 2026.","og_url":"https:\/\/www.em.com.br\/emfoco\/2026\/01\/22\/tendencia-de-esmaltes-para-este-ano-ja-esta-definida-veja-os-tons-mais-desejados-e-como-usa-los\/","og_site_name":"Estado de Minas - Em foco","article_published_time":"2026-01-22T14:00:00+00:00","article_modified_time":"2026-01-22T00:29:49+00:00","og_image":[{"width":1280,"height":720,"url":"https:\/\/www.em.com.br\/emfoco\/wp-content\/uploads\/2025\/10\/Unhas-_1760547143729.jpg","type":"image\/jpeg"}],"author":"Andre\u0301 Rangel\u00a0","twitter_card":"summary_large_image","twitter_misc":{"Escrito por":"Andre\u0301 Rangel\u00a0","Est. tempo de leitura":"5 minutos"},"schema":{"@context":"https:\/\/schema.org","@graph":[{"@type":"WebPage","@id":"https:\/\/www.em.com.br\/emfoco\/2026\/01\/22\/tendencia-de-esmaltes-para-este-ano-ja-esta-definida-veja-os-tons-mais-desejados-e-como-usa-los\/","url":"https:\/\/www.em.com.br\/emfoco\/2026\/01\/22\/tendencia-de-esmaltes-para-este-ano-ja-esta-definida-veja-os-tons-mais-desejados-e-como-usa-los\/","name":"Tend\u00eancia de esmaltes para este ano j\u00e1 est\u00e1 definida: veja os tons mais desejados e como us\u00e1-los - Estado de Minas - Em foco","isPartOf":{"@id":"https:\/\/www.em.com.br\/emfoco\/#website"},"primaryImageOfPage":{"@id":"https:\/\/www.em.com.br\/emfoco\/2026\/01\/22\/tendencia-de-esmaltes-para-este-ano-ja-esta-definida-veja-os-tons-mais-desejados-e-como-usa-los\/#primaryimage"},"image":{"@id":"https:\/\/www.em.com.br\/emfoco\/2026\/01\/22\/tendencia-de-esmaltes-para-este-ano-ja-esta-definida-veja-os-tons-mais-desejados-e-como-usa-los\/#primaryimage"},"thumbnailUrl":"https:\/\/www.em.com.br\/emfoco\/wp-content\/uploads\/2025\/10\/Unhas-_1760547143729.jpg","datePublished":"2026-01-22T14:00:00+00:00","dateModified":"2026-01-22T00:29:49+00:00","author":{"@id":"https:\/\/www.em.com.br\/emfoco\/#\/schema\/person\/60eda09c1fedf0d6891f4cef4b60b8b8"},"description":"Os esmaltes mais desejados do ano revelam tend\u00eancias que unem cor eleg\u00e2ncia e estilo. Veja quais tons v\u00e3o seguir em alta em 2026.","breadcrumb":{"@id":"https:\/\/www.em.com.br\/emfoco\/2026\/01\/22\/tendencia-de-esmaltes-para-este-ano-ja-esta-definida-veja-os-tons-mais-desejados-e-como-usa-los\/#breadcrumb"},"inLanguage":"pt-BR","potentialAction":[{"@type":"ReadAction","target":["https:\/\/www.em.com.br\/emfoco\/2026\/01\/22\/tendencia-de-esmaltes-para-este-ano-ja-esta-definida-veja-os-tons-mais-desejados-e-como-usa-los\/"]}]},{"@type":"ImageObject","inLanguage":"pt-BR","@id":"https:\/\/www.em.com.br\/emfoco\/2026\/01\/22\/tendencia-de-esmaltes-para-este-ano-ja-esta-definida-veja-os-tons-mais-desejados-e-como-usa-los\/#primaryimage","url":"https:\/\/www.em.com.br\/emfoco\/wp-content\/uploads\/2025\/10\/Unhas-_1760547143729.jpg","contentUrl":"https:\/\/www.em.com.br\/emfoco\/wp-content\/uploads\/2025\/10\/Unhas-_1760547143729.jpg","width":1280,"height":720,"caption":"Entenda como as unhas crescem de forma natural - Cr\u00e9ditos: depositphotos.com \/ EdZbarzhyvetsky"},{"@type":"BreadcrumbList","@id":"https:\/\/www.em.com.br\/emfoco\/2026\/01\/22\/tendencia-de-esmaltes-para-este-ano-ja-esta-definida-veja-os-tons-mais-desejados-e-como-usa-los\/#breadcrumb","itemListElement":[{"@type":"ListItem","position":1,"name":"In\u00edcio","item":"https:\/\/www.em.com.br\/emfoco\/"},{"@type":"ListItem","position":2,"name":"Tend\u00eancia de esmaltes para este ano j\u00e1 est\u00e1 definida: veja os tons mais desejados e como us\u00e1-los"}]},{"@type":"WebSite","@id":"https:\/\/www.em.com.br\/emfoco\/#website","url":"https:\/\/www.em.com.br\/emfoco\/","name":"Estado de Minas - Em foco","description":"Acompanhe as \u00faltimas not\u00edcias e fique bem informado sobre tudo o que acontece em Minas Gerais, Brasil e no mundo.","potentialAction":[{"@type":"SearchAction","target":{"@type":"EntryPoint","urlTemplate":"https:\/\/www.em.com.br\/emfoco\/?s={search_term_string}"},"query-input":{"@type":"PropertyValueSpecification","valueRequired":true,"valueName":"search_term_string"}}],"inLanguage":"pt-BR"},{"@type":"Person","@id":"https:\/\/www.em.com.br\/emfoco\/#\/schema\/person\/60eda09c1fedf0d6891f4cef4b60b8b8","name":"Andre\u0301 Rangel\u00a0","image":{"@type":"ImageObject","inLanguage":"pt-BR","@id":"https:\/\/www.em.com.br\/emfoco\/#\/schema\/person\/image\/","url":"https:\/\/secure.gravatar.com\/avatar\/6234dc814c77c8ef6d8bba622c787efc?s=96&d=mm&r=g","contentUrl":"https:\/\/secure.gravatar.com\/avatar\/6234dc814c77c8ef6d8bba622c787efc?s=96&d=mm&r=g","caption":"Andre\u0301 Rangel\u00a0"},"url":"https:\/\/www.em.com.br\/emfoco\/author\/luizmyth\/"}]}},"_links":{"self":[{"href":"https:\/\/www.em.com.br\/emfoco\/wp-json\/wp\/v2\/posts\/158482","targetHints":{"allow":["GET"]}}],"collection":[{"href":"https:\/\/www.em.com.br\/emfoco\/wp-json\/wp\/v2\/posts"}],"about":[{"href":"https:\/\/www.em.com.br\/emfoco\/wp-json\/wp\/v2\/types\/post"}],"author":[{"embeddable":true,"href":"https:\/\/www.em.com.br\/emfoco\/wp-json\/wp\/v2\/users\/11"}],"replies":[{"embeddable":true,"href":"https:\/\/www.em.com.br\/emfoco\/wp-json\/wp\/v2\/comments?post=158482"}],"version-history":[{"count":2,"href":"https:\/\/www.em.com.br\/emfoco\/wp-json\/wp\/v2\/posts\/158482\/revisions"}],"predecessor-version":[{"id":158486,"href":"https:\/\/www.em.com.br\/emfoco\/wp-json\/wp\/v2\/posts\/158482\/revisions\/158486"}],"wp:featuredmedia":[{"embeddable":true,"href":"https:\/\/www.em.com.br\/emfoco\/wp-json\/wp\/v2\/media\/115610"}],"wp:attachment":[{"href":"https:\/\/www.em.com.br\/emfoco\/wp-json\/wp\/v2\/media?parent=158482"}],"wp:term":[{"taxonomy":"category","embeddable":true,"href":"https:\/\/www.em.com.br\/emfoco\/wp-json\/wp\/v2\/categories?post=158482"},{"taxonomy":"post_tag","embeddable":true,"href":"https:\/\/www.em.com.br\/emfoco\/wp-json\/wp\/v2\/tags?post=158482"}],"curies":[{"name":"wp","href":"https:\/\/api.w.org\/{rel}","templated":true}]}}