{"id":158461,"date":"2026-01-23T21:55:00","date_gmt":"2026-01-24T00:55:00","guid":{"rendered":"https:\/\/www.em.com.br\/emfoco\/?p=158461"},"modified":"2026-01-21T22:42:56","modified_gmt":"2026-01-22T01:42:56","slug":"a-psicologia-por-tras-das-pessoas-que-nunca-postam-nas-redes-sociais","status":"publish","type":"post","link":"https:\/\/www.em.com.br\/emfoco\/2026\/01\/23\/a-psicologia-por-tras-das-pessoas-que-nunca-postam-nas-redes-sociais\/","title":{"rendered":"A psicologia por tr\u00e1s das pessoas que nunca postam nas redes sociais"},"content":{"rendered":"\n<p>Em plena era das telas, cresce um grupo silencioso: pessoas que usam redes sociais, acompanham tend\u00eancias, assistem a v\u00eddeos, mas optam por n\u00e3o postar nada sobre a pr\u00f3pria vida. Essa escolha, muitas vezes interpretada como timidez, desinteresse ou at\u00e9 arrog\u00e2ncia, tem sido observada por pesquisadores e profissionais de sa\u00fade mental como um comportamento ligado \u00e0 forma como cada indiv\u00edduo lida com exposi\u00e7\u00e3o, pertencimento e identidade digital.<\/p>\n\n\n\n<h2 class=\"wp-block-heading\">Por que algumas pessoas escolhem viver sem postar nas redes sociais<\/h2>\n\n\n\n<p>Se voc\u00ea veio pelo <strong>@<\/strong><a href=\"https:\/\/www.youtube.com\/@leoxbp\" target=\"_blank\" rel=\"noreferrer noopener\">Leo Xavier<\/a>, esse texto amplia o v\u00eddeo e mostra que <strong>n\u00e3o postar n\u00e3o \u00e9 sumi\u00e7o<\/strong> \u2014 \u00e9 escolha consciente de exposi\u00e7\u00e3o, limite e uso mais saud\u00e1vel das redes.<\/p>\n\n\n\n<iframe loading=\"lazy\" width=\"1013\" height=\"570\" src=\"https:\/\/www.youtube.com\/embed\/hhrsxibSlKs\" title=\"A REAL Psicologia das Pessoas que NUNCA POSTAM nas redes sociais\" frameborder=\"0\" allow=\"accelerometer; autoplay; clipboard-write; encrypted-media; gyroscope; picture-in-picture; web-share\" referrerpolicy=\"strict-origin-when-cross-origin\" allowfullscreen><\/iframe>\n\n\n\n<p>A express\u00e3o <strong>\u201cviver sem postar\u201d<\/strong> descreve quem mant\u00e9m uma rela\u00e7\u00e3o mais discreta com o universo digital, consumindo conte\u00fado de forma passiva e aparecendo pouco em p\u00fablico. Em vez de compartilhar fotos, opini\u00f5es ou rotinas, essas pessoas observam mais do que participam, priorizando experi\u00eancias diretas e menos mediadas por telas.<\/p>\n\n\n\n<p>Esse comportamento se apoia em fatores como cansa\u00e7o emocional, preocupa\u00e7\u00e3o com privacidade e menor necessidade de valida\u00e7\u00e3o p\u00fablica, funcionando muitas vezes como um contraponto ao padr\u00e3o de exposi\u00e7\u00e3o constante. Em vez de transformar a vida em vitrine permanente, a prioridade passa a ser viver a rotina longe dos holofotes das redes.<\/p>\n\n\n\n<h2 class=\"wp-block-heading\">Viver sem postar \u00e9 o mesmo que rejeitar as redes sociais<\/h2>\n\n\n\n<p>Optar por uma <strong>vida sem postar nas redes sociais<\/strong> n\u00e3o significa rejeitar a tecnologia ou romper com o ambiente digital, mas redefinir o modo de uso. Muitas pessoas que raramente publicam mant\u00eam perfis ativos para acompanhar not\u00edcias, estudar, trabalhar ou se atualizar sobre temas de interesse, com um uso mais informativo e menos perform\u00e1tico.<\/p>\n\n\n\n<p>Esse padr\u00e3o aparece com frequ\u00eancia em quem prioriza intera\u00e7\u00f5es diretas ou conversas em canais privados, como mensagens e chamadas de v\u00eddeo, em vez de publica\u00e7\u00f5es abertas. A socializa\u00e7\u00e3o continua acontecendo, mas em c\u00edrculos menores, nos quais a aus\u00eancia de posts n\u00e3o representa isolamento, e sim uma forma de regular a pr\u00f3pria exposi\u00e7\u00e3o p\u00fablica.<\/p>\n\n\n\n<p>Leia mais: <a href=\"https:\/\/www.em.com.br\/mundo-corporativo\/2025\/10\/7277686-como-retomar-o-trabalho-com-equilibrio-apos-o-cancer-de-mama.html\" target=\"_blank\" rel=\"noreferrer noopener\">Como retomar o trabalho com equil\u00edbrio ap\u00f3s o c\u00e2ncer de mama<\/a><\/p>\n\n\n\n<h2 class=\"wp-block-heading\">Quais fatores influenciam a decis\u00e3o de n\u00e3o postar nas redes sociais<\/h2>\n\n\n\n<p>A escolha por uma vida sem postagem envolve dimens\u00f5es emocionais, cognitivas e sociais que variam de pessoa para pessoa. Entre os fatores mais citados por especialistas e estudos de comportamento digital, est\u00e3o motivos ligados \u00e0 prote\u00e7\u00e3o da intimidade, ao bem-estar psicol\u00f3gico e \u00e0 redu\u00e7\u00e3o de conflitos.<\/p>\n\n\n\n<p>Algumas das raz\u00f5es mais recorrentes que influenciam essa decis\u00e3o incluem:<\/p>\n\n\n\n<ul class=\"wp-block-list\">\n<li><strong>Cansa\u00e7o informacional:<\/strong> excesso de conte\u00fados, opini\u00f5es e imagens que exige esfor\u00e7o mental constante para ser filtrado.<\/li>\n\n\n\n<li><strong>Sensa\u00e7\u00e3o de vigil\u00e2ncia:<\/strong> percep\u00e7\u00e3o de que tudo pode ser julgado, salvo e compartilhado, levando algumas pessoas a preferirem o sil\u00eancio digital.<\/li>\n\n\n\n<li><strong>Busca por privacidade:<\/strong> decis\u00e3o consciente de manter fam\u00edlia, relacionamentos, trabalho e rotina fora do olhar p\u00fablico.<\/li>\n\n\n\n<li><strong>Gest\u00e3o emocional:<\/strong> tentativa de reduzir a exposi\u00e7\u00e3o a compara\u00e7\u00f5es, cr\u00edticas e mal-entendidos em ambientes online.<\/li>\n<\/ul>\n\n\n\n<h2 class=\"wp-block-heading\">Quais s\u00e3o os poss\u00edveis impactos de viver sem postar nas redes sociais<\/h2>\n\n\n<div class=\"wp-block-image\">\n<figure class=\"aligncenter size-large\"><img loading=\"lazy\" decoding=\"async\" width=\"1024\" height=\"576\" src=\"https:\/\/www.em.com.br\/emfoco\/wp-content\/uploads\/2025\/09\/mulher_1756920631421-1024x576.jpg\" alt=\"O autocuidado emocional que come\u00e7a quando voc\u00ea desacelera, 6 h\u00e1bitos para abandonar esse ano!\" class=\"wp-image-108780\" srcset=\"https:\/\/www.em.com.br\/emfoco\/wp-content\/uploads\/2025\/09\/mulher_1756920631421-1024x576.jpg 1024w, https:\/\/www.em.com.br\/emfoco\/wp-content\/uploads\/2025\/09\/mulher_1756920631421-300x169.jpg 300w, https:\/\/www.em.com.br\/emfoco\/wp-content\/uploads\/2025\/09\/mulher_1756920631421-768x432.jpg 768w, https:\/\/www.em.com.br\/emfoco\/wp-content\/uploads\/2025\/09\/mulher_1756920631421-750x422.jpg 750w, https:\/\/www.em.com.br\/emfoco\/wp-content\/uploads\/2025\/09\/mulher_1756920631421-1140x641.jpg 1140w, https:\/\/www.em.com.br\/emfoco\/wp-content\/uploads\/2025\/09\/mulher_1756920631421.jpg 1280w\" sizes=\"auto, (max-width: 1024px) 100vw, 1024px\" \/><figcaption class=\"wp-element-caption\">Sil\u00eancio digital tamb\u00e9m \u00e9 posicionamento &#8211; Cr\u00e9ditos: depositphotos.com \/ AllaSerebrina<\/figcaption><\/figure><\/div>\n\n\n<p>Os efeitos de adotar uma rotina sem publica\u00e7\u00f5es dependem do contexto social e profissional de cada pessoa, podendo trazer ganhos e desafios. Em termos pr\u00e1ticos, a redu\u00e7\u00e3o de exposi\u00e7\u00e3o tende a diminuir a participa\u00e7\u00e3o em disputas de opini\u00e3o, pol\u00eamicas e compara\u00e7\u00f5es constantes com padr\u00f5es de viagem, corpo ou sucesso mostrados nas plataformas.<\/p>\n\n\n\n<p>Por outro lado, essa escolha pode gerar percep\u00e7\u00f5es externas de dist\u00e2ncia ou desinteresse, sobretudo em grupos que organizam a vida social a partir de atualiza\u00e7\u00f5es p\u00fablicas. Em ambientes profissionais, familiares e de amizade, o sil\u00eancio digital pode ser lido como baixa presen\u00e7a, pouca visibilidade de marca pessoal ou apenas discri\u00e7\u00e3o, a depender de quem observa.<\/p>\n\n\n\n<p>Leia mais: <a href=\"https:\/\/www.em.com.br\/saude\/2025\/10\/7274640-cabelo-x-menopausa-como-a-fase-afeta-a-autoestima-da-mulher.html\" target=\"_blank\" rel=\"noreferrer noopener\">Cabelo x menopausa: como a fase afeta a autoestima da mulher?<\/a><\/p>\n\n\n\n<h2 class=\"wp-block-heading\">Como conciliar a vida digital com a escolha de n\u00e3o postar nas redes sociais<\/h2>\n\n\n\n<p>Conciliar o uso das redes sociais com o desejo de <strong>viver sem postar tudo<\/strong> passa por estabelecer limites claros e coerentes com o pr\u00f3prio bem-estar. Uma estrat\u00e9gia central \u00e9 definir para que as plataformas ser\u00e3o usadas, evitando trat\u00e1-las como di\u00e1rio p\u00fablico e priorizando intera\u00e7\u00f5es que fa\u00e7am sentido para a rotina real.<\/p>\n\n\n\n<p>Relatos de pessoas que adotam esse estilo de rela\u00e7\u00e3o com as redes apontam algumas pr\u00e1ticas que ajudam a manter equil\u00edbrio entre presen\u00e7a digital e privacidade:<\/p>\n\n\n\n<ol class=\"wp-block-list\">\n<li><strong>Definir prop\u00f3sito de uso:<\/strong> usar redes principalmente para informa\u00e7\u00e3o, aprendizado ou trabalho, e n\u00e3o como di\u00e1rio p\u00fablico.<\/li>\n\n\n\n<li><strong>Priorizar conversas privadas:<\/strong> substituir parte das publica\u00e7\u00f5es por mensagens diretas, grupos pequenos e encontros presenciais.<\/li>\n\n\n\n<li><strong>Selecionar o que permanece offline:<\/strong> decidir antecipadamente quais \u00e1reas da vida n\u00e3o ser\u00e3o expostas, como relacionamentos, rotina dom\u00e9stica ou localiza\u00e7\u00e3o em tempo real.<\/li>\n\n\n\n<li><strong>Reduzir notifica\u00e7\u00f5es:<\/strong> limitar alerta para diminuir o impulso de postar e reagir o tempo todo.<\/li>\n\n\n\n<li><strong>Rever periodicamente os h\u00e1bitos:<\/strong> observar se a forma de uso continua coerente com os objetivos pessoais e com o bem-estar.<\/li>\n<\/ol>\n\n\n\n<p>Em um cen\u00e1rio em que visibilidade costuma ser associada a valor social, o ato de n\u00e3o postar torna-se apenas uma entre v\u00e1rias formas leg\u00edtimas de exist\u00eancia digital. Nessa perspectiva, a tecnologia volta a ser ferramenta a servi\u00e7o da vida, e n\u00e3o um par\u00e2metro de relev\u00e2ncia ou medida do quanto algu\u00e9m est\u00e1 \u201cpresente\u201d no mundo.<\/p>\n","protected":false},"excerpt":{"rendered":"<p>Em plena era das telas, cresce um grupo silencioso: pessoas que usam redes sociais, acompanham tend\u00eancias, assistem a v\u00eddeos, mas optam por n\u00e3o postar nada sobre a pr\u00f3pria vida. Essa escolha, muitas vezes interpretada como timidez, desinteresse ou at\u00e9 arrog\u00e2ncia, tem sido observada por pesquisadores e profissionais de sa\u00fade mental como um comportamento ligado \u00e0 [&hellip;]<\/p>\n","protected":false},"author":20,"featured_media":157213,"comment_status":"open","ping_status":"open","sticky":false,"template":"","format":"standard","meta":{"jnews-multi-image_gallery":[],"jnews_single_post":{"format":"standard"},"jnews_primary_category":[],"jnews_social_meta":[],"jnews_override_counter":[],"footnotes":""},"categories":[8819,1],"tags":[23167,2398,23166],"class_list":["post-158461","post","type-post","status-publish","format-standard","has-post-thumbnail","hentry","category-curiosidades","category-noticias","tag-diferentes-geracoes","tag-redes-sociais","tag-viver-sem-postar"],"yoast_head":"<!-- This site is optimized with the Yoast SEO plugin v23.8 - https:\/\/yoast.com\/wordpress\/plugins\/seo\/ -->\n<title>A psicologia por tr\u00e1s das pessoas que nunca postam nas redes sociais - Estado de Minas - Em foco<\/title>\n<meta name=\"description\" content=\"Entenda por que viver sem postar nas redes sociais pode estar ligado a bem-estar, privacidade e identidade digital, segundo a psicologia.\" \/>\n<meta name=\"robots\" content=\"index, follow, max-snippet:-1, max-image-preview:large, max-video-preview:-1\" \/>\n<link rel=\"canonical\" href=\"https:\/\/www.em.com.br\/emfoco\/2026\/01\/23\/a-psicologia-por-tras-das-pessoas-que-nunca-postam-nas-redes-sociais\/\" \/>\n<meta property=\"og:locale\" content=\"pt_BR\" \/>\n<meta property=\"og:type\" content=\"article\" \/>\n<meta property=\"og:title\" content=\"A psicologia por tr\u00e1s das pessoas que nunca postam nas redes sociais - Estado de Minas - Em foco\" \/>\n<meta property=\"og:description\" content=\"Entenda por que viver sem postar nas redes sociais pode estar ligado a bem-estar, privacidade e identidade digital, segundo a psicologia.\" \/>\n<meta property=\"og:url\" content=\"https:\/\/www.em.com.br\/emfoco\/2026\/01\/23\/a-psicologia-por-tras-das-pessoas-que-nunca-postam-nas-redes-sociais\/\" \/>\n<meta property=\"og:site_name\" content=\"Estado de Minas - Em foco\" \/>\n<meta property=\"article:published_time\" content=\"2026-01-24T00:55:00+00:00\" \/>\n<meta property=\"article:modified_time\" content=\"2026-01-22T01:42:56+00:00\" \/>\n<meta property=\"og:image\" content=\"https:\/\/www.em.com.br\/emfoco\/wp-content\/uploads\/2026\/01\/ChatGPT-Image-19-de-jan.-de-2026-15_55_22-1.png\" \/>\n\t<meta property=\"og:image:width\" content=\"1280\" \/>\n\t<meta property=\"og:image:height\" content=\"720\" \/>\n\t<meta property=\"og:image:type\" content=\"image\/png\" \/>\n<meta name=\"author\" content=\"Ingrid Diniz\" \/>\n<meta name=\"twitter:card\" content=\"summary_large_image\" \/>\n<meta name=\"twitter:label1\" content=\"Escrito por\" \/>\n\t<meta name=\"twitter:data1\" content=\"Ingrid Diniz\" \/>\n\t<meta name=\"twitter:label2\" content=\"Est. tempo de leitura\" \/>\n\t<meta name=\"twitter:data2\" content=\"6 minutos\" \/>\n<!-- \/ Yoast SEO plugin. -->","yoast_head_json":{"title":"A psicologia por tr\u00e1s das pessoas que nunca postam nas redes sociais - Estado de Minas - Em foco","description":"Entenda por que viver sem postar nas redes sociais pode estar ligado a bem-estar, privacidade e identidade digital, segundo a psicologia.","robots":{"index":"index","follow":"follow","max-snippet":"max-snippet:-1","max-image-preview":"max-image-preview:large","max-video-preview":"max-video-preview:-1"},"canonical":"https:\/\/www.em.com.br\/emfoco\/2026\/01\/23\/a-psicologia-por-tras-das-pessoas-que-nunca-postam-nas-redes-sociais\/","og_locale":"pt_BR","og_type":"article","og_title":"A psicologia por tr\u00e1s das pessoas que nunca postam nas redes sociais - Estado de Minas - Em foco","og_description":"Entenda por que viver sem postar nas redes sociais pode estar ligado a bem-estar, privacidade e identidade digital, segundo a psicologia.","og_url":"https:\/\/www.em.com.br\/emfoco\/2026\/01\/23\/a-psicologia-por-tras-das-pessoas-que-nunca-postam-nas-redes-sociais\/","og_site_name":"Estado de Minas - Em foco","article_published_time":"2026-01-24T00:55:00+00:00","article_modified_time":"2026-01-22T01:42:56+00:00","og_image":[{"width":1280,"height":720,"url":"https:\/\/www.em.com.br\/emfoco\/wp-content\/uploads\/2026\/01\/ChatGPT-Image-19-de-jan.-de-2026-15_55_22-1.png","type":"image\/png"}],"author":"Ingrid Diniz","twitter_card":"summary_large_image","twitter_misc":{"Escrito por":"Ingrid Diniz","Est. tempo de leitura":"6 minutos"},"schema":{"@context":"https:\/\/schema.org","@graph":[{"@type":"WebPage","@id":"https:\/\/www.em.com.br\/emfoco\/2026\/01\/23\/a-psicologia-por-tras-das-pessoas-que-nunca-postam-nas-redes-sociais\/","url":"https:\/\/www.em.com.br\/emfoco\/2026\/01\/23\/a-psicologia-por-tras-das-pessoas-que-nunca-postam-nas-redes-sociais\/","name":"A psicologia por tr\u00e1s das pessoas que nunca postam nas redes sociais - Estado de Minas - Em foco","isPartOf":{"@id":"https:\/\/www.em.com.br\/emfoco\/#website"},"primaryImageOfPage":{"@id":"https:\/\/www.em.com.br\/emfoco\/2026\/01\/23\/a-psicologia-por-tras-das-pessoas-que-nunca-postam-nas-redes-sociais\/#primaryimage"},"image":{"@id":"https:\/\/www.em.com.br\/emfoco\/2026\/01\/23\/a-psicologia-por-tras-das-pessoas-que-nunca-postam-nas-redes-sociais\/#primaryimage"},"thumbnailUrl":"https:\/\/www.em.com.br\/emfoco\/wp-content\/uploads\/2026\/01\/ChatGPT-Image-19-de-jan.-de-2026-15_55_22-1.png","datePublished":"2026-01-24T00:55:00+00:00","dateModified":"2026-01-22T01:42:56+00:00","author":{"@id":"https:\/\/www.em.com.br\/emfoco\/#\/schema\/person\/649e610b4eb8fff87ff394e54fe17b2b"},"description":"Entenda por que viver sem postar nas redes sociais pode estar ligado a bem-estar, privacidade e identidade digital, segundo a psicologia.","breadcrumb":{"@id":"https:\/\/www.em.com.br\/emfoco\/2026\/01\/23\/a-psicologia-por-tras-das-pessoas-que-nunca-postam-nas-redes-sociais\/#breadcrumb"},"inLanguage":"pt-BR","potentialAction":[{"@type":"ReadAction","target":["https:\/\/www.em.com.br\/emfoco\/2026\/01\/23\/a-psicologia-por-tras-das-pessoas-que-nunca-postam-nas-redes-sociais\/"]}]},{"@type":"ImageObject","inLanguage":"pt-BR","@id":"https:\/\/www.em.com.br\/emfoco\/2026\/01\/23\/a-psicologia-por-tras-das-pessoas-que-nunca-postam-nas-redes-sociais\/#primaryimage","url":"https:\/\/www.em.com.br\/emfoco\/wp-content\/uploads\/2026\/01\/ChatGPT-Image-19-de-jan.-de-2026-15_55_22-1.png","contentUrl":"https:\/\/www.em.com.br\/emfoco\/wp-content\/uploads\/2026\/01\/ChatGPT-Image-19-de-jan.-de-2026-15_55_22-1.png","width":1280,"height":720,"caption":"Sil\u00eancio digital tamb\u00e9m \u00e9 posicionamento"},{"@type":"BreadcrumbList","@id":"https:\/\/www.em.com.br\/emfoco\/2026\/01\/23\/a-psicologia-por-tras-das-pessoas-que-nunca-postam-nas-redes-sociais\/#breadcrumb","itemListElement":[{"@type":"ListItem","position":1,"name":"In\u00edcio","item":"https:\/\/www.em.com.br\/emfoco\/"},{"@type":"ListItem","position":2,"name":"A psicologia por tr\u00e1s das pessoas que nunca postam nas redes sociais"}]},{"@type":"WebSite","@id":"https:\/\/www.em.com.br\/emfoco\/#website","url":"https:\/\/www.em.com.br\/emfoco\/","name":"Estado de Minas - Em foco","description":"Acompanhe as \u00faltimas not\u00edcias e fique bem informado sobre tudo o que acontece em Minas Gerais, Brasil e no mundo.","potentialAction":[{"@type":"SearchAction","target":{"@type":"EntryPoint","urlTemplate":"https:\/\/www.em.com.br\/emfoco\/?s={search_term_string}"},"query-input":{"@type":"PropertyValueSpecification","valueRequired":true,"valueName":"search_term_string"}}],"inLanguage":"pt-BR"},{"@type":"Person","@id":"https:\/\/www.em.com.br\/emfoco\/#\/schema\/person\/649e610b4eb8fff87ff394e54fe17b2b","name":"Ingrid Diniz","image":{"@type":"ImageObject","inLanguage":"pt-BR","@id":"https:\/\/www.em.com.br\/emfoco\/#\/schema\/person\/image\/","url":"https:\/\/secure.gravatar.com\/avatar\/a3baa1449ec5c39b4c42babc9d4f3951?s=96&d=mm&r=g","contentUrl":"https:\/\/secure.gravatar.com\/avatar\/a3baa1449ec5c39b4c42babc9d4f3951?s=96&d=mm&r=g","caption":"Ingrid Diniz"},"sameAs":["https:\/\/www.em.com.br\/"],"url":"https:\/\/www.em.com.br\/emfoco\/author\/ingridmyth\/"}]}},"_links":{"self":[{"href":"https:\/\/www.em.com.br\/emfoco\/wp-json\/wp\/v2\/posts\/158461","targetHints":{"allow":["GET"]}}],"collection":[{"href":"https:\/\/www.em.com.br\/emfoco\/wp-json\/wp\/v2\/posts"}],"about":[{"href":"https:\/\/www.em.com.br\/emfoco\/wp-json\/wp\/v2\/types\/post"}],"author":[{"embeddable":true,"href":"https:\/\/www.em.com.br\/emfoco\/wp-json\/wp\/v2\/users\/20"}],"replies":[{"embeddable":true,"href":"https:\/\/www.em.com.br\/emfoco\/wp-json\/wp\/v2\/comments?post=158461"}],"version-history":[{"count":1,"href":"https:\/\/www.em.com.br\/emfoco\/wp-json\/wp\/v2\/posts\/158461\/revisions"}],"predecessor-version":[{"id":158504,"href":"https:\/\/www.em.com.br\/emfoco\/wp-json\/wp\/v2\/posts\/158461\/revisions\/158504"}],"wp:featuredmedia":[{"embeddable":true,"href":"https:\/\/www.em.com.br\/emfoco\/wp-json\/wp\/v2\/media\/157213"}],"wp:attachment":[{"href":"https:\/\/www.em.com.br\/emfoco\/wp-json\/wp\/v2\/media?parent=158461"}],"wp:term":[{"taxonomy":"category","embeddable":true,"href":"https:\/\/www.em.com.br\/emfoco\/wp-json\/wp\/v2\/categories?post=158461"},{"taxonomy":"post_tag","embeddable":true,"href":"https:\/\/www.em.com.br\/emfoco\/wp-json\/wp\/v2\/tags?post=158461"}],"curies":[{"name":"wp","href":"https:\/\/api.w.org\/{rel}","templated":true}]}}