{"id":158458,"date":"2026-01-23T17:25:00","date_gmt":"2026-01-23T20:25:00","guid":{"rendered":"https:\/\/www.em.com.br\/emfoco\/?p=158458"},"modified":"2026-01-21T22:16:13","modified_gmt":"2026-01-22T01:16:13","slug":"frases-que-revelam-traumas-emocionais-e-quase-todo-mundo-diz-sem-perceber","status":"publish","type":"post","link":"https:\/\/www.em.com.br\/emfoco\/2026\/01\/23\/frases-que-revelam-traumas-emocionais-e-quase-todo-mundo-diz-sem-perceber\/","title":{"rendered":"Frases que revelam traumas emocionais e quase todo mundo diz sem perceber"},"content":{"rendered":"\n<p>Frases usadas no dia a dia como bord\u00f5es pessoais podem funcionar como pistas de hist\u00f3rias emocionais que n\u00e3o costumam aparecer com tanta clareza na mem\u00f3ria. Em muitos casos, esses enunciados curtos surgem em momentos de estresse, conflito ou cansa\u00e7o e acabam soando como marca de for\u00e7a, maturidade ou frieza calculada. O que pode sinalizar tentativas antigas de prote\u00e7\u00e3o ps\u00edquica, constru\u00eddas ainda na inf\u00e2ncia em ambientes marcados por falta de acolhimento, cr\u00edticas constantes ou responsabilidades precoces.<\/p>\n\n\n\n<h2 class=\"wp-block-heading\">O que s\u00e3o frases que revelam traumas emocionais?<\/h2>\n\n\n\n<p>Se voc\u00ea chegou aqui pelo <strong>@<\/strong><a href=\"https:\/\/www.youtube.com\/@didatics\" target=\"_blank\" rel=\"noreferrer noopener\"><strong>didatics<\/strong><\/a>, vale prestar aten\u00e7\u00e3o nas frases que voc\u00ea solta no autom\u00e1tico. Muitas delas n\u00e3o s\u00e3o personalidade \u2014 s\u00e3o <strong>estrat\u00e9gias antigas de sobreviv\u00eancia emocional<\/strong> que continuam rodando sem atualiza\u00e7\u00e3o. \u00c9 da\u00ed que esse papo come\u00e7a.<\/p>\n\n\n\n<iframe loading=\"lazy\" width=\"1020\" height=\"570\" src=\"https:\/\/www.youtube.com\/embed\/aEbIrOGVUmU\" title=\"3 Frases Que Denunciam TRAUMAS ABERTOS\" frameborder=\"0\" allow=\"accelerometer; autoplay; clipboard-write; encrypted-media; gyroscope; picture-in-picture; web-share\" referrerpolicy=\"strict-origin-when-cross-origin\" allowfullscreen><\/iframe>\n\n\n\n<p>A express\u00e3o <strong>\u201cfrases que revelam traumas emocionais\u201d<\/strong> se refere a declara\u00e7\u00f5es repetidas que, \u00e0 primeira vista, soam racionais ou funcionais, mas, observadas com mais aten\u00e7\u00e3o, apontam para experi\u00eancias de car\u00eancia afetiva, abandono, medo de rejei\u00e7\u00e3o ou sobrecarga. Em geral, s\u00e3o frases ditas em tom de certeza, quase como regras de vida, pouco questionadas pela pr\u00f3pria pessoa e frequentemente ativadas em situa\u00e7\u00f5es de tens\u00e3o.<\/p>\n\n\n\n<p>A psicologia do desenvolvimento e do apego indica que crian\u00e7as aprendem n\u00e3o apenas por instru\u00e7\u00f5es diretas, mas tamb\u00e9m por clima emocional, olhares, sil\u00eancios e rea\u00e7\u00f5es dos cuidadores. Quando chorar \u00e9 ridicularizado, pedir ajuda \u00e9 ignorado ou errar \u00e9 alvo de puni\u00e7\u00e3o exagerada, a crian\u00e7a tende a construir frases internas como \u201cn\u00e3o conte com ningu\u00e9m\u201d, \u201cn\u00e3o erre nunca\u201d ou \u201cn\u00e3o sinta nada\u201d, que depois surgem na vida adulta como verdades.<\/p>\n\n\n\n<p>Leia mais: <a href=\"https:\/\/www.em.com.br\/saude\/2026\/01\/7337304-deveriamos-cortar-lacos-com-nossos-pais.html\" target=\"_blank\" rel=\"noreferrer noopener\">Dever\u00edamos cortar la\u00e7os com nossos pais?<\/a><\/p>\n\n\n\n<h2 class=\"wp-block-heading\">\u201cEu n\u00e3o preciso de ningu\u00e9m\u201d indica apenas independ\u00eancia?<\/h2>\n\n\n\n<p>Uma das <strong>frases que revelam traumas emocionais<\/strong> mais frequentes \u00e9 \u201ceu n\u00e3o preciso de ningu\u00e9m\u201d. Em muitos contextos, ela \u00e9 vista como prova de autonomia, for\u00e7a e autossufici\u00eancia, mas pesquisadores do apego, como John Bowlby e Mary Ainsworth, apontam que, por tr\u00e1s desse discurso, pode existir um hist\u00f3rico de frustra\u00e7\u00e3o repetida quando a crian\u00e7a tentou se aproximar ou depender de algu\u00e9m importante.<\/p>\n\n\n\n<p>Esse padr\u00e3o se aproxima do chamado <strong>apego evitativo<\/strong>, no qual a pessoa aprende a esconder necessidades emocionais para reduzir a dor de ser ignorada ou rejeitada. Na vida adulta, isso pode resultar em desconforto com intimidade, dificuldade em pedir ajuda e tend\u00eancia a se afastar quando um v\u00ednculo aprofunda, gerando isolamento e solid\u00e3o mesmo em conv\u00edvio social intenso.<\/p>\n\n\n\n<ul class=\"wp-block-list\">\n<li><strong>Sinais comuns:<\/strong> resist\u00eancia a demonstrar vulnerabilidade, foco excessivo em desempenho ou produtividade, evita\u00e7\u00e3o de conversas emocionais.<\/li>\n\n\n\n<li><strong>Riscos:<\/strong> isolamento afetivo, dificuldade em construir rela\u00e7\u00f5es de confian\u00e7a, sensa\u00e7\u00e3o interna de solid\u00e3o mesmo cercado de pessoas.<\/li>\n<\/ul>\n\n\n\n<h2 class=\"wp-block-heading\">Como \u201cdeixa que eu fa\u00e7o\u201d e \u201csentir \u00e9 perda de tempo\u201d funcionam como defesa?<\/h2>\n\n\n<div class=\"wp-block-image\">\n<figure class=\"aligncenter size-large\"><img loading=\"lazy\" decoding=\"async\" width=\"1024\" height=\"576\" src=\"https:\/\/www.em.com.br\/emfoco\/wp-content\/uploads\/2026\/01\/ChatGPT-Image-21-de-jan.-de-2026-22_11_33-1-1024x576.png\" alt=\"\" class=\"wp-image-158490\" srcset=\"https:\/\/www.em.com.br\/emfoco\/wp-content\/uploads\/2026\/01\/ChatGPT-Image-21-de-jan.-de-2026-22_11_33-1-1024x576.png 1024w, https:\/\/www.em.com.br\/emfoco\/wp-content\/uploads\/2026\/01\/ChatGPT-Image-21-de-jan.-de-2026-22_11_33-1-300x169.png 300w, https:\/\/www.em.com.br\/emfoco\/wp-content\/uploads\/2026\/01\/ChatGPT-Image-21-de-jan.-de-2026-22_11_33-1-768x432.png 768w, https:\/\/www.em.com.br\/emfoco\/wp-content\/uploads\/2026\/01\/ChatGPT-Image-21-de-jan.-de-2026-22_11_33-1-750x422.png 750w, https:\/\/www.em.com.br\/emfoco\/wp-content\/uploads\/2026\/01\/ChatGPT-Image-21-de-jan.-de-2026-22_11_33-1-1140x641.png 1140w, https:\/\/www.em.com.br\/emfoco\/wp-content\/uploads\/2026\/01\/ChatGPT-Image-21-de-jan.-de-2026-22_11_33-1.png 1280w\" sizes=\"auto, (max-width: 1024px) 100vw, 1024px\" \/><figcaption class=\"wp-element-caption\">O que frases comuns dizem sobre feridas antigas<\/figcaption><\/figure><\/div>\n\n\n<p>Outra express\u00e3o recorrente entre as <strong>frases que revelam traumas emocionais<\/strong> \u00e9 \u201cdeixa que eu fa\u00e7o, ningu\u00e9m faz direito\u201d. Em muitos casos, essa fala surge em pessoas que, na inf\u00e2ncia, precisaram assumir responsabilidades maiores do que a idade comportava, fen\u00f4meno conhecido como <strong>parentifica\u00e7\u00e3o<\/strong>, comum em fam\u00edlias marcadas por adoecimento, depend\u00eancia qu\u00edmica ou imaturidade emocional dos adultos.<\/p>\n\n\n\n<p>Tamb\u00e9m chama aten\u00e7\u00e3o a frase \u201csentir \u00e9 perda de tempo\u201d, forma clara de <strong>supress\u00e3o emocional<\/strong> que costuma emergir em ambientes em que expressar tristeza, medo ou afeto foi associado \u00e0 fraqueza, ou drama. Pesquisas em sa\u00fade mental indicam que suprimir emo\u00e7\u00f5es de forma constante aumenta o risco de ansiedade, depress\u00e3o e dificuldades na cria\u00e7\u00e3o de la\u00e7os profundos.<\/p>\n\n\n\n<ol class=\"wp-block-list\">\n<li><strong>Contextos comuns:<\/strong> lares muito cr\u00edticos, culturas que associam choro \u00e0 fraqueza, hist\u00f3rias de bullying ou humilha\u00e7\u00e3o.<\/li>\n\n\n\n<li><strong>Efeitos poss\u00edveis:<\/strong> distanciamento afetivo, dificuldade em identificar o pr\u00f3prio estado interno, sensa\u00e7\u00e3o de vazio ou de \u201cestar no autom\u00e1tico\u201d.<\/li>\n<\/ol>\n\n\n\n<p>Leia mais: <a href=\"https:\/\/www.em.com.br\/saude\/2026\/01\/7336109-ondas-de-calor-em-2026-proteja-a-saude-do-seu-coracao.html\" target=\"_blank\" rel=\"noreferrer noopener\">Ondas de calor em 2026: proteja a sa\u00fade do seu cora\u00e7\u00e3o<\/a><\/p>\n\n\n\n<h2 class=\"wp-block-heading\">Como identificar e ressignificar essas frases no presente?<\/h2>\n\n\n\n<p>Reconhecer <strong>frases que revelam traumas emocionais<\/strong> n\u00e3o significa reduzir uma pessoa \u00e0 sua dor, mas ampliar o entendimento sobre o que suas palavras contam da inf\u00e2ncia e das rela\u00e7\u00f5es marcantes. Um caminho poss\u00edvel \u00e9 observar quais express\u00f5es aparecem de forma repetida em situa\u00e7\u00f5es de conflito, frustra\u00e7\u00e3o ou proximidade emocional, percebendo quando soam mais como defesa do que como escolha consciente.<\/p>\n\n\n\n<p>Algumas perguntas podem auxiliar esse processo, seja em terapia, em espa\u00e7os de escuta qualificada ou em reflex\u00f5es pessoais cuidadosas: \u201cquando essa frase come\u00e7ou a fazer sentido?\u201d, \u201cque tipo de crian\u00e7a precisou pensar desse jeito para se sentir segura?\u201d, \u201co que se teme que aconte\u00e7a se essa frase deixar de valer hoje?\u201d. Ao enxergar essas express\u00f5es como pistas, abre-se espa\u00e7o para pedir ajuda de forma gradual, testar momentos de descanso e permitir-se sentir com menos censura interna, atualizando antigas estrat\u00e9gias de sobreviv\u00eancia.<\/p>\n","protected":false},"excerpt":{"rendered":"<p>Frases usadas no dia a dia como bord\u00f5es pessoais podem funcionar como pistas de hist\u00f3rias emocionais que n\u00e3o costumam aparecer com tanta clareza na mem\u00f3ria. Em muitos casos, esses enunciados curtos surgem em momentos de estresse, conflito ou cansa\u00e7o e acabam soando como marca de for\u00e7a, maturidade ou frieza calculada. O que pode sinalizar tentativas [&hellip;]<\/p>\n","protected":false},"author":20,"featured_media":158491,"comment_status":"open","ping_status":"open","sticky":false,"template":"","format":"standard","meta":{"jnews-multi-image_gallery":[],"jnews_single_post":{"format":"standard"},"jnews_primary_category":[],"jnews_social_meta":[],"jnews_override_counter":[],"footnotes":""},"categories":[8819,1],"tags":[20105,23163],"class_list":["post-158458","post","type-post","status-publish","format-standard","has-post-thumbnail","hentry","category-curiosidades","category-noticias","tag-modo-sobrevivencia","tag-trauma-emocional"],"yoast_head":"<!-- This site is optimized with the Yoast SEO plugin v23.8 - https:\/\/yoast.com\/wordpress\/plugins\/seo\/ -->\n<title>Frases que revelam traumas emocionais e quase todo mundo diz sem perceber - Estado de Minas - Em foco<\/title>\n<meta name=\"description\" content=\"Psicologia explica como frases repetidas no dia a dia podem revelar traumas emocionais da inf\u00e2ncia, apego evitativo e defesas criadas para sobreviver.\" \/>\n<meta name=\"robots\" content=\"index, follow, max-snippet:-1, max-image-preview:large, max-video-preview:-1\" \/>\n<link rel=\"canonical\" href=\"https:\/\/www.em.com.br\/emfoco\/2026\/01\/23\/frases-que-revelam-traumas-emocionais-e-quase-todo-mundo-diz-sem-perceber\/\" \/>\n<meta property=\"og:locale\" content=\"pt_BR\" \/>\n<meta property=\"og:type\" content=\"article\" \/>\n<meta property=\"og:title\" content=\"Frases que revelam traumas emocionais e quase todo mundo diz sem perceber - Estado de Minas - Em foco\" \/>\n<meta property=\"og:description\" content=\"Psicologia explica como frases repetidas no dia a dia podem revelar traumas emocionais da inf\u00e2ncia, apego evitativo e defesas criadas para sobreviver.\" \/>\n<meta property=\"og:url\" content=\"https:\/\/www.em.com.br\/emfoco\/2026\/01\/23\/frases-que-revelam-traumas-emocionais-e-quase-todo-mundo-diz-sem-perceber\/\" \/>\n<meta property=\"og:site_name\" content=\"Estado de Minas - Em foco\" \/>\n<meta property=\"article:published_time\" content=\"2026-01-23T20:25:00+00:00\" \/>\n<meta property=\"article:modified_time\" content=\"2026-01-22T01:16:13+00:00\" \/>\n<meta property=\"og:image\" content=\"https:\/\/www.em.com.br\/emfoco\/wp-content\/uploads\/2026\/01\/ChatGPT-Image-21-de-jan.-de-2026-22_15_11-1.png\" \/>\n\t<meta property=\"og:image:width\" content=\"1280\" \/>\n\t<meta property=\"og:image:height\" content=\"720\" \/>\n\t<meta property=\"og:image:type\" content=\"image\/png\" \/>\n<meta name=\"author\" content=\"Ingrid Diniz\" \/>\n<meta name=\"twitter:card\" content=\"summary_large_image\" \/>\n<meta name=\"twitter:label1\" content=\"Escrito por\" \/>\n\t<meta name=\"twitter:data1\" content=\"Ingrid Diniz\" \/>\n\t<meta name=\"twitter:label2\" content=\"Est. tempo de leitura\" \/>\n\t<meta name=\"twitter:data2\" content=\"5 minutos\" \/>\n<!-- \/ Yoast SEO plugin. -->","yoast_head_json":{"title":"Frases que revelam traumas emocionais e quase todo mundo diz sem perceber - Estado de Minas - Em foco","description":"Psicologia explica como frases repetidas no dia a dia podem revelar traumas emocionais da inf\u00e2ncia, apego evitativo e defesas criadas para sobreviver.","robots":{"index":"index","follow":"follow","max-snippet":"max-snippet:-1","max-image-preview":"max-image-preview:large","max-video-preview":"max-video-preview:-1"},"canonical":"https:\/\/www.em.com.br\/emfoco\/2026\/01\/23\/frases-que-revelam-traumas-emocionais-e-quase-todo-mundo-diz-sem-perceber\/","og_locale":"pt_BR","og_type":"article","og_title":"Frases que revelam traumas emocionais e quase todo mundo diz sem perceber - Estado de Minas - Em foco","og_description":"Psicologia explica como frases repetidas no dia a dia podem revelar traumas emocionais da inf\u00e2ncia, apego evitativo e defesas criadas para sobreviver.","og_url":"https:\/\/www.em.com.br\/emfoco\/2026\/01\/23\/frases-que-revelam-traumas-emocionais-e-quase-todo-mundo-diz-sem-perceber\/","og_site_name":"Estado de Minas - Em foco","article_published_time":"2026-01-23T20:25:00+00:00","article_modified_time":"2026-01-22T01:16:13+00:00","og_image":[{"width":1280,"height":720,"url":"https:\/\/www.em.com.br\/emfoco\/wp-content\/uploads\/2026\/01\/ChatGPT-Image-21-de-jan.-de-2026-22_15_11-1.png","type":"image\/png"}],"author":"Ingrid Diniz","twitter_card":"summary_large_image","twitter_misc":{"Escrito por":"Ingrid Diniz","Est. tempo de leitura":"5 minutos"},"schema":{"@context":"https:\/\/schema.org","@graph":[{"@type":"WebPage","@id":"https:\/\/www.em.com.br\/emfoco\/2026\/01\/23\/frases-que-revelam-traumas-emocionais-e-quase-todo-mundo-diz-sem-perceber\/","url":"https:\/\/www.em.com.br\/emfoco\/2026\/01\/23\/frases-que-revelam-traumas-emocionais-e-quase-todo-mundo-diz-sem-perceber\/","name":"Frases que revelam traumas emocionais e quase todo mundo diz sem perceber - Estado de Minas - Em foco","isPartOf":{"@id":"https:\/\/www.em.com.br\/emfoco\/#website"},"primaryImageOfPage":{"@id":"https:\/\/www.em.com.br\/emfoco\/2026\/01\/23\/frases-que-revelam-traumas-emocionais-e-quase-todo-mundo-diz-sem-perceber\/#primaryimage"},"image":{"@id":"https:\/\/www.em.com.br\/emfoco\/2026\/01\/23\/frases-que-revelam-traumas-emocionais-e-quase-todo-mundo-diz-sem-perceber\/#primaryimage"},"thumbnailUrl":"https:\/\/www.em.com.br\/emfoco\/wp-content\/uploads\/2026\/01\/ChatGPT-Image-21-de-jan.-de-2026-22_15_11-1.png","datePublished":"2026-01-23T20:25:00+00:00","dateModified":"2026-01-22T01:16:13+00:00","author":{"@id":"https:\/\/www.em.com.br\/emfoco\/#\/schema\/person\/649e610b4eb8fff87ff394e54fe17b2b"},"description":"Psicologia explica como frases repetidas no dia a dia podem revelar traumas emocionais da inf\u00e2ncia, apego evitativo e defesas criadas para sobreviver.","breadcrumb":{"@id":"https:\/\/www.em.com.br\/emfoco\/2026\/01\/23\/frases-que-revelam-traumas-emocionais-e-quase-todo-mundo-diz-sem-perceber\/#breadcrumb"},"inLanguage":"pt-BR","potentialAction":[{"@type":"ReadAction","target":["https:\/\/www.em.com.br\/emfoco\/2026\/01\/23\/frases-que-revelam-traumas-emocionais-e-quase-todo-mundo-diz-sem-perceber\/"]}]},{"@type":"ImageObject","inLanguage":"pt-BR","@id":"https:\/\/www.em.com.br\/emfoco\/2026\/01\/23\/frases-que-revelam-traumas-emocionais-e-quase-todo-mundo-diz-sem-perceber\/#primaryimage","url":"https:\/\/www.em.com.br\/emfoco\/wp-content\/uploads\/2026\/01\/ChatGPT-Image-21-de-jan.-de-2026-22_15_11-1.png","contentUrl":"https:\/\/www.em.com.br\/emfoco\/wp-content\/uploads\/2026\/01\/ChatGPT-Image-21-de-jan.-de-2026-22_15_11-1.png","width":1280,"height":720,"caption":"O cortisol influencia mais o envelhecimento feminino do que muita gente imagina"},{"@type":"BreadcrumbList","@id":"https:\/\/www.em.com.br\/emfoco\/2026\/01\/23\/frases-que-revelam-traumas-emocionais-e-quase-todo-mundo-diz-sem-perceber\/#breadcrumb","itemListElement":[{"@type":"ListItem","position":1,"name":"In\u00edcio","item":"https:\/\/www.em.com.br\/emfoco\/"},{"@type":"ListItem","position":2,"name":"Frases que revelam traumas emocionais e quase todo mundo diz sem perceber"}]},{"@type":"WebSite","@id":"https:\/\/www.em.com.br\/emfoco\/#website","url":"https:\/\/www.em.com.br\/emfoco\/","name":"Estado de Minas - Em foco","description":"Acompanhe as \u00faltimas not\u00edcias e fique bem informado sobre tudo o que acontece em Minas Gerais, Brasil e no mundo.","potentialAction":[{"@type":"SearchAction","target":{"@type":"EntryPoint","urlTemplate":"https:\/\/www.em.com.br\/emfoco\/?s={search_term_string}"},"query-input":{"@type":"PropertyValueSpecification","valueRequired":true,"valueName":"search_term_string"}}],"inLanguage":"pt-BR"},{"@type":"Person","@id":"https:\/\/www.em.com.br\/emfoco\/#\/schema\/person\/649e610b4eb8fff87ff394e54fe17b2b","name":"Ingrid Diniz","image":{"@type":"ImageObject","inLanguage":"pt-BR","@id":"https:\/\/www.em.com.br\/emfoco\/#\/schema\/person\/image\/","url":"https:\/\/secure.gravatar.com\/avatar\/a3baa1449ec5c39b4c42babc9d4f3951?s=96&d=mm&r=g","contentUrl":"https:\/\/secure.gravatar.com\/avatar\/a3baa1449ec5c39b4c42babc9d4f3951?s=96&d=mm&r=g","caption":"Ingrid Diniz"},"sameAs":["https:\/\/www.em.com.br\/"],"url":"https:\/\/www.em.com.br\/emfoco\/author\/ingridmyth\/"}]}},"_links":{"self":[{"href":"https:\/\/www.em.com.br\/emfoco\/wp-json\/wp\/v2\/posts\/158458","targetHints":{"allow":["GET"]}}],"collection":[{"href":"https:\/\/www.em.com.br\/emfoco\/wp-json\/wp\/v2\/posts"}],"about":[{"href":"https:\/\/www.em.com.br\/emfoco\/wp-json\/wp\/v2\/types\/post"}],"author":[{"embeddable":true,"href":"https:\/\/www.em.com.br\/emfoco\/wp-json\/wp\/v2\/users\/20"}],"replies":[{"embeddable":true,"href":"https:\/\/www.em.com.br\/emfoco\/wp-json\/wp\/v2\/comments?post=158458"}],"version-history":[{"count":1,"href":"https:\/\/www.em.com.br\/emfoco\/wp-json\/wp\/v2\/posts\/158458\/revisions"}],"predecessor-version":[{"id":158492,"href":"https:\/\/www.em.com.br\/emfoco\/wp-json\/wp\/v2\/posts\/158458\/revisions\/158492"}],"wp:featuredmedia":[{"embeddable":true,"href":"https:\/\/www.em.com.br\/emfoco\/wp-json\/wp\/v2\/media\/158491"}],"wp:attachment":[{"href":"https:\/\/www.em.com.br\/emfoco\/wp-json\/wp\/v2\/media?parent=158458"}],"wp:term":[{"taxonomy":"category","embeddable":true,"href":"https:\/\/www.em.com.br\/emfoco\/wp-json\/wp\/v2\/categories?post=158458"},{"taxonomy":"post_tag","embeddable":true,"href":"https:\/\/www.em.com.br\/emfoco\/wp-json\/wp\/v2\/tags?post=158458"}],"curies":[{"name":"wp","href":"https:\/\/api.w.org\/{rel}","templated":true}]}}