{"id":158418,"date":"2026-01-23T18:25:00","date_gmt":"2026-01-23T21:25:00","guid":{"rendered":"https:\/\/www.em.com.br\/emfoco\/?p=158418"},"modified":"2026-01-22T19:58:06","modified_gmt":"2026-01-22T22:58:06","slug":"como-preparar-berinjela-a-parmegiana-a-receita-com-molho-e-queijo-gratinado","status":"publish","type":"post","link":"https:\/\/www.em.com.br\/emfoco\/2026\/01\/23\/como-preparar-berinjela-a-parmegiana-a-receita-com-molho-e-queijo-gratinado\/","title":{"rendered":"Como preparar berinjela \u00e0 parmegiana: a receita com molho e queijo gratinado"},"content":{"rendered":"\n<p>A receita de&nbsp;<strong>berinjela \u00e0 parmegiana<\/strong>&nbsp;\u00e9 presen\u00e7a garantida em almo\u00e7os de fam\u00edlia e jantares pr\u00e1ticos da semana. De origem italiana, ela combina camadas de berinjela, molho de tomate e queijos, lembrando uma lasanha sem massa. Por ser vers\u00e1til, pode entrar tanto como prato principal quanto como acompanhamento, equilibrando sabor marcante com uma pegada mais leve e cheia de fibras.<\/p>\n\n\n\n<h2 class=\"wp-block-heading\">O que \u00e9 berinjela \u00e0 parmegiana e por que o prato faz tanto sucesso?<\/h2>\n\n\n\n<p>A\u00a0<strong>berinjela \u00e0 parmegiana<\/strong>\u00a0\u00e9 um prato assado em camadas, em que as fatias de <a href=\"https:\/\/www.em.com.br\/emfoco\/2025\/12\/24\/frita-ou-assada-qual-a-melhor-forma-de-comer-berinjela-para-o-figado\/\" target=\"_blank\" rel=\"noreferrer noopener\">berinjela <\/a>s\u00e3o intercaladas com molho de tomate, queijo parmes\u00e3o ralado e queijo mu\u00e7arela. O resultado lembra uma lasanha, mas com a hortali\u00e7a substituindo a massa, criando um recheio cremoso e gratinado.<\/p>\n\n\n\n<p>O preparo agrada tanto quem ama comida italiana quanto quem busca novas formas de consumir legumes no dia a dia. Com ingredientes simples e acess\u00edveis, entra facilmente no card\u00e1pio dom\u00e9stico e, em restaurantes, aparece como alternativa vegetariana ao cl\u00e1ssico fil\u00e9 \u00e0 parmegiana.<\/p>\n\n\n\n<p>Quer ver como \u00e9 f\u00e1cil na pr\u00e1tica? Confira essa receita r\u00e1pida do <a href=\"https:\/\/www.instagram.com\/bettoauge\/reels\/\" target=\"_blank\" rel=\"noreferrer noopener\">Betto Auge<\/a>, que faz sucesso no Instagram com suas dicas pr\u00e1ticas:<\/p>\n\n\n\n<blockquote class=\"instagram-media\" data-instgrm-captioned data-instgrm-permalink=\"https:\/\/www.instagram.com\/reel\/DJPDYVKxnJe\/?utm_source=ig_embed&amp;utm_campaign=loading\" data-instgrm-version=\"14\" style=\" background:#FFF; border:0; border-radius:3px; box-shadow:0 0 1px 0 rgba(0,0,0,0.5),0 1px 10px 0 rgba(0,0,0,0.15); margin: 1px; max-width:540px; min-width:326px; padding:0; width:99.375%; width:-webkit-calc(100% - 2px); width:calc(100% - 2px);\"><div style=\"padding:16px;\"> <a href=\"https:\/\/www.instagram.com\/reel\/DJPDYVKxnJe\/?utm_source=ig_embed&amp;utm_campaign=loading\" style=\" background:#FFFFFF; line-height:0; padding:0 0; text-align:center; text-decoration:none; width:100%;\" target=\"_blank\"> <div style=\" display: flex; flex-direction: row; align-items: center;\"> <div style=\"background-color: #F4F4F4; border-radius: 50%; flex-grow: 0; height: 40px; margin-right: 14px; width: 40px;\"><\/div> <div style=\"display: flex; flex-direction: column; flex-grow: 1; justify-content: center;\"> <div style=\" background-color: #F4F4F4; border-radius: 4px; flex-grow: 0; height: 14px; margin-bottom: 6px; width: 100px;\"><\/div> <div style=\" background-color: #F4F4F4; border-radius: 4px; flex-grow: 0; height: 14px; width: 60px;\"><\/div><\/div><\/div><div style=\"padding: 19% 0;\"><\/div> <div style=\"display:block; height:50px; margin:0 auto 12px; width:50px;\"><svg width=\"50px\" height=\"50px\" viewBox=\"0 0 60 60\" version=\"1.1\" xmlns=\"https:\/\/www.w3.org\/2000\/svg\" xmlns:xlink=\"https:\/\/www.w3.org\/1999\/xlink\"><g stroke=\"none\" stroke-width=\"1\" fill=\"none\" fill-rule=\"evenodd\"><g transform=\"translate(-511.000000, -20.000000)\" fill=\"#000000\"><g><path d=\"M556.869,30.41 C554.814,30.41 553.148,32.076 553.148,34.131 C553.148,36.186 554.814,37.852 556.869,37.852 C558.924,37.852 560.59,36.186 560.59,34.131 C560.59,32.076 558.924,30.41 556.869,30.41 M541,60.657 C535.114,60.657 530.342,55.887 530.342,50 C530.342,44.114 535.114,39.342 541,39.342 C546.887,39.342 551.658,44.114 551.658,50 C551.658,55.887 546.887,60.657 541,60.657 M541,33.886 C532.1,33.886 524.886,41.1 524.886,50 C524.886,58.899 532.1,66.113 541,66.113 C549.9,66.113 557.115,58.899 557.115,50 C557.115,41.1 549.9,33.886 541,33.886 M565.378,62.101 C565.244,65.022 564.756,66.606 564.346,67.663 C563.803,69.06 563.154,70.057 562.106,71.106 C561.058,72.155 560.06,72.803 558.662,73.347 C557.607,73.757 556.021,74.244 553.102,74.378 C549.944,74.521 548.997,74.552 541,74.552 C533.003,74.552 532.056,74.521 528.898,74.378 C525.979,74.244 524.393,73.757 523.338,73.347 C521.94,72.803 520.942,72.155 519.894,71.106 C518.846,70.057 518.197,69.06 517.654,67.663 C517.244,66.606 516.755,65.022 516.623,62.101 C516.479,58.943 516.448,57.996 516.448,50 C516.448,42.003 516.479,41.056 516.623,37.899 C516.755,34.978 517.244,33.391 517.654,32.338 C518.197,30.938 518.846,29.942 519.894,28.894 C520.942,27.846 521.94,27.196 523.338,26.654 C524.393,26.244 525.979,25.756 528.898,25.623 C532.057,25.479 533.004,25.448 541,25.448 C548.997,25.448 549.943,25.479 553.102,25.623 C556.021,25.756 557.607,26.244 558.662,26.654 C560.06,27.196 561.058,27.846 562.106,28.894 C563.154,29.942 563.803,30.938 564.346,32.338 C564.756,33.391 565.244,34.978 565.378,37.899 C565.522,41.056 565.552,42.003 565.552,50 C565.552,57.996 565.522,58.943 565.378,62.101 M570.82,37.631 C570.674,34.438 570.167,32.258 569.425,30.349 C568.659,28.377 567.633,26.702 565.965,25.035 C564.297,23.368 562.623,22.342 560.652,21.575 C558.743,20.834 556.562,20.326 553.369,20.18 C550.169,20.033 549.148,20 541,20 C532.853,20 531.831,20.033 528.631,20.18 C525.438,20.326 523.257,20.834 521.349,21.575 C519.376,22.342 517.703,23.368 516.035,25.035 C514.368,26.702 513.342,28.377 512.574,30.349 C511.834,32.258 511.326,34.438 511.181,37.631 C511.035,40.831 511,41.851 511,50 C511,58.147 511.035,59.17 511.181,62.369 C511.326,65.562 511.834,67.743 512.574,69.651 C513.342,71.625 514.368,73.296 516.035,74.965 C517.703,76.634 519.376,77.658 521.349,78.425 C523.257,79.167 525.438,79.673 528.631,79.82 C531.831,79.965 532.853,80.001 541,80.001 C549.148,80.001 550.169,79.965 553.369,79.82 C556.562,79.673 558.743,79.167 560.652,78.425 C562.623,77.658 564.297,76.634 565.965,74.965 C567.633,73.296 568.659,71.625 569.425,69.651 C570.167,67.743 570.674,65.562 570.82,62.369 C570.966,59.17 571,58.147 571,50 C571,41.851 570.966,40.831 570.82,37.631\"><\/path><\/g><\/g><\/g><\/svg><\/div><div style=\"padding-top: 8px;\"> <div style=\" color:#3897f0; font-family:Arial,sans-serif; font-size:14px; font-style:normal; font-weight:550; line-height:18px;\">Ver essa foto no Instagram<\/div><\/div><div style=\"padding: 12.5% 0;\"><\/div> <div style=\"display: flex; flex-direction: row; margin-bottom: 14px; align-items: center;\"><div> <div style=\"background-color: #F4F4F4; border-radius: 50%; height: 12.5px; width: 12.5px; transform: translateX(0px) translateY(7px);\"><\/div> <div style=\"background-color: #F4F4F4; height: 12.5px; transform: rotate(-45deg) translateX(3px) translateY(1px); width: 12.5px; flex-grow: 0; margin-right: 14px; margin-left: 2px;\"><\/div> <div style=\"background-color: #F4F4F4; border-radius: 50%; height: 12.5px; width: 12.5px; transform: translateX(9px) translateY(-18px);\"><\/div><\/div><div style=\"margin-left: 8px;\"> <div style=\" background-color: #F4F4F4; border-radius: 50%; flex-grow: 0; height: 20px; width: 20px;\"><\/div> <div style=\" width: 0; height: 0; border-top: 2px solid transparent; border-left: 6px solid #f4f4f4; border-bottom: 2px solid transparent; transform: translateX(16px) translateY(-4px) rotate(30deg)\"><\/div><\/div><div style=\"margin-left: auto;\"> <div style=\" width: 0px; border-top: 8px solid #F4F4F4; border-right: 8px solid transparent; transform: translateY(16px);\"><\/div> <div style=\" background-color: #F4F4F4; flex-grow: 0; height: 12px; width: 16px; transform: translateY(-4px);\"><\/div> <div style=\" width: 0; height: 0; border-top: 8px solid #F4F4F4; border-left: 8px solid transparent; transform: translateY(-4px) translateX(8px);\"><\/div><\/div><\/div> <div style=\"display: flex; flex-direction: column; flex-grow: 1; justify-content: center; margin-bottom: 24px;\"> <div style=\" background-color: #F4F4F4; border-radius: 4px; flex-grow: 0; height: 14px; margin-bottom: 6px; width: 224px;\"><\/div> <div style=\" background-color: #F4F4F4; border-radius: 4px; flex-grow: 0; height: 14px; width: 144px;\"><\/div><\/div><\/a><p style=\" color:#c9c8cd; font-family:Arial,sans-serif; font-size:14px; line-height:17px; margin-bottom:0; margin-top:8px; overflow:hidden; padding:8px 0 7px; text-align:center; text-overflow:ellipsis; white-space:nowrap;\"><a href=\"https:\/\/www.instagram.com\/reel\/DJPDYVKxnJe\/?utm_source=ig_embed&amp;utm_campaign=loading\" style=\" color:#c9c8cd; font-family:Arial,sans-serif; font-size:14px; font-style:normal; font-weight:normal; line-height:17px; text-decoration:none;\" target=\"_blank\">Um post compartilhado por Betto Auge (@bettoauge)<\/a><\/p><\/div><\/blockquote>\n<script async src=\"\/\/www.instagram.com\/embed.js\"><\/script>\n\n\n\n<h2 class=\"wp-block-heading\">Quais s\u00e3o os ingredientes b\u00e1sicos da berinjela \u00e0 parmegiana?<\/h2>\n\n\n\n<p>Al\u00e9m do sabor marcante, a berinjela oferece fibras, minerais e poucas calorias, tornando a receita interessante para quem busca refei\u00e7\u00f5es mais equilibradas. A prepara\u00e7\u00e3o n\u00e3o exige t\u00e9cnicas avan\u00e7adas e pode ser adaptada conforme o tempo e o que j\u00e1 h\u00e1 na geladeira, mantendo berinjela e parmes\u00e3o como base.<\/p>\n\n\n\n<p>Confira os ingredientes essenciais para montar uma vers\u00e3o pr\u00e1tica e saborosa de&nbsp;<strong>berinjela \u00e0 parmegiana<\/strong>&nbsp;em casa, sem complica\u00e7\u00e3o na cozinha.<\/p>\n\n\n\n<ul class=\"wp-block-list\">\n<li>2 berinjelas grandes<\/li>\n\n\n\n<li>200 g de molho ou salsa de tomate<\/li>\n\n\n\n<li>100 g de queijo parmes\u00e3o ralado<\/li>\n\n\n\n<li>300 g de queijo mu\u00e7arela em fatias ou ralado<\/li>\n\n\n\n<li>1 ovo<\/li>\n\n\n\n<li>25 ml de azeite de oliva<\/li>\n\n\n\n<li>10 ml de leite<\/li>\n\n\n\n<li>Sal e pimenta a gosto<\/li>\n\n\n\n<li>Folhas de manjeric\u00e3o fresco<\/li>\n\n\n\n<li>Sal grosso para dessalgar a berinjela<\/li>\n<\/ul>\n\n\n\n<h2 class=\"wp-block-heading\">Como preparar berinjela \u00e0 parmegiana passo a passo?<\/h2>\n\n\n\n<p>Para uma&nbsp;<strong>berinjela \u00e0 parmegiana<\/strong>&nbsp;bem equilibrada, o segredo est\u00e1 no preparo correto das fatias e na montagem das camadas. Assar a berinjela em vez de fritar ajuda a controlar a gordura sem perder textura e sabor.<\/p>\n\n\n\n<p>Veja o passo a passo para montar o prato em casa, mantendo o sabor tradicional e um gratinado perfeito no forno.<\/p>\n\n\n\n<ol class=\"wp-block-list\">\n<li>Lavar bem as berinjelas e cort\u00e1-las em rodelas de aproximadamente 1 cm de espessura.<\/li>\n\n\n\n<li>Dispor as fatias em um escorredor, polvilhar com sal grosso e deixar descansar por cerca de 10 minutos, para reduzir o amargor natural.<\/li>\n\n\n\n<li>Enxaguar as rodelas em \u00e1gua corrente, retirando o excesso de sal, e secar com papel-toalha ou pano limpo.<\/li>\n\n\n\n<li>Distribuir as fatias em uma assadeira untada com um pouco de azeite e levar ao forno preaquecido a 180\u00b0C at\u00e9 dourarem levemente dos dois lados. Reservar.<\/li>\n\n\n\n<li>Em um refrat\u00e1rio, espalhar uma fina camada de molho de tomate no fundo.<\/li>\n\n\n\n<li>Fazer a primeira camada de berinjela assada, cobrindo o molho, e adicionar por cima um pouco de parmes\u00e3o ralado, mu\u00e7arela e folhas de manjeric\u00e3o.<\/li>\n\n\n\n<li>Repetir as camadas de molho, berinjela, queijos e manjeric\u00e3o at\u00e9 chegar pr\u00f3ximo \u00e0 borda do refrat\u00e1rio.<\/li>\n\n\n\n<li>Em uma tigela, misturar o ovo, o leite e uma por\u00e7\u00e3o de queijo parmes\u00e3o, batendo at\u00e9 formar um creme homog\u00eaneo.<\/li>\n\n\n\n<li>Despejar essa mistura sobre a \u00faltima camada da berinjela \u00e0 parmegiana.<\/li>\n\n\n\n<li>Levar ao forno m\u00e9dio (cerca de 180\u00b0C) por aproximadamente 20 minutos, ou at\u00e9 que a superf\u00edcie esteja dourada e o queijo gratinado.<\/li>\n<\/ol>\n\n\n\n<figure class=\"wp-block-image size-large\"><img loading=\"lazy\" decoding=\"async\" width=\"1024\" height=\"576\" src=\"https:\/\/www.em.com.br\/emfoco\/wp-content\/uploads\/2026\/01\/berinjela-a-parmegiana-_1769034987652-1024x576.jpg\" alt=\"Berinjela \u00e0 parmegiana que conforta e alimenta bem\" class=\"wp-image-158436\" srcset=\"https:\/\/www.em.com.br\/emfoco\/wp-content\/uploads\/2026\/01\/berinjela-a-parmegiana-_1769034987652-1024x576.jpg 1024w, https:\/\/www.em.com.br\/emfoco\/wp-content\/uploads\/2026\/01\/berinjela-a-parmegiana-_1769034987652-300x169.jpg 300w, https:\/\/www.em.com.br\/emfoco\/wp-content\/uploads\/2026\/01\/berinjela-a-parmegiana-_1769034987652-768x432.jpg 768w, https:\/\/www.em.com.br\/emfoco\/wp-content\/uploads\/2026\/01\/berinjela-a-parmegiana-_1769034987652-750x422.jpg 750w, https:\/\/www.em.com.br\/emfoco\/wp-content\/uploads\/2026\/01\/berinjela-a-parmegiana-_1769034987652-1140x641.jpg 1140w, https:\/\/www.em.com.br\/emfoco\/wp-content\/uploads\/2026\/01\/berinjela-a-parmegiana-_1769034987652.jpg 1280w\" sizes=\"auto, (max-width: 1024px) 100vw, 1024px\" \/><figcaption class=\"wp-element-caption\">Berinjela \u00e0 parmegiana que conforta e alimenta bem &#8211; Cr\u00e9ditos: depositphotos.com \/ lenyvavsha<\/figcaption><\/figure>\n\n\n\n<h2 class=\"wp-block-heading\">Como deixar a berinjela \u00e0 parmegiana mais saud\u00e1vel e equilibrada?<\/h2>\n\n\n\n<p>Pequenos ajustes deixam a&nbsp;<strong>berinjela \u00e0 parmegiana<\/strong>&nbsp;mais leve, sem perder a ess\u00eancia do prato. Assar as fatias de berinjela em vez de fritar reduz a quantidade de \u00f3leo e mant\u00e9m uma textura agrad\u00e1vel.<\/p>\n\n\n\n<p>Outra boa estrat\u00e9gia \u00e9 investir em molho de tomate caseiro, com menos s\u00f3dio e a\u00e7\u00facar, e controlar o uso de queijos mais gordurosos, equilibrando sabor e calorias.<\/p>\n\n\n\n<ul class=\"wp-block-list\">\n<li>Preferir assar as fatias de berinjela em vez de fritar.<\/li>\n\n\n\n<li>Utilizar molho de tomate caseiro ou vers\u00f5es com menos aditivos.<\/li>\n\n\n\n<li>Controlar a quantidade de queijo e distribuir bem entre as camadas.<\/li>\n\n\n\n<li>Incluir saladas ou legumes grelhados como acompanhamento.<\/li>\n<\/ul>\n\n\n\n<h2 class=\"wp-block-heading\">Como aproveitar a berinjela \u00e0 parmegiana no dia a dia da cozinha?<\/h2>\n\n\n\n<p>A&nbsp;<strong>berinjela \u00e0 parmegiana<\/strong>&nbsp;se encaixa bem na rotina, inclusive para quem precisa planejar marmitas e refei\u00e7\u00f5es antecipadas. O prato pode ser montado com anteced\u00eancia, guardado na geladeira e levado ao forno pouco antes de servir, al\u00e9m de ser \u00f3timo para reaproveitar no dia seguinte.<\/p>\n\n\n\n<p>Se voc\u00ea quer variar o card\u00e1pio ainda hoje, aproveite essa receita para criar um almo\u00e7o de domingo marcante ou um jantar r\u00e1pido de semana. N\u00e3o espere a ocasi\u00e3o perfeita: escolha os ingredientes, pr\u00e9-aque\u00e7a o forno agora mesmo e transforme a sua pr\u00f3xima refei\u00e7\u00e3o em um momento especial.<\/p>\n\n\n\n<p><\/p>\n","protected":false},"excerpt":{"rendered":"<p>A receita de&nbsp;berinjela \u00e0 parmegiana&nbsp;\u00e9 presen\u00e7a garantida em almo\u00e7os de fam\u00edlia e jantares pr\u00e1ticos da semana. De origem italiana, ela combina camadas de berinjela, molho de tomate e queijos, lembrando uma lasanha sem massa. Por ser vers\u00e1til, pode entrar tanto como prato principal quanto como acompanhamento, equilibrando sabor marcante com uma pegada mais leve e [&hellip;]<\/p>\n","protected":false},"author":11,"featured_media":158437,"comment_status":"open","ping_status":"open","sticky":false,"template":"","format":"standard","meta":{"jnews-multi-image_gallery":[],"jnews_single_post":{"format":"standard"},"jnews_primary_category":[],"jnews_social_meta":[],"jnews_override_counter":[],"footnotes":""},"categories":[8819,1],"tags":[23161,17495,6156,3440],"class_list":["post-158418","post","type-post","status-publish","format-standard","has-post-thumbnail","hentry","category-curiosidades","category-noticias","tag-berinjela-a-parmegiana","tag-cardapio","tag-molho-de-tomate","tag-receita"],"yoast_head":"<!-- This site is optimized with the Yoast SEO plugin v23.8 - https:\/\/yoast.com\/wordpress\/plugins\/seo\/ -->\n<title>Como preparar berinjela \u00e0 parmegiana: a receita com molho e queijo gratinado - Estado de Minas - Em foco<\/title>\n<meta name=\"description\" content=\"A berinjela \u00e0 parmegiana \u00e9 pr\u00e1tica saborosa e perfeita para o dia a dia. Uma op\u00e7\u00e3o leve com muito queijo e molho de tomate.\" \/>\n<meta name=\"robots\" content=\"index, follow, max-snippet:-1, max-image-preview:large, max-video-preview:-1\" \/>\n<link rel=\"canonical\" href=\"https:\/\/www.em.com.br\/emfoco\/2026\/01\/23\/como-preparar-berinjela-a-parmegiana-a-receita-com-molho-e-queijo-gratinado\/\" \/>\n<meta property=\"og:locale\" content=\"pt_BR\" \/>\n<meta property=\"og:type\" content=\"article\" \/>\n<meta property=\"og:title\" content=\"Como preparar berinjela \u00e0 parmegiana: a receita com molho e queijo gratinado - Estado de Minas - Em foco\" \/>\n<meta property=\"og:description\" content=\"A berinjela \u00e0 parmegiana \u00e9 pr\u00e1tica saborosa e perfeita para o dia a dia. Uma op\u00e7\u00e3o leve com muito queijo e molho de tomate.\" \/>\n<meta property=\"og:url\" content=\"https:\/\/www.em.com.br\/emfoco\/2026\/01\/23\/como-preparar-berinjela-a-parmegiana-a-receita-com-molho-e-queijo-gratinado\/\" \/>\n<meta property=\"og:site_name\" content=\"Estado de Minas - Em foco\" \/>\n<meta property=\"article:published_time\" content=\"2026-01-23T21:25:00+00:00\" \/>\n<meta property=\"article:modified_time\" content=\"2026-01-22T22:58:06+00:00\" \/>\n<meta property=\"og:image\" content=\"https:\/\/www.em.com.br\/emfoco\/wp-content\/uploads\/2026\/01\/berinjela-a-parmegiana-_1769035068010.jpg\" \/>\n\t<meta property=\"og:image:width\" content=\"1280\" \/>\n\t<meta property=\"og:image:height\" content=\"720\" \/>\n\t<meta property=\"og:image:type\" content=\"image\/jpeg\" \/>\n<meta name=\"author\" content=\"Andre\u0301 Rangel\u00a0\" \/>\n<meta name=\"twitter:card\" content=\"summary_large_image\" \/>\n<meta name=\"twitter:label1\" content=\"Escrito por\" \/>\n\t<meta name=\"twitter:data1\" content=\"Andre\u0301 Rangel\u00a0\" \/>\n\t<meta name=\"twitter:label2\" content=\"Est. tempo de leitura\" \/>\n\t<meta name=\"twitter:data2\" content=\"5 minutos\" \/>\n<!-- \/ Yoast SEO plugin. -->","yoast_head_json":{"title":"Como preparar berinjela \u00e0 parmegiana: a receita com molho e queijo gratinado - Estado de Minas - Em foco","description":"A berinjela \u00e0 parmegiana \u00e9 pr\u00e1tica saborosa e perfeita para o dia a dia. Uma op\u00e7\u00e3o leve com muito queijo e molho de tomate.","robots":{"index":"index","follow":"follow","max-snippet":"max-snippet:-1","max-image-preview":"max-image-preview:large","max-video-preview":"max-video-preview:-1"},"canonical":"https:\/\/www.em.com.br\/emfoco\/2026\/01\/23\/como-preparar-berinjela-a-parmegiana-a-receita-com-molho-e-queijo-gratinado\/","og_locale":"pt_BR","og_type":"article","og_title":"Como preparar berinjela \u00e0 parmegiana: a receita com molho e queijo gratinado - Estado de Minas - Em foco","og_description":"A berinjela \u00e0 parmegiana \u00e9 pr\u00e1tica saborosa e perfeita para o dia a dia. Uma op\u00e7\u00e3o leve com muito queijo e molho de tomate.","og_url":"https:\/\/www.em.com.br\/emfoco\/2026\/01\/23\/como-preparar-berinjela-a-parmegiana-a-receita-com-molho-e-queijo-gratinado\/","og_site_name":"Estado de Minas - Em foco","article_published_time":"2026-01-23T21:25:00+00:00","article_modified_time":"2026-01-22T22:58:06+00:00","og_image":[{"width":1280,"height":720,"url":"https:\/\/www.em.com.br\/emfoco\/wp-content\/uploads\/2026\/01\/berinjela-a-parmegiana-_1769035068010.jpg","type":"image\/jpeg"}],"author":"Andre\u0301 Rangel\u00a0","twitter_card":"summary_large_image","twitter_misc":{"Escrito por":"Andre\u0301 Rangel\u00a0","Est. tempo de leitura":"5 minutos"},"schema":{"@context":"https:\/\/schema.org","@graph":[{"@type":"WebPage","@id":"https:\/\/www.em.com.br\/emfoco\/2026\/01\/23\/como-preparar-berinjela-a-parmegiana-a-receita-com-molho-e-queijo-gratinado\/","url":"https:\/\/www.em.com.br\/emfoco\/2026\/01\/23\/como-preparar-berinjela-a-parmegiana-a-receita-com-molho-e-queijo-gratinado\/","name":"Como preparar berinjela \u00e0 parmegiana: a receita com molho e queijo gratinado - Estado de Minas - Em foco","isPartOf":{"@id":"https:\/\/www.em.com.br\/emfoco\/#website"},"primaryImageOfPage":{"@id":"https:\/\/www.em.com.br\/emfoco\/2026\/01\/23\/como-preparar-berinjela-a-parmegiana-a-receita-com-molho-e-queijo-gratinado\/#primaryimage"},"image":{"@id":"https:\/\/www.em.com.br\/emfoco\/2026\/01\/23\/como-preparar-berinjela-a-parmegiana-a-receita-com-molho-e-queijo-gratinado\/#primaryimage"},"thumbnailUrl":"https:\/\/www.em.com.br\/emfoco\/wp-content\/uploads\/2026\/01\/berinjela-a-parmegiana-_1769035068010.jpg","datePublished":"2026-01-23T21:25:00+00:00","dateModified":"2026-01-22T22:58:06+00:00","author":{"@id":"https:\/\/www.em.com.br\/emfoco\/#\/schema\/person\/60eda09c1fedf0d6891f4cef4b60b8b8"},"description":"A berinjela \u00e0 parmegiana \u00e9 pr\u00e1tica saborosa e perfeita para o dia a dia. Uma op\u00e7\u00e3o leve com muito queijo e molho de tomate.","breadcrumb":{"@id":"https:\/\/www.em.com.br\/emfoco\/2026\/01\/23\/como-preparar-berinjela-a-parmegiana-a-receita-com-molho-e-queijo-gratinado\/#breadcrumb"},"inLanguage":"pt-BR","potentialAction":[{"@type":"ReadAction","target":["https:\/\/www.em.com.br\/emfoco\/2026\/01\/23\/como-preparar-berinjela-a-parmegiana-a-receita-com-molho-e-queijo-gratinado\/"]}]},{"@type":"ImageObject","inLanguage":"pt-BR","@id":"https:\/\/www.em.com.br\/emfoco\/2026\/01\/23\/como-preparar-berinjela-a-parmegiana-a-receita-com-molho-e-queijo-gratinado\/#primaryimage","url":"https:\/\/www.em.com.br\/emfoco\/wp-content\/uploads\/2026\/01\/berinjela-a-parmegiana-_1769035068010.jpg","contentUrl":"https:\/\/www.em.com.br\/emfoco\/wp-content\/uploads\/2026\/01\/berinjela-a-parmegiana-_1769035068010.jpg","width":1280,"height":720,"caption":"Berinjela \u00e0 parmegiana que conforta e alimenta bem - Cr\u00e9ditos: depositphotos.com \/ intiso"},{"@type":"BreadcrumbList","@id":"https:\/\/www.em.com.br\/emfoco\/2026\/01\/23\/como-preparar-berinjela-a-parmegiana-a-receita-com-molho-e-queijo-gratinado\/#breadcrumb","itemListElement":[{"@type":"ListItem","position":1,"name":"In\u00edcio","item":"https:\/\/www.em.com.br\/emfoco\/"},{"@type":"ListItem","position":2,"name":"Como preparar berinjela \u00e0 parmegiana: a receita com molho e queijo gratinado"}]},{"@type":"WebSite","@id":"https:\/\/www.em.com.br\/emfoco\/#website","url":"https:\/\/www.em.com.br\/emfoco\/","name":"Estado de Minas - Em foco","description":"Acompanhe as \u00faltimas not\u00edcias e fique bem informado sobre tudo o que acontece em Minas Gerais, Brasil e no mundo.","potentialAction":[{"@type":"SearchAction","target":{"@type":"EntryPoint","urlTemplate":"https:\/\/www.em.com.br\/emfoco\/?s={search_term_string}"},"query-input":{"@type":"PropertyValueSpecification","valueRequired":true,"valueName":"search_term_string"}}],"inLanguage":"pt-BR"},{"@type":"Person","@id":"https:\/\/www.em.com.br\/emfoco\/#\/schema\/person\/60eda09c1fedf0d6891f4cef4b60b8b8","name":"Andre\u0301 Rangel\u00a0","image":{"@type":"ImageObject","inLanguage":"pt-BR","@id":"https:\/\/www.em.com.br\/emfoco\/#\/schema\/person\/image\/","url":"https:\/\/secure.gravatar.com\/avatar\/6234dc814c77c8ef6d8bba622c787efc?s=96&d=mm&r=g","contentUrl":"https:\/\/secure.gravatar.com\/avatar\/6234dc814c77c8ef6d8bba622c787efc?s=96&d=mm&r=g","caption":"Andre\u0301 Rangel\u00a0"},"url":"https:\/\/www.em.com.br\/emfoco\/author\/luizmyth\/"}]}},"_links":{"self":[{"href":"https:\/\/www.em.com.br\/emfoco\/wp-json\/wp\/v2\/posts\/158418","targetHints":{"allow":["GET"]}}],"collection":[{"href":"https:\/\/www.em.com.br\/emfoco\/wp-json\/wp\/v2\/posts"}],"about":[{"href":"https:\/\/www.em.com.br\/emfoco\/wp-json\/wp\/v2\/types\/post"}],"author":[{"embeddable":true,"href":"https:\/\/www.em.com.br\/emfoco\/wp-json\/wp\/v2\/users\/11"}],"replies":[{"embeddable":true,"href":"https:\/\/www.em.com.br\/emfoco\/wp-json\/wp\/v2\/comments?post=158418"}],"version-history":[{"count":4,"href":"https:\/\/www.em.com.br\/emfoco\/wp-json\/wp\/v2\/posts\/158418\/revisions"}],"predecessor-version":[{"id":158438,"href":"https:\/\/www.em.com.br\/emfoco\/wp-json\/wp\/v2\/posts\/158418\/revisions\/158438"}],"wp:featuredmedia":[{"embeddable":true,"href":"https:\/\/www.em.com.br\/emfoco\/wp-json\/wp\/v2\/media\/158437"}],"wp:attachment":[{"href":"https:\/\/www.em.com.br\/emfoco\/wp-json\/wp\/v2\/media?parent=158418"}],"wp:term":[{"taxonomy":"category","embeddable":true,"href":"https:\/\/www.em.com.br\/emfoco\/wp-json\/wp\/v2\/categories?post=158418"},{"taxonomy":"post_tag","embeddable":true,"href":"https:\/\/www.em.com.br\/emfoco\/wp-json\/wp\/v2\/tags?post=158418"}],"curies":[{"name":"wp","href":"https:\/\/api.w.org\/{rel}","templated":true}]}}