{"id":158385,"date":"2026-01-22T13:45:00","date_gmt":"2026-01-22T16:45:00","guid":{"rendered":"https:\/\/www.em.com.br\/emfoco\/?p=158385"},"modified":"2026-01-21T20:08:23","modified_gmt":"2026-01-21T23:08:23","slug":"adeus-ao-maior-shopping-center-do-pais-gigante-do-varejo-enfrenta-sua-maior-crise-desde-a-sua-inauguracao","status":"publish","type":"post","link":"https:\/\/www.em.com.br\/emfoco\/2026\/01\/22\/adeus-ao-maior-shopping-center-do-pais-gigante-do-varejo-enfrenta-sua-maior-crise-desde-a-sua-inauguracao\/","title":{"rendered":"Adeus ao maior shopping center do pa\u00eds: gigante do varejo enfrenta sua maior crise desde a sua inaugura\u00e7\u00e3o"},"content":{"rendered":"\n<p><strong>Oasiz Madrid<\/strong>, considerado o maior centro comercial da <strong>Comunidade de Madrid<\/strong>, vive um momento decisivo ap\u00f3s a entrada da sua propriet\u00e1ria em concurso de credores, expondo o contraste entre a grandiosidade do projeto e a fragilidade da sua estrutura financeira, enquanto o complexo segue aberto, com elevada taxa de ocupa\u00e7\u00e3o e fluxo constante de visitantes.<\/p>\n\n\n\n<h2 class=\"wp-block-heading\">O que significa o concurso de credores para o Oasiz Madrid<\/h2>\n\n\n\n<p>O objetivo central do concurso de credores \u00e9 organizar a rela\u00e7\u00e3o com bancos, fundos de investimento, fornecedores e administra\u00e7\u00f5es p\u00fablicas, diante de uma d\u00edvida que superou com folga a capacidade de pagamento da empresa gestora. Nesse contexto, o futuro de <a href=\"https:\/\/oasizmadrid.com\/\" target=\"_blank\" rel=\"noreferrer noopener\">Oasiz Madrid <\/a>passa a depender de decis\u00f5es judiciais, propostas de compra e planos de reestrutura\u00e7\u00e3o que consigam preservar valor e mitigar perdas.<\/p>\n\n\n\n<p>No caso de Oasiz Madrid, o procedimento foi solicitado pela pr\u00f3pria propriet\u00e1ria, <strong>Carlotta Iberia S.L.<\/strong>, ap\u00f3s meses de tentativas frustradas de renegociar uma d\u00edvida superior a 300 milh\u00f5es de euros, valor bem acima da avalia\u00e7\u00e3o atual do complexo. O tribunal mercantil supervisiona a empresa, com uma administra\u00e7\u00e3o concursal encarregada de mapear patrim\u00f4nio, credores e poss\u00edveis solu\u00e7\u00f5es.<\/p>\n\n\n\n<figure class=\"wp-block-image\"><img decoding=\"async\" src=\"https:\/\/www.em.com.br\/emfoco\/wp-content\/uploads\/2025\/09\/shopping_1759109886282-1024x576.jpg\" alt=\"\"\/><figcaption class=\"wp-element-caption\">Shopping enfrenta crise financeira &#8211; Cr\u00e9ditos: depositphotos.com \/ dimmushka<\/figcaption><\/figure>\n\n\n\n<h2 class=\"wp-block-heading\">Como funciona o processo e quais s\u00e3o os principais credores<\/h2>\n\n\n\n<p>Nesse tipo de processo, a administra\u00e7\u00e3o concursal analisa cen\u00e1rios como venda do ativo, reestrutura\u00e7\u00e3o da d\u00edvida ou, em \u00faltimo caso, liquida\u00e7\u00e3o ordenada, sempre buscando maximizar a recupera\u00e7\u00e3o para os credores. Em Oasiz Madrid, uma parte relevante do passivo est\u00e1 ligada a um fundo imobili\u00e1rio internacional, que atua como principal financiador e potencial comprador.<\/p>\n\n\n\n<p>Al\u00e9m desse fundo, o projeto acumula d\u00e9bitos com o munic\u00edpio local e com a pr\u00f3pria matriz do grupo desenvolvedor, o que torna a negocia\u00e7\u00e3o mais complexa. Apesar da press\u00e3o financeira, o centro comercial mant\u00e9m elevada taxa de ocupa\u00e7\u00e3o e vendas em crescimento moderado, situa\u00e7\u00e3o que desperta o interesse de investidores especializados em ativos em dificuldade.<\/p>\n\n\n\n<h2 class=\"wp-block-heading\">Por que um centro comercial desse porte pode entrar em crise financeira<\/h2>\n\n\n\n<p>Oasiz Madrid foi concebido como um megaprojeto de com\u00e9rcio e lazer, com mais de 250 mil metros quadrados de \u00e1rea total e forte aposta em grandes marcas e entretenimento. Em teoria, esse modelo de \u201cdestino completo\u201d teria potencial para captar p\u00fablico de toda a \u00e1rea metropolitana, combinando compras, gastronomia e experi\u00eancias.<\/p>\n\n\n\n<p>Na pr\u00e1tica, por\u00e9m, o complexo enfrentou desde cedo uma combina\u00e7\u00e3o de fatores adversos que pressionaram a gera\u00e7\u00e3o de caixa e elevaram o risco financeiro. Entre os elementos mais citados por analistas do setor est\u00e3o:<\/p>\n\n\n\n<ul class=\"wp-block-list\">\n<li><strong>Concorr\u00eancia intensa<\/strong>\u00a0com outros centros j\u00e1 consolidados na regi\u00e3o de Madrid.<\/li>\n\n\n\n<li><strong>Custos de constru\u00e7\u00e3o e opera\u00e7\u00e3o elevados<\/strong>\u00a0em um projeto de grande escala.<\/li>\n\n\n\n<li><strong>Dificuldade em atrair todas as marcas \u00e2ncora desejadas<\/strong>, reduzindo o apelo inicial ao p\u00fablico.<\/li>\n\n\n\n<li><strong>Endividamento pesado<\/strong>, agravado por juros mais altos e consumo vol\u00e1til no p\u00f3s-pandemia.<\/li>\n<\/ul>\n\n\n\n<figure class=\"wp-block-image\"><img decoding=\"async\" src=\"https:\/\/www.em.com.br\/emfoco\/wp-content\/uploads\/2025\/09\/shopping_1759109813079-1024x576.jpg\" alt=\"\"\/><figcaption class=\"wp-element-caption\">Shopping encerrar\u00e1 atividades &#8211; Cr\u00e9ditos: depositphotos.com \/ sergeypeterman<\/figcaption><\/figure>\n\n\n\n<h2 class=\"wp-block-heading\">Quais cen\u00e1rios se desenham para o futuro do Oasiz Madrid<\/h2>\n\n\n\n<p>A entrada em concurso de credores n\u00e3o significa o encerramento imediato das atividades, mas sim a tentativa de preservar valor e organizar uma sa\u00edda estruturada. O processo busca proteger o conjunto de credores e, ao mesmo tempo, manter a opera\u00e7\u00e3o vi\u00e1vel para lojistas, franqueados e prestadores de servi\u00e7os.<\/p>\n\n\n\n<p>No mercado, discutem-se alternativas como a venda integral do centro para um novo propriet\u00e1rio, a reestrutura\u00e7\u00e3o com o principal fundo credor, a venda parcial de ativos ou, em cen\u00e1rio extremo, uma liquida\u00e7\u00e3o faseada. Em paralelo, ajustes no mix de <a href=\"https:\/\/www.em.com.br\/emfoco\/2026\/01\/15\/grupo-de-varejo-esta-fechando-diversas-portas-a-empresa-anuncia-o-encerramento-de-mais-de-130-lojas\/\" target=\"_blank\" rel=\"noreferrer noopener\">lojas<\/a>, renegocia\u00e7\u00e3o de alugu\u00e9is e novas estrat\u00e9gias de marketing podem ser usados para refor\u00e7ar o fluxo de visitantes e tornar o projeto mais resiliente.<\/p>\n\n\n\n<h2 class=\"wp-block-heading\">O que o caso Oasiz Madrid revela e por que agir agora<\/h2>\n\n\n\n<p>O caso de Oasiz Madrid tornou-se refer\u00eancia para estudos sobre grandes empreendimentos de varejo na Espanha em 2025, em meio a mudan\u00e7as nos h\u00e1bitos de consumo, crescimento do e-commerce e necessidade de modelos mais flex\u00edveis que combinem com\u00e9rcio, lazer e servi\u00e7os de forma sustent\u00e1vel. A forma como forem conduzidas a venda ou a reestrutura\u00e7\u00e3o servir\u00e1 de term\u00f4metro para o apetite de investidores e para o futuro dos shoppings f\u00edsicos na regi\u00e3o.<\/p>\n\n\n\n<p>Para gestores, lojistas e investidores, este \u00e9 o momento de acompanhar o processo de perto, rever estrat\u00e9gias e tomar decis\u00f5es r\u00e1pidas com base em dados e assessoria especializada. Ignorar os sinais de alerta ou adiar ajustes pode significar perder oportunidades decisivas de reposicionamento, renegocia\u00e7\u00e3o e prote\u00e7\u00e3o de valor em um mercado que est\u00e1 mudando agora.<\/p>\n","protected":false},"excerpt":{"rendered":"<p>Oasiz Madrid, considerado o maior centro comercial da Comunidade de Madrid, vive um momento decisivo ap\u00f3s a entrada da sua propriet\u00e1ria em concurso de credores, expondo o contraste entre a grandiosidade do projeto e a fragilidade da sua estrutura financeira, enquanto o complexo segue aberto, com elevada taxa de ocupa\u00e7\u00e3o e fluxo constante de visitantes. [&hellip;]<\/p>\n","protected":false},"author":11,"featured_media":123590,"comment_status":"open","ping_status":"open","sticky":false,"template":"","format":"standard","meta":{"jnews-multi-image_gallery":[],"jnews_single_post":{"format":"standard"},"jnews_primary_category":[],"jnews_social_meta":[],"jnews_override_counter":[],"footnotes":""},"categories":[28,1],"tags":[23153,5478,9677,15552],"class_list":["post-158385","post","type-post","status-publish","format-standard","has-post-thumbnail","hentry","category-economia","category-noticias","tag-credores","tag-falencia","tag-fechou","tag-shopping"],"yoast_head":"<!-- This site is optimized with the Yoast SEO plugin v23.8 - https:\/\/yoast.com\/wordpress\/plugins\/seo\/ -->\n<title>Adeus ao maior shopping center do pa\u00eds: gigante do varejo enfrenta sua maior crise desde a sua inaugura\u00e7\u00e3o - Estado de Minas - Em foco<\/title>\n<meta name=\"description\" content=\"Maior centro comercial da Comunidade de Madrid o Oasiz Madrid entra em concurso de credores, mas segue aberto enquanto negocia d\u00edvidas.\" \/>\n<meta name=\"robots\" content=\"index, follow, max-snippet:-1, max-image-preview:large, max-video-preview:-1\" \/>\n<link rel=\"canonical\" href=\"https:\/\/www.em.com.br\/emfoco\/2026\/01\/22\/adeus-ao-maior-shopping-center-do-pais-gigante-do-varejo-enfrenta-sua-maior-crise-desde-a-sua-inauguracao\/\" \/>\n<meta property=\"og:locale\" content=\"pt_BR\" \/>\n<meta property=\"og:type\" content=\"article\" \/>\n<meta property=\"og:title\" content=\"Adeus ao maior shopping center do pa\u00eds: gigante do varejo enfrenta sua maior crise desde a sua inaugura\u00e7\u00e3o - Estado de Minas - Em foco\" \/>\n<meta property=\"og:description\" content=\"Maior centro comercial da Comunidade de Madrid o Oasiz Madrid entra em concurso de credores, mas segue aberto enquanto negocia d\u00edvidas.\" \/>\n<meta property=\"og:url\" content=\"https:\/\/www.em.com.br\/emfoco\/2026\/01\/22\/adeus-ao-maior-shopping-center-do-pais-gigante-do-varejo-enfrenta-sua-maior-crise-desde-a-sua-inauguracao\/\" \/>\n<meta property=\"og:site_name\" content=\"Estado de Minas - Em foco\" \/>\n<meta property=\"article:published_time\" content=\"2026-01-22T16:45:00+00:00\" \/>\n<meta property=\"article:modified_time\" content=\"2026-01-21T23:08:23+00:00\" \/>\n<meta property=\"og:image\" content=\"https:\/\/www.em.com.br\/emfoco\/wp-content\/uploads\/2025\/11\/Shopping-fechado_1762351457109.jpg\" \/>\n\t<meta property=\"og:image:width\" content=\"1280\" \/>\n\t<meta property=\"og:image:height\" content=\"720\" \/>\n\t<meta property=\"og:image:type\" content=\"image\/jpeg\" \/>\n<meta name=\"author\" content=\"Andre\u0301 Rangel\u00a0\" \/>\n<meta name=\"twitter:card\" content=\"summary_large_image\" \/>\n<meta name=\"twitter:label1\" content=\"Escrito por\" \/>\n\t<meta name=\"twitter:data1\" content=\"Andre\u0301 Rangel\u00a0\" \/>\n\t<meta name=\"twitter:label2\" content=\"Est. tempo de leitura\" \/>\n\t<meta name=\"twitter:data2\" content=\"5 minutos\" \/>\n<!-- \/ Yoast SEO plugin. -->","yoast_head_json":{"title":"Adeus ao maior shopping center do pa\u00eds: gigante do varejo enfrenta sua maior crise desde a sua inaugura\u00e7\u00e3o - Estado de Minas - Em foco","description":"Maior centro comercial da Comunidade de Madrid o Oasiz Madrid entra em concurso de credores, mas segue aberto enquanto negocia d\u00edvidas.","robots":{"index":"index","follow":"follow","max-snippet":"max-snippet:-1","max-image-preview":"max-image-preview:large","max-video-preview":"max-video-preview:-1"},"canonical":"https:\/\/www.em.com.br\/emfoco\/2026\/01\/22\/adeus-ao-maior-shopping-center-do-pais-gigante-do-varejo-enfrenta-sua-maior-crise-desde-a-sua-inauguracao\/","og_locale":"pt_BR","og_type":"article","og_title":"Adeus ao maior shopping center do pa\u00eds: gigante do varejo enfrenta sua maior crise desde a sua inaugura\u00e7\u00e3o - Estado de Minas - Em foco","og_description":"Maior centro comercial da Comunidade de Madrid o Oasiz Madrid entra em concurso de credores, mas segue aberto enquanto negocia d\u00edvidas.","og_url":"https:\/\/www.em.com.br\/emfoco\/2026\/01\/22\/adeus-ao-maior-shopping-center-do-pais-gigante-do-varejo-enfrenta-sua-maior-crise-desde-a-sua-inauguracao\/","og_site_name":"Estado de Minas - Em foco","article_published_time":"2026-01-22T16:45:00+00:00","article_modified_time":"2026-01-21T23:08:23+00:00","og_image":[{"width":1280,"height":720,"url":"https:\/\/www.em.com.br\/emfoco\/wp-content\/uploads\/2025\/11\/Shopping-fechado_1762351457109.jpg","type":"image\/jpeg"}],"author":"Andre\u0301 Rangel\u00a0","twitter_card":"summary_large_image","twitter_misc":{"Escrito por":"Andre\u0301 Rangel\u00a0","Est. tempo de leitura":"5 minutos"},"schema":{"@context":"https:\/\/schema.org","@graph":[{"@type":"WebPage","@id":"https:\/\/www.em.com.br\/emfoco\/2026\/01\/22\/adeus-ao-maior-shopping-center-do-pais-gigante-do-varejo-enfrenta-sua-maior-crise-desde-a-sua-inauguracao\/","url":"https:\/\/www.em.com.br\/emfoco\/2026\/01\/22\/adeus-ao-maior-shopping-center-do-pais-gigante-do-varejo-enfrenta-sua-maior-crise-desde-a-sua-inauguracao\/","name":"Adeus ao maior shopping center do pa\u00eds: gigante do varejo enfrenta sua maior crise desde a sua inaugura\u00e7\u00e3o - Estado de Minas - Em foco","isPartOf":{"@id":"https:\/\/www.em.com.br\/emfoco\/#website"},"primaryImageOfPage":{"@id":"https:\/\/www.em.com.br\/emfoco\/2026\/01\/22\/adeus-ao-maior-shopping-center-do-pais-gigante-do-varejo-enfrenta-sua-maior-crise-desde-a-sua-inauguracao\/#primaryimage"},"image":{"@id":"https:\/\/www.em.com.br\/emfoco\/2026\/01\/22\/adeus-ao-maior-shopping-center-do-pais-gigante-do-varejo-enfrenta-sua-maior-crise-desde-a-sua-inauguracao\/#primaryimage"},"thumbnailUrl":"https:\/\/www.em.com.br\/emfoco\/wp-content\/uploads\/2025\/11\/Shopping-fechado_1762351457109.jpg","datePublished":"2026-01-22T16:45:00+00:00","dateModified":"2026-01-21T23:08:23+00:00","author":{"@id":"https:\/\/www.em.com.br\/emfoco\/#\/schema\/person\/60eda09c1fedf0d6891f4cef4b60b8b8"},"description":"Maior centro comercial da Comunidade de Madrid o Oasiz Madrid entra em concurso de credores, mas segue aberto enquanto negocia d\u00edvidas.","breadcrumb":{"@id":"https:\/\/www.em.com.br\/emfoco\/2026\/01\/22\/adeus-ao-maior-shopping-center-do-pais-gigante-do-varejo-enfrenta-sua-maior-crise-desde-a-sua-inauguracao\/#breadcrumb"},"inLanguage":"pt-BR","potentialAction":[{"@type":"ReadAction","target":["https:\/\/www.em.com.br\/emfoco\/2026\/01\/22\/adeus-ao-maior-shopping-center-do-pais-gigante-do-varejo-enfrenta-sua-maior-crise-desde-a-sua-inauguracao\/"]}]},{"@type":"ImageObject","inLanguage":"pt-BR","@id":"https:\/\/www.em.com.br\/emfoco\/2026\/01\/22\/adeus-ao-maior-shopping-center-do-pais-gigante-do-varejo-enfrenta-sua-maior-crise-desde-a-sua-inauguracao\/#primaryimage","url":"https:\/\/www.em.com.br\/emfoco\/wp-content\/uploads\/2025\/11\/Shopping-fechado_1762351457109.jpg","contentUrl":"https:\/\/www.em.com.br\/emfoco\/wp-content\/uploads\/2025\/11\/Shopping-fechado_1762351457109.jpg","width":1280,"height":720,"caption":"Fechamento marca nova fase - Cr\u00e9ditos: depositphotos.com \/ KhunTa"},{"@type":"BreadcrumbList","@id":"https:\/\/www.em.com.br\/emfoco\/2026\/01\/22\/adeus-ao-maior-shopping-center-do-pais-gigante-do-varejo-enfrenta-sua-maior-crise-desde-a-sua-inauguracao\/#breadcrumb","itemListElement":[{"@type":"ListItem","position":1,"name":"In\u00edcio","item":"https:\/\/www.em.com.br\/emfoco\/"},{"@type":"ListItem","position":2,"name":"Adeus ao maior shopping center do pa\u00eds: gigante do varejo enfrenta sua maior crise desde a sua inaugura\u00e7\u00e3o"}]},{"@type":"WebSite","@id":"https:\/\/www.em.com.br\/emfoco\/#website","url":"https:\/\/www.em.com.br\/emfoco\/","name":"Estado de Minas - Em foco","description":"Acompanhe as \u00faltimas not\u00edcias e fique bem informado sobre tudo o que acontece em Minas Gerais, Brasil e no mundo.","potentialAction":[{"@type":"SearchAction","target":{"@type":"EntryPoint","urlTemplate":"https:\/\/www.em.com.br\/emfoco\/?s={search_term_string}"},"query-input":{"@type":"PropertyValueSpecification","valueRequired":true,"valueName":"search_term_string"}}],"inLanguage":"pt-BR"},{"@type":"Person","@id":"https:\/\/www.em.com.br\/emfoco\/#\/schema\/person\/60eda09c1fedf0d6891f4cef4b60b8b8","name":"Andre\u0301 Rangel\u00a0","image":{"@type":"ImageObject","inLanguage":"pt-BR","@id":"https:\/\/www.em.com.br\/emfoco\/#\/schema\/person\/image\/","url":"https:\/\/secure.gravatar.com\/avatar\/6234dc814c77c8ef6d8bba622c787efc?s=96&d=mm&r=g","contentUrl":"https:\/\/secure.gravatar.com\/avatar\/6234dc814c77c8ef6d8bba622c787efc?s=96&d=mm&r=g","caption":"Andre\u0301 Rangel\u00a0"},"url":"https:\/\/www.em.com.br\/emfoco\/author\/luizmyth\/"}]}},"_links":{"self":[{"href":"https:\/\/www.em.com.br\/emfoco\/wp-json\/wp\/v2\/posts\/158385","targetHints":{"allow":["GET"]}}],"collection":[{"href":"https:\/\/www.em.com.br\/emfoco\/wp-json\/wp\/v2\/posts"}],"about":[{"href":"https:\/\/www.em.com.br\/emfoco\/wp-json\/wp\/v2\/types\/post"}],"author":[{"embeddable":true,"href":"https:\/\/www.em.com.br\/emfoco\/wp-json\/wp\/v2\/users\/11"}],"replies":[{"embeddable":true,"href":"https:\/\/www.em.com.br\/emfoco\/wp-json\/wp\/v2\/comments?post=158385"}],"version-history":[{"count":3,"href":"https:\/\/www.em.com.br\/emfoco\/wp-json\/wp\/v2\/posts\/158385\/revisions"}],"predecessor-version":[{"id":158406,"href":"https:\/\/www.em.com.br\/emfoco\/wp-json\/wp\/v2\/posts\/158385\/revisions\/158406"}],"wp:featuredmedia":[{"embeddable":true,"href":"https:\/\/www.em.com.br\/emfoco\/wp-json\/wp\/v2\/media\/123590"}],"wp:attachment":[{"href":"https:\/\/www.em.com.br\/emfoco\/wp-json\/wp\/v2\/media?parent=158385"}],"wp:term":[{"taxonomy":"category","embeddable":true,"href":"https:\/\/www.em.com.br\/emfoco\/wp-json\/wp\/v2\/categories?post=158385"},{"taxonomy":"post_tag","embeddable":true,"href":"https:\/\/www.em.com.br\/emfoco\/wp-json\/wp\/v2\/tags?post=158385"}],"curies":[{"name":"wp","href":"https:\/\/api.w.org\/{rel}","templated":true}]}}