{"id":158373,"date":"2026-01-24T11:25:00","date_gmt":"2026-01-24T14:25:00","guid":{"rendered":"https:\/\/www.em.com.br\/emfoco\/?p=158373"},"modified":"2026-01-24T09:08:16","modified_gmt":"2026-01-24T12:08:16","slug":"a-veneza-brasileira-guarda-pontes-seculares-e-o-maior-bloco-de-carnaval-do-planeta-que-conquistou-a-unesco","status":"publish","type":"post","link":"https:\/\/www.em.com.br\/emfoco\/2026\/01\/24\/a-veneza-brasileira-guarda-pontes-seculares-e-o-maior-bloco-de-carnaval-do-planeta-que-conquistou-a-unesco\/","title":{"rendered":"A Veneza Brasileira guarda pontes seculares e o maior bloco de carnaval do planeta que conquistou a UNESCO"},"content":{"rendered":"\n<p>Apelidada de <strong>Veneza Brasileira<\/strong>, <strong>Recife<\/strong> \u00e9 a capital de <strong>Pernambuco<\/strong> e um dos centros culturais mais efervescentes do <strong>Nordeste<\/strong>. O destino \u00e9 um <strong>santu\u00e1rio<\/strong> para quem busca solidez hist\u00f3rica, uma identidade vibrante e o charme das pontes que cruzam os rios <strong>Capibaribe<\/strong> e <strong>Beberibe<\/strong>.<\/p>\n\n\n\n<h2 class=\"wp-block-heading\">Quais marcos oficiais e t\u00edtulos definem a capital pernambucana?<\/h2>\n\n\n\n<p><strong>Recife<\/strong> abriga o <strong>Galo da Madrugada<\/strong>, reconhecido internacionalmente como o maior bloco de carnaval do mundo, e possui uma popula\u00e7\u00e3o de 1.488.920 habitantes, segundo o <strong><a href=\"https:\/\/cidades.ibge.gov.br\/brasil\/pe\/recife\/panorama\" target=\"_blank\" rel=\"noreferrer noopener\">Instituto Brasileiro de Geografia e Estat\u00edstica<\/a><\/strong> (<strong>IBGE<\/strong>). A metr\u00f3pole \u00e9 sede do <strong>Porto Digital<\/strong>, um dos principais polos tecnol\u00f3gicos do pa\u00eds.<\/p>\n\n\n\n<p>O <strong>Frevo<\/strong>, express\u00e3o art\u00edstica onipresente na cidade, \u00e9 Patrim\u00f4nio Cultural Imaterial da Humanidade pela <strong><a href=\"https:\/\/www.unesco.org\/en\/creative-cities\/recife\" target=\"_blank\" rel=\"noreferrer noopener\">Organiza\u00e7\u00e3o das Na\u00e7\u00f5es Unidas para a Educa\u00e7\u00e3o, a Ci\u00eancia e a Cultura<\/a><\/strong> (<strong>UNESCO<\/strong>). Esse <strong>cen\u00e1rio<\/strong> de tradi\u00e7\u00f5es preservadas \u00e9 rigorosamente protegido pelo <strong><a href=\"http:\/\/portal.iphan.gov.br\/pagina\/detalhes\/352\/\" target=\"_blank\" rel=\"noreferrer noopener\">Instituto do Patrim\u00f4nio Hist\u00f3rico e Art\u00edstico Nacional<\/a><\/strong> (<strong>IPHAN<\/strong>).<\/p>\n\n\n\n<figure class=\"wp-block-image aligncenter size-large\"><img loading=\"lazy\" decoding=\"async\" width=\"1024\" height=\"576\" src=\"https:\/\/www.em.com.br\/emfoco\/wp-content\/uploads\/2025\/12\/Recife_1738713144992-1024x576.jpg\" alt=\"\" class=\"wp-image-146946\" srcset=\"https:\/\/www.em.com.br\/emfoco\/wp-content\/uploads\/2025\/12\/Recife_1738713144992-1024x576.jpg 1024w, https:\/\/www.em.com.br\/emfoco\/wp-content\/uploads\/2025\/12\/Recife_1738713144992-300x169.jpg 300w, https:\/\/www.em.com.br\/emfoco\/wp-content\/uploads\/2025\/12\/Recife_1738713144992-768x432.jpg 768w, https:\/\/www.em.com.br\/emfoco\/wp-content\/uploads\/2025\/12\/Recife_1738713144992-750x422.jpg 750w, https:\/\/www.em.com.br\/emfoco\/wp-content\/uploads\/2025\/12\/Recife_1738713144992-1140x641.jpg 1140w, https:\/\/www.em.com.br\/emfoco\/wp-content\/uploads\/2025\/12\/Recife_1738713144992.jpg 1280w\" sizes=\"auto, (max-width: 1024px) 100vw, 1024px\" \/><figcaption class=\"wp-element-caption\">Recife encanta turistas brasileiros com seus canais, cultura e charme de \u201cVeneza do Nordeste\u201d\n \/\/ Cr\u00e9ditos: depositphotos.com \/ mrmello63@gmail.com<\/figcaption><\/figure>\n\n\n\n<h2 class=\"wp-block-heading\">Quais viv\u00eancias definem a identidade sensorial de Recife?<\/h2>\n\n\n\n<p>A <strong>identidade sensorial<\/strong> recifense \u00e9 composta pelo som das orquestras de frevo e pelo sabor inconfund\u00edvel do a\u00e7\u00facar transformado em arte. O roteiro na capital permite uma imers\u00e3o que vai dos castelos de colecionadores ao paladar marcante da cozinha regional.<\/p>\n\n\n\n<p>As viv\u00eancias destacadas na lista abaixo re\u00fanem os elementos que tornam esta <strong>joia<\/strong> do litoral pernambucano um destino de contrastes fascinantes:<\/p>\n\n\n\n<ul class=\"wp-block-list has-medium-font-size\">\n<li><strong>Marco Zero e Parque das Esculturas<\/strong>: O cora\u00e7\u00e3o do <strong>Recife Antigo<\/strong> oferece uma vista panor\u00e2mica das obras de <strong>Francisco Brennand<\/strong> emolduradas pelo mar.<\/li>\n\n\n\n<li><strong>Bolo de Rolo<\/strong>: Esta <strong>joia<\/strong> gastron\u00f4mica, patrim\u00f4nio imaterial do estado, encanta pela textura milim\u00e9trica e pelo recheio intenso de goiabada.<\/li>\n\n\n\n<li><strong>Instituto Ricardo Brennand<\/strong>: Um castelo de arquitetura medieval que funciona como <strong>santu\u00e1rio<\/strong> de armas brancas e obras raras em meio a uma reserva preservada.<\/li>\n\n\n\n<li><strong>Cartola<\/strong>: A sobremesa cl\u00e1ssica, que une a suavidade da banana frita ao queijo coalho e canela, \u00e9 uma experi\u00eancia essencial para o paladar.<\/li>\n\n\n\n<li><strong>Cais do Sert\u00e3o<\/strong>: O museu tecnol\u00f3gico narra a vida no semi\u00e1rido e a genialidade de <strong>Luiz Gonzaga<\/strong> em um <strong>cen\u00e1rio<\/strong> interativo e emocionante.<\/li>\n\n\n\n<li><strong>Praia de Boa Viagem<\/strong>: A orla urbana \u00e9 marcada pelo verde dos coqueirais e pelas \u00e1guas mornas protegidas por arrecifes naturais de coral.<\/li>\n<\/ul>\n\n\n\n<p>Quem <strong>planeja viajar para Recife<\/strong>, vai curtir esse v\u00eddeo especialmente selecionado do canal <strong>Fabi Cassol | Minha Praia Viajar<\/strong>, que conta com mais de 237 mil inscritos, onde <strong>Fabi Cassol<\/strong> mostra um <strong>roteiro completo<\/strong> de 4 dias com pre\u00e7os e dicas:<\/p>\n\n\n\n<figure class=\"wp-block-embed is-type-video is-provider-youtube wp-block-embed-youtube wp-embed-aspect-16-9 wp-has-aspect-ratio\"><div class=\"wp-block-embed__wrapper\">\n<div class=\"jeg_video_container jeg_video_content\"><iframe loading=\"lazy\" title=\"RECIFE 2024: ROTEIRO DE 4 DIAS COM PRE\u00c7OS | O QUE FAZER EM PERNAMBUCO | OLINDA | PASSEIOS E DICAS\" width=\"500\" height=\"281\" src=\"https:\/\/www.youtube.com\/embed\/7JdDZsO2l5Q?feature=oembed\" frameborder=\"0\" allow=\"accelerometer; autoplay; clipboard-write; encrypted-media; gyroscope; picture-in-picture; web-share\" referrerpolicy=\"strict-origin-when-cross-origin\" allowfullscreen><\/iframe><\/div>\n<\/div><\/figure>\n\n\n\n<h2 class=\"wp-block-heading\">Qual \u00e9 o per\u00edodo ideal para planejar a sua visita?<\/h2>\n\n\n\n<p>O per\u00edodo recomendado para organizar o roteiro ocorre entre os meses de setembro e fevereiro, durante a esta\u00e7\u00e3o seca, quando o sol brilha com intensidade. Evitar os meses de abril a julho \u00e9 estrat\u00e9gico, pois este intervalo concentra o pico das chuvas na costa leste do <strong>Nordeste<\/strong>.<\/p>\n\n\n\n<p>A tabela informativa apresentada abaixo sintetiza as m\u00e9dias t\u00e9rmicas e o comportamento atmosf\u00e9rico para garantir que sua estadia seja acompanhada de c\u00e9u limpo:<\/p>\n\n\n\n<div style=\"font-family: 'Open Sans', sans-serif; margin: 25px auto; max-width: 900px; background: #ffffff; border-radius: 12px; box-shadow: 0 10px 30px rgba(0, 0, 0, 0.05); overflow: hidden; border: 1px solid #e0e0e0;\">\n    \n    <table style=\"width: 100%; border-collapse: collapse; margin: 0; table-layout: auto;\">\n        <thead>\n            <tr style=\"background: #263238;\">\n                <th style=\"padding: 20px; font-weight: 700; text-transform: uppercase; font-size: 13px; letter-spacing: 1px; color: #ffffff !important; text-align: left; border: none;\">Esta\u00e7\u00e3o \/ Meses<\/th>\n                <th style=\"padding: 20px; font-weight: 700; text-transform: uppercase; font-size: 13px; letter-spacing: 1px; color: #ffffff !important; text-align: left; border: none;\">Temperatura<\/th>\n                <th style=\"padding: 20px; font-weight: 700; text-transform: uppercase; font-size: 13px; letter-spacing: 1px; color: #ffffff !important; text-align: left; border: none;\">O que esperar<\/th>\n            <\/tr>\n        <\/thead>\n        \n        <tbody>\n            <tr style=\"border-bottom: 1px solid #f5f5f5; border-left: 6px solid #e76f51;\">\n                <td style=\"padding: 18px 20px; color: #263238; font-size: 15px;\">\n                    <div style=\"margin-bottom: 8px;\">\n                        <span style=\"display: inline-block; padding: 3px 10px; border-radius: 4px; font-size: 10px; font-weight: 800; text-transform: uppercase; background: #fdf2f0; color: #e76f51; border: 1px solid #f9d8d1;\">Alta Temporada<\/span>\n                    <\/div>\n                    <strong style=\"color: #e76f51; font-size: 16px;\">Ver\u00e3o (Dez a Mar)<\/strong>\n                <\/td>\n                <td style=\"padding: 18px 20px; color: #263238; font-size: 16px;\">25\u00b0C a 31\u00b0C<\/td>\n                <td style=\"padding: 18px 20px; color: #546e7a; font-size: 15px; line-height: 1.6;\">\u00c9poca de sol intenso, muito calor e Carnaval. As praias de Boa Viagem e arredores ficam no auge do movimento tur\u00edstico.<\/td>\n            <\/tr>\n\n            <tr style=\"border-bottom: 1px solid #f5f5f5; border-left: 6px solid \n#e9c46a; background-color: #fafafa;\">\n                <td style=\"padding: 18px 20px; color: #263238; font-size: 15px;\">\n                    <div style=\"margin-bottom: 8px;\">\n                        <span style=\"display: inline-block; padding: 3px 10px; border-radius: 4px; font-size: 10px; font-weight: 800; text-transform: uppercase; background: #fef9ed; color: #b08d32; border: 1px solid #f8e9c4;\">Transi\u00e7\u00e3o<\/span>\n                    <\/div>\n                    <strong style=\"color: #b08d32; font-size: 16px;\">Outono (Mar a Jun)<\/strong>\n                <\/td>\n                <td style=\"padding: 18px 20px; color: #263238; font-size: 16px;\">24\u00b0C a 30\u00b0C<\/td>\n                <td style=\"padding: 18px 20px; color: #546e7a; font-size: 15px; line-height: 1.6;\">As chuvas come\u00e7am a aparecer com mais frequ\u00eancia, mas o calor permanece. Dias intercalados entre nebulosidade e sol.<\/td>\n            <\/tr>\n\n            <tr style=\"border-bottom: 1px solid #f5f5f5; border-left: 6px solid #457b9d;\">\n                <td style=\"padding: 18px 20px; color: #263238; font-size: 15px;\">\n                    <div style=\"margin-bottom: 8px;\">\n                        <span style=\"display: inline-block; padding: 3px 10px; border-radius: 4px; font-size: 10px; font-weight: 800; text-transform: uppercase; background: #f1f6f9; color: #1d3557; border: 1px solid #d1e3ee;\">\u00c9poca de Chuva<\/span>\n                    <\/div>\n                    <strong style=\"color: #1d3557; font-size: 16px;\">Inverno (Jun a Set)<\/strong>\n                <\/td>\n                <td style=\"padding: 18px 20px; color: #263238; font-size: 16px;\">22\u00b0C a 27\u00b0C<\/td>\n                <td style=\"padding: 18px 20px; color: #546e7a; font-size: 15px; line-height: 1.6;\">O &#8220;inverno&#8221; recifense \u00e9 marcado por chuvas volumosas. \u00d3timo per\u00edodo para roteiros culturais, museus e gastronomia local.<\/td>\n            <\/tr>\n\n            <tr style=\"border-left: 6px solid #2a9d8f; background-color: #fafafa;\">\n                <td style=\"padding: 18px 20px; color: #263238; font-size: 15px;\">\n                    <div style=\"margin-bottom: 8px;\">\n                        <span style=\"display: inline-block; padding: 3px 10px; border-radius: 4px; font-size: 10px; font-weight: 800; text-transform: uppercase; background: #f0f9f8; color: #264653; border: 1px solid #cceae7;\">Melhor \u00c9poca<\/span>\n                    <\/div>\n                    <strong style=\"color: #264653; font-size: 16px;\">Primavera (Set a Dez)<\/strong>\n                <\/td>\n                <td style=\"padding: 18px 20px; color: #263238; font-size: 16px;\">24\u00b0C a 30\u00b0C<\/td>\n                <td style=\"padding: 18px 20px; color: #546e7a; font-size: 15px; line-height: 1.6;\">Considerada a melhor fase para visitas: o tempo seca, os ventos ficam mais agrad\u00e1veis e o sol brilha com for\u00e7a antes do pico do ver\u00e3o.<\/td>\n            <\/tr>\n        <\/tbody>\n    <\/table>\n<\/div>\n\n\n\n<p><em>Baseado em estimativas hist\u00f3ricas do <strong><a href=\"https:\/\/www.climatempo.com.br\/previsao-do-tempo\/cidade\/259\/recife-pe\" target=\"_blank\" rel=\"noreferrer noopener\">Climatempo<\/a><\/strong>.<\/em><\/p>\n\n\n\n<h2 class=\"wp-block-heading\">Como funciona a log\u00edstica e o acesso \u00e0 cidade?<\/h2>\n\n\n\n<p>O acesso principal \u00e9 realizado pelo <strong>Aeroporto Internacional do Recife\/Guararapes &#8211; Gilberto Freyre<\/strong>, localizado a aproximadamente quatro quil\u00f4metros da zona hoteleira principal. O tempo m\u00e9dio de deslocamento at\u00e9 a praia de <strong>Boa Viagem<\/strong> \u00e9 de cerca de 15 minutos em fluxos normais.<\/p>\n\n\n\n<p>Para quem utiliza o transporte terrestre, as rodovias <strong>BR-101<\/strong> e <strong>BR-232<\/strong> s\u00e3o as art\u00e9rias fundamentais que ligam a capital ao litoral norte e ao interior do estado. O deslocamento entre <strong>Recife<\/strong> e a hist\u00f3rica <strong>Olinda<\/strong> leva aproximadamente 20 minutos, facilitando o turismo integrado.<\/p>\n\n\n<div class=\"wp-block-image\">\n<figure class=\"aligncenter size-large\"><img loading=\"lazy\" decoding=\"async\" width=\"1024\" height=\"576\" src=\"https:\/\/www.em.com.br\/emfoco\/wp-content\/uploads\/2025\/12\/Recife_1747959697710-1024x576.jpg\" alt=\"\" class=\"wp-image-146947\" srcset=\"https:\/\/www.em.com.br\/emfoco\/wp-content\/uploads\/2025\/12\/Recife_1747959697710-1024x576.jpg 1024w, https:\/\/www.em.com.br\/emfoco\/wp-content\/uploads\/2025\/12\/Recife_1747959697710-300x169.jpg 300w, https:\/\/www.em.com.br\/emfoco\/wp-content\/uploads\/2025\/12\/Recife_1747959697710-768x432.jpg 768w, https:\/\/www.em.com.br\/emfoco\/wp-content\/uploads\/2025\/12\/Recife_1747959697710-750x422.jpg 750w, https:\/\/www.em.com.br\/emfoco\/wp-content\/uploads\/2025\/12\/Recife_1747959697710-1140x642.jpg 1140w, https:\/\/www.em.com.br\/emfoco\/wp-content\/uploads\/2025\/12\/Recife_1747959697710.jpg 1279w\" sizes=\"auto, (max-width: 1024px) 100vw, 1024px\" \/><figcaption class=\"wp-element-caption\">Recife surpreende com seu mix de modernidade, cultura e o encanto das \u00e1guas \/\/ Cr\u00e9ditos: depositphotos.com \/ gustavofrazao<\/figcaption><\/figure><\/div>\n\n\n<p><strong>Leia tamb\u00e9m: <a href=\"https:\/\/www.em.com.br\/emfoco\/2026\/01\/23\/a-cidade-no-coracao-de-goias-que-recebeu-titulo-mundial-por-ter-mais-de-1-milhao-de-arvores\/\" target=\"_blank\" rel=\"noreferrer noopener\">A cidade no cora\u00e7\u00e3o de Goi\u00e1s que recebeu t\u00edtulo mundial por ter mais de 1 milh\u00e3o de \u00e1rvores<\/a><\/strong><\/p>\n\n\n\n<h2 class=\"wp-block-heading\">Voc\u00ea est\u00e1 pronto para explorar a biodiversidade e a cultura pernambucana?<\/h2>\n\n\n\n<p>Explore a biodiversidade marinha e a riqueza de uma capital que equilibra o futurismo do <strong>Porto Digital<\/strong> com a mem\u00f3ria das suas pontes seculares. Voc\u00ea precisa conhecer o <strong>ref\u00fagio<\/strong> onde a tradi\u00e7\u00e3o e a modernidade criam uma atmosfera urbana simplesmente apaixonante.<\/p>\n","protected":false},"excerpt":{"rendered":"<p>Apelidada de Veneza Brasileira, Recife \u00e9 a capital de Pernambuco e um dos centros culturais mais efervescentes do Nordeste. O destino \u00e9 um santu\u00e1rio para quem busca solidez hist\u00f3rica, uma identidade vibrante e o charme das pontes que cruzam os rios Capibaribe e Beberibe. Quais marcos oficiais e t\u00edtulos definem a capital pernambucana? Recife abriga [&hellip;]<\/p>\n","protected":false},"author":6,"featured_media":146945,"comment_status":"open","ping_status":"open","sticky":false,"template":"","format":"standard","meta":{"jnews-multi-image_gallery":[],"jnews_single_post":{"format":"standard"},"jnews_primary_category":[],"jnews_social_meta":[],"jnews_override_counter":[],"footnotes":""},"categories":[26],"tags":[183,1503,1191],"class_list":["post-158373","post","type-post","status-publish","format-standard","has-post-thumbnail","hentry","category-cidades","tag-cidades","tag-pernambuco","tag-recife"],"yoast_head":"<!-- This site is optimized with the Yoast SEO plugin v23.8 - https:\/\/yoast.com\/wordpress\/plugins\/seo\/ -->\n<title>A Veneza Brasileira guarda pontes seculares e o maior bloco de carnaval do planeta que conquistou a UNESCO - Estado de Minas - Em foco<\/title>\n<meta name=\"description\" content=\"Com pontes seculares e o maior bloco de carnaval do planeta, a Veneza Brasileira conquistou a UNESCO e encanta visitantes.\" \/>\n<meta name=\"robots\" content=\"index, follow, max-snippet:-1, max-image-preview:large, max-video-preview:-1\" \/>\n<link rel=\"canonical\" href=\"https:\/\/www.em.com.br\/emfoco\/2026\/01\/24\/a-veneza-brasileira-guarda-pontes-seculares-e-o-maior-bloco-de-carnaval-do-planeta-que-conquistou-a-unesco\/\" \/>\n<meta property=\"og:locale\" content=\"pt_BR\" \/>\n<meta property=\"og:type\" content=\"article\" \/>\n<meta property=\"og:title\" content=\"A Veneza Brasileira guarda pontes seculares e o maior bloco de carnaval do planeta que conquistou a UNESCO - Estado de Minas - Em foco\" \/>\n<meta property=\"og:description\" content=\"Com pontes seculares e o maior bloco de carnaval do planeta, a Veneza Brasileira conquistou a UNESCO e encanta visitantes.\" \/>\n<meta property=\"og:url\" content=\"https:\/\/www.em.com.br\/emfoco\/2026\/01\/24\/a-veneza-brasileira-guarda-pontes-seculares-e-o-maior-bloco-de-carnaval-do-planeta-que-conquistou-a-unesco\/\" \/>\n<meta property=\"og:site_name\" content=\"Estado de Minas - Em foco\" \/>\n<meta property=\"article:published_time\" content=\"2026-01-24T14:25:00+00:00\" \/>\n<meta property=\"article:modified_time\" content=\"2026-01-24T12:08:16+00:00\" \/>\n<meta property=\"og:image\" content=\"https:\/\/www.em.com.br\/emfoco\/wp-content\/uploads\/2025\/12\/Recife_1738713071778.jpg\" \/>\n\t<meta property=\"og:image:width\" content=\"1280\" \/>\n\t<meta property=\"og:image:height\" content=\"720\" \/>\n\t<meta property=\"og:image:type\" content=\"image\/jpeg\" \/>\n<meta name=\"author\" content=\"Vitor Bruno\" \/>\n<meta name=\"twitter:card\" content=\"summary_large_image\" \/>\n<meta name=\"twitter:label1\" content=\"Escrito por\" \/>\n\t<meta name=\"twitter:data1\" content=\"Vitor Bruno\" \/>\n\t<meta name=\"twitter:label2\" content=\"Est. tempo de leitura\" \/>\n\t<meta name=\"twitter:data2\" content=\"6 minutos\" \/>\n<!-- \/ Yoast SEO plugin. -->","yoast_head_json":{"title":"A Veneza Brasileira guarda pontes seculares e o maior bloco de carnaval do planeta que conquistou a UNESCO - Estado de Minas - Em foco","description":"Com pontes seculares e o maior bloco de carnaval do planeta, a Veneza Brasileira conquistou a UNESCO e encanta visitantes.","robots":{"index":"index","follow":"follow","max-snippet":"max-snippet:-1","max-image-preview":"max-image-preview:large","max-video-preview":"max-video-preview:-1"},"canonical":"https:\/\/www.em.com.br\/emfoco\/2026\/01\/24\/a-veneza-brasileira-guarda-pontes-seculares-e-o-maior-bloco-de-carnaval-do-planeta-que-conquistou-a-unesco\/","og_locale":"pt_BR","og_type":"article","og_title":"A Veneza Brasileira guarda pontes seculares e o maior bloco de carnaval do planeta que conquistou a UNESCO - Estado de Minas - Em foco","og_description":"Com pontes seculares e o maior bloco de carnaval do planeta, a Veneza Brasileira conquistou a UNESCO e encanta visitantes.","og_url":"https:\/\/www.em.com.br\/emfoco\/2026\/01\/24\/a-veneza-brasileira-guarda-pontes-seculares-e-o-maior-bloco-de-carnaval-do-planeta-que-conquistou-a-unesco\/","og_site_name":"Estado de Minas - Em foco","article_published_time":"2026-01-24T14:25:00+00:00","article_modified_time":"2026-01-24T12:08:16+00:00","og_image":[{"width":1280,"height":720,"url":"https:\/\/www.em.com.br\/emfoco\/wp-content\/uploads\/2025\/12\/Recife_1738713071778.jpg","type":"image\/jpeg"}],"author":"Vitor Bruno","twitter_card":"summary_large_image","twitter_misc":{"Escrito por":"Vitor Bruno","Est. tempo de leitura":"6 minutos"},"schema":{"@context":"https:\/\/schema.org","@graph":[{"@type":"WebPage","@id":"https:\/\/www.em.com.br\/emfoco\/2026\/01\/24\/a-veneza-brasileira-guarda-pontes-seculares-e-o-maior-bloco-de-carnaval-do-planeta-que-conquistou-a-unesco\/","url":"https:\/\/www.em.com.br\/emfoco\/2026\/01\/24\/a-veneza-brasileira-guarda-pontes-seculares-e-o-maior-bloco-de-carnaval-do-planeta-que-conquistou-a-unesco\/","name":"A Veneza Brasileira guarda pontes seculares e o maior bloco de carnaval do planeta que conquistou a UNESCO - Estado de Minas - Em foco","isPartOf":{"@id":"https:\/\/www.em.com.br\/emfoco\/#website"},"primaryImageOfPage":{"@id":"https:\/\/www.em.com.br\/emfoco\/2026\/01\/24\/a-veneza-brasileira-guarda-pontes-seculares-e-o-maior-bloco-de-carnaval-do-planeta-que-conquistou-a-unesco\/#primaryimage"},"image":{"@id":"https:\/\/www.em.com.br\/emfoco\/2026\/01\/24\/a-veneza-brasileira-guarda-pontes-seculares-e-o-maior-bloco-de-carnaval-do-planeta-que-conquistou-a-unesco\/#primaryimage"},"thumbnailUrl":"https:\/\/www.em.com.br\/emfoco\/wp-content\/uploads\/2025\/12\/Recife_1738713071778.jpg","datePublished":"2026-01-24T14:25:00+00:00","dateModified":"2026-01-24T12:08:16+00:00","author":{"@id":"https:\/\/www.em.com.br\/emfoco\/#\/schema\/person\/364ac1852fafd00f1be20f0b8b237569"},"description":"Com pontes seculares e o maior bloco de carnaval do planeta, a Veneza Brasileira conquistou a UNESCO e encanta visitantes.","breadcrumb":{"@id":"https:\/\/www.em.com.br\/emfoco\/2026\/01\/24\/a-veneza-brasileira-guarda-pontes-seculares-e-o-maior-bloco-de-carnaval-do-planeta-que-conquistou-a-unesco\/#breadcrumb"},"inLanguage":"pt-BR","potentialAction":[{"@type":"ReadAction","target":["https:\/\/www.em.com.br\/emfoco\/2026\/01\/24\/a-veneza-brasileira-guarda-pontes-seculares-e-o-maior-bloco-de-carnaval-do-planeta-que-conquistou-a-unesco\/"]}]},{"@type":"ImageObject","inLanguage":"pt-BR","@id":"https:\/\/www.em.com.br\/emfoco\/2026\/01\/24\/a-veneza-brasileira-guarda-pontes-seculares-e-o-maior-bloco-de-carnaval-do-planeta-que-conquistou-a-unesco\/#primaryimage","url":"https:\/\/www.em.com.br\/emfoco\/wp-content\/uploads\/2025\/12\/Recife_1738713071778.jpg","contentUrl":"https:\/\/www.em.com.br\/emfoco\/wp-content\/uploads\/2025\/12\/Recife_1738713071778.jpg","width":1280,"height":720,"caption":"Recife \u00e9 a cidade nordestina que combina tradi\u00e7\u00e3o, praias e muito charme \/\/ Cr\u00e9ditos: depositphotos.com \/ mbastos"},{"@type":"BreadcrumbList","@id":"https:\/\/www.em.com.br\/emfoco\/2026\/01\/24\/a-veneza-brasileira-guarda-pontes-seculares-e-o-maior-bloco-de-carnaval-do-planeta-que-conquistou-a-unesco\/#breadcrumb","itemListElement":[{"@type":"ListItem","position":1,"name":"In\u00edcio","item":"https:\/\/www.em.com.br\/emfoco\/"},{"@type":"ListItem","position":2,"name":"A Veneza Brasileira guarda pontes seculares e o maior bloco de carnaval do planeta que conquistou a UNESCO"}]},{"@type":"WebSite","@id":"https:\/\/www.em.com.br\/emfoco\/#website","url":"https:\/\/www.em.com.br\/emfoco\/","name":"Estado de Minas - Em foco","description":"Acompanhe as \u00faltimas not\u00edcias e fique bem informado sobre tudo o que acontece em Minas Gerais, Brasil e no mundo.","potentialAction":[{"@type":"SearchAction","target":{"@type":"EntryPoint","urlTemplate":"https:\/\/www.em.com.br\/emfoco\/?s={search_term_string}"},"query-input":{"@type":"PropertyValueSpecification","valueRequired":true,"valueName":"search_term_string"}}],"inLanguage":"pt-BR"},{"@type":"Person","@id":"https:\/\/www.em.com.br\/emfoco\/#\/schema\/person\/364ac1852fafd00f1be20f0b8b237569","name":"Vitor Bruno","image":{"@type":"ImageObject","inLanguage":"pt-BR","@id":"https:\/\/www.em.com.br\/emfoco\/#\/schema\/person\/image\/","url":"https:\/\/secure.gravatar.com\/avatar\/b719e5cdede09f942064960883b5524d?s=96&d=mm&r=g","contentUrl":"https:\/\/secure.gravatar.com\/avatar\/b719e5cdede09f942064960883b5524d?s=96&d=mm&r=g","caption":"Vitor Bruno"},"sameAs":["https:\/\/www.em.com.br\/emfoco\/"],"url":"https:\/\/www.em.com.br\/emfoco\/author\/vitormyth\/"}]}},"_links":{"self":[{"href":"https:\/\/www.em.com.br\/emfoco\/wp-json\/wp\/v2\/posts\/158373","targetHints":{"allow":["GET"]}}],"collection":[{"href":"https:\/\/www.em.com.br\/emfoco\/wp-json\/wp\/v2\/posts"}],"about":[{"href":"https:\/\/www.em.com.br\/emfoco\/wp-json\/wp\/v2\/types\/post"}],"author":[{"embeddable":true,"href":"https:\/\/www.em.com.br\/emfoco\/wp-json\/wp\/v2\/users\/6"}],"replies":[{"embeddable":true,"href":"https:\/\/www.em.com.br\/emfoco\/wp-json\/wp\/v2\/comments?post=158373"}],"version-history":[{"count":10,"href":"https:\/\/www.em.com.br\/emfoco\/wp-json\/wp\/v2\/posts\/158373\/revisions"}],"predecessor-version":[{"id":168159,"href":"https:\/\/www.em.com.br\/emfoco\/wp-json\/wp\/v2\/posts\/158373\/revisions\/168159"}],"wp:featuredmedia":[{"embeddable":true,"href":"https:\/\/www.em.com.br\/emfoco\/wp-json\/wp\/v2\/media\/146945"}],"wp:attachment":[{"href":"https:\/\/www.em.com.br\/emfoco\/wp-json\/wp\/v2\/media?parent=158373"}],"wp:term":[{"taxonomy":"category","embeddable":true,"href":"https:\/\/www.em.com.br\/emfoco\/wp-json\/wp\/v2\/categories?post=158373"},{"taxonomy":"post_tag","embeddable":true,"href":"https:\/\/www.em.com.br\/emfoco\/wp-json\/wp\/v2\/tags?post=158373"}],"curies":[{"name":"wp","href":"https:\/\/api.w.org\/{rel}","templated":true}]}}