{"id":158372,"date":"2026-01-23T19:55:00","date_gmt":"2026-01-23T22:55:00","guid":{"rendered":"https:\/\/www.em.com.br\/emfoco\/?p=158372"},"modified":"2026-01-23T07:44:49","modified_gmt":"2026-01-23T10:44:49","slug":"a-cidade-no-coracao-de-goias-que-recebeu-titulo-mundial-por-ter-mais-de-1-milhao-de-arvores","status":"publish","type":"post","link":"https:\/\/www.em.com.br\/emfoco\/2026\/01\/23\/a-cidade-no-coracao-de-goias-que-recebeu-titulo-mundial-por-ter-mais-de-1-milhao-de-arvores\/","title":{"rendered":"A cidade no cora\u00e7\u00e3o de Goi\u00e1s que recebeu t\u00edtulo mundial por ter mais de 1 milh\u00e3o de \u00e1rvores"},"content":{"rendered":"\n<p><strong>Goi\u00e2nia<\/strong>, a Capital do Cerrado, est\u00e1 localizada no cora\u00e7\u00e3o de <strong>Goi\u00e1s<\/strong>, a cerca de 206 km de <strong>Bras\u00edlia<\/strong>. Ela funciona como o principal centro de servi\u00e7os e moda para as cidades vizinhas, sendo cortada por vias importantes como a <strong>BR-153<\/strong> e a <strong>BR-060<\/strong>.<\/p>\n\n\n\n<h2 class=\"wp-block-heading\">Por que Goi\u00e2nia \u00e9 reconhecida mundialmente por suas \u00e1rvores?<\/h2>\n\n\n\n<p>A cidade destaca-se por ser a segunda capital mais arborizada do <strong>Brasil<\/strong>, com boa parte da popula\u00e7\u00e3o vivendo em ruas cheias de sombra. Em 2023, recebeu o t\u00edtulo da <strong>ONU <\/strong>de<strong> \u201c<a href=\"https:\/\/www.treecitiesoftheworld.org\/directory.cfm\" target=\"_blank\" rel=\"noreferrer noopener\">Cidade Arborizada do Mundo<\/a>\u201d<\/strong>, contando com mais de 1 milh\u00e3o de \u00e1rvores.<\/p>\n\n\n\n<p>Essa cobertura verde garante um ar mais puro e uma temperatura agrad\u00e1vel em bairros como o <strong>Setor Sul<\/strong> e o <strong>Setor Oeste<\/strong>. Al\u00e9m disso, o munic\u00edpio preserva o maior acervo de constru\u00e7\u00f5es em estilo <strong>Art D\u00e9co<\/strong> fora da Europa, unindo hist\u00f3ria e natureza.<\/p>\n\n\n<div class=\"wp-block-image\">\n<figure class=\"aligncenter size-large\"><img loading=\"lazy\" decoding=\"async\" width=\"1024\" height=\"576\" src=\"https:\/\/www.em.com.br\/emfoco\/wp-content\/uploads\/2025\/12\/Goiania_1761618584012-1024x576.jpg\" alt=\"\" class=\"wp-image-146287\" srcset=\"https:\/\/www.em.com.br\/emfoco\/wp-content\/uploads\/2025\/12\/Goiania_1761618584012-1024x576.jpg 1024w, https:\/\/www.em.com.br\/emfoco\/wp-content\/uploads\/2025\/12\/Goiania_1761618584012-300x169.jpg 300w, https:\/\/www.em.com.br\/emfoco\/wp-content\/uploads\/2025\/12\/Goiania_1761618584012-768x432.jpg 768w, https:\/\/www.em.com.br\/emfoco\/wp-content\/uploads\/2025\/12\/Goiania_1761618584012-750x422.jpg 750w, https:\/\/www.em.com.br\/emfoco\/wp-content\/uploads\/2025\/12\/Goiania_1761618584012-1140x641.jpg 1140w, https:\/\/www.em.com.br\/emfoco\/wp-content\/uploads\/2025\/12\/Goiania_1761618584012.jpg 1280w\" sizes=\"auto, (max-width: 1024px) 100vw, 1024px\" \/><figcaption class=\"wp-element-caption\">Goi\u00e2nia combina modernidade, natureza e excelente qualidade de vida \/\/ Cr\u00e9ditos: depositphotos.com \/ Cristian_Lourenco<\/figcaption><\/figure><\/div>\n\n\n<h2 class=\"wp-block-heading\">Como os parques moldam o estilo de vida local<\/h2>\n\n\n\n<p>A rotina dos moradores \u00e9 muito ligada ao conv\u00edvio ao ar livre em lugares como o <strong>Setor Bueno<\/strong> e o <strong>Setor Marista<\/strong>. A presen\u00e7a de lagos e pistas de caminhada em locais como o <strong>Parque Vaca Brava<\/strong> transforma o dia a dia em uma experi\u00eancia de lazer constante.<\/p>\n\n\n\n<p>Essa proximidade com o verde estimula o encontro entre as fam\u00edlias em espa\u00e7os p\u00fablicos muito bem cuidados e seguros. O estilo de vida focado no bem-estar \u00e9 o que mais atrai novos moradores para \u00e1reas modernas como o <strong>Jardim Goi\u00e1s<\/strong>.<\/p>\n\n\n\n<h2 class=\"wp-block-heading\">Qual \u00e9 o tamanho da popula\u00e7\u00e3o e o que sustenta as fam\u00edlias?<\/h2>\n\n\n\n<p>Com cerca de 1,5 milh\u00e3o de habitantes, conforme o <a href=\"https:\/\/cidades.ibge.gov.br\/brasil\/go\/goiania\/panorama\" target=\"_blank\" rel=\"noreferrer noopener\"><strong>Instituto Brasileiro de Geografia e Estat\u00edstica (IBGE)<\/strong><\/a>, a cidade tem uma economia muito forte. O trabalho vem principalmente do com\u00e9rcio de roupas e do apoio ao agroneg\u00f3cio regional.<\/p>\n\n\n\n<p>A presen\u00e7a da <strong>UFG<\/strong> e da <strong>PUC Goi\u00e1s<\/strong> prepara profissionais qualificados para grandes hospitais e empresas de tecnologia. Esse movimento garante que a capital continue crescendo com intelig\u00eancia e oferecendo bons servi\u00e7os para toda a popula\u00e7\u00e3o.<\/p>\n\n\n<div class=\"wp-block-image\">\n<figure class=\"aligncenter size-large\"><img loading=\"lazy\" decoding=\"async\" width=\"1024\" height=\"576\" src=\"https:\/\/www.em.com.br\/emfoco\/wp-content\/uploads\/2025\/12\/goiania_1732218010656-1024x576.jpg\" alt=\"Por que tanta gente est\u00e1 escolhendo a Capital do Cerrado para morar\" class=\"wp-image-146286\" srcset=\"https:\/\/www.em.com.br\/emfoco\/wp-content\/uploads\/2025\/12\/goiania_1732218010656-1024x576.jpg 1024w, https:\/\/www.em.com.br\/emfoco\/wp-content\/uploads\/2025\/12\/goiania_1732218010656-300x169.jpg 300w, https:\/\/www.em.com.br\/emfoco\/wp-content\/uploads\/2025\/12\/goiania_1732218010656-768x432.jpg 768w, https:\/\/www.em.com.br\/emfoco\/wp-content\/uploads\/2025\/12\/goiania_1732218010656-750x422.jpg 750w, https:\/\/www.em.com.br\/emfoco\/wp-content\/uploads\/2025\/12\/goiania_1732218010656-1140x641.jpg 1140w, https:\/\/www.em.com.br\/emfoco\/wp-content\/uploads\/2025\/12\/goiania_1732218010656.jpg 1280w\" sizes=\"auto, (max-width: 1024px) 100vw, 1024px\" \/><figcaption class=\"wp-element-caption\">Goi\u00e2nia \u00e9 uma das capitais mais verdes e acolhedoras do Brasil \/\/ Cr\u00e9ditos: depositphotos.com \/ AngelaMacario<\/figcaption><\/figure><\/div>\n\n\n<h2 class=\"wp-block-heading\">Quais locais oferecem experi\u00eancias de cultura e natureza?<\/h2>\n\n\n\n<p>A capital oferece diversos espa\u00e7os que unem o desenho moderno das ruas com o ar puro t\u00edpico do Planalto Central. Voc\u00ea pode conferir os principais pontos de passeio da cidade na lista abaixo:<\/p>\n\n\n\n<ul class=\"wp-block-list has-medium-font-size\">\n<li><strong>Parque Flamboyant<\/strong>: Um dos lugares mais bonitos da cidade, cercado por jardins coloridos e pr\u00e9dios de alto padr\u00e3o.<\/li>\n\n\n\n<li><strong>Centro Cultural Oscar Niemeyer<\/strong>: Um monumento imponente que recebe eventos de arte e m\u00fasica em uma \u00e1rea aberta e moderna.<\/li>\n\n\n\n<li><strong>Bosque dos Buritis<\/strong>: O parque mais antigo da capital, onde fica o <strong>Museu de Arte de Goi\u00e2nia<\/strong> em meio a fontes de \u00e1gua.<\/li>\n\n\n\n<li><strong>Memorial do Cerrado<\/strong>: Um museu que mostra de perto como viviam as primeiras fam\u00edlias que chegaram ao estado de <strong>Goi\u00e1s<\/strong>.<\/li>\n<\/ul>\n\n\n\n<p>Quem busca o que fazer na capital de Goi\u00e1s, vai curtir esse v\u00eddeo especialmente selecionado do canal <strong>Viajando e Passeando<\/strong>, que conta com mais de 14 mil inscritos, onde <strong>Diego<\/strong> apresenta um guia completo de <strong>Goi\u00e2nia<\/strong>:<\/p>\n\n\n\n<figure class=\"wp-block-embed is-type-video is-provider-youtube wp-block-embed-youtube wp-embed-aspect-16-9 wp-has-aspect-ratio\"><div class=\"wp-block-embed__wrapper\">\n<div class=\"jeg_video_container jeg_video_content\"><iframe loading=\"lazy\" title=\"TOP 10 GOI\u00c2NIA | O Guia Mais COMPLETO da Capital de Goi\u00e1s!\" width=\"500\" height=\"281\" src=\"https:\/\/www.youtube.com\/embed\/EdjOvNGaIjc?feature=oembed\" frameborder=\"0\" allow=\"accelerometer; autoplay; clipboard-write; encrypted-media; gyroscope; picture-in-picture; web-share\" referrerpolicy=\"strict-origin-when-cross-origin\" allowfullscreen><\/iframe><\/div>\n<\/div><\/figure>\n\n\n\n<h2 class=\"wp-block-heading\">Como a altura da cidade e o sol definem o tempo<\/h2>\n\n\n\n<p>Localizada a 749 metros de altura, a cidade tem sol forte durante quase todo o ano, mas com brisas que refrescam o final do dia. Veja o que esperar do tempo nas diferentes \u00e9pocas do ano nesta tabela:<\/p>\n\n\n\n<style>\n    .gy-weather-container {\n        font-family: 'Open Sans', -apple-system, BlinkMacSystemFont, \"Segoe UI\", Roboto, sans-serif;\n        margin: 25px auto;\n        max-width: 900px;\n        background: #ffffff;\n        border-radius: 12px;\n        box-shadow: 0 10px 30px rgba(0, 0, 0, 0.08);\n        overflow: hidden;\n        border: 1px solid #fff3e0;\n    }\n\n    .gy-table {\n        width: 100%;\n        border-collapse: collapse;\n        margin: 0;\n    }\n\n    .gy-table thead tr {\n        background: linear-gradient(135deg, #e67e22 0%, #f39c12 100%);\n        color: #ffffff;\n        text-align: left;\n    }\n\n    .gy-table th {\n        padding: 22px 20px;\n        font-weight: 700;\n        text-transform: uppercase;\n        font-size: 13px;\n        letter-spacing: 0.8px;\n    }\n\n    .gy-table td {\n        padding: 20px;\n        color: #4e342e;\n        font-size: 15px;\n        line-height: 1.6;\n        border-bottom: 1px solid #fef5e7;\n    }\n\n    .gy-table tbody tr:last-child td {\n        border-bottom: none;\n    }\n\n    .gy-table tbody tr:hover {\n        background-color: #fffaf0;\n    }\n\n    .gy-badge {\n        display: inline-block;\n        padding: 4px 12px;\n        border-radius: 50px;\n        font-size: 11px;\n        font-weight: 800;\n        text-transform: uppercase;\n        margin-bottom: 8px;\n    }\n\n    .tag-seca { background: #fff3e0; color: #d35400; }\n    .tag-chuva { background: #e1f5fe; color: #0288d1; }\n    .tag-transicao { background: #f1f8e9; color: #33691e; }\n\n    \/* Responsividade Mobile - Layout Flex Anti-Sobreposi\u00e7\u00e3o *\/\n    @media screen and (max-width: 767px) {\n        .gy-table thead {\n            display: none;\n        }\n\n        .gy-table, .gy-table tbody, .gy-table tr, .gy-table td {\n            display: block;\n            width: 100%;\n        }\n\n        .gy-table tr {\n            border-bottom: 15px solid #fdf2e9;\n            padding: 10px 0;\n        }\n\n        .gy-table td {\n            display: flex;\n            justify-content: space-between;\n            align-items: flex-start;\n            padding: 12px 20px;\n            border-bottom: 1px solid #fdf2e9;\n            text-align: right;\n            box-sizing: border-box;\n        }\n\n        .gy-table td:last-child {\n            border-bottom: none;\n            flex-direction: column;\n            text-align: left;\n        }\n\n        .gy-table td::before {\n            content: attr(data-label);\n            font-weight: 700;\n            color: #d35400;\n            text-transform: uppercase;\n            font-size: 11px;\n            min-width: 130px;\n            text-align: left;\n            margin-right: 10px;\n            flex-shrink: 0;\n        }\n\n        .gy-table td:last-child::before {\n            margin-bottom: 8px;\n        }\n    }\n<\/style>\n\n<div class=\"gy-weather-container\">\n    <table class=\"gy-table\">\n        <thead>\n            <tr>\n                <th>Per\u00edodo \/ Esta\u00e7\u00e3o<\/th>\n                <th>M\u00e9dia T\u00e9rmica<\/th>\n                <th>O que esperar<\/th>\n            <\/tr>\n        <\/thead>\n        <tbody>\n            <tr>\n                <td data-label=\"Per\u00edodo \/ Esta\u00e7\u00e3o\">\n                    <div>\n                        <span class=\"gy-badge tag-seca\">Melhor \u00c9poca \/ Seca<\/span><br>\n                        <strong>Maio a Agosto<\/strong>\n                    <\/div>\n                <\/td>\n                <td data-label=\"M\u00e9dia T\u00e9rmica\">14\u00b0C a 29\u00b0C<\/td>\n                <td data-label=\"O que esperar\">C\u00e9u de um azul infinito e p\u00f4r do sol alaranjado. Clima seco com noites frescas, ideal para curtir os parques e a efervescente cena de bares e restaurantes ao ar livre.<\/td>\n            <\/tr>\n            <tr>\n                <td data-label=\"Per\u00edodo \/ Esta\u00e7\u00e3o\">\n                    <div>\n                        <span class=\"gy-badge tag-transicao\">Meia Esta\u00e7\u00e3o<\/span><br>\n                        <strong>Abril, Set e Out<\/strong>\n                    <\/div>\n                <\/td>\n                <td data-label=\"M\u00e9dia T\u00e9rmica\">18\u00b0C a 33\u00b0C<\/td>\n                <td data-label=\"O que esperar\">Setembro e Outubro marcam o pico do calor. \u00c9 a transi\u00e7\u00e3o para as chuvas, onde a cidade se prepara para florescer. Excelente para turismo de neg\u00f3cios e congressos.<\/td>\n            <\/tr>\n            <tr>\n                <td data-label=\"Per\u00edodo \/ Esta\u00e7\u00e3o\">\n                    <div>\n                        <span class=\"gy-badge tag-chuva\">Baixa Temp. \/ Chuva<\/span><br>\n                        <strong>Novembro a Mar\u00e7o<\/strong>\n                    <\/div>\n                <\/td>\n                <td data-label=\"M\u00e9dia T\u00e9rmica\">20\u00b0C a 30\u00b0C<\/td>\n                <td data-label=\"O que esperar\">Per\u00edodo de chuvas frequentes que deixam a capital extremamente verde e exuberante. Ideal para roteiros culturais em museus, teatros e aproveitar a gastronomia regional.<\/td>\n            <\/tr>\n        <\/tbody>\n    <\/table>\n<\/div>\n\n\n\n<p><em>Baseado em estimativas hist\u00f3ricas do <strong><a href=\"https:\/\/www.climatempo.com.br\/previsao-do-tempo\/cidade\/88\/goiania-go\" target=\"_blank\" rel=\"noreferrer noopener\">Climatempo<\/a><\/strong>.<\/em><\/p>\n\n\n\n<p><strong>Leia tamb\u00e9m: <a href=\"https:\/\/www.em.com.br\/emfoco\/2026\/01\/22\/a-cidade-que-foi-fundada-em-1535-e-se-tornou-uma-das-melhores-para-se-viver-em-2026\/\" target=\"_blank\" rel=\"noreferrer noopener\">A cidade que foi fundada em 1535 e se tornou uma das melhores para se viver em 2026<\/a><\/strong><\/p>\n\n\n\n<h2 class=\"wp-block-heading\">Motivos para escolher a capital goiana para morar<\/h2>\n\n\n\n<p>Escolher viver em <strong>Goi\u00e2nia<\/strong> \u00e9 optar por uma cidade que une a for\u00e7a de uma metr\u00f3pole com a tranquilidade de um lugar muito arborizado. Os principais pontos positivos de estabelecer resid\u00eancia aqui s\u00e3o os seguintes:<\/p>\n\n\n\n<ul class=\"wp-block-list has-medium-font-size\">\n<li><strong>Refer\u00eancia em sa\u00fade<\/strong>: Acesso a hospitais modernos que atendem pessoas de todo o <strong>Brasil<\/strong> com alta tecnologia.<\/li>\n\n\n\n<li><strong>Facilidade de acesso<\/strong>: Conex\u00e3o r\u00e1pida com cidades vizinhas como <strong>Aparecida de Goi\u00e2nia<\/strong> e <strong>An\u00e1polis<\/strong> por vias amplas.<\/li>\n\n\n\n<li><strong>Qualidade de vida<\/strong>: Um ambiente que prioriza o contato com o verde, oferecendo parques gratuitos e bem estruturados em cada setor.<\/li>\n<\/ul>\n\n\n\n<p>Venha visitar o vigor de <strong>Goi\u00e2nia<\/strong>.<\/p>\n","protected":false},"excerpt":{"rendered":"<p>Goi\u00e2nia, a Capital do Cerrado, est\u00e1 localizada no cora\u00e7\u00e3o de Goi\u00e1s, a cerca de 206 km de Bras\u00edlia. Ela funciona como o principal centro de servi\u00e7os e moda para as cidades vizinhas, sendo cortada por vias importantes como a BR-153 e a BR-060. Por que Goi\u00e2nia \u00e9 reconhecida mundialmente por suas \u00e1rvores? A cidade destaca-se [&hellip;]<\/p>\n","protected":false},"author":6,"featured_media":146285,"comment_status":"open","ping_status":"open","sticky":false,"template":"","format":"standard","meta":{"jnews-multi-image_gallery":[],"jnews_single_post":{"format":"standard"},"jnews_primary_category":[],"jnews_social_meta":[],"jnews_override_counter":[],"footnotes":""},"categories":[26],"tags":[183,1194,13657],"class_list":["post-158372","post","type-post","status-publish","format-standard","has-post-thumbnail","hentry","category-cidades","tag-cidades","tag-goiania","tag-goias-2"],"yoast_head":"<!-- This site is optimized with the Yoast SEO plugin v23.8 - https:\/\/yoast.com\/wordpress\/plugins\/seo\/ -->\n<title>A cidade no cora\u00e7\u00e3o de Goi\u00e1s que recebeu t\u00edtulo mundial por ter mais de 1 milh\u00e3o de \u00e1rvores - Estado de Minas - Em foco<\/title>\n<meta name=\"description\" content=\"No cora\u00e7\u00e3o de Goi\u00e1s, essa cidade ganhou t\u00edtulo mundial ao superar 1 milh\u00e3o de \u00e1rvores e hoje \u00e9 refer\u00eancia em verde e bem-estar urbano.\" \/>\n<meta name=\"robots\" content=\"index, follow, max-snippet:-1, max-image-preview:large, max-video-preview:-1\" \/>\n<link rel=\"canonical\" href=\"https:\/\/www.em.com.br\/emfoco\/2026\/01\/23\/a-cidade-no-coracao-de-goias-que-recebeu-titulo-mundial-por-ter-mais-de-1-milhao-de-arvores\/\" \/>\n<meta property=\"og:locale\" content=\"pt_BR\" \/>\n<meta property=\"og:type\" content=\"article\" \/>\n<meta property=\"og:title\" content=\"A cidade no cora\u00e7\u00e3o de Goi\u00e1s que recebeu t\u00edtulo mundial por ter mais de 1 milh\u00e3o de \u00e1rvores - Estado de Minas - Em foco\" \/>\n<meta property=\"og:description\" content=\"No cora\u00e7\u00e3o de Goi\u00e1s, essa cidade ganhou t\u00edtulo mundial ao superar 1 milh\u00e3o de \u00e1rvores e hoje \u00e9 refer\u00eancia em verde e bem-estar urbano.\" \/>\n<meta property=\"og:url\" content=\"https:\/\/www.em.com.br\/emfoco\/2026\/01\/23\/a-cidade-no-coracao-de-goias-que-recebeu-titulo-mundial-por-ter-mais-de-1-milhao-de-arvores\/\" \/>\n<meta property=\"og:site_name\" content=\"Estado de Minas - Em foco\" \/>\n<meta property=\"article:published_time\" content=\"2026-01-23T22:55:00+00:00\" \/>\n<meta property=\"article:modified_time\" content=\"2026-01-23T10:44:49+00:00\" \/>\n<meta property=\"og:image\" content=\"https:\/\/www.em.com.br\/emfoco\/wp-content\/uploads\/2025\/12\/goiania.jpg\" \/>\n\t<meta property=\"og:image:width\" content=\"1280\" \/>\n\t<meta property=\"og:image:height\" content=\"720\" \/>\n\t<meta property=\"og:image:type\" content=\"image\/jpeg\" \/>\n<meta name=\"author\" content=\"Vitor Bruno\" \/>\n<meta name=\"twitter:card\" content=\"summary_large_image\" \/>\n<meta name=\"twitter:label1\" content=\"Escrito por\" \/>\n\t<meta name=\"twitter:data1\" content=\"Vitor Bruno\" \/>\n\t<meta name=\"twitter:label2\" content=\"Est. tempo de leitura\" \/>\n\t<meta name=\"twitter:data2\" content=\"6 minutos\" \/>\n<!-- \/ Yoast SEO plugin. -->","yoast_head_json":{"title":"A cidade no cora\u00e7\u00e3o de Goi\u00e1s que recebeu t\u00edtulo mundial por ter mais de 1 milh\u00e3o de \u00e1rvores - Estado de Minas - Em foco","description":"No cora\u00e7\u00e3o de Goi\u00e1s, essa cidade ganhou t\u00edtulo mundial ao superar 1 milh\u00e3o de \u00e1rvores e hoje \u00e9 refer\u00eancia em verde e bem-estar urbano.","robots":{"index":"index","follow":"follow","max-snippet":"max-snippet:-1","max-image-preview":"max-image-preview:large","max-video-preview":"max-video-preview:-1"},"canonical":"https:\/\/www.em.com.br\/emfoco\/2026\/01\/23\/a-cidade-no-coracao-de-goias-que-recebeu-titulo-mundial-por-ter-mais-de-1-milhao-de-arvores\/","og_locale":"pt_BR","og_type":"article","og_title":"A cidade no cora\u00e7\u00e3o de Goi\u00e1s que recebeu t\u00edtulo mundial por ter mais de 1 milh\u00e3o de \u00e1rvores - Estado de Minas - Em foco","og_description":"No cora\u00e7\u00e3o de Goi\u00e1s, essa cidade ganhou t\u00edtulo mundial ao superar 1 milh\u00e3o de \u00e1rvores e hoje \u00e9 refer\u00eancia em verde e bem-estar urbano.","og_url":"https:\/\/www.em.com.br\/emfoco\/2026\/01\/23\/a-cidade-no-coracao-de-goias-que-recebeu-titulo-mundial-por-ter-mais-de-1-milhao-de-arvores\/","og_site_name":"Estado de Minas - Em foco","article_published_time":"2026-01-23T22:55:00+00:00","article_modified_time":"2026-01-23T10:44:49+00:00","og_image":[{"width":1280,"height":720,"url":"https:\/\/www.em.com.br\/emfoco\/wp-content\/uploads\/2025\/12\/goiania.jpg","type":"image\/jpeg"}],"author":"Vitor Bruno","twitter_card":"summary_large_image","twitter_misc":{"Escrito por":"Vitor Bruno","Est. tempo de leitura":"6 minutos"},"schema":{"@context":"https:\/\/schema.org","@graph":[{"@type":"WebPage","@id":"https:\/\/www.em.com.br\/emfoco\/2026\/01\/23\/a-cidade-no-coracao-de-goias-que-recebeu-titulo-mundial-por-ter-mais-de-1-milhao-de-arvores\/","url":"https:\/\/www.em.com.br\/emfoco\/2026\/01\/23\/a-cidade-no-coracao-de-goias-que-recebeu-titulo-mundial-por-ter-mais-de-1-milhao-de-arvores\/","name":"A cidade no cora\u00e7\u00e3o de Goi\u00e1s que recebeu t\u00edtulo mundial por ter mais de 1 milh\u00e3o de \u00e1rvores - Estado de Minas - Em foco","isPartOf":{"@id":"https:\/\/www.em.com.br\/emfoco\/#website"},"primaryImageOfPage":{"@id":"https:\/\/www.em.com.br\/emfoco\/2026\/01\/23\/a-cidade-no-coracao-de-goias-que-recebeu-titulo-mundial-por-ter-mais-de-1-milhao-de-arvores\/#primaryimage"},"image":{"@id":"https:\/\/www.em.com.br\/emfoco\/2026\/01\/23\/a-cidade-no-coracao-de-goias-que-recebeu-titulo-mundial-por-ter-mais-de-1-milhao-de-arvores\/#primaryimage"},"thumbnailUrl":"https:\/\/www.em.com.br\/emfoco\/wp-content\/uploads\/2025\/12\/goiania.jpg","datePublished":"2026-01-23T22:55:00+00:00","dateModified":"2026-01-23T10:44:49+00:00","author":{"@id":"https:\/\/www.em.com.br\/emfoco\/#\/schema\/person\/364ac1852fafd00f1be20f0b8b237569"},"description":"No cora\u00e7\u00e3o de Goi\u00e1s, essa cidade ganhou t\u00edtulo mundial ao superar 1 milh\u00e3o de \u00e1rvores e hoje \u00e9 refer\u00eancia em verde e bem-estar urbano.","breadcrumb":{"@id":"https:\/\/www.em.com.br\/emfoco\/2026\/01\/23\/a-cidade-no-coracao-de-goias-que-recebeu-titulo-mundial-por-ter-mais-de-1-milhao-de-arvores\/#breadcrumb"},"inLanguage":"pt-BR","potentialAction":[{"@type":"ReadAction","target":["https:\/\/www.em.com.br\/emfoco\/2026\/01\/23\/a-cidade-no-coracao-de-goias-que-recebeu-titulo-mundial-por-ter-mais-de-1-milhao-de-arvores\/"]}]},{"@type":"ImageObject","inLanguage":"pt-BR","@id":"https:\/\/www.em.com.br\/emfoco\/2026\/01\/23\/a-cidade-no-coracao-de-goias-que-recebeu-titulo-mundial-por-ter-mais-de-1-milhao-de-arvores\/#primaryimage","url":"https:\/\/www.em.com.br\/emfoco\/wp-content\/uploads\/2025\/12\/goiania.jpg","contentUrl":"https:\/\/www.em.com.br\/emfoco\/wp-content\/uploads\/2025\/12\/goiania.jpg","width":1280,"height":720,"caption":"Goi\u00e2nia \u00e9 uma das cidades mais arborizadas do mundo (imagem ilustrativa)"},{"@type":"BreadcrumbList","@id":"https:\/\/www.em.com.br\/emfoco\/2026\/01\/23\/a-cidade-no-coracao-de-goias-que-recebeu-titulo-mundial-por-ter-mais-de-1-milhao-de-arvores\/#breadcrumb","itemListElement":[{"@type":"ListItem","position":1,"name":"In\u00edcio","item":"https:\/\/www.em.com.br\/emfoco\/"},{"@type":"ListItem","position":2,"name":"A cidade no cora\u00e7\u00e3o de Goi\u00e1s que recebeu t\u00edtulo mundial por ter mais de 1 milh\u00e3o de \u00e1rvores"}]},{"@type":"WebSite","@id":"https:\/\/www.em.com.br\/emfoco\/#website","url":"https:\/\/www.em.com.br\/emfoco\/","name":"Estado de Minas - Em foco","description":"Acompanhe as \u00faltimas not\u00edcias e fique bem informado sobre tudo o que acontece em Minas Gerais, Brasil e no mundo.","potentialAction":[{"@type":"SearchAction","target":{"@type":"EntryPoint","urlTemplate":"https:\/\/www.em.com.br\/emfoco\/?s={search_term_string}"},"query-input":{"@type":"PropertyValueSpecification","valueRequired":true,"valueName":"search_term_string"}}],"inLanguage":"pt-BR"},{"@type":"Person","@id":"https:\/\/www.em.com.br\/emfoco\/#\/schema\/person\/364ac1852fafd00f1be20f0b8b237569","name":"Vitor Bruno","image":{"@type":"ImageObject","inLanguage":"pt-BR","@id":"https:\/\/www.em.com.br\/emfoco\/#\/schema\/person\/image\/","url":"https:\/\/secure.gravatar.com\/avatar\/b719e5cdede09f942064960883b5524d?s=96&d=mm&r=g","contentUrl":"https:\/\/secure.gravatar.com\/avatar\/b719e5cdede09f942064960883b5524d?s=96&d=mm&r=g","caption":"Vitor Bruno"},"sameAs":["https:\/\/www.em.com.br\/emfoco\/"],"url":"https:\/\/www.em.com.br\/emfoco\/author\/vitormyth\/"}]}},"_links":{"self":[{"href":"https:\/\/www.em.com.br\/emfoco\/wp-json\/wp\/v2\/posts\/158372","targetHints":{"allow":["GET"]}}],"collection":[{"href":"https:\/\/www.em.com.br\/emfoco\/wp-json\/wp\/v2\/posts"}],"about":[{"href":"https:\/\/www.em.com.br\/emfoco\/wp-json\/wp\/v2\/types\/post"}],"author":[{"embeddable":true,"href":"https:\/\/www.em.com.br\/emfoco\/wp-json\/wp\/v2\/users\/6"}],"replies":[{"embeddable":true,"href":"https:\/\/www.em.com.br\/emfoco\/wp-json\/wp\/v2\/comments?post=158372"}],"version-history":[{"count":3,"href":"https:\/\/www.em.com.br\/emfoco\/wp-json\/wp\/v2\/posts\/158372\/revisions"}],"predecessor-version":[{"id":159148,"href":"https:\/\/www.em.com.br\/emfoco\/wp-json\/wp\/v2\/posts\/158372\/revisions\/159148"}],"wp:featuredmedia":[{"embeddable":true,"href":"https:\/\/www.em.com.br\/emfoco\/wp-json\/wp\/v2\/media\/146285"}],"wp:attachment":[{"href":"https:\/\/www.em.com.br\/emfoco\/wp-json\/wp\/v2\/media?parent=158372"}],"wp:term":[{"taxonomy":"category","embeddable":true,"href":"https:\/\/www.em.com.br\/emfoco\/wp-json\/wp\/v2\/categories?post=158372"},{"taxonomy":"post_tag","embeddable":true,"href":"https:\/\/www.em.com.br\/emfoco\/wp-json\/wp\/v2\/tags?post=158372"}],"curies":[{"name":"wp","href":"https:\/\/api.w.org\/{rel}","templated":true}]}}