{"id":158368,"date":"2026-01-23T11:25:00","date_gmt":"2026-01-23T14:25:00","guid":{"rendered":"https:\/\/www.em.com.br\/emfoco\/?p=158368"},"modified":"2026-01-23T07:28:18","modified_gmt":"2026-01-23T10:28:18","slug":"a-cidade-brasileira-onde-a-qualidade-de-vida-anda-de-maos-dadas-com-ruas-largas-e-arborizadas","status":"publish","type":"post","link":"https:\/\/www.em.com.br\/emfoco\/2026\/01\/23\/a-cidade-brasileira-onde-a-qualidade-de-vida-anda-de-maos-dadas-com-ruas-largas-e-arborizadas\/","title":{"rendered":"A cidade brasileira onde a qualidade de vida anda de m\u00e3os dadas com ruas largas e arborizadas"},"content":{"rendered":"\n<p><strong>Maring\u00e1<\/strong>, a famosa &#8220;Cidade Can\u00e7\u00e3o&#8221;, fica no norte do <strong>Paran\u00e1<\/strong>, a cerca de 430 km de <strong>Curitiba<\/strong>. Ela funciona como o centro principal para as cidades vizinhas, unindo a for\u00e7a das empresas com \u00f3timas faculdades para criar um ambiente muito organizado para os seus moradores.<\/p>\n\n\n\n<h2 class=\"wp-block-heading\">Por que o desenho das ruas de Maring\u00e1 \u00e9 um exemplo?<\/h2>\n\n\n\n<p>A cidade nasceu de um plano muito bem feito por <strong>Jorge de Macedo Vieira<\/strong>, que desenhou avenidas largas e cal\u00e7adas com muito espa\u00e7o. Essa organiza\u00e7\u00e3o ajuda no desenvolvimento de bairros muito valorizados, como a <strong>Zona 01<\/strong> e a <strong>Zona 03<\/strong>.<\/p>\n\n\n\n<p>O cuidado com a separa\u00e7\u00e3o entre as casas e o com\u00e9rcio faz com que circular pela cidade seja simples e r\u00e1pido. Esse planejamento antigo ainda funciona muito bem hoje, atraindo quem busca um lugar bonito, limpo e f\u00e1cil de morar.<\/p>\n\n\n<div class=\"wp-block-image\">\n<figure class=\"aligncenter size-large\"><img loading=\"lazy\" decoding=\"async\" width=\"1024\" height=\"576\" src=\"https:\/\/www.em.com.br\/emfoco\/wp-content\/uploads\/2025\/12\/Maringa-1024x576.jpg\" alt=\"\" class=\"wp-image-144642\" srcset=\"https:\/\/www.em.com.br\/emfoco\/wp-content\/uploads\/2025\/12\/Maringa-1024x576.jpg 1024w, https:\/\/www.em.com.br\/emfoco\/wp-content\/uploads\/2025\/12\/Maringa-300x169.jpg 300w, https:\/\/www.em.com.br\/emfoco\/wp-content\/uploads\/2025\/12\/Maringa-768x432.jpg 768w, https:\/\/www.em.com.br\/emfoco\/wp-content\/uploads\/2025\/12\/Maringa-750x422.jpg 750w, https:\/\/www.em.com.br\/emfoco\/wp-content\/uploads\/2025\/12\/Maringa-1140x641.jpg 1140w, https:\/\/www.em.com.br\/emfoco\/wp-content\/uploads\/2025\/12\/Maringa.jpg 1280w\" sizes=\"auto, (max-width: 1024px) 100vw, 1024px\" \/><figcaption class=\"wp-element-caption\">Maring\u00e1, uma das cidades mais verdes e planejadas do pa\u00eds \/\/ Cr\u00e9ditos: Wikimedia Commons<\/figcaption><\/figure><\/div>\n\n\n<h2 class=\"wp-block-heading\">Como o verde das \u00e1rvores muda o dia a dia<\/h2>\n\n\n\n<p>As \u00e1rvores est\u00e3o em todos os lugares em <strong>Maring\u00e1<\/strong>, o que deixa o clima mais fresco e a paisagem muito mais agrad\u00e1vel. O contato com \u00e1reas de mata preservada, como o <strong>Bosque II<\/strong>, traz tranquilidade e espa\u00e7os de lazer de muita qualidade para as fam\u00edlias.<\/p>\n\n\n\n<p>Viver em bairros como a <strong>Zona 07<\/strong>, perto da <strong>UEM<\/strong>, permite aproveitar esse clima de cidade-jardim no cotidiano. Essa presen\u00e7a da natureza no meio das ruas \u00e9 o que mais traz bem-estar para quem decide viver no munic\u00edpio.<\/p>\n\n\n\n<h2 class=\"wp-block-heading\">Qual \u00e9 o tamanho da cidade e o que sustenta os moradores?<\/h2>\n\n\n\n<p>Com uma popula\u00e7\u00e3o de aproximadamente 430 mil habitantes, segundo o <a href=\"https:\/\/cidades.ibge.gov.br\/brasil\/pr\/maringa\/panorama\" target=\"_blank\" rel=\"noreferrer noopener\"><strong>Instituto Brasileiro de Geografia e Estat\u00edstica (IBGE)<\/strong><\/a>, a cidade tem uma economia forte. O trabalho vem principalmente das empresas de tecnologia e do setor de servi\u00e7os.<\/p>\n\n\n\n<p>A presen\u00e7a da <strong>UEM<\/strong> e da <strong>UniCesumar<\/strong> prepara as pessoas para trabalharem em grandes empresas e centros de sa\u00fade modernos. Esse movimento garante que a cidade continue crescendo e oferecendo bons empregos para quem quer evoluir profissionalmente.<\/p>\n\n\n<div class=\"wp-block-image\">\n<figure class=\"aligncenter size-large\"><img loading=\"lazy\" decoding=\"async\" width=\"1024\" height=\"576\" src=\"https:\/\/www.em.com.br\/emfoco\/wp-content\/uploads\/2025\/12\/MARINGA-uma-das-melhores-cidades-do-Brasil-vista-atraves-de-um-Drone.-2-20-screenshot-1024x576.jpg\" alt=\"\" class=\"wp-image-144645\" srcset=\"https:\/\/www.em.com.br\/emfoco\/wp-content\/uploads\/2025\/12\/MARINGA-uma-das-melhores-cidades-do-Brasil-vista-atraves-de-um-Drone.-2-20-screenshot-1024x576.jpg 1024w, https:\/\/www.em.com.br\/emfoco\/wp-content\/uploads\/2025\/12\/MARINGA-uma-das-melhores-cidades-do-Brasil-vista-atraves-de-um-Drone.-2-20-screenshot-300x169.jpg 300w, https:\/\/www.em.com.br\/emfoco\/wp-content\/uploads\/2025\/12\/MARINGA-uma-das-melhores-cidades-do-Brasil-vista-atraves-de-um-Drone.-2-20-screenshot-768x432.jpg 768w, https:\/\/www.em.com.br\/emfoco\/wp-content\/uploads\/2025\/12\/MARINGA-uma-das-melhores-cidades-do-Brasil-vista-atraves-de-um-Drone.-2-20-screenshot-750x422.jpg 750w, https:\/\/www.em.com.br\/emfoco\/wp-content\/uploads\/2025\/12\/MARINGA-uma-das-melhores-cidades-do-Brasil-vista-atraves-de-um-Drone.-2-20-screenshot-1140x641.jpg 1140w, https:\/\/www.em.com.br\/emfoco\/wp-content\/uploads\/2025\/12\/MARINGA-uma-das-melhores-cidades-do-Brasil-vista-atraves-de-um-Drone.-2-20-screenshot.jpg 1280w\" sizes=\"auto, (max-width: 1024px) 100vw, 1024px\" \/><figcaption class=\"wp-element-caption\">Maring\u00e1 \/\/ Cr\u00e9ditos: YouTube.com\/@7kDrones<\/figcaption><\/figure><\/div>\n\n\n<h2 class=\"wp-block-heading\">Quais lugares s\u00e3o \u00f3timos para passear e relaxar?<\/h2>\n\n\n\n<p>A cidade oferece espa\u00e7os que misturam constru\u00e7\u00f5es bonitas com muita natureza para aproveitar o tempo livre. Voc\u00ea pode conhecer os principais pontos tur\u00edsticos nos itens abaixo:<\/p>\n\n\n\n<ul class=\"wp-block-list has-medium-font-size\">\n<li><strong>Catedral Bas\u00edlica de Maring\u00e1<\/strong>: Um monumento em formato de cone que \u00e9 o s\u00edmbolo mais famoso e bonito de todo o <strong>Paran\u00e1<\/strong>.<\/li>\n\n\n\n<li><strong>Parque do Ing\u00e1<\/strong>: Uma reserva de mata nativa bem no meio da cidade, perfeita para caminhadas, pedalinhos e momentos de descanso.<\/li>\n\n\n\n<li><strong>Parque do Jap\u00e3o<\/strong>: Um local que homenageia a cultura japonesa com jardins tranquilos, lagos de carpas e constru\u00e7\u00f5es tradicionais.<\/li>\n\n\n\n<li><strong>Eurogarden<\/strong>: Um bairro premiado mundialmente pela sustentabilidade, onde \u00e9 poss\u00edvel morar, trabalhar e se divertir em um s\u00f3 lugar.<\/li>\n<\/ul>\n\n\n\n<p>Quem busca o que fazer no Paran\u00e1, vai curtir esse v\u00eddeo especialmente selecionado do canal <strong>Araujos por a\u00ed<\/strong>, que \u00e9 refer\u00eancia em <strong>viagens em fam\u00edlia<\/strong>, onde <strong>Thaago e Babi<\/strong> mostram os pontos tur\u00edsticos mais incr\u00edveis de <strong>Maring\u00e1<\/strong>:<\/p>\n\n\n\n<figure class=\"wp-block-embed is-type-video is-provider-youtube wp-block-embed-youtube wp-embed-aspect-16-9 wp-has-aspect-ratio\"><div class=\"wp-block-embed__wrapper\">\n<div class=\"jeg_video_container jeg_video_content\"><iframe loading=\"lazy\" title=\"O que fazer em Maring\u00e1? Os lugares mais incr\u00edveis pra visitar!\" width=\"500\" height=\"281\" src=\"https:\/\/www.youtube.com\/embed\/sKxTSpqXvws?feature=oembed\" frameborder=\"0\" allow=\"accelerometer; autoplay; clipboard-write; encrypted-media; gyroscope; picture-in-picture; web-share\" referrerpolicy=\"strict-origin-when-cross-origin\" allowfullscreen><\/iframe><\/div>\n<\/div><\/figure>\n\n\n\n<h2 class=\"wp-block-heading\">Como a altura da cidade e o sol definem o tempo<\/h2>\n\n\n\n<p>A cidade fica em uma regi\u00e3o mais alta, o que ajuda o ar a circular e deixa o clima mais gostoso. Veja o que esperar do tempo em cada \u00e9poca do ano na lista a seguir:<\/p>\n\n\n\n<style>\n    .maringa-weather-box {\n        font-family: 'Open Sans', -apple-system, BlinkMacSystemFont, \"Segoe UI\", Roboto, sans-serif;\n        margin: 25px auto;\n        max-width: 900px;\n        background: #ffffff;\n        border-radius: 12px;\n        box-shadow: 0 10px 30px rgba(0, 0, 0, 0.08);\n        overflow: hidden;\n        border: 1px solid #e3f2fd;\n    }\n\n    .mga-table {\n        width: 100%;\n        border-collapse: collapse;\n        margin: 0;\n    }\n\n    .mga-table thead tr {\n        background: linear-gradient(135deg, #0d47a1 0%, #1976d2 100%);\n        color: #ffffff;\n        text-align: left;\n    }\n\n    .mga-table th {\n        padding: 22px 20px;\n        font-weight: 700;\n        text-transform: uppercase;\n        font-size: 13px;\n        letter-spacing: 0.8px;\n    }\n\n    .mga-table td {\n        padding: 20px;\n        color: #2c3e50;\n        font-size: 15px;\n        line-height: 1.6;\n        border-bottom: 1px solid #eef2f5;\n    }\n\n    .mga-table tbody tr:last-child td {\n        border-bottom: none;\n    }\n\n    .mga-table tbody tr:hover {\n        background-color: #f0f7ff;\n    }\n\n    .status-badge {\n        display: inline-block;\n        padding: 4px 12px;\n        border-radius: 50px;\n        font-size: 11px;\n        font-weight: 800;\n        text-transform: uppercase;\n        margin-bottom: 8px;\n    }\n\n    .alta-tag { background: #e3f2fd; color: #0d47a1; }\n    .baixa-tag { background: #f5f5f5; color: #616161; }\n    .meia-tag { background: #e1f5fe; color: #0288d1; }\n\n    \/* Responsividade Mobile - Layout Flex para evitar sobreposi\u00e7\u00e3o *\/\n    @media screen and (max-width: 767px) {\n        .mga-table thead {\n            display: none;\n        }\n\n        .mga-table, .mga-table tbody, .mga-table tr, .mga-table td {\n            display: block;\n            width: 100%;\n        }\n\n        .mga-table tr {\n            border-bottom: 15px solid #f4f8fb;\n            padding: 10px 0;\n        }\n\n        .mga-table td {\n            display: flex;\n            justify-content: space-between;\n            align-items: flex-start;\n            padding: 12px 20px;\n            border-bottom: 1px solid #eef2f5;\n            text-align: right;\n            box-sizing: border-box;\n        }\n\n        .mga-table td:last-child {\n            border-bottom: none;\n            flex-direction: column;\n            text-align: left;\n        }\n\n        .mga-table td::before {\n            content: attr(data-label);\n            font-weight: 700;\n            color: #1976d2;\n            text-transform: uppercase;\n            font-size: 11px;\n            min-width: 130px;\n            text-align: left;\n            margin-right: 10px;\n            flex-shrink: 0;\n        }\n\n        .mga-table td:last-child::before {\n            margin-bottom: 8px;\n        }\n    }\n<\/style>\n\n<div class=\"maringa-weather-box\">\n    <table class=\"mga-table\">\n        <thead>\n            <tr>\n                <th>Per\u00edodo \/ Esta\u00e7\u00e3o<\/th>\n                <th>M\u00e9dia T\u00e9rmica<\/th>\n                <th>O que esperar<\/th>\n            <\/tr>\n        <\/thead>\n        <tbody>\n            <tr>\n                <td data-label=\"Per\u00edodo \/ Esta\u00e7\u00e3o\">\n                    <div>\n                        <span class=\"status-badge alta-tag\">Melhor \u00c9poca \/ Seca<\/span><br>\n                        <strong>Outono e Inverno (Abr a Ago)<\/strong>\n                    <\/div>\n                <\/td>\n                <td data-label=\"M\u00e9dia T\u00e9rmica\">14\u00b0C a 26\u00b0C<\/td>\n                <td data-label=\"O que esperar\">C\u00e9u azul limpo e clima muito agrad\u00e1vel. \u00c9 a \u00e9poca ideal para caminhar no Parque do Ing\u00e1 e visitar a Catedral Bas\u00edlica sem o calor sufocante.<\/td>\n            <\/tr>\n            <tr>\n                <td data-label=\"Per\u00edodo \/ Esta\u00e7\u00e3o\">\n                    <div>\n                        <span class=\"status-badge meia-tag\">Equil\u00edbrio \/ Florido<\/span><br>\n                        <strong>Primavera (Set a Nov)<\/strong>\n                    <\/div>\n                <\/td>\n                <td data-label=\"M\u00e9dia T\u00e9rmica\">18\u00b0C a 30\u00b0C<\/td>\n                <td data-label=\"O que esperar\">A &#8220;Cidade Can\u00e7\u00e3o&#8221; fica exuberante com a flora\u00e7\u00e3o dos Ip\u00eas. Clima de transi\u00e7\u00e3o com chuvas esparsas, excelente para o turismo de neg\u00f3cios e lazer.<\/td>\n            <\/tr>\n            <tr>\n                <td data-label=\"Per\u00edodo \/ Esta\u00e7\u00e3o\">\n                    <div>\n                        <span class=\"status-badge baixa-tag\">Baixa Temp. \/ Chuva<\/span><br>\n                        <strong>Ver\u00e3o (Dez a Mar)<\/strong>\n                    <\/div>\n                <\/td>\n                <td data-label=\"M\u00e9dia T\u00e9rmica\">21\u00b0C a 31\u00b0C<\/td>\n                <td data-label=\"O que esperar\">Calor intenso e \u00famido com tempestades t\u00edpicas de ver\u00e3o. Ideal para aproveitar a vida noturna agitada e roteiros gastron\u00f4micos em ambientes climatizados.<\/td>\n            <\/tr>\n        <\/tbody>\n    <\/table>\n<\/div>\n\n\n\n<p><em>Baseado em estimativas hist\u00f3ricas do <strong><a href=\"https:\/\/www.climatempo.com.br\/previsao-do-tempo\/cidade\/6905\/maringa-mg\" target=\"_blank\" rel=\"noreferrer noopener\">Climatempo<\/a><\/strong>.<\/em><\/p>\n\n\n\n<p><strong>Leia tamb\u00e9m: <a href=\"https:\/\/www.em.com.br\/emfoco\/2026\/01\/22\/a-cidade-que-foi-fundada-em-1535-e-se-tornou-uma-das-melhores-para-se-viver-em-2026\/\" target=\"_blank\" rel=\"noreferrer noopener\">A cidade que foi fundada em 1535 e se tornou uma das melhores para se viver em 2026<\/a><\/strong><\/p>\n\n\n\n<h2 class=\"wp-block-heading\">Motivos para escolher a cidade para morar<\/h2>\n\n\n\n<p>Morar em <strong>Maring\u00e1<\/strong> \u00e9 uma escolha inteligente para quem quer unir trabalho com uma vida tranquila e organizada. Os principais pontos positivos de viver aqui s\u00e3o os seguintes:<\/p>\n\n\n\n<ul class=\"wp-block-list has-medium-font-size\">\n<li><strong>Facilidade de transporte<\/strong>: \u00d3tima liga\u00e7\u00e3o com cidades como <strong>Londrina<\/strong> e o estado de <strong>S\u00e3o Paulo<\/strong> pela rodovia <strong>BR-376<\/strong>.<\/li>\n\n\n\n<li><strong>Educa\u00e7\u00e3o de qualidade<\/strong>: Escolas e universidades de alto n\u00edvel que s\u00e3o refer\u00eancia em todo o sul do <strong>Brasil<\/strong>.<\/li>\n\n\n\n<li><strong>Seguran\u00e7a e organiza\u00e7\u00e3o<\/strong>: Um ambiente urbano planejado que prioriza a sombra das \u00e1rvores e a facilidade de chegar aos lugares.<\/li>\n<\/ul>\n","protected":false},"excerpt":{"rendered":"<p>Maring\u00e1, a famosa &#8220;Cidade Can\u00e7\u00e3o&#8221;, fica no norte do Paran\u00e1, a cerca de 430 km de Curitiba. Ela funciona como o centro principal para as cidades vizinhas, unindo a for\u00e7a das empresas com \u00f3timas faculdades para criar um ambiente muito organizado para os seus moradores. Por que o desenho das ruas de Maring\u00e1 \u00e9 um [&hellip;]<\/p>\n","protected":false},"author":6,"featured_media":159142,"comment_status":"open","ping_status":"open","sticky":false,"template":"","format":"standard","meta":{"jnews-multi-image_gallery":[],"jnews_single_post":{"format":"standard"},"jnews_primary_category":[],"jnews_social_meta":[],"jnews_override_counter":[],"footnotes":""},"categories":[26],"tags":[183,1387,1209],"class_list":["post-158368","post","type-post","status-publish","format-standard","has-post-thumbnail","hentry","category-cidades","tag-cidades","tag-maringa","tag-parana"],"yoast_head":"<!-- This site is optimized with the Yoast SEO plugin v23.8 - https:\/\/yoast.com\/wordpress\/plugins\/seo\/ -->\n<title>A cidade brasileira onde a qualidade de vida anda de m\u00e3os dadas com ruas largas e arborizadas - Estado de Minas - Em foco<\/title>\n<meta name=\"description\" content=\"A cidade brasileira onde a qualidade de vida anda de m\u00e3os dadas com ruas largas e arborizadas, criando um ambiente equilibrado e agrad\u00e1vel.\" \/>\n<meta name=\"robots\" content=\"index, follow, max-snippet:-1, max-image-preview:large, max-video-preview:-1\" \/>\n<link rel=\"canonical\" href=\"https:\/\/www.em.com.br\/emfoco\/2026\/01\/23\/a-cidade-brasileira-onde-a-qualidade-de-vida-anda-de-maos-dadas-com-ruas-largas-e-arborizadas\/\" \/>\n<meta property=\"og:locale\" content=\"pt_BR\" \/>\n<meta property=\"og:type\" content=\"article\" \/>\n<meta property=\"og:title\" content=\"A cidade brasileira onde a qualidade de vida anda de m\u00e3os dadas com ruas largas e arborizadas - Estado de Minas - Em foco\" \/>\n<meta property=\"og:description\" content=\"A cidade brasileira onde a qualidade de vida anda de m\u00e3os dadas com ruas largas e arborizadas, criando um ambiente equilibrado e agrad\u00e1vel.\" \/>\n<meta property=\"og:url\" content=\"https:\/\/www.em.com.br\/emfoco\/2026\/01\/23\/a-cidade-brasileira-onde-a-qualidade-de-vida-anda-de-maos-dadas-com-ruas-largas-e-arborizadas\/\" \/>\n<meta property=\"og:site_name\" content=\"Estado de Minas - Em foco\" \/>\n<meta property=\"article:published_time\" content=\"2026-01-23T14:25:00+00:00\" \/>\n<meta property=\"article:modified_time\" content=\"2026-01-23T10:28:18+00:00\" \/>\n<meta property=\"og:image\" content=\"https:\/\/www.em.com.br\/emfoco\/wp-content\/uploads\/2026\/01\/maringa3.jpg\" \/>\n\t<meta property=\"og:image:width\" content=\"1280\" \/>\n\t<meta property=\"og:image:height\" content=\"720\" \/>\n\t<meta property=\"og:image:type\" content=\"image\/jpeg\" \/>\n<meta name=\"author\" content=\"Vitor Bruno\" \/>\n<meta name=\"twitter:card\" content=\"summary_large_image\" \/>\n<meta name=\"twitter:label1\" content=\"Escrito por\" \/>\n\t<meta name=\"twitter:data1\" content=\"Vitor Bruno\" \/>\n\t<meta name=\"twitter:label2\" content=\"Est. tempo de leitura\" \/>\n\t<meta name=\"twitter:data2\" content=\"5 minutos\" \/>\n<!-- \/ Yoast SEO plugin. -->","yoast_head_json":{"title":"A cidade brasileira onde a qualidade de vida anda de m\u00e3os dadas com ruas largas e arborizadas - Estado de Minas - Em foco","description":"A cidade brasileira onde a qualidade de vida anda de m\u00e3os dadas com ruas largas e arborizadas, criando um ambiente equilibrado e agrad\u00e1vel.","robots":{"index":"index","follow":"follow","max-snippet":"max-snippet:-1","max-image-preview":"max-image-preview:large","max-video-preview":"max-video-preview:-1"},"canonical":"https:\/\/www.em.com.br\/emfoco\/2026\/01\/23\/a-cidade-brasileira-onde-a-qualidade-de-vida-anda-de-maos-dadas-com-ruas-largas-e-arborizadas\/","og_locale":"pt_BR","og_type":"article","og_title":"A cidade brasileira onde a qualidade de vida anda de m\u00e3os dadas com ruas largas e arborizadas - Estado de Minas - Em foco","og_description":"A cidade brasileira onde a qualidade de vida anda de m\u00e3os dadas com ruas largas e arborizadas, criando um ambiente equilibrado e agrad\u00e1vel.","og_url":"https:\/\/www.em.com.br\/emfoco\/2026\/01\/23\/a-cidade-brasileira-onde-a-qualidade-de-vida-anda-de-maos-dadas-com-ruas-largas-e-arborizadas\/","og_site_name":"Estado de Minas - Em foco","article_published_time":"2026-01-23T14:25:00+00:00","article_modified_time":"2026-01-23T10:28:18+00:00","og_image":[{"width":1280,"height":720,"url":"https:\/\/www.em.com.br\/emfoco\/wp-content\/uploads\/2026\/01\/maringa3.jpg","type":"image\/jpeg"}],"author":"Vitor Bruno","twitter_card":"summary_large_image","twitter_misc":{"Escrito por":"Vitor Bruno","Est. tempo de leitura":"5 minutos"},"schema":{"@context":"https:\/\/schema.org","@graph":[{"@type":"WebPage","@id":"https:\/\/www.em.com.br\/emfoco\/2026\/01\/23\/a-cidade-brasileira-onde-a-qualidade-de-vida-anda-de-maos-dadas-com-ruas-largas-e-arborizadas\/","url":"https:\/\/www.em.com.br\/emfoco\/2026\/01\/23\/a-cidade-brasileira-onde-a-qualidade-de-vida-anda-de-maos-dadas-com-ruas-largas-e-arborizadas\/","name":"A cidade brasileira onde a qualidade de vida anda de m\u00e3os dadas com ruas largas e arborizadas - Estado de Minas - Em foco","isPartOf":{"@id":"https:\/\/www.em.com.br\/emfoco\/#website"},"primaryImageOfPage":{"@id":"https:\/\/www.em.com.br\/emfoco\/2026\/01\/23\/a-cidade-brasileira-onde-a-qualidade-de-vida-anda-de-maos-dadas-com-ruas-largas-e-arborizadas\/#primaryimage"},"image":{"@id":"https:\/\/www.em.com.br\/emfoco\/2026\/01\/23\/a-cidade-brasileira-onde-a-qualidade-de-vida-anda-de-maos-dadas-com-ruas-largas-e-arborizadas\/#primaryimage"},"thumbnailUrl":"https:\/\/www.em.com.br\/emfoco\/wp-content\/uploads\/2026\/01\/maringa3.jpg","datePublished":"2026-01-23T14:25:00+00:00","dateModified":"2026-01-23T10:28:18+00:00","author":{"@id":"https:\/\/www.em.com.br\/emfoco\/#\/schema\/person\/364ac1852fafd00f1be20f0b8b237569"},"description":"A cidade brasileira onde a qualidade de vida anda de m\u00e3os dadas com ruas largas e arborizadas, criando um ambiente equilibrado e agrad\u00e1vel.","breadcrumb":{"@id":"https:\/\/www.em.com.br\/emfoco\/2026\/01\/23\/a-cidade-brasileira-onde-a-qualidade-de-vida-anda-de-maos-dadas-com-ruas-largas-e-arborizadas\/#breadcrumb"},"inLanguage":"pt-BR","potentialAction":[{"@type":"ReadAction","target":["https:\/\/www.em.com.br\/emfoco\/2026\/01\/23\/a-cidade-brasileira-onde-a-qualidade-de-vida-anda-de-maos-dadas-com-ruas-largas-e-arborizadas\/"]}]},{"@type":"ImageObject","inLanguage":"pt-BR","@id":"https:\/\/www.em.com.br\/emfoco\/2026\/01\/23\/a-cidade-brasileira-onde-a-qualidade-de-vida-anda-de-maos-dadas-com-ruas-largas-e-arborizadas\/#primaryimage","url":"https:\/\/www.em.com.br\/emfoco\/wp-content\/uploads\/2026\/01\/maringa3.jpg","contentUrl":"https:\/\/www.em.com.br\/emfoco\/wp-content\/uploads\/2026\/01\/maringa3.jpg","width":1280,"height":720,"caption":"Maring\u00e1, a famosa \"Cidade Can\u00e7\u00e3o\", fica no norte do Paran\u00e1 (imagem ilustrativa)"},{"@type":"BreadcrumbList","@id":"https:\/\/www.em.com.br\/emfoco\/2026\/01\/23\/a-cidade-brasileira-onde-a-qualidade-de-vida-anda-de-maos-dadas-com-ruas-largas-e-arborizadas\/#breadcrumb","itemListElement":[{"@type":"ListItem","position":1,"name":"In\u00edcio","item":"https:\/\/www.em.com.br\/emfoco\/"},{"@type":"ListItem","position":2,"name":"A cidade brasileira onde a qualidade de vida anda de m\u00e3os dadas com ruas largas e arborizadas"}]},{"@type":"WebSite","@id":"https:\/\/www.em.com.br\/emfoco\/#website","url":"https:\/\/www.em.com.br\/emfoco\/","name":"Estado de Minas - Em foco","description":"Acompanhe as \u00faltimas not\u00edcias e fique bem informado sobre tudo o que acontece em Minas Gerais, Brasil e no mundo.","potentialAction":[{"@type":"SearchAction","target":{"@type":"EntryPoint","urlTemplate":"https:\/\/www.em.com.br\/emfoco\/?s={search_term_string}"},"query-input":{"@type":"PropertyValueSpecification","valueRequired":true,"valueName":"search_term_string"}}],"inLanguage":"pt-BR"},{"@type":"Person","@id":"https:\/\/www.em.com.br\/emfoco\/#\/schema\/person\/364ac1852fafd00f1be20f0b8b237569","name":"Vitor Bruno","image":{"@type":"ImageObject","inLanguage":"pt-BR","@id":"https:\/\/www.em.com.br\/emfoco\/#\/schema\/person\/image\/","url":"https:\/\/secure.gravatar.com\/avatar\/b719e5cdede09f942064960883b5524d?s=96&d=mm&r=g","contentUrl":"https:\/\/secure.gravatar.com\/avatar\/b719e5cdede09f942064960883b5524d?s=96&d=mm&r=g","caption":"Vitor Bruno"},"sameAs":["https:\/\/www.em.com.br\/emfoco\/"],"url":"https:\/\/www.em.com.br\/emfoco\/author\/vitormyth\/"}]}},"_links":{"self":[{"href":"https:\/\/www.em.com.br\/emfoco\/wp-json\/wp\/v2\/posts\/158368","targetHints":{"allow":["GET"]}}],"collection":[{"href":"https:\/\/www.em.com.br\/emfoco\/wp-json\/wp\/v2\/posts"}],"about":[{"href":"https:\/\/www.em.com.br\/emfoco\/wp-json\/wp\/v2\/types\/post"}],"author":[{"embeddable":true,"href":"https:\/\/www.em.com.br\/emfoco\/wp-json\/wp\/v2\/users\/6"}],"replies":[{"embeddable":true,"href":"https:\/\/www.em.com.br\/emfoco\/wp-json\/wp\/v2\/comments?post=158368"}],"version-history":[{"count":3,"href":"https:\/\/www.em.com.br\/emfoco\/wp-json\/wp\/v2\/posts\/158368\/revisions"}],"predecessor-version":[{"id":159145,"href":"https:\/\/www.em.com.br\/emfoco\/wp-json\/wp\/v2\/posts\/158368\/revisions\/159145"}],"wp:featuredmedia":[{"embeddable":true,"href":"https:\/\/www.em.com.br\/emfoco\/wp-json\/wp\/v2\/media\/159142"}],"wp:attachment":[{"href":"https:\/\/www.em.com.br\/emfoco\/wp-json\/wp\/v2\/media?parent=158368"}],"wp:term":[{"taxonomy":"category","embeddable":true,"href":"https:\/\/www.em.com.br\/emfoco\/wp-json\/wp\/v2\/categories?post=158368"},{"taxonomy":"post_tag","embeddable":true,"href":"https:\/\/www.em.com.br\/emfoco\/wp-json\/wp\/v2\/tags?post=158368"}],"curies":[{"name":"wp","href":"https:\/\/api.w.org\/{rel}","templated":true}]}}