{"id":158350,"date":"2026-01-23T14:15:00","date_gmt":"2026-01-23T17:15:00","guid":{"rendered":"https:\/\/www.em.com.br\/emfoco\/?p=158350"},"modified":"2026-01-21T19:42:28","modified_gmt":"2026-01-21T22:42:28","slug":"saiba-reagir-quando-alguem-te-interrompe-e-fala-por-cima","status":"publish","type":"post","link":"https:\/\/www.em.com.br\/emfoco\/2026\/01\/23\/saiba-reagir-quando-alguem-te-interrompe-e-fala-por-cima\/","title":{"rendered":"Saiba REAGIR quando algu\u00e9m te interrompe e fala por cima"},"content":{"rendered":"\n<p>Situa\u00e7\u00f5es em que algu\u00e9m fala por cima da outra pessoa aparecem em reuni\u00f5es de trabalho, conversas de fam\u00edlia e at\u00e9 em intera\u00e7\u00f5es r\u00e1pidas do dia a dia. Em muitos casos, quem \u00e9 interrompido sente o corpo reagir: vem um aperto no peito, a frase trava no meio e surge a d\u00favida se vale insistir ou se \u00e9 melhor simplesmente parar de falar. Essa experi\u00eancia costuma ser vista apenas como falta de educa\u00e7\u00e3o, mas, em v\u00e1rios contextos, tamb\u00e9m funciona como um gesto de disputa de espa\u00e7o e de status na conversa.<\/p>\n\n\n\n<h2 class=\"wp-block-heading\">O que significa algu\u00e9m falar por cima na comunica\u00e7\u00e3o interpessoal<\/h2>\n\n\n\n<p>Se voc\u00ea chegou aqui pelo <strong>@<\/strong><a href=\"https:\/\/www.youtube.com\/@didatics\" target=\"_blank\" rel=\"noreferrer noopener\"><strong>didatics<\/strong><\/a>, essa conversa conecta direto com o que muita gente vive no dia a dia: quando algu\u00e9m fala por cima, n\u00e3o \u00e9 s\u00f3 interrup\u00e7\u00e3o \u2014 \u00e9 disputa de espa\u00e7o. Entender isso muda totalmente a forma de responder, sem gritar e sem engolir seco.<\/p>\n\n\n\n<iframe loading=\"lazy\" width=\"1020\" height=\"570\" src=\"https:\/\/www.youtube.com\/embed\/NmrRgpRO6WE\" title=\"Como Agir Com Quem TE INTERROMPE e FALA POR CIMA\" frameborder=\"0\" allow=\"accelerometer; autoplay; clipboard-write; encrypted-media; gyroscope; picture-in-picture; web-share\" referrerpolicy=\"strict-origin-when-cross-origin\" allowfullscreen><\/iframe>\n\n\n\n<p>Falar por cima, na comunica\u00e7\u00e3o interpessoal, n\u00e3o se resume ao ato de interromper uma frase. Muitas vezes, a pessoa interrompe repetidamente, muda o assunto sem aviso ou responde como se a fala anterior n\u00e3o existisse, o que indica dificuldade de escuta ativa.<\/p>\n\n\n\n<p>Esse padr\u00e3o \u00e9 interpretado, em estudos da psicologia da comunica\u00e7\u00e3o, como poss\u00edvel indicador de disputa de poder, tentativa de controle da conversa ou simples desaten\u00e7\u00e3o. Mesmo sem m\u00e1 inten\u00e7\u00e3o, o efeito pr\u00e1tico \u00e9 o mesmo: a outra parte \u00e9 silenciada e passa a ocupar menos espa\u00e7o na intera\u00e7\u00e3o.<\/p>\n\n\n\n<h2 class=\"wp-block-heading\">Quais s\u00e3o as respostas mais comuns a quem fala por cima<\/h2>\n\n\n\n<p>Esse tipo de intera\u00e7\u00e3o tende a gerar tr\u00eas respostas frequentes: desist\u00eancia, explos\u00e3o ou competi\u00e7\u00e3o de volume. Na desist\u00eancia, quem \u00e9 interrompido se cala; na explos\u00e3o, reage com irrita\u00e7\u00e3o; na competi\u00e7\u00e3o de volume, tenta falar mais alto do que o outro.<\/p>\n\n\n\n<p>Em todos esses cen\u00e1rios, o conte\u00fado da mensagem perde import\u00e2ncia e a conversa se transforma em um jogo de for\u00e7as pouco produtivo. Al\u00e9m disso, a rela\u00e7\u00e3o tende a se desgastar, pois a aten\u00e7\u00e3o deixa de estar no tema e passa a se concentrar em quem domina o espa\u00e7o de fala.<\/p>\n\n\n\n<h2 class=\"wp-block-heading\">Por que gritar n\u00e3o aumenta a autoridade na fala<\/h2>\n\n\n\n<p>A ideia de que quem fala alto imp\u00f5e mais respeito ainda \u00e9 comum, mas pesquisas em comunica\u00e7\u00e3o apontam outra dire\u00e7\u00e3o. A autoridade na fala costuma ser associada \u00e0 estabilidade emocional, ao ritmo constante e \u00e0 clareza ao sustentar o pr\u00f3prio ponto de vista, mesmo sob press\u00e3o.<\/p>\n\n\n\n<p>Quando algu\u00e9m eleva o tom em resposta a uma interrup\u00e7\u00e3o, a percep\u00e7\u00e3o social, principalmente em ambientes profissionais, tende a ser de perda de autocontrole. J\u00e1 quem mant\u00e9m um tom moderado comunica dom\u00ednio da situa\u00e7\u00e3o e consolida, ao longo do tempo, a imagem de compet\u00eancia e maturidade.<\/p>\n\n\n\n<p>Leia mais: <a href=\"https:\/\/www.em.com.br\/saude\/2026\/01\/7336526-o-que-acontece-se-voce-comer-canela-todos-os-dias-e-como-isso-pode-afetar-o-organismo.html\" target=\"_blank\" rel=\"noreferrer noopener\">O que acontece se voc\u00ea comer canela todos os dias e como isso pode afetar o organismo<\/a><\/p>\n\n\n\n<h2 class=\"wp-block-heading\">Como reagir quando algu\u00e9m fala por cima em uma conversa<\/h2>\n\n\n\n<p>Uma das estrat\u00e9gias mais eficazes \u00e9 n\u00e3o entrar na competi\u00e7\u00e3o de volume. Em vez de acelerar o racioc\u00ednio ou interromper de volta, muitas pessoas conseguem melhores resultados ao continuar a frase no mesmo ritmo, criando um contraste com quem invade o espa\u00e7o de fala.<\/p>\n\n\n\n<p>Quando a interrup\u00e7\u00e3o se repete, t\u00e9cnicas simples ajudam a recuperar o foco da escuta, como o uso do nome pr\u00f3prio da outra pessoa ou a retomada calma do ponto principal. Essas a\u00e7\u00f5es sinalizam limites sem confronto direto e favorecem um clima mais colaborativo.<\/p>\n\n\n\n<p>Para colocar isso em pr\u00e1tica, alguns comportamentos e ajustes na postura comunicativa podem ser especialmente \u00fateis:<\/p>\n\n\n\n<ul class=\"wp-block-list\">\n<li>Manter o tom de voz est\u00e1vel e moderado;<\/li>\n\n\n\n<li>Preservar o ritmo da fala, sem correr nem alongar demais as pausas;<\/li>\n\n\n\n<li>Olhar para a pessoa que interrompe e chamar pelo nome, se necess\u00e1rio;<\/li>\n\n\n\n<li>Retomar a frase de onde parou, refor\u00e7ando o conte\u00fado principal;<\/li>\n\n\n\n<li>Evitar coment\u00e1rios ir\u00f4nicos, humilhantes ou ofensivos.<\/li>\n<\/ul>\n\n\n\n<p>Em muitos casos, ao perceber que a interrup\u00e7\u00e3o n\u00e3o gera desorganiza\u00e7\u00e3o nem disputa de volume, o interlocutor reduz o comportamento de falar por cima. Isso \u00e9 ainda mais frequente em contextos profissionais em que a imagem p\u00fablica e a capacidade de di\u00e1logo importam.<\/p>\n\n\n\n<h2 class=\"wp-block-heading\">Como colocar limites sem partir para o ataque<\/h2>\n\n\n<div class=\"wp-block-image\">\n<figure class=\"aligncenter size-large\"><img loading=\"lazy\" decoding=\"async\" width=\"1024\" height=\"576\" src=\"https:\/\/www.em.com.br\/emfoco\/wp-content\/uploads\/2026\/01\/chato-pessoa_1767828138532-1024x576.jpg\" alt=\"\" class=\"wp-image-151856\" srcset=\"https:\/\/www.em.com.br\/emfoco\/wp-content\/uploads\/2026\/01\/chato-pessoa_1767828138532-1024x576.jpg 1024w, https:\/\/www.em.com.br\/emfoco\/wp-content\/uploads\/2026\/01\/chato-pessoa_1767828138532-300x169.jpg 300w, https:\/\/www.em.com.br\/emfoco\/wp-content\/uploads\/2026\/01\/chato-pessoa_1767828138532-768x432.jpg 768w, https:\/\/www.em.com.br\/emfoco\/wp-content\/uploads\/2026\/01\/chato-pessoa_1767828138532-750x422.jpg 750w, https:\/\/www.em.com.br\/emfoco\/wp-content\/uploads\/2026\/01\/chato-pessoa_1767828138532-1140x641.jpg 1140w, https:\/\/www.em.com.br\/emfoco\/wp-content\/uploads\/2026\/01\/chato-pessoa_1767828138532.jpg 1280w\" sizes=\"auto, (max-width: 1024px) 100vw, 1024px\" \/><figcaption class=\"wp-element-caption\">Interrup\u00e7\u00f5es revelam disputa de poder na conversa  &#8211; Cr\u00e9ditos: depositphotos.com \/ Milkos<\/figcaption><\/figure><\/div>\n\n\n<p>Quando falar por cima se torna um padr\u00e3o frequente, estabelecer limites passa a ser essencial. Em vez de atacar a pessoa, a psicologia da comunica\u00e7\u00e3o recomenda focar no comportamento observ\u00e1vel, descrevendo o que acontece sem r\u00f3tulos ou humilha\u00e7\u00f5es.<\/p>\n\n\n\n<p>Frases que explicam o impacto da interrup\u00e7\u00e3o ajudam a tirar o tema do campo emocional e lev\u00e1-lo para uma esfera objetiva. Assim, a forma de intera\u00e7\u00e3o pode ser ajustada, sem que ningu\u00e9m precise ser exposto ao rid\u00edculo ou entrar em embates agressivos.<\/p>\n\n\n\n<p>Leia mais: <a href=\"https:\/\/www.em.com.br\/saude\/2026\/01\/7336904-redes-sociais-busca-por-pertencimento-afeta-a-saude-mental.html\" target=\"_blank\" rel=\"noreferrer noopener\">Redes sociais: busca por pertencimento afeta a sa\u00fade mental<\/a><\/p>\n\n\n\n<h2 class=\"wp-block-heading\">O que a toler\u00e2ncia \u00e0s interrup\u00e7\u00f5es ensina aos outros<\/h2>\n\n\n\n<p>Em rela\u00e7\u00f5es cont\u00ednuas, as pessoas observam o que \u00e9 aceito sem contesta\u00e7\u00e3o e passam a tomar isso como regra impl\u00edcita. Quando algu\u00e9m \u00e9 interrompido constantemente e n\u00e3o reage de forma clara, esse sil\u00eancio tende a ser interpretado como sinal de que falar por cima \u00e9 permitido.<\/p>\n\n\n\n<p>Por outro lado, quando h\u00e1 uma resposta consistente, calma e firme sempre que a interrup\u00e7\u00e3o ocorre, instala-se um aprendizado relacional mais saud\u00e1vel. A presen\u00e7a passa a ser sustentada pela forma, como se comunica e pelos limites que se refor\u00e7am, sem necessidade de impor respeito pela for\u00e7a do volume.<\/p>\n","protected":false},"excerpt":{"rendered":"<p>Situa\u00e7\u00f5es em que algu\u00e9m fala por cima da outra pessoa aparecem em reuni\u00f5es de trabalho, conversas de fam\u00edlia e at\u00e9 em intera\u00e7\u00f5es r\u00e1pidas do dia a dia. Em muitos casos, quem \u00e9 interrompido sente o corpo reagir: vem um aperto no peito, a frase trava no meio e surge a d\u00favida se vale insistir ou [&hellip;]<\/p>\n","protected":false},"author":20,"featured_media":158434,"comment_status":"open","ping_status":"open","sticky":false,"template":"","format":"standard","meta":{"jnews-multi-image_gallery":[],"jnews_single_post":{"format":"standard"},"jnews_primary_category":[],"jnews_social_meta":[],"jnews_override_counter":[],"footnotes":""},"categories":[8819,1],"tags":[9686,23152,267],"class_list":["post-158350","post","type-post","status-publish","format-standard","has-post-thumbnail","hentry","category-curiosidades","category-noticias","tag-autoridade","tag-comunicacao-interpesoal","tag-confianca"],"yoast_head":"<!-- This site is optimized with the Yoast SEO plugin v23.8 - https:\/\/yoast.com\/wordpress\/plugins\/seo\/ -->\n<title>Saiba REAGIR quando algu\u00e9m te interrompe e fala por cima - Estado de Minas - Em foco<\/title>\n<meta name=\"description\" content=\"Entenda por que falar por cima vai al\u00e9m da falta de educa\u00e7\u00e3o, como afeta rela\u00e7\u00f5es e quais respostas ajudam a manter autoridade sem gritar.\" \/>\n<meta name=\"robots\" content=\"index, follow, max-snippet:-1, max-image-preview:large, max-video-preview:-1\" \/>\n<link rel=\"canonical\" href=\"https:\/\/www.em.com.br\/emfoco\/2026\/01\/23\/saiba-reagir-quando-alguem-te-interrompe-e-fala-por-cima\/\" \/>\n<meta property=\"og:locale\" content=\"pt_BR\" \/>\n<meta property=\"og:type\" content=\"article\" \/>\n<meta property=\"og:title\" content=\"Saiba REAGIR quando algu\u00e9m te interrompe e fala por cima - Estado de Minas - Em foco\" \/>\n<meta property=\"og:description\" content=\"Entenda por que falar por cima vai al\u00e9m da falta de educa\u00e7\u00e3o, como afeta rela\u00e7\u00f5es e quais respostas ajudam a manter autoridade sem gritar.\" \/>\n<meta property=\"og:url\" content=\"https:\/\/www.em.com.br\/emfoco\/2026\/01\/23\/saiba-reagir-quando-alguem-te-interrompe-e-fala-por-cima\/\" \/>\n<meta property=\"og:site_name\" content=\"Estado de Minas - Em foco\" \/>\n<meta property=\"article:published_time\" content=\"2026-01-23T17:15:00+00:00\" \/>\n<meta property=\"article:modified_time\" content=\"2026-01-21T22:42:28+00:00\" \/>\n<meta property=\"og:image\" content=\"https:\/\/www.em.com.br\/emfoco\/wp-content\/uploads\/2026\/01\/ChatGPT-Image-21-de-jan.-de-2026-19_32_07-1.png\" \/>\n\t<meta property=\"og:image:width\" content=\"1280\" \/>\n\t<meta property=\"og:image:height\" content=\"720\" \/>\n\t<meta property=\"og:image:type\" content=\"image\/png\" \/>\n<meta name=\"author\" content=\"Ingrid Diniz\" \/>\n<meta name=\"twitter:card\" content=\"summary_large_image\" \/>\n<meta name=\"twitter:label1\" content=\"Escrito por\" \/>\n\t<meta name=\"twitter:data1\" content=\"Ingrid Diniz\" \/>\n\t<meta name=\"twitter:label2\" content=\"Est. tempo de leitura\" \/>\n\t<meta name=\"twitter:data2\" content=\"6 minutos\" \/>\n<!-- \/ Yoast SEO plugin. -->","yoast_head_json":{"title":"Saiba REAGIR quando algu\u00e9m te interrompe e fala por cima - Estado de Minas - Em foco","description":"Entenda por que falar por cima vai al\u00e9m da falta de educa\u00e7\u00e3o, como afeta rela\u00e7\u00f5es e quais respostas ajudam a manter autoridade sem gritar.","robots":{"index":"index","follow":"follow","max-snippet":"max-snippet:-1","max-image-preview":"max-image-preview:large","max-video-preview":"max-video-preview:-1"},"canonical":"https:\/\/www.em.com.br\/emfoco\/2026\/01\/23\/saiba-reagir-quando-alguem-te-interrompe-e-fala-por-cima\/","og_locale":"pt_BR","og_type":"article","og_title":"Saiba REAGIR quando algu\u00e9m te interrompe e fala por cima - Estado de Minas - Em foco","og_description":"Entenda por que falar por cima vai al\u00e9m da falta de educa\u00e7\u00e3o, como afeta rela\u00e7\u00f5es e quais respostas ajudam a manter autoridade sem gritar.","og_url":"https:\/\/www.em.com.br\/emfoco\/2026\/01\/23\/saiba-reagir-quando-alguem-te-interrompe-e-fala-por-cima\/","og_site_name":"Estado de Minas - Em foco","article_published_time":"2026-01-23T17:15:00+00:00","article_modified_time":"2026-01-21T22:42:28+00:00","og_image":[{"width":1280,"height":720,"url":"https:\/\/www.em.com.br\/emfoco\/wp-content\/uploads\/2026\/01\/ChatGPT-Image-21-de-jan.-de-2026-19_32_07-1.png","type":"image\/png"}],"author":"Ingrid Diniz","twitter_card":"summary_large_image","twitter_misc":{"Escrito por":"Ingrid Diniz","Est. tempo de leitura":"6 minutos"},"schema":{"@context":"https:\/\/schema.org","@graph":[{"@type":"WebPage","@id":"https:\/\/www.em.com.br\/emfoco\/2026\/01\/23\/saiba-reagir-quando-alguem-te-interrompe-e-fala-por-cima\/","url":"https:\/\/www.em.com.br\/emfoco\/2026\/01\/23\/saiba-reagir-quando-alguem-te-interrompe-e-fala-por-cima\/","name":"Saiba REAGIR quando algu\u00e9m te interrompe e fala por cima - Estado de Minas - Em foco","isPartOf":{"@id":"https:\/\/www.em.com.br\/emfoco\/#website"},"primaryImageOfPage":{"@id":"https:\/\/www.em.com.br\/emfoco\/2026\/01\/23\/saiba-reagir-quando-alguem-te-interrompe-e-fala-por-cima\/#primaryimage"},"image":{"@id":"https:\/\/www.em.com.br\/emfoco\/2026\/01\/23\/saiba-reagir-quando-alguem-te-interrompe-e-fala-por-cima\/#primaryimage"},"thumbnailUrl":"https:\/\/www.em.com.br\/emfoco\/wp-content\/uploads\/2026\/01\/ChatGPT-Image-21-de-jan.-de-2026-19_32_07-1.png","datePublished":"2026-01-23T17:15:00+00:00","dateModified":"2026-01-21T22:42:28+00:00","author":{"@id":"https:\/\/www.em.com.br\/emfoco\/#\/schema\/person\/649e610b4eb8fff87ff394e54fe17b2b"},"description":"Entenda por que falar por cima vai al\u00e9m da falta de educa\u00e7\u00e3o, como afeta rela\u00e7\u00f5es e quais respostas ajudam a manter autoridade sem gritar.","breadcrumb":{"@id":"https:\/\/www.em.com.br\/emfoco\/2026\/01\/23\/saiba-reagir-quando-alguem-te-interrompe-e-fala-por-cima\/#breadcrumb"},"inLanguage":"pt-BR","potentialAction":[{"@type":"ReadAction","target":["https:\/\/www.em.com.br\/emfoco\/2026\/01\/23\/saiba-reagir-quando-alguem-te-interrompe-e-fala-por-cima\/"]}]},{"@type":"ImageObject","inLanguage":"pt-BR","@id":"https:\/\/www.em.com.br\/emfoco\/2026\/01\/23\/saiba-reagir-quando-alguem-te-interrompe-e-fala-por-cima\/#primaryimage","url":"https:\/\/www.em.com.br\/emfoco\/wp-content\/uploads\/2026\/01\/ChatGPT-Image-21-de-jan.-de-2026-19_32_07-1.png","contentUrl":"https:\/\/www.em.com.br\/emfoco\/wp-content\/uploads\/2026\/01\/ChatGPT-Image-21-de-jan.-de-2026-19_32_07-1.png","width":1280,"height":720,"caption":"Reagir sem se perder tamb\u00e9m \u00e9 for\u00e7a"},{"@type":"BreadcrumbList","@id":"https:\/\/www.em.com.br\/emfoco\/2026\/01\/23\/saiba-reagir-quando-alguem-te-interrompe-e-fala-por-cima\/#breadcrumb","itemListElement":[{"@type":"ListItem","position":1,"name":"In\u00edcio","item":"https:\/\/www.em.com.br\/emfoco\/"},{"@type":"ListItem","position":2,"name":"Saiba REAGIR quando algu\u00e9m te interrompe e fala por cima"}]},{"@type":"WebSite","@id":"https:\/\/www.em.com.br\/emfoco\/#website","url":"https:\/\/www.em.com.br\/emfoco\/","name":"Estado de Minas - Em foco","description":"Acompanhe as \u00faltimas not\u00edcias e fique bem informado sobre tudo o que acontece em Minas Gerais, Brasil e no mundo.","potentialAction":[{"@type":"SearchAction","target":{"@type":"EntryPoint","urlTemplate":"https:\/\/www.em.com.br\/emfoco\/?s={search_term_string}"},"query-input":{"@type":"PropertyValueSpecification","valueRequired":true,"valueName":"search_term_string"}}],"inLanguage":"pt-BR"},{"@type":"Person","@id":"https:\/\/www.em.com.br\/emfoco\/#\/schema\/person\/649e610b4eb8fff87ff394e54fe17b2b","name":"Ingrid Diniz","image":{"@type":"ImageObject","inLanguage":"pt-BR","@id":"https:\/\/www.em.com.br\/emfoco\/#\/schema\/person\/image\/","url":"https:\/\/secure.gravatar.com\/avatar\/a3baa1449ec5c39b4c42babc9d4f3951?s=96&d=mm&r=g","contentUrl":"https:\/\/secure.gravatar.com\/avatar\/a3baa1449ec5c39b4c42babc9d4f3951?s=96&d=mm&r=g","caption":"Ingrid Diniz"},"sameAs":["https:\/\/www.em.com.br\/"],"url":"https:\/\/www.em.com.br\/emfoco\/author\/ingridmyth\/"}]}},"_links":{"self":[{"href":"https:\/\/www.em.com.br\/emfoco\/wp-json\/wp\/v2\/posts\/158350","targetHints":{"allow":["GET"]}}],"collection":[{"href":"https:\/\/www.em.com.br\/emfoco\/wp-json\/wp\/v2\/posts"}],"about":[{"href":"https:\/\/www.em.com.br\/emfoco\/wp-json\/wp\/v2\/types\/post"}],"author":[{"embeddable":true,"href":"https:\/\/www.em.com.br\/emfoco\/wp-json\/wp\/v2\/users\/20"}],"replies":[{"embeddable":true,"href":"https:\/\/www.em.com.br\/emfoco\/wp-json\/wp\/v2\/comments?post=158350"}],"version-history":[{"count":1,"href":"https:\/\/www.em.com.br\/emfoco\/wp-json\/wp\/v2\/posts\/158350\/revisions"}],"predecessor-version":[{"id":158443,"href":"https:\/\/www.em.com.br\/emfoco\/wp-json\/wp\/v2\/posts\/158350\/revisions\/158443"}],"wp:featuredmedia":[{"embeddable":true,"href":"https:\/\/www.em.com.br\/emfoco\/wp-json\/wp\/v2\/media\/158434"}],"wp:attachment":[{"href":"https:\/\/www.em.com.br\/emfoco\/wp-json\/wp\/v2\/media?parent=158350"}],"wp:term":[{"taxonomy":"category","embeddable":true,"href":"https:\/\/www.em.com.br\/emfoco\/wp-json\/wp\/v2\/categories?post=158350"},{"taxonomy":"post_tag","embeddable":true,"href":"https:\/\/www.em.com.br\/emfoco\/wp-json\/wp\/v2\/tags?post=158350"}],"curies":[{"name":"wp","href":"https:\/\/api.w.org\/{rel}","templated":true}]}}