{"id":158349,"date":"2026-01-23T12:25:00","date_gmt":"2026-01-23T15:25:00","guid":{"rendered":"https:\/\/www.em.com.br\/emfoco\/?p=158349"},"modified":"2026-01-21T19:25:02","modified_gmt":"2026-01-21T22:25:02","slug":"como-dobrar-e-organizar-roupa-de-cama-e-banho-e-ampliar-o-espaco-no-seu-armario","status":"publish","type":"post","link":"https:\/\/www.em.com.br\/emfoco\/2026\/01\/23\/como-dobrar-e-organizar-roupa-de-cama-e-banho-e-ampliar-o-espaco-no-seu-armario\/","title":{"rendered":"Como dobrar e organizar roupa de cama e banho e ampliar o espa\u00e7o no seu arm\u00e1rio"},"content":{"rendered":"\n<p>A organiza\u00e7\u00e3o de roupas de cama e banho costuma ser um desafio em muitos lares, principalmente quando o arm\u00e1rio aparenta estar sempre cheio e nada parece caber. A falta de um sistema definido para dobrar, agrupar e guardar cada pe\u00e7a faz com que len\u00e7\u00f3is, toalhas e cobertores se misturem, ocupando mais espa\u00e7o do que o necess\u00e1rio. <\/p>\n\n\n\n<h2 class=\"wp-block-heading\">Como come\u00e7ar a organizar roupas de cama e banho<\/h2>\n\n\n\n<p>Se voc\u00ea veio pelo v\u00eddeo do <strong>@<\/strong><a href=\"https:\/\/www.youtube.com\/@Sanremo\" target=\"_blank\" rel=\"noreferrer noopener\">Sanremo<\/a>, essa organiza\u00e7\u00e3o faz todo sentido: quando roupa de cama e banho t\u00eam padr\u00e3o, categoria e lugar fixo, o arm\u00e1rio para de \u201cencolher\u201d e o dia a dia fica muito mais leve.<\/p>\n\n\n\n<iframe loading=\"lazy\" width=\"1013\" height=\"570\" src=\"https:\/\/www.youtube.com\/embed\/Fkzrk1bS6L0\" title=\"Como Dobrar e Organizar Roupa de Cama e Banho  | Dicas Sanremo #arm\u00e1rio #dobra\" frameborder=\"0\" allow=\"accelerometer; autoplay; clipboard-write; encrypted-media; gyroscope; picture-in-picture; web-share\" referrerpolicy=\"strict-origin-when-cross-origin\" allowfullscreen><\/iframe>\n\n\n\n<p>O primeiro passo \u00e9 esvaziar completamente o espa\u00e7o destinado \u00e0s roupas de cama e banho. Com tudo sobre a cama ou em uma superf\u00edcie ampla, torna-se mais f\u00e1cil avaliar o que realmente existe e visualizar a quantidade real de cada item.<\/p>\n\n\n\n<p>A partir da\u00ed, as pe\u00e7as s\u00e3o agrupadas por tipo: <strong>jogos de cama<\/strong>, len\u00e7\u00f3is avulsos, fronhas, toalhas de banho, toalhas de rosto, toalhas de praia, mantas, cobertores e roup\u00f5es. Essa separa\u00e7\u00e3o permite identificar excessos, repetidos ou itens em mau estado, que podem ser destinados a descarte, doa\u00e7\u00e3o ou uso em outras fun\u00e7\u00f5es.<\/p>\n\n\n\n<h2 class=\"wp-block-heading\">Como padronizar a organiza\u00e7\u00e3o das categorias<\/h2>\n\n\n\n<p>Depois da triagem, cada categoria passa a ter um padr\u00e3o pr\u00f3prio de dobra e armazenamento. Ao manter um modelo consistente para todos os itens semelhantes, o arm\u00e1rio ganha um visual mais uniforme e as pilhas ficam est\u00e1veis, o que reduz o risco de tudo desabar ao retirar apenas uma pe\u00e7a.<\/p>\n\n\n\n<p>Esse sistema tamb\u00e9m facilita a manuten\u00e7\u00e3o, j\u00e1 que qualquer pessoa da casa consegue entender rapidamente onde cada item deve ser guardado. Assim, a rotina de troca de roupa de cama e banho fica mais r\u00e1pida e a sensa\u00e7\u00e3o de desordem diminui significativamente.<\/p>\n\n\n\n<h2 class=\"wp-block-heading\">Como dobrar e guardar melhor as roupas de cama<\/h2>\n\n\n\n<p>Na organiza\u00e7\u00e3o de roupas de cama, o ideal \u00e9 que cada <strong>jogo de len\u00e7ol<\/strong> seja guardado como uma unidade. Len\u00e7\u00f3is de cima, len\u00e7\u00f3is com el\u00e1stico e fronhas podem ser dobrados em formatos retangulares ou quadrados, buscando volumes semelhantes e f\u00e1ceis de empilhar.<\/p>\n\n\n\n<p>Um recurso bastante usado \u00e9 formar um \u201cenvelope\u201d: ap\u00f3s dobrar as pe\u00e7as, elas s\u00e3o reunidas em uma das fronhas ou dentro do pr\u00f3prio len\u00e7ol dobrado, criando um pacote \u00fanico. Assim, quando chega o momento de forrar a cama, todo o conjunto est\u00e1 dispon\u00edvel em um s\u00f3 volume.<\/p>\n\n\n\n<h2 class=\"wp-block-heading\">Como dobrar len\u00e7ol com el\u00e1stico e colchas<\/h2>\n\n\n\n<p>O len\u00e7ol com el\u00e1stico, que costuma gerar dificuldade, pode ser dobrado alinhando primeiro os cantos com el\u00e1stico, encaixando um dentro do outro at\u00e9 formar um ret\u00e2ngulo mais regular. A partir da\u00ed, seguem-se dobras simples at\u00e9 chegar ao tamanho desejado para o arm\u00e1rio ou caixa.<\/p>\n\n\n\n<p>J\u00e1 colchas e cobre-leitos podem ser dobrados ao meio sucessivas vezes at\u00e9 se transformarem em tiras compactas, f\u00e1ceis de empilhar. Quando h\u00e1 porta-travesseiros combinando, eles podem ser dobrados com a colcha, formando tamb\u00e9m um conjunto \u00fanico, o que simplifica o uso e a guarda.<\/p>\n\n\n\n<p>Leia mais: <a href=\"https:\/\/www.em.com.br\/saude\/2026\/01\/7334403-verao-cuidados-com-a-pele-durante-a-radioterapia.html\" target=\"_blank\" rel=\"noreferrer noopener\">Ver\u00e3o: cuidados com a pele durante a radioterapia<\/a><\/p>\n\n\n\n<h2 class=\"wp-block-heading\">Como organizar fronhas e mantas de forma pr\u00e1tica<\/h2>\n\n\n\n<p>Fronhas avulsas merecem um espa\u00e7o pr\u00f3prio. Elas podem ser organizadas por cor, uso ou tamanho em caixas menores, o que facilita a visualiza\u00e7\u00e3o r\u00e1pida e evita que pe\u00e7as pequenas se percam entre itens maiores.<\/p>\n\n\n\n<p>Mantendo um padr\u00e3o de dobra em formato de envelope, a pilha fica uniforme e n\u00e3o se desfaz com facilidade. Essa mesma l\u00f3gica vale para mantas leves usadas na cama ou no sof\u00e1, que podem ser dobradas com aten\u00e7\u00e3o \u00e0s franjas, sempre as escondendo para dentro, evitando fios soltos e volumes irregulares.<\/p>\n\n\n\n<h2 class=\"wp-block-heading\">Como usar caixas organizadoras para roupas de cama e banho<\/h2>\n\n\n<div class=\"wp-block-image\">\n<figure class=\"aligncenter size-large\"><img loading=\"lazy\" decoding=\"async\" width=\"1024\" height=\"576\" src=\"https:\/\/www.em.com.br\/emfoco\/wp-content\/uploads\/2026\/01\/organizacao-armario_1769034014593-1024x576.jpg\" alt=\"\" class=\"wp-image-158426\" srcset=\"https:\/\/www.em.com.br\/emfoco\/wp-content\/uploads\/2026\/01\/organizacao-armario_1769034014593-1024x576.jpg 1024w, https:\/\/www.em.com.br\/emfoco\/wp-content\/uploads\/2026\/01\/organizacao-armario_1769034014593-300x169.jpg 300w, https:\/\/www.em.com.br\/emfoco\/wp-content\/uploads\/2026\/01\/organizacao-armario_1769034014593-768x432.jpg 768w, https:\/\/www.em.com.br\/emfoco\/wp-content\/uploads\/2026\/01\/organizacao-armario_1769034014593-750x422.jpg 750w, https:\/\/www.em.com.br\/emfoco\/wp-content\/uploads\/2026\/01\/organizacao-armario_1769034014593-1140x641.jpg 1140w, https:\/\/www.em.com.br\/emfoco\/wp-content\/uploads\/2026\/01\/organizacao-armario_1769034014593.jpg 1280w\" sizes=\"auto, (max-width: 1024px) 100vw, 1024px\" \/><figcaption class=\"wp-element-caption\">M\u00e9todo simples que libera espa\u00e7o no arm\u00e1rio &#8211; Cr\u00e9ditos: depositphotos.com \/ haveseen<\/figcaption><\/figure><\/div>\n\n\n<p>As <strong>caixas organizadoras para roupas de cama e banho<\/strong> funcionam como divis\u00f3rias m\u00f3veis dentro do arm\u00e1rio. Modelos transparentes ajudam na visualiza\u00e7\u00e3o imediata do conte\u00fado, mas caixas opacas com etiquetas tamb\u00e9m apresentam bom desempenho para quem prefere um visual mais limpo.<\/p>\n\n\n\n<p>Uma forma simples de distribui\u00e7\u00e3o \u00e9 dedicar uma caixa a cada categoria principal, respeitando as medidas do arm\u00e1rio. Em arm\u00e1rios menores, categorias compat\u00edveis podem dividir o mesmo recipiente, desde que fiquem separadas em pilhas distintas e bem identificadas na parte frontal.<\/p>\n\n\n\n<ul class=\"wp-block-list\">\n<li><strong>Caixas grandes<\/strong> para cobertores e edredons volumosos;<\/li>\n\n\n\n<li><strong>Caixas m\u00e9dias<\/strong> para jogos de cama e toalhas de banho;<\/li>\n\n\n\n<li><strong>Caixas pequenas<\/strong> para fronhas, toalhas de rosto e itens avulsos.<\/li>\n<\/ul>\n\n\n\n<p>Leia mais: <a href=\"https:\/\/www.em.com.br\/saude\/2026\/01\/7336109-ondas-de-calor-em-2026-proteja-a-saude-do-seu-coracao.html\" target=\"_blank\" rel=\"noreferrer noopener\">Ondas de calor em 2026: proteja a sa\u00fade do seu cora\u00e7\u00e3o<\/a><\/p>\n\n\n\n<h2 class=\"wp-block-heading\">Quais h\u00e1bitos ajudam a manter o arm\u00e1rio organizado<\/h2>\n\n\n\n<p>Ap\u00f3s implantado o sistema de organiza\u00e7\u00e3o de roupas de cama e banho, a manuten\u00e7\u00e3o depende de alguns h\u00e1bitos simples. Sempre que um jogo de cama ou toalha voltar da lavanderia, \u00e9 importante respeitar o padr\u00e3o de dobra e devolv\u00ea-lo \u00e0 categoria correta, evitando acumular pe\u00e7as fora do lugar.<\/p>\n\n\n\n<p>Algumas estrat\u00e9gias contribuem para a rotina, como definir prateleiras espec\u00edficas, limitar a quantidade de itens em uso e revisar o conte\u00fado ao menos uma vez por ano. Com essas pr\u00e1ticas e o apoio de <strong>caixas organizadoras adequadas<\/strong>, o arm\u00e1rio tende a ganhar espa\u00e7o \u00fatil e visual mais limpo, tornando o dia a dia mais pr\u00e1tico.<\/p>\n","protected":false},"excerpt":{"rendered":"<p>A organiza\u00e7\u00e3o de roupas de cama e banho costuma ser um desafio em muitos lares, principalmente quando o arm\u00e1rio aparenta estar sempre cheio e nada parece caber. A falta de um sistema definido para dobrar, agrupar e guardar cada pe\u00e7a faz com que len\u00e7\u00f3is, toalhas e cobertores se misturem, ocupando mais espa\u00e7o do que o [&hellip;]<\/p>\n","protected":false},"author":20,"featured_media":158425,"comment_status":"open","ping_status":"open","sticky":false,"template":"","format":"standard","meta":{"jnews-multi-image_gallery":[],"jnews_single_post":{"format":"standard"},"jnews_primary_category":[],"jnews_social_meta":[],"jnews_override_counter":[],"footnotes":""},"categories":[8819,1],"tags":[14677,23151,4478],"class_list":["post-158349","post","type-post","status-publish","format-standard","has-post-thumbnail","hentry","category-curiosidades","category-noticias","tag-armario","tag-cama-mesa-e-banho","tag-organizacao"],"yoast_head":"<!-- This site is optimized with the Yoast SEO plugin v23.8 - https:\/\/yoast.com\/wordpress\/plugins\/seo\/ -->\n<title>Como dobrar e organizar roupa de cama e banho e ampliar o espa\u00e7o no seu arm\u00e1rio - Estado de Minas - Em foco<\/title>\n<meta name=\"description\" content=\"Aprenda a organizar roupas de cama e banho com dobras padronizadas, categoriza\u00e7\u00e3o e caixas organizadoras para ganhar espa\u00e7o e praticidade.\" \/>\n<meta name=\"robots\" content=\"index, follow, max-snippet:-1, max-image-preview:large, max-video-preview:-1\" \/>\n<link rel=\"canonical\" href=\"https:\/\/www.em.com.br\/emfoco\/2026\/01\/23\/como-dobrar-e-organizar-roupa-de-cama-e-banho-e-ampliar-o-espaco-no-seu-armario\/\" \/>\n<meta property=\"og:locale\" content=\"pt_BR\" \/>\n<meta property=\"og:type\" content=\"article\" \/>\n<meta property=\"og:title\" content=\"Como dobrar e organizar roupa de cama e banho e ampliar o espa\u00e7o no seu arm\u00e1rio - Estado de Minas - Em foco\" \/>\n<meta property=\"og:description\" content=\"Aprenda a organizar roupas de cama e banho com dobras padronizadas, categoriza\u00e7\u00e3o e caixas organizadoras para ganhar espa\u00e7o e praticidade.\" \/>\n<meta property=\"og:url\" content=\"https:\/\/www.em.com.br\/emfoco\/2026\/01\/23\/como-dobrar-e-organizar-roupa-de-cama-e-banho-e-ampliar-o-espaco-no-seu-armario\/\" \/>\n<meta property=\"og:site_name\" content=\"Estado de Minas - Em foco\" \/>\n<meta property=\"article:published_time\" content=\"2026-01-23T15:25:00+00:00\" \/>\n<meta property=\"article:modified_time\" content=\"2026-01-21T22:25:02+00:00\" \/>\n<meta property=\"og:image\" content=\"https:\/\/www.em.com.br\/emfoco\/wp-content\/uploads\/2026\/01\/organizacao-armario_1769034033751.jpg\" \/>\n\t<meta property=\"og:image:width\" content=\"1280\" \/>\n\t<meta property=\"og:image:height\" content=\"720\" \/>\n\t<meta property=\"og:image:type\" content=\"image\/jpeg\" \/>\n<meta name=\"author\" content=\"Ingrid Diniz\" \/>\n<meta name=\"twitter:card\" content=\"summary_large_image\" \/>\n<meta name=\"twitter:label1\" content=\"Escrito por\" \/>\n\t<meta name=\"twitter:data1\" content=\"Ingrid Diniz\" \/>\n\t<meta name=\"twitter:label2\" content=\"Est. tempo de leitura\" \/>\n\t<meta name=\"twitter:data2\" content=\"6 minutos\" \/>\n<!-- \/ Yoast SEO plugin. -->","yoast_head_json":{"title":"Como dobrar e organizar roupa de cama e banho e ampliar o espa\u00e7o no seu arm\u00e1rio - Estado de Minas - Em foco","description":"Aprenda a organizar roupas de cama e banho com dobras padronizadas, categoriza\u00e7\u00e3o e caixas organizadoras para ganhar espa\u00e7o e praticidade.","robots":{"index":"index","follow":"follow","max-snippet":"max-snippet:-1","max-image-preview":"max-image-preview:large","max-video-preview":"max-video-preview:-1"},"canonical":"https:\/\/www.em.com.br\/emfoco\/2026\/01\/23\/como-dobrar-e-organizar-roupa-de-cama-e-banho-e-ampliar-o-espaco-no-seu-armario\/","og_locale":"pt_BR","og_type":"article","og_title":"Como dobrar e organizar roupa de cama e banho e ampliar o espa\u00e7o no seu arm\u00e1rio - Estado de Minas - Em foco","og_description":"Aprenda a organizar roupas de cama e banho com dobras padronizadas, categoriza\u00e7\u00e3o e caixas organizadoras para ganhar espa\u00e7o e praticidade.","og_url":"https:\/\/www.em.com.br\/emfoco\/2026\/01\/23\/como-dobrar-e-organizar-roupa-de-cama-e-banho-e-ampliar-o-espaco-no-seu-armario\/","og_site_name":"Estado de Minas - Em foco","article_published_time":"2026-01-23T15:25:00+00:00","article_modified_time":"2026-01-21T22:25:02+00:00","og_image":[{"width":1280,"height":720,"url":"https:\/\/www.em.com.br\/emfoco\/wp-content\/uploads\/2026\/01\/organizacao-armario_1769034033751.jpg","type":"image\/jpeg"}],"author":"Ingrid Diniz","twitter_card":"summary_large_image","twitter_misc":{"Escrito por":"Ingrid Diniz","Est. tempo de leitura":"6 minutos"},"schema":{"@context":"https:\/\/schema.org","@graph":[{"@type":"WebPage","@id":"https:\/\/www.em.com.br\/emfoco\/2026\/01\/23\/como-dobrar-e-organizar-roupa-de-cama-e-banho-e-ampliar-o-espaco-no-seu-armario\/","url":"https:\/\/www.em.com.br\/emfoco\/2026\/01\/23\/como-dobrar-e-organizar-roupa-de-cama-e-banho-e-ampliar-o-espaco-no-seu-armario\/","name":"Como dobrar e organizar roupa de cama e banho e ampliar o espa\u00e7o no seu arm\u00e1rio - Estado de Minas - Em foco","isPartOf":{"@id":"https:\/\/www.em.com.br\/emfoco\/#website"},"primaryImageOfPage":{"@id":"https:\/\/www.em.com.br\/emfoco\/2026\/01\/23\/como-dobrar-e-organizar-roupa-de-cama-e-banho-e-ampliar-o-espaco-no-seu-armario\/#primaryimage"},"image":{"@id":"https:\/\/www.em.com.br\/emfoco\/2026\/01\/23\/como-dobrar-e-organizar-roupa-de-cama-e-banho-e-ampliar-o-espaco-no-seu-armario\/#primaryimage"},"thumbnailUrl":"https:\/\/www.em.com.br\/emfoco\/wp-content\/uploads\/2026\/01\/organizacao-armario_1769034033751.jpg","datePublished":"2026-01-23T15:25:00+00:00","dateModified":"2026-01-21T22:25:02+00:00","author":{"@id":"https:\/\/www.em.com.br\/emfoco\/#\/schema\/person\/649e610b4eb8fff87ff394e54fe17b2b"},"description":"Aprenda a organizar roupas de cama e banho com dobras padronizadas, categoriza\u00e7\u00e3o e caixas organizadoras para ganhar espa\u00e7o e praticidade.","breadcrumb":{"@id":"https:\/\/www.em.com.br\/emfoco\/2026\/01\/23\/como-dobrar-e-organizar-roupa-de-cama-e-banho-e-ampliar-o-espaco-no-seu-armario\/#breadcrumb"},"inLanguage":"pt-BR","potentialAction":[{"@type":"ReadAction","target":["https:\/\/www.em.com.br\/emfoco\/2026\/01\/23\/como-dobrar-e-organizar-roupa-de-cama-e-banho-e-ampliar-o-espaco-no-seu-armario\/"]}]},{"@type":"ImageObject","inLanguage":"pt-BR","@id":"https:\/\/www.em.com.br\/emfoco\/2026\/01\/23\/como-dobrar-e-organizar-roupa-de-cama-e-banho-e-ampliar-o-espaco-no-seu-armario\/#primaryimage","url":"https:\/\/www.em.com.br\/emfoco\/wp-content\/uploads\/2026\/01\/organizacao-armario_1769034033751.jpg","contentUrl":"https:\/\/www.em.com.br\/emfoco\/wp-content\/uploads\/2026\/01\/organizacao-armario_1769034033751.jpg","width":1280,"height":720,"caption":"M\u00e9todo simples que libera espa\u00e7o no arm\u00e1rio - Cr\u00e9ditos: depositphotos.com \/ adriaticphoto"},{"@type":"BreadcrumbList","@id":"https:\/\/www.em.com.br\/emfoco\/2026\/01\/23\/como-dobrar-e-organizar-roupa-de-cama-e-banho-e-ampliar-o-espaco-no-seu-armario\/#breadcrumb","itemListElement":[{"@type":"ListItem","position":1,"name":"In\u00edcio","item":"https:\/\/www.em.com.br\/emfoco\/"},{"@type":"ListItem","position":2,"name":"Como dobrar e organizar roupa de cama e banho e ampliar o espa\u00e7o no seu arm\u00e1rio"}]},{"@type":"WebSite","@id":"https:\/\/www.em.com.br\/emfoco\/#website","url":"https:\/\/www.em.com.br\/emfoco\/","name":"Estado de Minas - Em foco","description":"Acompanhe as \u00faltimas not\u00edcias e fique bem informado sobre tudo o que acontece em Minas Gerais, Brasil e no mundo.","potentialAction":[{"@type":"SearchAction","target":{"@type":"EntryPoint","urlTemplate":"https:\/\/www.em.com.br\/emfoco\/?s={search_term_string}"},"query-input":{"@type":"PropertyValueSpecification","valueRequired":true,"valueName":"search_term_string"}}],"inLanguage":"pt-BR"},{"@type":"Person","@id":"https:\/\/www.em.com.br\/emfoco\/#\/schema\/person\/649e610b4eb8fff87ff394e54fe17b2b","name":"Ingrid Diniz","image":{"@type":"ImageObject","inLanguage":"pt-BR","@id":"https:\/\/www.em.com.br\/emfoco\/#\/schema\/person\/image\/","url":"https:\/\/secure.gravatar.com\/avatar\/a3baa1449ec5c39b4c42babc9d4f3951?s=96&d=mm&r=g","contentUrl":"https:\/\/secure.gravatar.com\/avatar\/a3baa1449ec5c39b4c42babc9d4f3951?s=96&d=mm&r=g","caption":"Ingrid Diniz"},"sameAs":["https:\/\/www.em.com.br\/"],"url":"https:\/\/www.em.com.br\/emfoco\/author\/ingridmyth\/"}]}},"_links":{"self":[{"href":"https:\/\/www.em.com.br\/emfoco\/wp-json\/wp\/v2\/posts\/158349","targetHints":{"allow":["GET"]}}],"collection":[{"href":"https:\/\/www.em.com.br\/emfoco\/wp-json\/wp\/v2\/posts"}],"about":[{"href":"https:\/\/www.em.com.br\/emfoco\/wp-json\/wp\/v2\/types\/post"}],"author":[{"embeddable":true,"href":"https:\/\/www.em.com.br\/emfoco\/wp-json\/wp\/v2\/users\/20"}],"replies":[{"embeddable":true,"href":"https:\/\/www.em.com.br\/emfoco\/wp-json\/wp\/v2\/comments?post=158349"}],"version-history":[{"count":1,"href":"https:\/\/www.em.com.br\/emfoco\/wp-json\/wp\/v2\/posts\/158349\/revisions"}],"predecessor-version":[{"id":158429,"href":"https:\/\/www.em.com.br\/emfoco\/wp-json\/wp\/v2\/posts\/158349\/revisions\/158429"}],"wp:featuredmedia":[{"embeddable":true,"href":"https:\/\/www.em.com.br\/emfoco\/wp-json\/wp\/v2\/media\/158425"}],"wp:attachment":[{"href":"https:\/\/www.em.com.br\/emfoco\/wp-json\/wp\/v2\/media?parent=158349"}],"wp:term":[{"taxonomy":"category","embeddable":true,"href":"https:\/\/www.em.com.br\/emfoco\/wp-json\/wp\/v2\/categories?post=158349"},{"taxonomy":"post_tag","embeddable":true,"href":"https:\/\/www.em.com.br\/emfoco\/wp-json\/wp\/v2\/tags?post=158349"}],"curies":[{"name":"wp","href":"https:\/\/api.w.org\/{rel}","templated":true}]}}