{"id":15833,"date":"2025-02-04T12:40:08","date_gmt":"2025-02-04T15:40:08","guid":{"rendered":"https:\/\/www.em.com.br\/emfoco\/?p=15833"},"modified":"2025-02-03T14:19:01","modified_gmt":"2025-02-03T17:19:01","slug":"mais-que-arranha-ceus-uma-jornada-no-tempo","status":"publish","type":"post","link":"https:\/\/www.em.com.br\/emfoco\/2025\/02\/04\/mais-que-arranha-ceus-uma-jornada-no-tempo\/","title":{"rendered":"Mais que Arranha-c\u00e9us, uma jornada no tempo"},"content":{"rendered":"\n<p><strong><a href=\"https:\/\/pt.wikipedia.org\/wiki\/Manhattan\" target=\"_blank\" rel=\"noreferrer noopener\">Manhattan<\/a><\/strong>, uma das regi\u00f5es mais ic\u00f4nicas de <strong>Nova York<\/strong>, \u00e9 um destino <a href=\"https:\/\/www.em.com.br\/emfoco\/2025\/01\/30\/o-fascinante-doce-barba-de-dragao-uma-experiencia-unica-da-china\/\" target=\"_blank\" rel=\"noreferrer noopener\">fascinante <\/a>que oferece uma mistura extraordin\u00e1ria de hist\u00f3ria, cultura e modernidade. Esta ilha charmosa atrai visitantes do mundo inteiro com sua linha do horizonte repleta de arranha-c\u00e9us deslumbrantes e uma energia vibrante. Ao passear por suas ruas, \u00e9 imposs\u00edvel n\u00e3o mergulhar na atmosfera \u00fanica desta metr\u00f3pole, onde cada esquina conta uma hist\u00f3ria diferente.<\/p>\n\n\n\n<p>Composto por bairros distintos, cada qual com suas pr\u00f3prias caracter\u00edsticas e influ\u00eancias culturais, Manhattan \u00e9 como um mosaico de culturas em perfeito equil\u00edbrio. Em cada visita, os turistas t\u00eam a oportunidade de explorar essa fascinante fus\u00e3o cultural enquanto se maravilham com os estilos de vida variados que fazem desta ilha uma experi\u00eancia inigual\u00e1vel em Nova York.<\/p>\n\n\n<div class=\"wp-block-image\">\n<figure class=\"aligncenter size-large\"><img loading=\"lazy\" decoding=\"async\" width=\"1024\" height=\"576\" src=\"https:\/\/www.em.com.br\/emfoco\/wp-content\/uploads\/2025\/01\/New-York_1738212225904-1024x576.jpg\" alt=\"Mais que Arranha-c\u00e9us, Uma Jornada no Tempo\" class=\"wp-image-14859\" srcset=\"https:\/\/www.em.com.br\/emfoco\/wp-content\/uploads\/2025\/01\/New-York_1738212225904-1024x576.jpg 1024w, https:\/\/www.em.com.br\/emfoco\/wp-content\/uploads\/2025\/01\/New-York_1738212225904-300x169.jpg 300w, https:\/\/www.em.com.br\/emfoco\/wp-content\/uploads\/2025\/01\/New-York_1738212225904-768x432.jpg 768w, https:\/\/www.em.com.br\/emfoco\/wp-content\/uploads\/2025\/01\/New-York_1738212225904-750x422.jpg 750w, https:\/\/www.em.com.br\/emfoco\/wp-content\/uploads\/2025\/01\/New-York_1738212225904-1140x641.jpg 1140w, https:\/\/www.em.com.br\/emfoco\/wp-content\/uploads\/2025\/01\/New-York_1738212225904.jpg 1280w\" sizes=\"auto, (max-width: 1024px) 100vw, 1024px\" \/><figcaption class=\"wp-element-caption\">Nova Yorque &#8211; Cr\u00e9ditos: depositphotos.com \/ IgorVetushko<\/figcaption><\/figure><\/div>\n\n\n<h2 class=\"wp-block-heading\">Quais s\u00e3o as principais atra\u00e7\u00f5es tur\u00edsticas em Manhattan?<\/h2>\n\n\n\n<p>Manhattan \u00e9 um lugar repleto de atra\u00e7\u00f5es imperd\u00edveis. Quem visita a cidade n\u00e3o pode deixar de conhecer o famoso <strong>Central Park<\/strong>, uma verdadeira joia verde em meio ao concreto, ideal para um passeio relaxante ou um piquenique. Al\u00e9m disso, a <strong>Times Square<\/strong> \u00e9 sempre um ponto de destaque, com suas luzes de neon e uma atmosfera inesquec\u00edvel.<\/p>\n\n\n\n<p>Entre as atra\u00e7\u00f5es culturais, o <strong>Museum of Modern Art (MoMA)<\/strong> \u00e9 uma visita essencial para os amantes de arte moderna, abrigando obras de artistas renomados. Outro ponto obrigat\u00f3rio \u00e9 a magn\u00edfica <strong>St. Patrick&#8217;s Cathedral<\/strong>, uma impressionante catedral neog\u00f3tica situada perto da Quinta Avenida.<\/p>\n\n\n\n<h2 class=\"wp-block-heading\">Como se locomover em Manhattan?<\/h2>\n\n\n\n<p>Para explorar Manhattan, os visitantes podem se locomover de v\u00e1rias maneiras. O <em>metr\u00f4<\/em> de Nova York \u00e9 uma op\u00e7\u00e3o pr\u00e1tica e econ\u00f4mica, ligando todos os pontos principais da ilha. Caminhar \u00e9 outra excelente alternativa para conhecer de perto os detalhes da arquitetura e das movimentadas ruas da cidade. Al\u00e9m disso, h\u00e1 tamb\u00e9m op\u00e7\u00f5es como t\u00e1xis ou servi\u00e7os de compartilhamento de viagens, como Uber e Lyft, que oferecem mobilidade conveniente.<\/p>\n\n\n\n<h2 class=\"wp-block-heading\">Onde se hospedar em Manhattan?<\/h2>\n\n\n\n<p>A regi\u00e3o de <strong>Midtown Manhattan<\/strong> \u00e9 a localiza\u00e7\u00e3o perfeita para quem deseja estar pr\u00f3ximo das principais atra\u00e7\u00f5es tur\u00edsticas. Este bairro concentra \u00edcones como o <strong>Empire State Building<\/strong> e o <strong>Rockefeller Center<\/strong>, al\u00e9m de oferecer f\u00e1cil acesso a restaurantes e com\u00e9rcio variado. Com uma \u00f3tima infraestrutura de transporte e seguran\u00e7a, Midtown \u00e9 o ponto de partida ideal para explorar a cidade.<\/p>\n\n\n\n<h2 class=\"wp-block-heading\">Quais s\u00e3o as op\u00e7\u00f5es gastron\u00f4micas em Manhattan?<\/h2>\n\n\n\n<p>Manhattan \u00e9 um para\u00edso gastron\u00f4mico onde a diversidade culin\u00e1ria encanta qualquer paladar. O bairro abriga desde sofisticados restaurantes com estrelas Michelin at\u00e9 aconchegantes lanchonetes especializadas em del\u00edcias locais. Para uma experi\u00eancia gastron\u00f4mica completa, recomenda-se experimentar pratos de diferentes cozinhas, como a italiana no <strong>Risotteria Melotti NYC<\/strong> ou a tradi\u00e7\u00e3o americana no <strong>The Modern<\/strong>.<\/p>\n\n\n\n<p>Com tantas op\u00e7\u00f5es incr\u00edveis, Manhattan \u00e9 um destino que convida seus visitantes a mergulhar em uma jornada rica em hist\u00f3ria, cultura e sabores, garantindo lembran\u00e7as inesquec\u00edveis e a vontade de voltar para novos cap\u00edtulos nesta ilha \u00fanica.<\/p>\n","protected":false},"excerpt":{"rendered":"<p>Manhattan, uma das regi\u00f5es mais ic\u00f4nicas de Nova York, \u00e9 um destino fascinante que oferece uma mistura extraordin\u00e1ria de hist\u00f3ria, cultura e modernidade. Esta ilha charmosa atrai visitantes do mundo inteiro com sua linha do horizonte repleta de arranha-c\u00e9us deslumbrantes e uma energia vibrante. Ao passear por suas ruas, \u00e9 imposs\u00edvel n\u00e3o mergulhar na atmosfera [&hellip;]<\/p>\n","protected":false},"author":7,"featured_media":14860,"comment_status":"open","ping_status":"open","sticky":false,"template":"","format":"standard","meta":{"jnews-multi-image_gallery":[],"jnews_single_post":{"format":"standard"},"jnews_primary_category":[],"jnews_social_meta":[],"jnews_override_counter":[],"footnotes":""},"categories":[26],"tags":[4495,4494,2963,157],"class_list":["post-15833","post","type-post","status-publish","format-standard","has-post-thumbnail","hentry","category-cidades","tag-atracoes-turisticas","tag-manhattan","tag-nova-york","tag-turismo"],"yoast_head":"<!-- This site is optimized with the Yoast SEO plugin v23.8 - https:\/\/yoast.com\/wordpress\/plugins\/seo\/ -->\n<title>Mais que Arranha-c\u00e9us, uma jornada no tempo - Estado de Minas - Em foco<\/title>\n<meta name=\"description\" content=\"Desvende os mist\u00e9rios de Manhattan! Da hist\u00f3ria colonial aos dias modernos, uma ilha que encanta a todos.\" \/>\n<meta name=\"robots\" content=\"index, follow, max-snippet:-1, max-image-preview:large, max-video-preview:-1\" \/>\n<link rel=\"canonical\" href=\"https:\/\/www.em.com.br\/emfoco\/2025\/02\/04\/mais-que-arranha-ceus-uma-jornada-no-tempo\/\" \/>\n<meta property=\"og:locale\" content=\"pt_BR\" \/>\n<meta property=\"og:type\" content=\"article\" \/>\n<meta property=\"og:title\" content=\"Mais que Arranha-c\u00e9us, uma jornada no tempo - Estado de Minas - Em foco\" \/>\n<meta property=\"og:description\" content=\"Desvende os mist\u00e9rios de Manhattan! Da hist\u00f3ria colonial aos dias modernos, uma ilha que encanta a todos.\" \/>\n<meta property=\"og:url\" content=\"https:\/\/www.em.com.br\/emfoco\/2025\/02\/04\/mais-que-arranha-ceus-uma-jornada-no-tempo\/\" \/>\n<meta property=\"og:site_name\" content=\"Estado de Minas - Em foco\" \/>\n<meta property=\"article:published_time\" content=\"2025-02-04T15:40:08+00:00\" \/>\n<meta property=\"article:modified_time\" content=\"2025-02-03T17:19:01+00:00\" \/>\n<meta property=\"og:image\" content=\"https:\/\/www.em.com.br\/emfoco\/wp-content\/uploads\/2025\/01\/New-York_1738212261378.jpg\" \/>\n\t<meta property=\"og:image:width\" content=\"1280\" \/>\n\t<meta property=\"og:image:height\" content=\"720\" \/>\n\t<meta property=\"og:image:type\" content=\"image\/jpeg\" \/>\n<meta name=\"author\" content=\"Kelvin\" \/>\n<meta name=\"twitter:card\" content=\"summary_large_image\" \/>\n<meta name=\"twitter:label1\" content=\"Escrito por\" \/>\n\t<meta name=\"twitter:data1\" content=\"Kelvin\" \/>\n\t<meta name=\"twitter:label2\" content=\"Est. tempo de leitura\" \/>\n\t<meta name=\"twitter:data2\" content=\"4 minutos\" \/>\n<!-- \/ Yoast SEO plugin. -->","yoast_head_json":{"title":"Mais que Arranha-c\u00e9us, uma jornada no tempo - Estado de Minas - Em foco","description":"Desvende os mist\u00e9rios de Manhattan! Da hist\u00f3ria colonial aos dias modernos, uma ilha que encanta a todos.","robots":{"index":"index","follow":"follow","max-snippet":"max-snippet:-1","max-image-preview":"max-image-preview:large","max-video-preview":"max-video-preview:-1"},"canonical":"https:\/\/www.em.com.br\/emfoco\/2025\/02\/04\/mais-que-arranha-ceus-uma-jornada-no-tempo\/","og_locale":"pt_BR","og_type":"article","og_title":"Mais que Arranha-c\u00e9us, uma jornada no tempo - Estado de Minas - Em foco","og_description":"Desvende os mist\u00e9rios de Manhattan! Da hist\u00f3ria colonial aos dias modernos, uma ilha que encanta a todos.","og_url":"https:\/\/www.em.com.br\/emfoco\/2025\/02\/04\/mais-que-arranha-ceus-uma-jornada-no-tempo\/","og_site_name":"Estado de Minas - Em foco","article_published_time":"2025-02-04T15:40:08+00:00","article_modified_time":"2025-02-03T17:19:01+00:00","og_image":[{"width":1280,"height":720,"url":"https:\/\/www.em.com.br\/emfoco\/wp-content\/uploads\/2025\/01\/New-York_1738212261378.jpg","type":"image\/jpeg"}],"author":"Kelvin","twitter_card":"summary_large_image","twitter_misc":{"Escrito por":"Kelvin","Est. tempo de leitura":"4 minutos"},"schema":{"@context":"https:\/\/schema.org","@graph":[{"@type":"WebPage","@id":"https:\/\/www.em.com.br\/emfoco\/2025\/02\/04\/mais-que-arranha-ceus-uma-jornada-no-tempo\/","url":"https:\/\/www.em.com.br\/emfoco\/2025\/02\/04\/mais-que-arranha-ceus-uma-jornada-no-tempo\/","name":"Mais que Arranha-c\u00e9us, uma jornada no tempo - Estado de Minas - Em foco","isPartOf":{"@id":"https:\/\/www.em.com.br\/emfoco\/#website"},"primaryImageOfPage":{"@id":"https:\/\/www.em.com.br\/emfoco\/2025\/02\/04\/mais-que-arranha-ceus-uma-jornada-no-tempo\/#primaryimage"},"image":{"@id":"https:\/\/www.em.com.br\/emfoco\/2025\/02\/04\/mais-que-arranha-ceus-uma-jornada-no-tempo\/#primaryimage"},"thumbnailUrl":"https:\/\/www.em.com.br\/emfoco\/wp-content\/uploads\/2025\/01\/New-York_1738212261378.jpg","datePublished":"2025-02-04T15:40:08+00:00","dateModified":"2025-02-03T17:19:01+00:00","author":{"@id":"https:\/\/www.em.com.br\/emfoco\/#\/schema\/person\/fb0a7f48c6fbb94b83f413a80f61917d"},"description":"Desvende os mist\u00e9rios de Manhattan! Da hist\u00f3ria colonial aos dias modernos, uma ilha que encanta a todos.","breadcrumb":{"@id":"https:\/\/www.em.com.br\/emfoco\/2025\/02\/04\/mais-que-arranha-ceus-uma-jornada-no-tempo\/#breadcrumb"},"inLanguage":"pt-BR","potentialAction":[{"@type":"ReadAction","target":["https:\/\/www.em.com.br\/emfoco\/2025\/02\/04\/mais-que-arranha-ceus-uma-jornada-no-tempo\/"]}]},{"@type":"ImageObject","inLanguage":"pt-BR","@id":"https:\/\/www.em.com.br\/emfoco\/2025\/02\/04\/mais-que-arranha-ceus-uma-jornada-no-tempo\/#primaryimage","url":"https:\/\/www.em.com.br\/emfoco\/wp-content\/uploads\/2025\/01\/New-York_1738212261378.jpg","contentUrl":"https:\/\/www.em.com.br\/emfoco\/wp-content\/uploads\/2025\/01\/New-York_1738212261378.jpg","width":1280,"height":720,"caption":"Nova Iorque -Cr\u00e9ditos: depositphotos.com \/ Rawpixel"},{"@type":"BreadcrumbList","@id":"https:\/\/www.em.com.br\/emfoco\/2025\/02\/04\/mais-que-arranha-ceus-uma-jornada-no-tempo\/#breadcrumb","itemListElement":[{"@type":"ListItem","position":1,"name":"In\u00edcio","item":"https:\/\/www.em.com.br\/emfoco\/"},{"@type":"ListItem","position":2,"name":"Mais que Arranha-c\u00e9us, uma jornada no tempo"}]},{"@type":"WebSite","@id":"https:\/\/www.em.com.br\/emfoco\/#website","url":"https:\/\/www.em.com.br\/emfoco\/","name":"Estado de Minas - Em foco","description":"Acompanhe as \u00faltimas not\u00edcias e fique bem informado sobre tudo o que acontece em Minas Gerais, Brasil e no mundo.","potentialAction":[{"@type":"SearchAction","target":{"@type":"EntryPoint","urlTemplate":"https:\/\/www.em.com.br\/emfoco\/?s={search_term_string}"},"query-input":{"@type":"PropertyValueSpecification","valueRequired":true,"valueName":"search_term_string"}}],"inLanguage":"pt-BR"},{"@type":"Person","@id":"https:\/\/www.em.com.br\/emfoco\/#\/schema\/person\/fb0a7f48c6fbb94b83f413a80f61917d","name":"Kelvin","image":{"@type":"ImageObject","inLanguage":"pt-BR","@id":"https:\/\/www.em.com.br\/emfoco\/#\/schema\/person\/image\/","url":"https:\/\/secure.gravatar.com\/avatar\/e74f84337e6bf6c4c5e88fbdffa05270?s=96&d=mm&r=g","contentUrl":"https:\/\/secure.gravatar.com\/avatar\/e74f84337e6bf6c4c5e88fbdffa05270?s=96&d=mm&r=g","caption":"Kelvin"},"sameAs":["https:\/\/www.em.com.br\/emfoco"],"url":"https:\/\/www.em.com.br\/emfoco\/author\/kelvinmyth\/"}]}},"_links":{"self":[{"href":"https:\/\/www.em.com.br\/emfoco\/wp-json\/wp\/v2\/posts\/15833","targetHints":{"allow":["GET"]}}],"collection":[{"href":"https:\/\/www.em.com.br\/emfoco\/wp-json\/wp\/v2\/posts"}],"about":[{"href":"https:\/\/www.em.com.br\/emfoco\/wp-json\/wp\/v2\/types\/post"}],"author":[{"embeddable":true,"href":"https:\/\/www.em.com.br\/emfoco\/wp-json\/wp\/v2\/users\/7"}],"replies":[{"embeddable":true,"href":"https:\/\/www.em.com.br\/emfoco\/wp-json\/wp\/v2\/comments?post=15833"}],"version-history":[{"count":3,"href":"https:\/\/www.em.com.br\/emfoco\/wp-json\/wp\/v2\/posts\/15833\/revisions"}],"predecessor-version":[{"id":16412,"href":"https:\/\/www.em.com.br\/emfoco\/wp-json\/wp\/v2\/posts\/15833\/revisions\/16412"}],"wp:featuredmedia":[{"embeddable":true,"href":"https:\/\/www.em.com.br\/emfoco\/wp-json\/wp\/v2\/media\/14860"}],"wp:attachment":[{"href":"https:\/\/www.em.com.br\/emfoco\/wp-json\/wp\/v2\/media?parent=15833"}],"wp:term":[{"taxonomy":"category","embeddable":true,"href":"https:\/\/www.em.com.br\/emfoco\/wp-json\/wp\/v2\/categories?post=15833"},{"taxonomy":"post_tag","embeddable":true,"href":"https:\/\/www.em.com.br\/emfoco\/wp-json\/wp\/v2\/tags?post=15833"}],"curies":[{"name":"wp","href":"https:\/\/api.w.org\/{rel}","templated":true}]}}