{"id":158271,"date":"2026-01-23T11:15:00","date_gmt":"2026-01-23T14:15:00","guid":{"rendered":"https:\/\/www.em.com.br\/emfoco\/?p=158271"},"modified":"2026-01-22T19:52:16","modified_gmt":"2026-01-22T22:52:16","slug":"renove-as-paredes-da-sua-casa-sem-obras-estas-sao-as-alternativas-que-serao-tendencia-em-2026","status":"publish","type":"post","link":"https:\/\/www.em.com.br\/emfoco\/2026\/01\/23\/renove-as-paredes-da-sua-casa-sem-obras-estas-sao-as-alternativas-que-serao-tendencia-em-2026\/","title":{"rendered":"Renove as paredes da sua casa sem obras: estas s\u00e3o as alternativas que ser\u00e3o tend\u00eancia em 2026"},"content":{"rendered":"\n<p>Nos \u00faltimos anos, o&nbsp;<strong>papel de parede<\/strong>&nbsp;deixou de ser visto como solu\u00e7\u00e3o principal para transformar ambientes, dando lugar a materiais mais aut\u00eanticos, t\u00e1teis e duradouros. Em vez de estampas chamativas que apenas \u201cmaquiam\u201d o espa\u00e7o, cresce a busca por paredes que se integram \u00e0 arquitetura, valorizam texturas reais, envelhecem bem e criam interiores mais calmos, com menos informa\u00e7\u00e3o visual e maior sensa\u00e7\u00e3o de perman\u00eancia.<\/p>\n\n\n\n<h2 class=\"wp-block-heading\">O que est\u00e1 substituindo o papel de parede na decora\u00e7\u00e3o atual<\/h2>\n\n\n\n<p>Quando se fala em&nbsp;<strong>alternativas ao papel de parede<\/strong>, o foco recai em revestimentos cont\u00ednuos, pain\u00e9is, materiais naturais e pinturas bem planejadas. Em comum, todos buscam coer\u00eancia visual, atemporalidade e uma base neutra, por\u00e9m envolvente, que n\u00e3o canse com o tempo.<\/p>\n\n\n\n<p>Essas solu\u00e7\u00f5es aparecem em salas, quartos, <a href=\"https:\/\/www.em.com.br\/emfoco\/2026\/01\/20\/adeus-as-panelas-de-ferro-essa-nova-tendencia-mais-pratica-e-moderna-sera-popular-nas-cozinhas-em-2026\/\" target=\"_blank\" rel=\"noreferrer noopener\">cozinhas <\/a>e banheiros, sempre com aten\u00e7\u00e3o \u00e0 praticidade e manuten\u00e7\u00e3o. A parede deixa de ser apenas cen\u00e1rio decorativo e passa a ter fun\u00e7\u00e3o arquitet\u00f4nica, ajudando a organizar o espa\u00e7o, definir atmosferas e refor\u00e7ar a sensa\u00e7\u00e3o de conforto di\u00e1rio.<\/p>\n\n\n\n<div style=\"overflow-x:auto;\">\n<table style=\"\n  width:100%;\n  border-collapse:separate;\n  border-spacing:0;\n  font-family:Arial, sans-serif;\n  background:#f3f0eb;\n  border-radius:16px;\n  overflow:hidden;\n\">\n\n  <thead>\n    <tr style=\"background:#8c7a64;\">\n      <th style=\"padding:18px; text-align:left; color:#ffffff; font-size:16px;\">\n        Solu\u00e7\u00e3o para paredes\n      <\/th>\n      <th style=\"padding:18px; text-align:left; color:#ffffff; font-size:16px;\">\n        Caracter\u00edsticas principais\n      <\/th>\n      <th style=\"padding:18px; text-align:left; color:#ffffff; font-size:16px;\">\n        Por que substitui o papel de parede\n      <\/th>\n    <\/tr>\n  <\/thead>\n\n  <tbody>\n    <tr style=\"background:#ffffff;\">\n      <td style=\"padding:18px; color:#6f604c; font-weight:bold;\">\n        Revestimentos cont\u00ednuos\n      <\/td>\n      <td style=\"padding:18px; color:#6f604c;\">\n        Microcimento, estuque mineral, cal natural e argila, aplicados sem juntas.\n      <\/td>\n      <td style=\"padding:18px; color:#6f604c;\">\n        Criam unidade visual, fluidez e tranquilidade, sem padr\u00f5es repetitivos ou ru\u00eddo gr\u00e1fico.\n      <\/td>\n    <\/tr>\n\n    <tr style=\"background:#ebe5dc;\">\n      <td style=\"padding:18px; color:#6f604c; font-weight:bold;\">\n        Microcimento\n      <\/td>\n      <td style=\"padding:18px; color:#6f604c;\">\n        Textura suave, rea\u00e7\u00e3o natural \u00e0 luz e sensa\u00e7\u00e3o arquitet\u00f4nica de perman\u00eancia.\n      <\/td>\n      <td style=\"padding:18px; color:#6f604c;\">\n        N\u00e3o cansa visualmente, n\u00e3o segue modismos gr\u00e1ficos e se integra ao espa\u00e7o de forma neutra.\n      <\/td>\n    <\/tr>\n\n    <tr style=\"background:#ffffff;\">\n      <td style=\"padding:18px; color:#6f604c; font-weight:bold;\">\n        Pain\u00e9is e relevos\n      <\/td>\n      <td style=\"padding:18px; color:#6f604c;\">\n        Madeira, pain\u00e9is arquitet\u00f4nicos e superf\u00edcies em relevo instaladas sem grandes obras.\n      <\/td>\n      <td style=\"padding:18px; color:#6f604c;\">\n        Substituem a estampa pela textura real, adicionando ritmo, volume e presen\u00e7a f\u00edsica.\n      <\/td>\n    <\/tr>\n\n    <tr style=\"background:#ebe5dc;\">\n      <td style=\"padding:18px; color:#6f604c; font-weight:bold;\">\n        Materiais naturais verticais\n      <\/td>\n      <td style=\"padding:18px; color:#6f604c;\">\n        Pedra natural, cer\u00e2mica artesanal e acabamentos r\u00fasticos aplicados em pain\u00e9is cont\u00ednuos.\n      <\/td>\n      <td style=\"padding:18px; color:#6f604c;\">\n        Oferecem autenticidade e experi\u00eancia sensorial real, sem simula\u00e7\u00f5es visuais.\n      <\/td>\n    <\/tr>\n\n    <tr style=\"background:#ffffff;\">\n      <td style=\"padding:18px; color:#6f604c; font-weight:bold;\">\n        Paredes monocrom\u00e1ticas\n      <\/td>\n      <td style=\"padding:18px; color:#6f604c;\">\n        Cores profundas, acabamentos foscos ou minerais e aplica\u00e7\u00e3o uniforme.\n      <\/td>\n      <td style=\"padding:18px; color:#6f604c;\">\n        A cor passa a definir o clima do ambiente, substituindo estampas por atmosfera.\n      <\/td>\n    <\/tr>\n\n    <tr style=\"background:#ebe5dc;\">\n      <td style=\"padding:18px; color:#6f604c; font-weight:bold;\">\n        Arte e superf\u00edcies \u00fanicas\n      <\/td>\n      <td style=\"padding:18px; color:#6f604c;\">\n        Murais pintados \u00e0 m\u00e3o, relevos art\u00edsticos e pe\u00e7as t\u00eaxteis exclusivas.\n      <\/td>\n      <td style=\"padding:18px; color:#6f604c;\">\n        Atendem \u00e0 busca por exclusividade e evitam repeti\u00e7\u00e3o, produ\u00e7\u00e3o em massa e padr\u00f5es previs\u00edveis.\n      <\/td>\n    <\/tr>\n  <\/tbody>\n<\/table>\n<\/div>\n\n\n\n\n<h2 class=\"wp-block-heading\">Como funcionam os revestimentos cont\u00ednuos nas paredes<\/h2>\n\n\n\n<p>Entre as principais op\u00e7\u00f5es no lugar do papel de parede est\u00e3o os&nbsp;<strong>revestimentos cont\u00ednuos<\/strong>, como microcimento, estuques minerais, cales naturais e argilas. Essas superf\u00edcies sem emendas criam uma leitura uniforme, suave e org\u00e2nica, reagindo bem \u00e0 luz e transmitindo calma visual.<\/p>\n\n\n\n<p>Muitos desses materiais s\u00e3o respir\u00e1veis, ajudam a regular a umidade e conferem um aspecto mais natural e duradouro \u00e0s paredes. Para entender melhor como cada um pode ser usado em projetos residenciais, vale observar suas caracter\u00edsticas mais marcantes:<\/p>\n\n\n\n<ul class=\"wp-block-list\">\n<li><strong>Microcimento<\/strong>: indicado para quem busca continuidade entre piso e parede, com est\u00e9tica minimalista.<\/li>\n\n\n\n<li><strong>Estuque mineral<\/strong>: cria efeitos levemente marmorizados, sofisticados e sem estampas repetitivas.<\/li>\n\n\n\n<li><strong>Cales e argilas<\/strong>: oferecem apar\u00eancia fosca, natural e artesanal, com toque sensorial mais forte.<\/li>\n<\/ul>\n\n\n\n<h2 class=\"wp-block-heading\">Quais materiais em pain\u00e9is e relevos valorizam as paredes<\/h2>\n\n\n\n<p>Outra tend\u00eancia forte \u00e9 o uso de\u00a0<strong>pain\u00e9is de madeira<\/strong>, <a href=\"https:\/\/br.pinterest.com\/studiomiraarquiteturaedesign\/boiseries\/\" target=\"_blank\" rel=\"noreferrer noopener\">boiseries <\/a>e relevos arquitet\u00f4nicos como \u201crevestimento seco\u201d, instalados com pouca obra, mas grande impacto visual. Em vez de uma pele estampada, a parede ganha volume real, ritmo, textura e a possibilidade de esconder portas, arm\u00e1rios ou imperfei\u00e7\u00f5es.<\/p>\n\n\n\n<p>Em paralelo, cresce o uso de&nbsp;<strong>materiais naturais em vertical<\/strong>, como pedra, tijolo aparente, cer\u00e2mica artesanal e argamassas r\u00fasticas. S\u00e3o superf\u00edcies que n\u00e3o imitam nada e exibem veios, poros e marcas de uso, criando conex\u00e3o t\u00e1til com o ambiente e ajudando a aquecer \u00e1reas sociais, cozinhas e halls de entrada.<\/p>\n\n\n\n<figure class=\"wp-block-image size-large\"><img loading=\"lazy\" decoding=\"async\" width=\"1024\" height=\"576\" src=\"https:\/\/www.em.com.br\/emfoco\/wp-content\/uploads\/2026\/01\/Gemini_Generated_Image_zbmizwzbmizwzbmi-1-1024x576.png\" alt=\"Essa escolha est\u00e1 fazendo o papel de parede desaparecer\" class=\"wp-image-158318\" srcset=\"https:\/\/www.em.com.br\/emfoco\/wp-content\/uploads\/2026\/01\/Gemini_Generated_Image_zbmizwzbmizwzbmi-1-1024x576.png 1024w, https:\/\/www.em.com.br\/emfoco\/wp-content\/uploads\/2026\/01\/Gemini_Generated_Image_zbmizwzbmizwzbmi-1-300x169.png 300w, https:\/\/www.em.com.br\/emfoco\/wp-content\/uploads\/2026\/01\/Gemini_Generated_Image_zbmizwzbmizwzbmi-1-768x432.png 768w, https:\/\/www.em.com.br\/emfoco\/wp-content\/uploads\/2026\/01\/Gemini_Generated_Image_zbmizwzbmizwzbmi-1-750x422.png 750w, https:\/\/www.em.com.br\/emfoco\/wp-content\/uploads\/2026\/01\/Gemini_Generated_Image_zbmizwzbmizwzbmi-1-1140x641.png 1140w, https:\/\/www.em.com.br\/emfoco\/wp-content\/uploads\/2026\/01\/Gemini_Generated_Image_zbmizwzbmizwzbmi-1.png 1280w\" sizes=\"auto, (max-width: 1024px) 100vw, 1024px\" \/><figcaption class=\"wp-element-caption\">Essa escolha est\u00e1 fazendo o papel de parede desaparecer<\/figcaption><\/figure>\n\n\n\n<h2 class=\"wp-block-heading\">A pintura bem planejada pode substituir o papel de parede<\/h2>\n\n\n\n<p>A&nbsp;<strong>pintura de paredes<\/strong>&nbsp;volta a ter protagonismo quando usada com inten\u00e7\u00e3o, em paletas estudadas e tons mais profundos. Ambientes monocrom\u00e1ticos, em que paredes, teto e portas compartilham a mesma cor, criam uma \u201ccaixa\u201d envolvente, sofisticada e f\u00e1cil de adaptar com o tempo.<\/p>\n\n\n\n<p>Acabamentos foscos, minerais ou com leve textura evitam o aspecto chapado e aproximam a tinta de um revestimento mais elaborado. Em muitos casos, murais art\u00edsticos, pain\u00e9is pintados \u00e0 m\u00e3o, tecidos tensionados e relevos autorais substituem o rolo repetitivo, transformando a parede em pe\u00e7a \u00fanica, conectada \u00e0 hist\u00f3ria do im\u00f3vel.<\/p>\n\n\n\n<h2 class=\"wp-block-heading\">Qual \u00e9 o pr\u00f3ximo passo para renovar suas paredes agora<\/h2>\n\n\n\n<p>A decora\u00e7\u00e3o atual mostra que o papel de parede n\u00e3o acabou, mas perdeu o protagonismo para superf\u00edcies mais sinceras, sensoriais e arquitet\u00f4nicas. Revestimentos cont\u00ednuos, pain\u00e9is, pedras, cer\u00e2micas e pinturas autorais criam ambientes mais calmos, dur\u00e1veis e com identidade verdadeira, longe de modismos passageiros.<\/p>\n\n\n\n<p>Se voc\u00ea quer uma mudan\u00e7a real e n\u00e3o apenas um efeito r\u00e1pido, este \u00e9 o momento de repensar cada parede com prop\u00f3sito. Analise seu espa\u00e7o, escolha um desses caminhos e comece j\u00e1 a planejar a transforma\u00e7\u00e3o: adiar significa continuar vivendo em um cen\u00e1rio que n\u00e3o traduz quem voc\u00ea \u00e9 hoje.<\/p>\n","protected":false},"excerpt":{"rendered":"<p>Nos \u00faltimos anos, o&nbsp;papel de parede&nbsp;deixou de ser visto como solu\u00e7\u00e3o principal para transformar ambientes, dando lugar a materiais mais aut\u00eanticos, t\u00e1teis e duradouros. Em vez de estampas chamativas que apenas \u201cmaquiam\u201d o espa\u00e7o, cresce a busca por paredes que se integram \u00e0 arquitetura, valorizam texturas reais, envelhecem bem e criam interiores mais calmos, com [&hellip;]<\/p>\n","protected":false},"author":11,"featured_media":158319,"comment_status":"open","ping_status":"open","sticky":false,"template":"","format":"standard","meta":{"jnews-multi-image_gallery":[],"jnews_single_post":{"format":"standard"},"jnews_primary_category":[],"jnews_social_meta":[],"jnews_override_counter":[],"footnotes":""},"categories":[8819,1],"tags":[4687,12805,14526,16325,23144],"class_list":["post-158271","post","type-post","status-publish","format-standard","has-post-thumbnail","hentry","category-curiosidades","category-noticias","tag-decoracao","tag-papel-de-parede","tag-paredes","tag-revestimentos","tag-texturas-naturais"],"yoast_head":"<!-- This site is optimized with the Yoast SEO plugin v23.8 - https:\/\/yoast.com\/wordpress\/plugins\/seo\/ -->\n<title>Renove as paredes da sua casa sem obras: estas s\u00e3o as alternativas que ser\u00e3o tend\u00eancia em 2026 - Estado de Minas - Em foco<\/title>\n<meta name=\"description\" content=\"O papel de parede perde protagonismo e d\u00e1 lugar a revestimentos cont\u00ednuos pain\u00e9is e texturas naturais na decora\u00e7\u00e3o atual.\" \/>\n<meta name=\"robots\" content=\"index, follow, max-snippet:-1, max-image-preview:large, max-video-preview:-1\" \/>\n<link rel=\"canonical\" href=\"https:\/\/www.em.com.br\/emfoco\/2026\/01\/23\/renove-as-paredes-da-sua-casa-sem-obras-estas-sao-as-alternativas-que-serao-tendencia-em-2026\/\" \/>\n<meta property=\"og:locale\" content=\"pt_BR\" \/>\n<meta property=\"og:type\" content=\"article\" \/>\n<meta property=\"og:title\" content=\"Renove as paredes da sua casa sem obras: estas s\u00e3o as alternativas que ser\u00e3o tend\u00eancia em 2026 - Estado de Minas - Em foco\" \/>\n<meta property=\"og:description\" content=\"O papel de parede perde protagonismo e d\u00e1 lugar a revestimentos cont\u00ednuos pain\u00e9is e texturas naturais na decora\u00e7\u00e3o atual.\" \/>\n<meta property=\"og:url\" content=\"https:\/\/www.em.com.br\/emfoco\/2026\/01\/23\/renove-as-paredes-da-sua-casa-sem-obras-estas-sao-as-alternativas-que-serao-tendencia-em-2026\/\" \/>\n<meta property=\"og:site_name\" content=\"Estado de Minas - Em foco\" \/>\n<meta property=\"article:published_time\" content=\"2026-01-23T14:15:00+00:00\" \/>\n<meta property=\"article:modified_time\" content=\"2026-01-22T22:52:16+00:00\" \/>\n<meta property=\"og:image\" content=\"https:\/\/www.em.com.br\/emfoco\/wp-content\/uploads\/2026\/01\/ChatGPT-Image-21-de-jan.-de-2026-16_48_12-1.png\" \/>\n\t<meta property=\"og:image:width\" content=\"1280\" \/>\n\t<meta property=\"og:image:height\" content=\"720\" \/>\n\t<meta property=\"og:image:type\" content=\"image\/png\" \/>\n<meta name=\"author\" content=\"Andre\u0301 Rangel\u00a0\" \/>\n<meta name=\"twitter:card\" content=\"summary_large_image\" \/>\n<meta name=\"twitter:label1\" content=\"Escrito por\" \/>\n\t<meta name=\"twitter:data1\" content=\"Andre\u0301 Rangel\u00a0\" \/>\n\t<meta name=\"twitter:label2\" content=\"Est. tempo de leitura\" \/>\n\t<meta name=\"twitter:data2\" content=\"5 minutos\" \/>\n<!-- \/ Yoast SEO plugin. -->","yoast_head_json":{"title":"Renove as paredes da sua casa sem obras: estas s\u00e3o as alternativas que ser\u00e3o tend\u00eancia em 2026 - Estado de Minas - Em foco","description":"O papel de parede perde protagonismo e d\u00e1 lugar a revestimentos cont\u00ednuos pain\u00e9is e texturas naturais na decora\u00e7\u00e3o atual.","robots":{"index":"index","follow":"follow","max-snippet":"max-snippet:-1","max-image-preview":"max-image-preview:large","max-video-preview":"max-video-preview:-1"},"canonical":"https:\/\/www.em.com.br\/emfoco\/2026\/01\/23\/renove-as-paredes-da-sua-casa-sem-obras-estas-sao-as-alternativas-que-serao-tendencia-em-2026\/","og_locale":"pt_BR","og_type":"article","og_title":"Renove as paredes da sua casa sem obras: estas s\u00e3o as alternativas que ser\u00e3o tend\u00eancia em 2026 - Estado de Minas - Em foco","og_description":"O papel de parede perde protagonismo e d\u00e1 lugar a revestimentos cont\u00ednuos pain\u00e9is e texturas naturais na decora\u00e7\u00e3o atual.","og_url":"https:\/\/www.em.com.br\/emfoco\/2026\/01\/23\/renove-as-paredes-da-sua-casa-sem-obras-estas-sao-as-alternativas-que-serao-tendencia-em-2026\/","og_site_name":"Estado de Minas - Em foco","article_published_time":"2026-01-23T14:15:00+00:00","article_modified_time":"2026-01-22T22:52:16+00:00","og_image":[{"width":1280,"height":720,"url":"https:\/\/www.em.com.br\/emfoco\/wp-content\/uploads\/2026\/01\/ChatGPT-Image-21-de-jan.-de-2026-16_48_12-1.png","type":"image\/png"}],"author":"Andre\u0301 Rangel\u00a0","twitter_card":"summary_large_image","twitter_misc":{"Escrito por":"Andre\u0301 Rangel\u00a0","Est. tempo de leitura":"5 minutos"},"schema":{"@context":"https:\/\/schema.org","@graph":[{"@type":"WebPage","@id":"https:\/\/www.em.com.br\/emfoco\/2026\/01\/23\/renove-as-paredes-da-sua-casa-sem-obras-estas-sao-as-alternativas-que-serao-tendencia-em-2026\/","url":"https:\/\/www.em.com.br\/emfoco\/2026\/01\/23\/renove-as-paredes-da-sua-casa-sem-obras-estas-sao-as-alternativas-que-serao-tendencia-em-2026\/","name":"Renove as paredes da sua casa sem obras: estas s\u00e3o as alternativas que ser\u00e3o tend\u00eancia em 2026 - Estado de Minas - Em foco","isPartOf":{"@id":"https:\/\/www.em.com.br\/emfoco\/#website"},"primaryImageOfPage":{"@id":"https:\/\/www.em.com.br\/emfoco\/2026\/01\/23\/renove-as-paredes-da-sua-casa-sem-obras-estas-sao-as-alternativas-que-serao-tendencia-em-2026\/#primaryimage"},"image":{"@id":"https:\/\/www.em.com.br\/emfoco\/2026\/01\/23\/renove-as-paredes-da-sua-casa-sem-obras-estas-sao-as-alternativas-que-serao-tendencia-em-2026\/#primaryimage"},"thumbnailUrl":"https:\/\/www.em.com.br\/emfoco\/wp-content\/uploads\/2026\/01\/ChatGPT-Image-21-de-jan.-de-2026-16_48_12-1.png","datePublished":"2026-01-23T14:15:00+00:00","dateModified":"2026-01-22T22:52:16+00:00","author":{"@id":"https:\/\/www.em.com.br\/emfoco\/#\/schema\/person\/60eda09c1fedf0d6891f4cef4b60b8b8"},"description":"O papel de parede perde protagonismo e d\u00e1 lugar a revestimentos cont\u00ednuos pain\u00e9is e texturas naturais na decora\u00e7\u00e3o atual.","breadcrumb":{"@id":"https:\/\/www.em.com.br\/emfoco\/2026\/01\/23\/renove-as-paredes-da-sua-casa-sem-obras-estas-sao-as-alternativas-que-serao-tendencia-em-2026\/#breadcrumb"},"inLanguage":"pt-BR","potentialAction":[{"@type":"ReadAction","target":["https:\/\/www.em.com.br\/emfoco\/2026\/01\/23\/renove-as-paredes-da-sua-casa-sem-obras-estas-sao-as-alternativas-que-serao-tendencia-em-2026\/"]}]},{"@type":"ImageObject","inLanguage":"pt-BR","@id":"https:\/\/www.em.com.br\/emfoco\/2026\/01\/23\/renove-as-paredes-da-sua-casa-sem-obras-estas-sao-as-alternativas-que-serao-tendencia-em-2026\/#primaryimage","url":"https:\/\/www.em.com.br\/emfoco\/wp-content\/uploads\/2026\/01\/ChatGPT-Image-21-de-jan.-de-2026-16_48_12-1.png","contentUrl":"https:\/\/www.em.com.br\/emfoco\/wp-content\/uploads\/2026\/01\/ChatGPT-Image-21-de-jan.-de-2026-16_48_12-1.png","width":1280,"height":720,"caption":"Essa escolha est\u00e1 fazendo o papel de parede desaparecer"},{"@type":"BreadcrumbList","@id":"https:\/\/www.em.com.br\/emfoco\/2026\/01\/23\/renove-as-paredes-da-sua-casa-sem-obras-estas-sao-as-alternativas-que-serao-tendencia-em-2026\/#breadcrumb","itemListElement":[{"@type":"ListItem","position":1,"name":"In\u00edcio","item":"https:\/\/www.em.com.br\/emfoco\/"},{"@type":"ListItem","position":2,"name":"Renove as paredes da sua casa sem obras: estas s\u00e3o as alternativas que ser\u00e3o tend\u00eancia em 2026"}]},{"@type":"WebSite","@id":"https:\/\/www.em.com.br\/emfoco\/#website","url":"https:\/\/www.em.com.br\/emfoco\/","name":"Estado de Minas - Em foco","description":"Acompanhe as \u00faltimas not\u00edcias e fique bem informado sobre tudo o que acontece em Minas Gerais, Brasil e no mundo.","potentialAction":[{"@type":"SearchAction","target":{"@type":"EntryPoint","urlTemplate":"https:\/\/www.em.com.br\/emfoco\/?s={search_term_string}"},"query-input":{"@type":"PropertyValueSpecification","valueRequired":true,"valueName":"search_term_string"}}],"inLanguage":"pt-BR"},{"@type":"Person","@id":"https:\/\/www.em.com.br\/emfoco\/#\/schema\/person\/60eda09c1fedf0d6891f4cef4b60b8b8","name":"Andre\u0301 Rangel\u00a0","image":{"@type":"ImageObject","inLanguage":"pt-BR","@id":"https:\/\/www.em.com.br\/emfoco\/#\/schema\/person\/image\/","url":"https:\/\/secure.gravatar.com\/avatar\/6234dc814c77c8ef6d8bba622c787efc?s=96&d=mm&r=g","contentUrl":"https:\/\/secure.gravatar.com\/avatar\/6234dc814c77c8ef6d8bba622c787efc?s=96&d=mm&r=g","caption":"Andre\u0301 Rangel\u00a0"},"url":"https:\/\/www.em.com.br\/emfoco\/author\/luizmyth\/"}]}},"_links":{"self":[{"href":"https:\/\/www.em.com.br\/emfoco\/wp-json\/wp\/v2\/posts\/158271","targetHints":{"allow":["GET"]}}],"collection":[{"href":"https:\/\/www.em.com.br\/emfoco\/wp-json\/wp\/v2\/posts"}],"about":[{"href":"https:\/\/www.em.com.br\/emfoco\/wp-json\/wp\/v2\/types\/post"}],"author":[{"embeddable":true,"href":"https:\/\/www.em.com.br\/emfoco\/wp-json\/wp\/v2\/users\/11"}],"replies":[{"embeddable":true,"href":"https:\/\/www.em.com.br\/emfoco\/wp-json\/wp\/v2\/comments?post=158271"}],"version-history":[{"count":3,"href":"https:\/\/www.em.com.br\/emfoco\/wp-json\/wp\/v2\/posts\/158271\/revisions"}],"predecessor-version":[{"id":158363,"href":"https:\/\/www.em.com.br\/emfoco\/wp-json\/wp\/v2\/posts\/158271\/revisions\/158363"}],"wp:featuredmedia":[{"embeddable":true,"href":"https:\/\/www.em.com.br\/emfoco\/wp-json\/wp\/v2\/media\/158319"}],"wp:attachment":[{"href":"https:\/\/www.em.com.br\/emfoco\/wp-json\/wp\/v2\/media?parent=158271"}],"wp:term":[{"taxonomy":"category","embeddable":true,"href":"https:\/\/www.em.com.br\/emfoco\/wp-json\/wp\/v2\/categories?post=158271"},{"taxonomy":"post_tag","embeddable":true,"href":"https:\/\/www.em.com.br\/emfoco\/wp-json\/wp\/v2\/tags?post=158271"}],"curies":[{"name":"wp","href":"https:\/\/api.w.org\/{rel}","templated":true}]}}